{"id":28913,"date":"2014-11-20T07:30:10","date_gmt":"2014-11-20T10:30:10","guid":{"rendered":"http:\/\/www.notibras.com\/site\/?p=28913"},"modified":"2014-11-20T18:44:56","modified_gmt":"2014-11-20T21:44:56","slug":"morre-em-sao-paulo-o-ex-ministro-da-justica-marcio-thomaz-bastos","status":"publish","type":"post","link":"https:\/\/www.notibras.com\/site\/morre-em-sao-paulo-o-ex-ministro-da-justica-marcio-thomaz-bastos\/","title":{"rendered":"Morre em S\u00e3o Paulo Thomaz Bastos, ex-ministro da Justi\u00e7a"},"content":{"rendered":"<p>O advogado e ex-ministro da Justi\u00e7a M\u00e1rcio Thomaz Bastos, de 79 anos, morreu no Hospital S\u00edrio-Liban\u00eas, em S\u00e3o Paulo. A informa\u00e7\u00e3o foi confirmada na manh\u00e3 desta quinta-feira (20) pela fam\u00edlia.<\/p>\n<p>Bastos foi internado na ter\u00e7a-feira (18) para tratamento de descompensa\u00e7\u00e3o de fibrose pulmonar, segundo boletim m\u00e9dico divulgado pelo hospital.<\/p>\n<p>Bastos foi ministro da Justi\u00e7a entre 2003 e 2007 durante o governo do ex-presidente Luiz In\u00e1cio Lula da Silva. Ele era formado pela Faculdade de Direito da Universidade de S\u00e3o Paulo (USP) na turma de 1958 e atuou na acusa\u00e7\u00e3o dos assassinos de Chico Mendes, do cantor Lindomar Castilho e do jornalista Pimenta Neves.<\/p>\n<blockquote><p>Durante o julgamento do mensal\u00e3o, Bastos defendeu ex-dirigentes do Banco Rural e entrou com reclama\u00e7\u00e3o contra o ent\u00e3o presidente do Supremo Tribunal Federal, Joaquim Barbosa, questionando o fato de Barbosa n\u00e3o ter levado pedidos da defesa dos r\u00e9us para an\u00e1lise do plen\u00e1rio do STF.\u00a0 O advogado atuou tamb\u00e9m na defesa do m\u00e9dico Roger Abdelmassih, condenado a 278 anos de pris\u00e3o por 48 ataques sexuais a 37 v\u00edtimas.<\/p><\/blockquote>\n<p>Em\u00a0 1990, ap\u00f3s a elei\u00e7\u00e3o do presidente Fernando Collor, integrou o governo paralelo institu\u00eddo pelo Partido dos Trabalhadores como encarregado do setor de Justi\u00e7a e Seguran\u00e7a.\u00a0 Em 1992, participou ao lado do jurista Evandro Lins e Silva da reda\u00e7\u00e3o da peti\u00e7\u00e3o que resultou no impeachment de Collor.<\/p>\n<p>\u00c9 fundador do movimento A\u00e7\u00e3o pela Cidadania, juntamente com Severo Gomes, Jair Meneghelli e Dom Luciano Mendes de Almeida. \u00c9 fundador do Instituto de Defesa do Direito de Defesa.<\/p>\n","protected":false},"excerpt":{"rendered":"<p>O advogado e ex-ministro da Justi\u00e7a M\u00e1rcio Thomaz Bastos, de 79 anos, morreu no Hospital S\u00edrio-Liban\u00eas, em S\u00e3o Paulo. A informa\u00e7\u00e3o foi confirmada na manh\u00e3 desta quinta-feira (20) pela fam\u00edlia. Bastos foi internado na ter\u00e7a-feira (18) para tratamento de descompensa\u00e7\u00e3o de fibrose pulmonar, segundo boletim m\u00e9dico divulgado pelo hospital. Bastos foi ministro da Justi\u00e7a entre [&hellip;]<\/p>\n","protected":false},"author":1,"featured_media":28916,"comment_status":"open","ping_status":"closed","sticky":false,"template":"","format":"standard","meta":{"_acf_changed":false,"footnotes":""},"categories":[16],"tags":[],"class_list":["post-28913","post","type-post","status-publish","format-standard","has-post-thumbnail","hentry","category-brasil"],"acf":[],"yoast_head":"<!-- This site is optimized with the Yoast SEO plugin v27.2 - https:\/\/yoast.com\/product\/yoast-seo-wordpress\/ -->\n<title>Morre em S\u00e3o Paulo Thomaz Bastos, ex-ministro da Justi\u00e7a - Notibras<\/title>\n<meta name=\"robots\" content=\"index, follow, max-snippet:-1, max-image-preview:large, max-video-preview:-1\" \/>\n<link rel=\"canonical\" href=\"https:\/\/www.notibras.com\/site\/morre-em-sao-paulo-o-ex-ministro-da-justica-marcio-thomaz-bastos\/\" \/>\n<meta property=\"og:locale\" content=\"pt_BR\" \/>\n<meta property=\"og:type\" content=\"article\" \/>\n<meta property=\"og:title\" content=\"Morre em S\u00e3o Paulo Thomaz Bastos, ex-ministro da Justi\u00e7a - Notibras\" \/>\n<meta property=\"og:description\" content=\"O advogado e ex-ministro da Justi\u00e7a M\u00e1rcio Thomaz Bastos, de 79 anos, morreu no Hospital S\u00edrio-Liban\u00eas, em S\u00e3o Paulo. A informa\u00e7\u00e3o foi confirmada na manh\u00e3 desta quinta-feira (20) pela fam\u00edlia. Bastos foi internado na ter\u00e7a-feira (18) para tratamento de descompensa\u00e7\u00e3o de fibrose pulmonar, segundo boletim m\u00e9dico divulgado pelo hospital. Bastos foi ministro da Justi\u00e7a entre [&hellip;]\" \/>\n<meta property=\"og:url\" content=\"https:\/\/www.notibras.com\/site\/morre-em-sao-paulo-o-ex-ministro-da-justica-marcio-thomaz-bastos\/\" \/>\n<meta property=\"og:site_name\" content=\"Notibras\" \/>\n<meta property=\"article:publisher\" content=\"https:\/\/www.facebook.com\/notibras\/\" \/>\n<meta property=\"article:published_time\" content=\"2014-11-20T10:30:10+00:00\" \/>\n<meta property=\"article:modified_time\" content=\"2014-11-20T21:44:56+00:00\" \/>\n<meta property=\"og:image\" content=\"https:\/\/www.notibras.com\/site\/wp-content\/uploads\/2014\/11\/Sem-t\u00edtulo-181.jpg\" \/>\n\t<meta property=\"og:image:width\" content=\"600\" \/>\n\t<meta property=\"og:image:height\" content=\"407\" \/>\n\t<meta property=\"og:image:type\" content=\"image\/jpeg\" \/>\n<meta name=\"author\" content=\"Reda\u00e7\u00e3o\" \/>\n<meta name=\"twitter:card\" content=\"summary_large_image\" \/>\n<meta name=\"twitter:creator\" content=\"@Notibras\" \/>\n<meta name=\"twitter:site\" content=\"@Notibras\" \/>\n<meta name=\"twitter:label1\" content=\"Escrito por\" \/>\n\t<meta name=\"twitter:data1\" content=\"Reda\u00e7\u00e3o\" \/>\n\t<meta name=\"twitter:label2\" content=\"Est. tempo de leitura\" \/>\n\t<meta name=\"twitter:data2\" content=\"1 minuto\" \/>\n<script type=\"application\/ld+json\" class=\"yoast-schema-graph\">{\"@context\":\"https:\/\/schema.org\",\"@graph\":[{\"@type\":\"Article\",\"@id\":\"https:\/\/www.notibras.com\/site\/morre-em-sao-paulo-o-ex-ministro-da-justica-marcio-thomaz-bastos\/#article\",\"isPartOf\":{\"@id\":\"https:\/\/www.notibras.com\/site\/morre-em-sao-paulo-o-ex-ministro-da-justica-marcio-thomaz-bastos\/\"},\"author\":{\"name\":\"Reda\u00e7\u00e3o\",\"@id\":\"https:\/\/www.notibras.com\/site\/#\/schema\/person\/00b8e1aa08f9ef6563e878c5159d01cf\"},\"headline\":\"Morre em S\u00e3o Paulo Thomaz Bastos, ex-ministro da Justi\u00e7a\",\"datePublished\":\"2014-11-20T10:30:10+00:00\",\"dateModified\":\"2014-11-20T21:44:56+00:00\",\"mainEntityOfPage\":{\"@id\":\"https:\/\/www.notibras.com\/site\/morre-em-sao-paulo-o-ex-ministro-da-justica-marcio-thomaz-bastos\/\"},\"wordCount\":277,\"commentCount\":0,\"publisher\":{\"@id\":\"https:\/\/www.notibras.com\/site\/#organization\"},\"image\":{\"@id\":\"https:\/\/www.notibras.com\/site\/morre-em-sao-paulo-o-ex-ministro-da-justica-marcio-thomaz-bastos\/#primaryimage\"},\"thumbnailUrl\":\"https:\/\/www.notibras.com\/site\/wp-content\/uploads\/2014\/11\/Sem-t\u00edtulo-181.jpg\",\"articleSection\":[\"Brasil\"],\"inLanguage\":\"pt-BR\",\"potentialAction\":[{\"@type\":\"CommentAction\",\"name\":\"Comment\",\"target\":[\"https:\/\/www.notibras.com\/site\/morre-em-sao-paulo-o-ex-ministro-da-justica-marcio-thomaz-bastos\/#respond\"]}]},{\"@type\":\"WebPage\",\"@id\":\"https:\/\/www.notibras.com\/site\/morre-em-sao-paulo-o-ex-ministro-da-justica-marcio-thomaz-bastos\/\",\"url\":\"https:\/\/www.notibras.com\/site\/morre-em-sao-paulo-o-ex-ministro-da-justica-marcio-thomaz-bastos\/\",\"name\":\"Morre em S\u00e3o Paulo Thomaz Bastos, ex-ministro da Justi\u00e7a - Notibras\",\"isPartOf\":{\"@id\":\"https:\/\/www.notibras.com\/site\/#website\"},\"primaryImageOfPage\":{\"@id\":\"https:\/\/www.notibras.com\/site\/morre-em-sao-paulo-o-ex-ministro-da-justica-marcio-thomaz-bastos\/#primaryimage\"},\"image\":{\"@id\":\"https:\/\/www.notibras.com\/site\/morre-em-sao-paulo-o-ex-ministro-da-justica-marcio-thomaz-bastos\/#primaryimage\"},\"thumbnailUrl\":\"https:\/\/www.notibras.com\/site\/wp-content\/uploads\/2014\/11\/Sem-t\u00edtulo-181.jpg\",\"datePublished\":\"2014-11-20T10:30:10+00:00\",\"dateModified\":\"2014-11-20T21:44:56+00:00\",\"breadcrumb\":{\"@id\":\"https:\/\/www.notibras.com\/site\/morre-em-sao-paulo-o-ex-ministro-da-justica-marcio-thomaz-bastos\/#breadcrumb\"},\"inLanguage\":\"pt-BR\",\"potentialAction\":[{\"@type\":\"ReadAction\",\"target\":[\"https:\/\/www.notibras.com\/site\/morre-em-sao-paulo-o-ex-ministro-da-justica-marcio-thomaz-bastos\/\"]}]},{\"@type\":\"ImageObject\",\"inLanguage\":\"pt-BR\",\"@id\":\"https:\/\/www.notibras.com\/site\/morre-em-sao-paulo-o-ex-ministro-da-justica-marcio-thomaz-bastos\/#primaryimage\",\"url\":\"https:\/\/www.notibras.com\/site\/wp-content\/uploads\/2014\/11\/Sem-t\u00edtulo-181.jpg\",\"contentUrl\":\"https:\/\/www.notibras.com\/site\/wp-content\/uploads\/2014\/11\/Sem-t\u00edtulo-181.jpg\",\"width\":600,\"height\":407},{\"@type\":\"BreadcrumbList\",\"@id\":\"https:\/\/www.notibras.com\/site\/morre-em-sao-paulo-o-ex-ministro-da-justica-marcio-thomaz-bastos\/#breadcrumb\",\"itemListElement\":[{\"@type\":\"ListItem\",\"position\":1,\"name\":\"In\u00edcio\",\"item\":\"https:\/\/www.notibras.com\/site\/\"},{\"@type\":\"ListItem\",\"position\":2,\"name\":\"Morre em S\u00e3o Paulo Thomaz Bastos, ex-ministro da Justi\u00e7a\"}]},{\"@type\":\"WebSite\",\"@id\":\"https:\/\/www.notibras.com\/site\/#website\",\"url\":\"https:\/\/www.notibras.com\/site\/\",\"name\":\"Notibras\",\"description\":\"Not\u00edcias de Bras\u00edlia, do Brasil e do Mundo\",\"publisher\":{\"@id\":\"https:\/\/www.notibras.com\/site\/#organization\"},\"potentialAction\":[{\"@type\":\"SearchAction\",\"target\":{\"@type\":\"EntryPoint\",\"urlTemplate\":\"https:\/\/www.notibras.com\/site\/?s={search_term_string}\"},\"query-input\":{\"@type\":\"PropertyValueSpecification\",\"valueRequired\":true,\"valueName\":\"search_term_string\"}}],\"inLanguage\":\"pt-BR\"},{\"@type\":\"Organization\",\"@id\":\"https:\/\/www.notibras.com\/site\/#organization\",\"name\":\"Grupo Notibras de Comunica\u00e7\u00e3o\",\"url\":\"https:\/\/www.notibras.com\/site\/\",\"logo\":{\"@type\":\"ImageObject\",\"inLanguage\":\"pt-BR\",\"@id\":\"https:\/\/www.notibras.com\/site\/#\/schema\/logo\/image\/\",\"url\":\"https:\/\/www.notibras.com\/site\/wp-content\/uploads\/2023\/01\/notibras23.png\",\"contentUrl\":\"https:\/\/www.notibras.com\/site\/wp-content\/uploads\/2023\/01\/notibras23.png\",\"width\":350,\"height\":87,\"caption\":\"Grupo Notibras de Comunica\u00e7\u00e3o\"},\"image\":{\"@id\":\"https:\/\/www.notibras.com\/site\/#\/schema\/logo\/image\/\"},\"sameAs\":[\"https:\/\/www.facebook.com\/notibras\/\",\"https:\/\/x.com\/Notibras\",\"https:\/\/www.instagram.com\/notibras\/\"]},{\"@type\":\"Person\",\"@id\":\"https:\/\/www.notibras.com\/site\/#\/schema\/person\/00b8e1aa08f9ef6563e878c5159d01cf\",\"name\":\"Reda\u00e7\u00e3o\",\"image\":{\"@type\":\"ImageObject\",\"inLanguage\":\"pt-BR\",\"@id\":\"https:\/\/secure.gravatar.com\/avatar\/ac5a707d5b47784a5ed426c6e213e201423c750890f64e4c379114dade67dfb9?s=96&d=mm&r=g\",\"url\":\"https:\/\/secure.gravatar.com\/avatar\/ac5a707d5b47784a5ed426c6e213e201423c750890f64e4c379114dade67dfb9?s=96&d=mm&r=g\",\"contentUrl\":\"https:\/\/secure.gravatar.com\/avatar\/ac5a707d5b47784a5ed426c6e213e201423c750890f64e4c379114dade67dfb9?s=96&d=mm&r=g\",\"caption\":\"Reda\u00e7\u00e3o\"}}]}<\/script>\n<!-- \/ Yoast SEO plugin. -->","yoast_head_json":{"title":"Morre em S\u00e3o Paulo Thomaz Bastos, ex-ministro da Justi\u00e7a - Notibras","robots":{"index":"index","follow":"follow","max-snippet":"max-snippet:-1","max-image-preview":"max-image-preview:large","max-video-preview":"max-video-preview:-1"},"canonical":"https:\/\/www.notibras.com\/site\/morre-em-sao-paulo-o-ex-ministro-da-justica-marcio-thomaz-bastos\/","og_locale":"pt_BR","og_type":"article","og_title":"Morre em S\u00e3o Paulo Thomaz Bastos, ex-ministro da Justi\u00e7a - Notibras","og_description":"O advogado e ex-ministro da Justi\u00e7a M\u00e1rcio Thomaz Bastos, de 79 anos, morreu no Hospital S\u00edrio-Liban\u00eas, em S\u00e3o Paulo. A informa\u00e7\u00e3o foi confirmada na manh\u00e3 desta quinta-feira (20) pela fam\u00edlia. Bastos foi internado na ter\u00e7a-feira (18) para tratamento de descompensa\u00e7\u00e3o de fibrose pulmonar, segundo boletim m\u00e9dico divulgado pelo hospital. Bastos foi ministro da Justi\u00e7a entre [&hellip;]","og_url":"https:\/\/www.notibras.com\/site\/morre-em-sao-paulo-o-ex-ministro-da-justica-marcio-thomaz-bastos\/","og_site_name":"Notibras","article_publisher":"https:\/\/www.facebook.com\/notibras\/","article_published_time":"2014-11-20T10:30:10+00:00","article_modified_time":"2014-11-20T21:44:56+00:00","og_image":[{"width":600,"height":407,"url":"https:\/\/www.notibras.com\/site\/wp-content\/uploads\/2014\/11\/Sem-t\u00edtulo-181.jpg","type":"image\/jpeg"}],"author":"Reda\u00e7\u00e3o","twitter_card":"summary_large_image","twitter_creator":"@Notibras","twitter_site":"@Notibras","twitter_misc":{"Escrito por":"Reda\u00e7\u00e3o","Est. tempo de leitura":"1 minuto"},"schema":{"@context":"https:\/\/schema.org","@graph":[{"@type":"Article","@id":"https:\/\/www.notibras.com\/site\/morre-em-sao-paulo-o-ex-ministro-da-justica-marcio-thomaz-bastos\/#article","isPartOf":{"@id":"https:\/\/www.notibras.com\/site\/morre-em-sao-paulo-o-ex-ministro-da-justica-marcio-thomaz-bastos\/"},"author":{"name":"Reda\u00e7\u00e3o","@id":"https:\/\/www.notibras.com\/site\/#\/schema\/person\/00b8e1aa08f9ef6563e878c5159d01cf"},"headline":"Morre em S\u00e3o Paulo Thomaz Bastos, ex-ministro da Justi\u00e7a","datePublished":"2014-11-20T10:30:10+00:00","dateModified":"2014-11-20T21:44:56+00:00","mainEntityOfPage":{"@id":"https:\/\/www.notibras.com\/site\/morre-em-sao-paulo-o-ex-ministro-da-justica-marcio-thomaz-bastos\/"},"wordCount":277,"commentCount":0,"publisher":{"@id":"https:\/\/www.notibras.com\/site\/#organization"},"image":{"@id":"https:\/\/www.notibras.com\/site\/morre-em-sao-paulo-o-ex-ministro-da-justica-marcio-thomaz-bastos\/#primaryimage"},"thumbnailUrl":"https:\/\/www.notibras.com\/site\/wp-content\/uploads\/2014\/11\/Sem-t\u00edtulo-181.jpg","articleSection":["Brasil"],"inLanguage":"pt-BR","potentialAction":[{"@type":"CommentAction","name":"Comment","target":["https:\/\/www.notibras.com\/site\/morre-em-sao-paulo-o-ex-ministro-da-justica-marcio-thomaz-bastos\/#respond"]}]},{"@type":"WebPage","@id":"https:\/\/www.notibras.com\/site\/morre-em-sao-paulo-o-ex-ministro-da-justica-marcio-thomaz-bastos\/","url":"https:\/\/www.notibras.com\/site\/morre-em-sao-paulo-o-ex-ministro-da-justica-marcio-thomaz-bastos\/","name":"Morre em S\u00e3o Paulo Thomaz Bastos, ex-ministro da Justi\u00e7a - Notibras","isPartOf":{"@id":"https:\/\/www.notibras.com\/site\/#website"},"primaryImageOfPage":{"@id":"https:\/\/www.notibras.com\/site\/morre-em-sao-paulo-o-ex-ministro-da-justica-marcio-thomaz-bastos\/#primaryimage"},"image":{"@id":"https:\/\/www.notibras.com\/site\/morre-em-sao-paulo-o-ex-ministro-da-justica-marcio-thomaz-bastos\/#primaryimage"},"thumbnailUrl":"https:\/\/www.notibras.com\/site\/wp-content\/uploads\/2014\/11\/Sem-t\u00edtulo-181.jpg","datePublished":"2014-11-20T10:30:10+00:00","dateModified":"2014-11-20T21:44:56+00:00","breadcrumb":{"@id":"https:\/\/www.notibras.com\/site\/morre-em-sao-paulo-o-ex-ministro-da-justica-marcio-thomaz-bastos\/#breadcrumb"},"inLanguage":"pt-BR","potentialAction":[{"@type":"ReadAction","target":["https:\/\/www.notibras.com\/site\/morre-em-sao-paulo-o-ex-ministro-da-justica-marcio-thomaz-bastos\/"]}]},{"@type":"ImageObject","inLanguage":"pt-BR","@id":"https:\/\/www.notibras.com\/site\/morre-em-sao-paulo-o-ex-ministro-da-justica-marcio-thomaz-bastos\/#primaryimage","url":"https:\/\/www.notibras.com\/site\/wp-content\/uploads\/2014\/11\/Sem-t\u00edtulo-181.jpg","contentUrl":"https:\/\/www.notibras.com\/site\/wp-content\/uploads\/2014\/11\/Sem-t\u00edtulo-181.jpg","width":600,"height":407},{"@type":"BreadcrumbList","@id":"https:\/\/www.notibras.com\/site\/morre-em-sao-paulo-o-ex-ministro-da-justica-marcio-thomaz-bastos\/#breadcrumb","itemListElement":[{"@type":"ListItem","position":1,"name":"In\u00edcio","item":"https:\/\/www.notibras.com\/site\/"},{"@type":"ListItem","position":2,"name":"Morre em S\u00e3o Paulo Thomaz Bastos, ex-ministro da Justi\u00e7a"}]},{"@type":"WebSite","@id":"https:\/\/www.notibras.com\/site\/#website","url":"https:\/\/www.notibras.com\/site\/","name":"Notibras","description":"Not\u00edcias de Bras\u00edlia, do Brasil e do Mundo","publisher":{"@id":"https:\/\/www.notibras.com\/site\/#organization"},"potentialAction":[{"@type":"SearchAction","target":{"@type":"EntryPoint","urlTemplate":"https:\/\/www.notibras.com\/site\/?s={search_term_string}"},"query-input":{"@type":"PropertyValueSpecification","valueRequired":true,"valueName":"search_term_string"}}],"inLanguage":"pt-BR"},{"@type":"Organization","@id":"https:\/\/www.notibras.com\/site\/#organization","name":"Grupo Notibras de Comunica\u00e7\u00e3o","url":"https:\/\/www.notibras.com\/site\/","logo":{"@type":"ImageObject","inLanguage":"pt-BR","@id":"https:\/\/www.notibras.com\/site\/#\/schema\/logo\/image\/","url":"https:\/\/www.notibras.com\/site\/wp-content\/uploads\/2023\/01\/notibras23.png","contentUrl":"https:\/\/www.notibras.com\/site\/wp-content\/uploads\/2023\/01\/notibras23.png","width":350,"height":87,"caption":"Grupo Notibras de Comunica\u00e7\u00e3o"},"image":{"@id":"https:\/\/www.notibras.com\/site\/#\/schema\/logo\/image\/"},"sameAs":["https:\/\/www.facebook.com\/notibras\/","https:\/\/x.com\/Notibras","https:\/\/www.instagram.com\/notibras\/"]},{"@type":"Person","@id":"https:\/\/www.notibras.com\/site\/#\/schema\/person\/00b8e1aa08f9ef6563e878c5159d01cf","name":"Reda\u00e7\u00e3o","image":{"@type":"ImageObject","inLanguage":"pt-BR","@id":"https:\/\/secure.gravatar.com\/avatar\/ac5a707d5b47784a5ed426c6e213e201423c750890f64e4c379114dade67dfb9?s=96&d=mm&r=g","url":"https:\/\/secure.gravatar.com\/avatar\/ac5a707d5b47784a5ed426c6e213e201423c750890f64e4c379114dade67dfb9?s=96&d=mm&r=g","contentUrl":"https:\/\/secure.gravatar.com\/avatar\/ac5a707d5b47784a5ed426c6e213e201423c750890f64e4c379114dade67dfb9?s=96&d=mm&r=g","caption":"Reda\u00e7\u00e3o"}}]}},"amp_enabled":true,"_links":{"self":[{"href":"https:\/\/www.notibras.com\/site\/wp-json\/wp\/v2\/posts\/28913","targetHints":{"allow":["GET"]}}],"collection":[{"href":"https:\/\/www.notibras.com\/site\/wp-json\/wp\/v2\/posts"}],"about":[{"href":"https:\/\/www.notibras.com\/site\/wp-json\/wp\/v2\/types\/post"}],"author":[{"embeddable":true,"href":"https:\/\/www.notibras.com\/site\/wp-json\/wp\/v2\/users\/1"}],"replies":[{"embeddable":true,"href":"https:\/\/www.notibras.com\/site\/wp-json\/wp\/v2\/comments?post=28913"}],"version-history":[{"count":0,"href":"https:\/\/www.notibras.com\/site\/wp-json\/wp\/v2\/posts\/28913\/revisions"}],"wp:featuredmedia":[{"embeddable":true,"href":"https:\/\/www.notibras.com\/site\/wp-json\/wp\/v2\/media\/28916"}],"wp:attachment":[{"href":"https:\/\/www.notibras.com\/site\/wp-json\/wp\/v2\/media?parent=28913"}],"wp:term":[{"taxonomy":"category","embeddable":true,"href":"https:\/\/www.notibras.com\/site\/wp-json\/wp\/v2\/categories?post=28913"},{"taxonomy":"post_tag","embeddable":true,"href":"https:\/\/www.notibras.com\/site\/wp-json\/wp\/v2\/tags?post=28913"}],"curies":[{"name":"wp","href":"https:\/\/api.w.org\/{rel}","templated":true}]}}