{"id":289206,"date":"2022-07-20T20:27:58","date_gmt":"2022-07-20T23:27:58","guid":{"rendered":"https:\/\/www.notibras.com\/site\/?p=289206"},"modified":"2022-07-20T23:51:53","modified_gmt":"2022-07-21T02:51:53","slug":"russia-amplia-ataque-na-ucrania-e-retoma-gasoduto","status":"publish","type":"post","link":"https:\/\/www.notibras.com\/site\/russia-amplia-ataque-na-ucrania-e-retoma-gasoduto\/","title":{"rendered":"R\u00fassia amplia ataque na Ucr\u00e2nia e retoma gasoduto"},"content":{"rendered":"<p>Os objetivos militares de Moscou na Ucr\u00e2nia agora v\u00e3o al\u00e9m da regi\u00e3o de Donbass, no leste do pa\u00eds, afirmou o ministro das Rela\u00e7\u00f5es Exteriores da R\u00fassia, Sergei Lavrov, nesta quarta-feira (20), enquanto as for\u00e7as do Kremlin bombardearam o leste e o sul da Ucr\u00e2nia.<\/p>\n<p>Lavrov disse \u00e0 ag\u00eancia de not\u00edcias estatal RIA Novosti que as metas da R\u00fassia ser\u00e3o expandidas ainda mais se o Ocidente continuar fornecendo a Kiev armas de longo alcance como os sistemas de artilharia de foguetes de alta mobilidade (HIMARS), fabricados nos EUA.<\/p>\n<p>Os coment\u00e1rios, que constituem o mais claro reconhecimento at\u00e9 agora de que os objetivos da R\u00fassia se expandiram ao longo dos cinco meses de guerra, vieram ap\u00f3s Washington anunciar que via sinais de que Moscou est\u00e1 se preparando para anexar formalmente o territ\u00f3rio que tomou do pa\u00eds vizinho.<\/p>\n<p>O ministro de Rela\u00e7\u00f5es Exteriores da Ucr\u00e2nia, Dmytro Kuleba, disse que a R\u00fassia rejeita a diplomacia e quer &#8220;sangue, e n\u00e3o conversa.&#8221;<\/p>\n<p>A presidente da Comiss\u00e3o Europeia, Ursula von der Leyen, enquanto isso, acusou a R\u00fassia de &#8220;chantagear&#8221; a Uni\u00e3o Europeia com exporta\u00e7\u00f5es de energia e anunciou um plano para reduzir a demanda por g\u00e1s no bloco antes de um temido corte de fornecimento da R\u00fassia com a chegada do inverno.<\/p>\n<p>O presidente russo, Vladimir Putin, havia alertado anteriormente que o fornecimento de g\u00e1s \u00e0 Europa atrav\u00e9s do imenso gasoduto Nord Stream 1, que est\u00e1 fechado h\u00e1 10 dias para manuten\u00e7\u00e3o, est\u00e1 em risco de ser reduzido ainda mais.<\/p>\n<p>Lavrov \u00e9 a figura de mais alto escal\u00e3o a falar abertamente sobre os objetivos da R\u00fassia na guerra em termos territoriais, cinco meses ap\u00f3s Putin iniciar a invas\u00e3o, em 24 de fevereiro, negando a inten\u00e7\u00e3o da R\u00fassia em ocupar seu pa\u00eds vizinho.<\/p>\n<p>\u00c0 \u00e9poca, Putin disse que seu objetivo era desmilitarizar e &#8220;desnazificar&#8221; a Ucr\u00e2nia &#8211; declara\u00e7\u00e3o considerada por Kiev e pelo Ocidente como um pretexto para uma guerra imperialista de expans\u00e3o.<\/p>\n<p>Lavrov disse \u00e0 RIA Novosti que a realidade geogr\u00e1fica havia mudado desde que os negociadores russos e ucranianos participaram de negocia\u00e7\u00f5es de paz na Turquia no final de mar\u00e7o, e que falharam em produzir avan\u00e7os.<\/p>\n<p>Naquele momento, disse, o foco era nas Rep\u00fablicas Populares de Donetsk e Luhansk (RPD e RPL), entidades separatistas autodenominadas e apoiadas pelos russos no leste da Ucr\u00e2nia e de onde Moscou j\u00e1 disse que quer expulsar as for\u00e7as governamentais da Ucr\u00e2nia.<\/p>\n<p>&#8220;Agora a geografia est\u00e1 diferente, longe de ser apenas a RPD e a RPL, tamb\u00e9m h\u00e1 as regi\u00f5es de Kherson e Zaporizhzhia, e alguns outros territ\u00f3rios&#8221;, disse, se referindo a territ\u00f3rios muito al\u00e9m do Donbass e que as for\u00e7as russas tomaram completa ou parcialmente.<\/p>\n<p>&#8220;Esse processo continua de maneira l\u00f3gica e persistente&#8221;, disse Lavrov, acrescentando que a R\u00fassia pode pressionar ainda mais profundamente.<\/p>\n","protected":false},"excerpt":{"rendered":"<p>Os objetivos militares de Moscou na Ucr\u00e2nia agora v\u00e3o al\u00e9m da regi\u00e3o de Donbass, no leste do pa\u00eds, afirmou o ministro das Rela\u00e7\u00f5es Exteriores da R\u00fassia, Sergei Lavrov, nesta quarta-feira (20), enquanto as for\u00e7as do Kremlin bombardearam o leste e o sul da Ucr\u00e2nia. Lavrov disse \u00e0 ag\u00eancia de not\u00edcias estatal RIA Novosti que as [&hellip;]<\/p>\n","protected":false},"author":2,"featured_media":289207,"comment_status":"closed","ping_status":"closed","sticky":false,"template":"","format":"standard","meta":{"_acf_changed":false,"footnotes":""},"categories":[159],"tags":[95],"class_list":["post-289206","post","type-post","status-publish","format-standard","has-post-thumbnail","hentry","category-apocalipse","tag-capa"],"acf":[],"yoast_head":"<!-- This site is optimized with the Yoast SEO plugin v27.2 - https:\/\/yoast.com\/product\/yoast-seo-wordpress\/ -->\n<title>R\u00fassia amplia ataque na Ucr\u00e2nia e retoma gasoduto - Notibras<\/title>\n<meta name=\"robots\" content=\"index, follow, max-snippet:-1, max-image-preview:large, max-video-preview:-1\" \/>\n<link rel=\"canonical\" href=\"https:\/\/www.notibras.com\/site\/russia-amplia-ataque-na-ucrania-e-retoma-gasoduto\/\" \/>\n<meta property=\"og:locale\" content=\"pt_BR\" \/>\n<meta property=\"og:type\" content=\"article\" \/>\n<meta property=\"og:title\" content=\"R\u00fassia amplia ataque na Ucr\u00e2nia e retoma gasoduto - Notibras\" \/>\n<meta property=\"og:description\" content=\"Os objetivos militares de Moscou na Ucr\u00e2nia agora v\u00e3o al\u00e9m da regi\u00e3o de Donbass, no leste do pa\u00eds, afirmou o ministro das Rela\u00e7\u00f5es Exteriores da R\u00fassia, Sergei Lavrov, nesta quarta-feira (20), enquanto as for\u00e7as do Kremlin bombardearam o leste e o sul da Ucr\u00e2nia. Lavrov disse \u00e0 ag\u00eancia de not\u00edcias estatal RIA Novosti que as [&hellip;]\" \/>\n<meta property=\"og:url\" content=\"https:\/\/www.notibras.com\/site\/russia-amplia-ataque-na-ucrania-e-retoma-gasoduto\/\" \/>\n<meta property=\"og:site_name\" content=\"Notibras\" \/>\n<meta property=\"article:publisher\" content=\"https:\/\/www.facebook.com\/notibras\/\" \/>\n<meta property=\"article:published_time\" content=\"2022-07-20T23:27:58+00:00\" \/>\n<meta property=\"article:modified_time\" content=\"2022-07-21T02:51:53+00:00\" \/>\n<meta property=\"og:image\" content=\"https:\/\/www.notibras.com\/site\/wp-content\/uploads\/2022\/07\/2022-07-20t195903z_1_lynxmpei6j10i_rtroptp_4_ukraine-crisis-donetsk-region.jpg\" \/>\n\t<meta property=\"og:image:width\" content=\"1170\" \/>\n\t<meta property=\"og:image:height\" content=\"700\" \/>\n\t<meta property=\"og:image:type\" content=\"image\/jpeg\" \/>\n<meta name=\"author\" content=\"Reda\u00e7\u00e3o\" \/>\n<meta name=\"twitter:card\" content=\"summary_large_image\" \/>\n<meta name=\"twitter:creator\" content=\"@Notibras\" \/>\n<meta name=\"twitter:site\" content=\"@Notibras\" \/>\n<meta name=\"twitter:label1\" content=\"Escrito por\" \/>\n\t<meta name=\"twitter:data1\" content=\"Reda\u00e7\u00e3o\" \/>\n\t<meta name=\"twitter:label2\" content=\"Est. tempo de leitura\" \/>\n\t<meta name=\"twitter:data2\" content=\"3 minutos\" \/>\n<script type=\"application\/ld+json\" class=\"yoast-schema-graph\">{\"@context\":\"https:\/\/schema.org\",\"@graph\":[{\"@type\":\"Article\",\"@id\":\"https:\/\/www.notibras.com\/site\/russia-amplia-ataque-na-ucrania-e-retoma-gasoduto\/#article\",\"isPartOf\":{\"@id\":\"https:\/\/www.notibras.com\/site\/russia-amplia-ataque-na-ucrania-e-retoma-gasoduto\/\"},\"author\":{\"name\":\"Reda\u00e7\u00e3o\",\"@id\":\"https:\/\/www.notibras.com\/site\/#\/schema\/person\/36ab0979449956132d3e5b517ea76ac8\"},\"headline\":\"R\u00fassia amplia ataque na Ucr\u00e2nia e retoma gasoduto\",\"datePublished\":\"2022-07-20T23:27:58+00:00\",\"dateModified\":\"2022-07-21T02:51:53+00:00\",\"mainEntityOfPage\":{\"@id\":\"https:\/\/www.notibras.com\/site\/russia-amplia-ataque-na-ucrania-e-retoma-gasoduto\/\"},\"wordCount\":513,\"publisher\":{\"@id\":\"https:\/\/www.notibras.com\/site\/#organization\"},\"image\":{\"@id\":\"https:\/\/www.notibras.com\/site\/russia-amplia-ataque-na-ucrania-e-retoma-gasoduto\/#primaryimage\"},\"thumbnailUrl\":\"https:\/\/www.notibras.com\/site\/wp-content\/uploads\/2022\/07\/2022-07-20t195903z_1_lynxmpei6j10i_rtroptp_4_ukraine-crisis-donetsk-region.jpg\",\"keywords\":[\"capa\"],\"articleSection\":[\"Apocalipse\"],\"inLanguage\":\"pt-BR\"},{\"@type\":\"WebPage\",\"@id\":\"https:\/\/www.notibras.com\/site\/russia-amplia-ataque-na-ucrania-e-retoma-gasoduto\/\",\"url\":\"https:\/\/www.notibras.com\/site\/russia-amplia-ataque-na-ucrania-e-retoma-gasoduto\/\",\"name\":\"R\u00fassia amplia ataque na Ucr\u00e2nia e retoma gasoduto - Notibras\",\"isPartOf\":{\"@id\":\"https:\/\/www.notibras.com\/site\/#website\"},\"primaryImageOfPage\":{\"@id\":\"https:\/\/www.notibras.com\/site\/russia-amplia-ataque-na-ucrania-e-retoma-gasoduto\/#primaryimage\"},\"image\":{\"@id\":\"https:\/\/www.notibras.com\/site\/russia-amplia-ataque-na-ucrania-e-retoma-gasoduto\/#primaryimage\"},\"thumbnailUrl\":\"https:\/\/www.notibras.com\/site\/wp-content\/uploads\/2022\/07\/2022-07-20t195903z_1_lynxmpei6j10i_rtroptp_4_ukraine-crisis-donetsk-region.jpg\",\"datePublished\":\"2022-07-20T23:27:58+00:00\",\"dateModified\":\"2022-07-21T02:51:53+00:00\",\"breadcrumb\":{\"@id\":\"https:\/\/www.notibras.com\/site\/russia-amplia-ataque-na-ucrania-e-retoma-gasoduto\/#breadcrumb\"},\"inLanguage\":\"pt-BR\",\"potentialAction\":[{\"@type\":\"ReadAction\",\"target\":[\"https:\/\/www.notibras.com\/site\/russia-amplia-ataque-na-ucrania-e-retoma-gasoduto\/\"]}]},{\"@type\":\"ImageObject\",\"inLanguage\":\"pt-BR\",\"@id\":\"https:\/\/www.notibras.com\/site\/russia-amplia-ataque-na-ucrania-e-retoma-gasoduto\/#primaryimage\",\"url\":\"https:\/\/www.notibras.com\/site\/wp-content\/uploads\/2022\/07\/2022-07-20t195903z_1_lynxmpei6j10i_rtroptp_4_ukraine-crisis-donetsk-region.jpg\",\"contentUrl\":\"https:\/\/www.notibras.com\/site\/wp-content\/uploads\/2022\/07\/2022-07-20t195903z_1_lynxmpei6j10i_rtroptp_4_ukraine-crisis-donetsk-region.jpg\",\"width\":1170,\"height\":700},{\"@type\":\"BreadcrumbList\",\"@id\":\"https:\/\/www.notibras.com\/site\/russia-amplia-ataque-na-ucrania-e-retoma-gasoduto\/#breadcrumb\",\"itemListElement\":[{\"@type\":\"ListItem\",\"position\":1,\"name\":\"In\u00edcio\",\"item\":\"https:\/\/www.notibras.com\/site\/\"},{\"@type\":\"ListItem\",\"position\":2,\"name\":\"R\u00fassia amplia ataque na Ucr\u00e2nia e retoma gasoduto\"}]},{\"@type\":\"WebSite\",\"@id\":\"https:\/\/www.notibras.com\/site\/#website\",\"url\":\"https:\/\/www.notibras.com\/site\/\",\"name\":\"Notibras\",\"description\":\"Not\u00edcias de Bras\u00edlia, do Brasil e do Mundo\",\"publisher\":{\"@id\":\"https:\/\/www.notibras.com\/site\/#organization\"},\"potentialAction\":[{\"@type\":\"SearchAction\",\"target\":{\"@type\":\"EntryPoint\",\"urlTemplate\":\"https:\/\/www.notibras.com\/site\/?s={search_term_string}\"},\"query-input\":{\"@type\":\"PropertyValueSpecification\",\"valueRequired\":true,\"valueName\":\"search_term_string\"}}],\"inLanguage\":\"pt-BR\"},{\"@type\":\"Organization\",\"@id\":\"https:\/\/www.notibras.com\/site\/#organization\",\"name\":\"Grupo Notibras de Comunica\u00e7\u00e3o\",\"url\":\"https:\/\/www.notibras.com\/site\/\",\"logo\":{\"@type\":\"ImageObject\",\"inLanguage\":\"pt-BR\",\"@id\":\"https:\/\/www.notibras.com\/site\/#\/schema\/logo\/image\/\",\"url\":\"https:\/\/www.notibras.com\/site\/wp-content\/uploads\/2023\/01\/notibras23.png\",\"contentUrl\":\"https:\/\/www.notibras.com\/site\/wp-content\/uploads\/2023\/01\/notibras23.png\",\"width\":350,\"height\":87,\"caption\":\"Grupo Notibras de Comunica\u00e7\u00e3o\"},\"image\":{\"@id\":\"https:\/\/www.notibras.com\/site\/#\/schema\/logo\/image\/\"},\"sameAs\":[\"https:\/\/www.facebook.com\/notibras\/\",\"https:\/\/x.com\/Notibras\",\"https:\/\/www.instagram.com\/notibras\/\"]},{\"@type\":\"Person\",\"@id\":\"https:\/\/www.notibras.com\/site\/#\/schema\/person\/36ab0979449956132d3e5b517ea76ac8\",\"name\":\"Reda\u00e7\u00e3o\",\"image\":{\"@type\":\"ImageObject\",\"inLanguage\":\"pt-BR\",\"@id\":\"https:\/\/secure.gravatar.com\/avatar\/e0a867bdedb85fd243eadf09663511f96fc81e0720a4a42581f334ad4303aa6b?s=96&d=mm&r=g\",\"url\":\"https:\/\/secure.gravatar.com\/avatar\/e0a867bdedb85fd243eadf09663511f96fc81e0720a4a42581f334ad4303aa6b?s=96&d=mm&r=g\",\"contentUrl\":\"https:\/\/secure.gravatar.com\/avatar\/e0a867bdedb85fd243eadf09663511f96fc81e0720a4a42581f334ad4303aa6b?s=96&d=mm&r=g\",\"caption\":\"Reda\u00e7\u00e3o\"}}]}<\/script>\n<!-- \/ Yoast SEO plugin. -->","yoast_head_json":{"title":"R\u00fassia amplia ataque na Ucr\u00e2nia e retoma gasoduto - Notibras","robots":{"index":"index","follow":"follow","max-snippet":"max-snippet:-1","max-image-preview":"max-image-preview:large","max-video-preview":"max-video-preview:-1"},"canonical":"https:\/\/www.notibras.com\/site\/russia-amplia-ataque-na-ucrania-e-retoma-gasoduto\/","og_locale":"pt_BR","og_type":"article","og_title":"R\u00fassia amplia ataque na Ucr\u00e2nia e retoma gasoduto - Notibras","og_description":"Os objetivos militares de Moscou na Ucr\u00e2nia agora v\u00e3o al\u00e9m da regi\u00e3o de Donbass, no leste do pa\u00eds, afirmou o ministro das Rela\u00e7\u00f5es Exteriores da R\u00fassia, Sergei Lavrov, nesta quarta-feira (20), enquanto as for\u00e7as do Kremlin bombardearam o leste e o sul da Ucr\u00e2nia. Lavrov disse \u00e0 ag\u00eancia de not\u00edcias estatal RIA Novosti que as [&hellip;]","og_url":"https:\/\/www.notibras.com\/site\/russia-amplia-ataque-na-ucrania-e-retoma-gasoduto\/","og_site_name":"Notibras","article_publisher":"https:\/\/www.facebook.com\/notibras\/","article_published_time":"2022-07-20T23:27:58+00:00","article_modified_time":"2022-07-21T02:51:53+00:00","og_image":[{"width":1170,"height":700,"url":"https:\/\/www.notibras.com\/site\/wp-content\/uploads\/2022\/07\/2022-07-20t195903z_1_lynxmpei6j10i_rtroptp_4_ukraine-crisis-donetsk-region.jpg","type":"image\/jpeg"}],"author":"Reda\u00e7\u00e3o","twitter_card":"summary_large_image","twitter_creator":"@Notibras","twitter_site":"@Notibras","twitter_misc":{"Escrito por":"Reda\u00e7\u00e3o","Est. tempo de leitura":"3 minutos"},"schema":{"@context":"https:\/\/schema.org","@graph":[{"@type":"Article","@id":"https:\/\/www.notibras.com\/site\/russia-amplia-ataque-na-ucrania-e-retoma-gasoduto\/#article","isPartOf":{"@id":"https:\/\/www.notibras.com\/site\/russia-amplia-ataque-na-ucrania-e-retoma-gasoduto\/"},"author":{"name":"Reda\u00e7\u00e3o","@id":"https:\/\/www.notibras.com\/site\/#\/schema\/person\/36ab0979449956132d3e5b517ea76ac8"},"headline":"R\u00fassia amplia ataque na Ucr\u00e2nia e retoma gasoduto","datePublished":"2022-07-20T23:27:58+00:00","dateModified":"2022-07-21T02:51:53+00:00","mainEntityOfPage":{"@id":"https:\/\/www.notibras.com\/site\/russia-amplia-ataque-na-ucrania-e-retoma-gasoduto\/"},"wordCount":513,"publisher":{"@id":"https:\/\/www.notibras.com\/site\/#organization"},"image":{"@id":"https:\/\/www.notibras.com\/site\/russia-amplia-ataque-na-ucrania-e-retoma-gasoduto\/#primaryimage"},"thumbnailUrl":"https:\/\/www.notibras.com\/site\/wp-content\/uploads\/2022\/07\/2022-07-20t195903z_1_lynxmpei6j10i_rtroptp_4_ukraine-crisis-donetsk-region.jpg","keywords":["capa"],"articleSection":["Apocalipse"],"inLanguage":"pt-BR"},{"@type":"WebPage","@id":"https:\/\/www.notibras.com\/site\/russia-amplia-ataque-na-ucrania-e-retoma-gasoduto\/","url":"https:\/\/www.notibras.com\/site\/russia-amplia-ataque-na-ucrania-e-retoma-gasoduto\/","name":"R\u00fassia amplia ataque na Ucr\u00e2nia e retoma gasoduto - Notibras","isPartOf":{"@id":"https:\/\/www.notibras.com\/site\/#website"},"primaryImageOfPage":{"@id":"https:\/\/www.notibras.com\/site\/russia-amplia-ataque-na-ucrania-e-retoma-gasoduto\/#primaryimage"},"image":{"@id":"https:\/\/www.notibras.com\/site\/russia-amplia-ataque-na-ucrania-e-retoma-gasoduto\/#primaryimage"},"thumbnailUrl":"https:\/\/www.notibras.com\/site\/wp-content\/uploads\/2022\/07\/2022-07-20t195903z_1_lynxmpei6j10i_rtroptp_4_ukraine-crisis-donetsk-region.jpg","datePublished":"2022-07-20T23:27:58+00:00","dateModified":"2022-07-21T02:51:53+00:00","breadcrumb":{"@id":"https:\/\/www.notibras.com\/site\/russia-amplia-ataque-na-ucrania-e-retoma-gasoduto\/#breadcrumb"},"inLanguage":"pt-BR","potentialAction":[{"@type":"ReadAction","target":["https:\/\/www.notibras.com\/site\/russia-amplia-ataque-na-ucrania-e-retoma-gasoduto\/"]}]},{"@type":"ImageObject","inLanguage":"pt-BR","@id":"https:\/\/www.notibras.com\/site\/russia-amplia-ataque-na-ucrania-e-retoma-gasoduto\/#primaryimage","url":"https:\/\/www.notibras.com\/site\/wp-content\/uploads\/2022\/07\/2022-07-20t195903z_1_lynxmpei6j10i_rtroptp_4_ukraine-crisis-donetsk-region.jpg","contentUrl":"https:\/\/www.notibras.com\/site\/wp-content\/uploads\/2022\/07\/2022-07-20t195903z_1_lynxmpei6j10i_rtroptp_4_ukraine-crisis-donetsk-region.jpg","width":1170,"height":700},{"@type":"BreadcrumbList","@id":"https:\/\/www.notibras.com\/site\/russia-amplia-ataque-na-ucrania-e-retoma-gasoduto\/#breadcrumb","itemListElement":[{"@type":"ListItem","position":1,"name":"In\u00edcio","item":"https:\/\/www.notibras.com\/site\/"},{"@type":"ListItem","position":2,"name":"R\u00fassia amplia ataque na Ucr\u00e2nia e retoma gasoduto"}]},{"@type":"WebSite","@id":"https:\/\/www.notibras.com\/site\/#website","url":"https:\/\/www.notibras.com\/site\/","name":"Notibras","description":"Not\u00edcias de Bras\u00edlia, do Brasil e do Mundo","publisher":{"@id":"https:\/\/www.notibras.com\/site\/#organization"},"potentialAction":[{"@type":"SearchAction","target":{"@type":"EntryPoint","urlTemplate":"https:\/\/www.notibras.com\/site\/?s={search_term_string}"},"query-input":{"@type":"PropertyValueSpecification","valueRequired":true,"valueName":"search_term_string"}}],"inLanguage":"pt-BR"},{"@type":"Organization","@id":"https:\/\/www.notibras.com\/site\/#organization","name":"Grupo Notibras de Comunica\u00e7\u00e3o","url":"https:\/\/www.notibras.com\/site\/","logo":{"@type":"ImageObject","inLanguage":"pt-BR","@id":"https:\/\/www.notibras.com\/site\/#\/schema\/logo\/image\/","url":"https:\/\/www.notibras.com\/site\/wp-content\/uploads\/2023\/01\/notibras23.png","contentUrl":"https:\/\/www.notibras.com\/site\/wp-content\/uploads\/2023\/01\/notibras23.png","width":350,"height":87,"caption":"Grupo Notibras de Comunica\u00e7\u00e3o"},"image":{"@id":"https:\/\/www.notibras.com\/site\/#\/schema\/logo\/image\/"},"sameAs":["https:\/\/www.facebook.com\/notibras\/","https:\/\/x.com\/Notibras","https:\/\/www.instagram.com\/notibras\/"]},{"@type":"Person","@id":"https:\/\/www.notibras.com\/site\/#\/schema\/person\/36ab0979449956132d3e5b517ea76ac8","name":"Reda\u00e7\u00e3o","image":{"@type":"ImageObject","inLanguage":"pt-BR","@id":"https:\/\/secure.gravatar.com\/avatar\/e0a867bdedb85fd243eadf09663511f96fc81e0720a4a42581f334ad4303aa6b?s=96&d=mm&r=g","url":"https:\/\/secure.gravatar.com\/avatar\/e0a867bdedb85fd243eadf09663511f96fc81e0720a4a42581f334ad4303aa6b?s=96&d=mm&r=g","contentUrl":"https:\/\/secure.gravatar.com\/avatar\/e0a867bdedb85fd243eadf09663511f96fc81e0720a4a42581f334ad4303aa6b?s=96&d=mm&r=g","caption":"Reda\u00e7\u00e3o"}}]}},"amp_enabled":true,"_links":{"self":[{"href":"https:\/\/www.notibras.com\/site\/wp-json\/wp\/v2\/posts\/289206","targetHints":{"allow":["GET"]}}],"collection":[{"href":"https:\/\/www.notibras.com\/site\/wp-json\/wp\/v2\/posts"}],"about":[{"href":"https:\/\/www.notibras.com\/site\/wp-json\/wp\/v2\/types\/post"}],"author":[{"embeddable":true,"href":"https:\/\/www.notibras.com\/site\/wp-json\/wp\/v2\/users\/2"}],"replies":[{"embeddable":true,"href":"https:\/\/www.notibras.com\/site\/wp-json\/wp\/v2\/comments?post=289206"}],"version-history":[{"count":1,"href":"https:\/\/www.notibras.com\/site\/wp-json\/wp\/v2\/posts\/289206\/revisions"}],"predecessor-version":[{"id":289208,"href":"https:\/\/www.notibras.com\/site\/wp-json\/wp\/v2\/posts\/289206\/revisions\/289208"}],"wp:featuredmedia":[{"embeddable":true,"href":"https:\/\/www.notibras.com\/site\/wp-json\/wp\/v2\/media\/289207"}],"wp:attachment":[{"href":"https:\/\/www.notibras.com\/site\/wp-json\/wp\/v2\/media?parent=289206"}],"wp:term":[{"taxonomy":"category","embeddable":true,"href":"https:\/\/www.notibras.com\/site\/wp-json\/wp\/v2\/categories?post=289206"},{"taxonomy":"post_tag","embeddable":true,"href":"https:\/\/www.notibras.com\/site\/wp-json\/wp\/v2\/tags?post=289206"}],"curies":[{"name":"wp","href":"https:\/\/api.w.org\/{rel}","templated":true}]}}