{"id":289303,"date":"2022-07-23T06:15:51","date_gmt":"2022-07-23T09:15:51","guid":{"rendered":"https:\/\/www.notibras.com\/site\/?p=289303"},"modified":"2022-07-23T06:27:36","modified_gmt":"2022-07-23T09:27:36","slug":"bolsonaro-quer-repeteco-de-trump-em-cao-de-derrota","status":"publish","type":"post","link":"https:\/\/www.notibras.com\/site\/bolsonaro-quer-repeteco-de-trump-em-cao-de-derrota\/","title":{"rendered":"Bolsonaro quer repeteco de Trump em caso de derrota"},"content":{"rendered":"<p>A menos de tr\u00eas meses das elei\u00e7\u00f5es e com a recente onda de ataques ao sistema eletr\u00f4nico de vota\u00e7\u00e3o, h\u00e1 no Brasil a possibilidade de acontecer um epis\u00f3dio semelhante \u00e0 invas\u00e3o ao Capit\u00f3lio, em Washington, quando apoiadores do ex-presidente Donald Trump ocuparam o Congresso em janeiro de 2021, ap\u00f3s o republicano n\u00e3o ser reeleito. O alerta \u00e9 do cientista pol\u00edtico americano Steven Levitsky, autor do best-seller \u2018Como as democracias morrem\u2019. \u201cBolsonaro parece ter se inspirado no 6 de janeiro\u201d, avalia Levitsky citado pelo <em>Estad\u00e3o<\/em>.<\/p>\n","protected":false},"excerpt":{"rendered":"<p>A menos de tr\u00eas meses das elei\u00e7\u00f5es e com a recente onda de ataques ao sistema eletr\u00f4nico de vota\u00e7\u00e3o, h\u00e1 no Brasil a possibilidade de acontecer um epis\u00f3dio semelhante \u00e0 invas\u00e3o ao Capit\u00f3lio, em Washington, quando apoiadores do ex-presidente Donald Trump ocuparam o Congresso em janeiro de 2021, ap\u00f3s o republicano n\u00e3o ser reeleito. O [&hellip;]<\/p>\n","protected":false},"author":2,"featured_media":289304,"comment_status":"closed","ping_status":"closed","sticky":false,"template":"","format":"standard","meta":{"_acf_changed":false,"footnotes":""},"categories":[26],"tags":[],"class_list":["post-289303","post","type-post","status-publish","format-standard","has-post-thumbnail","hentry","category-eleicoes-2022"],"acf":[],"_links":{"self":[{"href":"https:\/\/www.notibras.com\/site\/wp-json\/wp\/v2\/posts\/289303","targetHints":{"allow":["GET"]}}],"collection":[{"href":"https:\/\/www.notibras.com\/site\/wp-json\/wp\/v2\/posts"}],"about":[{"href":"https:\/\/www.notibras.com\/site\/wp-json\/wp\/v2\/types\/post"}],"author":[{"embeddable":true,"href":"https:\/\/www.notibras.com\/site\/wp-json\/wp\/v2\/users\/2"}],"replies":[{"embeddable":true,"href":"https:\/\/www.notibras.com\/site\/wp-json\/wp\/v2\/comments?post=289303"}],"version-history":[{"count":2,"href":"https:\/\/www.notibras.com\/site\/wp-json\/wp\/v2\/posts\/289303\/revisions"}],"predecessor-version":[{"id":289306,"href":"https:\/\/www.notibras.com\/site\/wp-json\/wp\/v2\/posts\/289303\/revisions\/289306"}],"wp:featuredmedia":[{"embeddable":true,"href":"https:\/\/www.notibras.com\/site\/wp-json\/wp\/v2\/media\/289304"}],"wp:attachment":[{"href":"https:\/\/www.notibras.com\/site\/wp-json\/wp\/v2\/media?parent=289303"}],"wp:term":[{"taxonomy":"category","embeddable":true,"href":"https:\/\/www.notibras.com\/site\/wp-json\/wp\/v2\/categories?post=289303"},{"taxonomy":"post_tag","embeddable":true,"href":"https:\/\/www.notibras.com\/site\/wp-json\/wp\/v2\/tags?post=289303"}],"curies":[{"name":"wp","href":"https:\/\/api.w.org\/{rel}","templated":true}]}}