{"id":289321,"date":"2022-07-23T17:55:07","date_gmt":"2022-07-23T20:55:07","guid":{"rendered":"https:\/\/www.notibras.com\/site\/?p=289321"},"modified":"2022-07-23T18:25:03","modified_gmt":"2022-07-23T21:25:03","slug":"avante-oficializa-janones-que-ve-golpe-em-gestacao","status":"publish","type":"post","link":"https:\/\/www.notibras.com\/site\/avante-oficializa-janones-que-ve-golpe-em-gestacao\/","title":{"rendered":"Avante oficializa Janones, que v\u00ea &#8216;golpe em gesta\u00e7\u00e3o&#8217;"},"content":{"rendered":"<p>O eleitor derrota o arb\u00edtrio nas urnas, ou o Brasil afundar\u00e1 em areia movedi\u00e7a mortal. O alerta foi feito neste s\u00e1bado, 23, pelo deputado federal Andr\u00e9 Janones (MG), oficializado pelo Avante como candidato do partido \u00e0 Presid\u00eancia da Rep\u00fablica. Ele fez duras cr\u00edticas ao de Jair Bolsonaro e afirmou haver um golpe sendo planejado no Pa\u00eds. \u201cJ\u00e1 temos um golpe em curso. As elei\u00e7\u00f5es v\u00e3o decidir se continuaremos sendo governados por fascistas e golpistas ou voltamos a um regime democr\u00e1tico\u201d, enfatizou.<\/p>\n","protected":false},"excerpt":{"rendered":"<p>O eleitor derrota o arb\u00edtrio nas urnas, ou o Brasil afundar\u00e1 em areia movedi\u00e7a mortal. O alerta foi feito neste s\u00e1bado, 23, pelo deputado federal Andr\u00e9 Janones (MG), oficializado pelo Avante como candidato do partido \u00e0 Presid\u00eancia da Rep\u00fablica. Ele fez duras cr\u00edticas ao de Jair Bolsonaro e afirmou haver um golpe sendo planejado no [&hellip;]<\/p>\n","protected":false},"author":2,"featured_media":289322,"comment_status":"closed","ping_status":"closed","sticky":false,"template":"","format":"standard","meta":{"_acf_changed":false,"footnotes":""},"categories":[26],"tags":[],"class_list":["post-289321","post","type-post","status-publish","format-standard","has-post-thumbnail","hentry","category-eleicoes-2022"],"acf":[],"_links":{"self":[{"href":"https:\/\/www.notibras.com\/site\/wp-json\/wp\/v2\/posts\/289321","targetHints":{"allow":["GET"]}}],"collection":[{"href":"https:\/\/www.notibras.com\/site\/wp-json\/wp\/v2\/posts"}],"about":[{"href":"https:\/\/www.notibras.com\/site\/wp-json\/wp\/v2\/types\/post"}],"author":[{"embeddable":true,"href":"https:\/\/www.notibras.com\/site\/wp-json\/wp\/v2\/users\/2"}],"replies":[{"embeddable":true,"href":"https:\/\/www.notibras.com\/site\/wp-json\/wp\/v2\/comments?post=289321"}],"version-history":[{"count":2,"href":"https:\/\/www.notibras.com\/site\/wp-json\/wp\/v2\/posts\/289321\/revisions"}],"predecessor-version":[{"id":289327,"href":"https:\/\/www.notibras.com\/site\/wp-json\/wp\/v2\/posts\/289321\/revisions\/289327"}],"wp:featuredmedia":[{"embeddable":true,"href":"https:\/\/www.notibras.com\/site\/wp-json\/wp\/v2\/media\/289322"}],"wp:attachment":[{"href":"https:\/\/www.notibras.com\/site\/wp-json\/wp\/v2\/media?parent=289321"}],"wp:term":[{"taxonomy":"category","embeddable":true,"href":"https:\/\/www.notibras.com\/site\/wp-json\/wp\/v2\/categories?post=289321"},{"taxonomy":"post_tag","embeddable":true,"href":"https:\/\/www.notibras.com\/site\/wp-json\/wp\/v2\/tags?post=289321"}],"curies":[{"name":"wp","href":"https:\/\/api.w.org\/{rel}","templated":true}]}}