{"id":289324,"date":"2022-07-23T16:02:58","date_gmt":"2022-07-23T19:02:58","guid":{"rendered":"https:\/\/www.notibras.com\/site\/?p=289324"},"modified":"2022-07-23T18:10:35","modified_gmt":"2022-07-23T21:10:35","slug":"bolsonarista-que-ameacou-lula-e-stf-fica-atras-das-grades","status":"publish","type":"post","link":"https:\/\/www.notibras.com\/site\/bolsonarista-que-ameacou-lula-e-stf-fica-atras-das-grades\/","title":{"rendered":"Bolsonarista que amea\u00e7ou Lula e STF fica atr\u00e1s das grades"},"content":{"rendered":"<p>Preso na sexta, 22, por ordem de Alexandre de Moraes, o ativista bolsonarista Ivan Rejane Fonte Boa Pinto vai continuar em uma cela da penitenci\u00e1ria de Minas Grais. A decis\u00e3o \u00e9 da justi\u00e7a mineira. Boa Pinto \u00e9 investigado por compartilhar v\u00eddeos nas redes sociais em que realiza amea\u00e7a a ministros do STF e candidatos da esquerda. \u201cSumam do Brasil. N\u00f3s vamos pendurar voc\u00eas de cabe\u00e7a para baixo\u201d, amea\u00e7ou Boa Pinto em fala direcionada aos magistrados, convocando pessoas \u201cde direita\u201d para \u201cexpulsar do Brasil esses ju\u00edzes corruptos e essa esquerda nefasta (representada, segundo ele, por Lula e sus seguidores)\u201d.<\/p>\n","protected":false},"excerpt":{"rendered":"<p>Preso na sexta, 22, por ordem de Alexandre de Moraes, o ativista bolsonarista Ivan Rejane Fonte Boa Pinto vai continuar em uma cela da penitenci\u00e1ria de Minas Grais. A decis\u00e3o \u00e9 da justi\u00e7a mineira. Boa Pinto \u00e9 investigado por compartilhar v\u00eddeos nas redes sociais em que realiza amea\u00e7a a ministros do STF e candidatos da [&hellip;]<\/p>\n","protected":false},"author":2,"featured_media":289325,"comment_status":"closed","ping_status":"closed","sticky":false,"template":"","format":"standard","meta":{"_acf_changed":false,"footnotes":""},"categories":[26],"tags":[],"class_list":["post-289324","post","type-post","status-publish","format-standard","has-post-thumbnail","hentry","category-eleicoes-2022"],"acf":[],"_links":{"self":[{"href":"https:\/\/www.notibras.com\/site\/wp-json\/wp\/v2\/posts\/289324","targetHints":{"allow":["GET"]}}],"collection":[{"href":"https:\/\/www.notibras.com\/site\/wp-json\/wp\/v2\/posts"}],"about":[{"href":"https:\/\/www.notibras.com\/site\/wp-json\/wp\/v2\/types\/post"}],"author":[{"embeddable":true,"href":"https:\/\/www.notibras.com\/site\/wp-json\/wp\/v2\/users\/2"}],"replies":[{"embeddable":true,"href":"https:\/\/www.notibras.com\/site\/wp-json\/wp\/v2\/comments?post=289324"}],"version-history":[{"count":1,"href":"https:\/\/www.notibras.com\/site\/wp-json\/wp\/v2\/posts\/289324\/revisions"}],"predecessor-version":[{"id":289326,"href":"https:\/\/www.notibras.com\/site\/wp-json\/wp\/v2\/posts\/289324\/revisions\/289326"}],"wp:featuredmedia":[{"embeddable":true,"href":"https:\/\/www.notibras.com\/site\/wp-json\/wp\/v2\/media\/289325"}],"wp:attachment":[{"href":"https:\/\/www.notibras.com\/site\/wp-json\/wp\/v2\/media?parent=289324"}],"wp:term":[{"taxonomy":"category","embeddable":true,"href":"https:\/\/www.notibras.com\/site\/wp-json\/wp\/v2\/categories?post=289324"},{"taxonomy":"post_tag","embeddable":true,"href":"https:\/\/www.notibras.com\/site\/wp-json\/wp\/v2\/tags?post=289324"}],"curies":[{"name":"wp","href":"https:\/\/api.w.org\/{rel}","templated":true}]}}