{"id":289388,"date":"2022-07-25T05:09:18","date_gmt":"2022-07-25T08:09:18","guid":{"rendered":"https:\/\/www.notibras.com\/site\/?p=289388"},"modified":"2022-07-25T05:09:18","modified_gmt":"2022-07-25T08:09:18","slug":"coreia-do-norte-acusa-eua-de-terrorismo-biologico","status":"publish","type":"post","link":"https:\/\/www.notibras.com\/site\/coreia-do-norte-acusa-eua-de-terrorismo-biologico\/","title":{"rendered":"Coreia do Norte acusa EUA de terrorismo biol\u00f3gico"},"content":{"rendered":"<p>A Coreia do Norte acusou os Estados Unidos de &#8220;terrorismo biol\u00f3gico&#8221;, que inclui a realiza\u00e7\u00e3o de experimentos usando pat\u00f3genos perigosos no territ\u00f3rio da Ucr\u00e2nia e a dissemina\u00e7\u00e3o de doen\u00e7as infecciosas, segundo a Ag\u00eancia Central de Not\u00edcias da Coreia (KCNA).<\/p>\n<p>&#8220;Os Estados Unidos s\u00e3o um estado terrorista biol\u00f3gico&#8230; que instalou muitos laborat\u00f3rios biol\u00f3gicos em dezenas de pa\u00edses e regi\u00f5es, incluindo a Ucr\u00e2nia&#8221;, disse a KCNA, acusando Washington de acelerar o desenvolvimento de armas bioqu\u00edmicas que amea\u00e7am a vida e a seguran\u00e7a da humanidade.<\/p>\n<p>A KCNA disse que a distribui\u00e7\u00e3o dos biolabs dos EUA em todo o mundo corresponde a onde foram registrados surtos de v\u00e1rias doen\u00e7as nos \u00faltimos anos. Esses locais est\u00e3o principalmente agrupados em torno de estados antiamericanos. \u201cN\u00e3o \u00e9 de modo algum fortuito que as afirma\u00e7\u00f5es sejam feitas de que os EUA est\u00e3o por tr\u00e1s da crise epid\u00eamica maligna [coronav\u00edrus] confundindo a comunidade internacional\u201d, disse a ag\u00eancia.<\/p>\n<p>O ministro das Rela\u00e7\u00f5es Exteriores da R\u00fassia, Sergey Lavrov, disse em um artigo para o jornal <em>Izvestia<\/em> na semana passada que Washington est\u00e1 tentando se justificar alegando que as atividades biol\u00f3gicas dos EUA na Ucr\u00e2nia foram pac\u00edficas, mas ainda n\u00e3o h\u00e1 evid\u00eancias disso. De acordo com Lavrov, certas &#8220;descobertas&#8221; em laborat\u00f3rios biol\u00f3gicos militares em Donbass apontam para viola\u00e7\u00f5es diretas da Conven\u00e7\u00e3o de Armas Biol\u00f3gicas.<\/p>\n<p>Em 9 de junho, o Departamento de Defesa dos EUA disse que os Estados Unidos ajudaram a fornecer apoio a 46 laborat\u00f3rios biol\u00f3gicos na Ucr\u00e2nia para melhorar a seguran\u00e7a biol\u00f3gica e monitorar doen\u00e7as.<\/p>\n<p>Em fevereiro, o Minist\u00e9rio da Defesa russo descobriu a exist\u00eancia de 30 laborat\u00f3rios biol\u00f3gicos militares financiados pelos EUA na Ucr\u00e2nia. De acordo com Moscou, Washington gastou mais de US$ 200 milh\u00f5es para desenvolver armas biol\u00f3gicas nas instala\u00e7\u00f5es. A R\u00fassia tamb\u00e9m disse que os laborat\u00f3rios revelados na Ucr\u00e2nia constituem apenas uma pequena parte de uma rede global de mais de 300 instala\u00e7\u00f5es semelhantes.<\/p>\n","protected":false},"excerpt":{"rendered":"<p>A Coreia do Norte acusou os Estados Unidos de &#8220;terrorismo biol\u00f3gico&#8221;, que inclui a realiza\u00e7\u00e3o de experimentos usando pat\u00f3genos perigosos no territ\u00f3rio da Ucr\u00e2nia e a dissemina\u00e7\u00e3o de doen\u00e7as infecciosas, segundo a Ag\u00eancia Central de Not\u00edcias da Coreia (KCNA). &#8220;Os Estados Unidos s\u00e3o um estado terrorista biol\u00f3gico&#8230; que instalou muitos laborat\u00f3rios biol\u00f3gicos em dezenas de [&hellip;]<\/p>\n","protected":false},"author":2,"featured_media":289389,"comment_status":"closed","ping_status":"closed","sticky":false,"template":"","format":"standard","meta":{"_acf_changed":false,"footnotes":""},"categories":[159],"tags":[95],"class_list":["post-289388","post","type-post","status-publish","format-standard","has-post-thumbnail","hentry","category-apocalipse","tag-capa"],"acf":[],"yoast_head":"<!-- This site is optimized with the Yoast SEO plugin v27.2 - https:\/\/yoast.com\/product\/yoast-seo-wordpress\/ -->\n<title>Coreia do Norte acusa EUA de terrorismo biol\u00f3gico - Notibras<\/title>\n<meta name=\"robots\" content=\"index, follow, max-snippet:-1, max-image-preview:large, max-video-preview:-1\" \/>\n<link rel=\"canonical\" href=\"https:\/\/www.notibras.com\/site\/coreia-do-norte-acusa-eua-de-terrorismo-biologico\/\" \/>\n<meta property=\"og:locale\" content=\"pt_BR\" \/>\n<meta property=\"og:type\" content=\"article\" \/>\n<meta property=\"og:title\" content=\"Coreia do Norte acusa EUA de terrorismo biol\u00f3gico - Notibras\" \/>\n<meta property=\"og:description\" content=\"A Coreia do Norte acusou os Estados Unidos de &#8220;terrorismo biol\u00f3gico&#8221;, que inclui a realiza\u00e7\u00e3o de experimentos usando pat\u00f3genos perigosos no territ\u00f3rio da Ucr\u00e2nia e a dissemina\u00e7\u00e3o de doen\u00e7as infecciosas, segundo a Ag\u00eancia Central de Not\u00edcias da Coreia (KCNA). &#8220;Os Estados Unidos s\u00e3o um estado terrorista biol\u00f3gico&#8230; que instalou muitos laborat\u00f3rios biol\u00f3gicos em dezenas de [&hellip;]\" \/>\n<meta property=\"og:url\" content=\"https:\/\/www.notibras.com\/site\/coreia-do-norte-acusa-eua-de-terrorismo-biologico\/\" \/>\n<meta property=\"og:site_name\" content=\"Notibras\" \/>\n<meta property=\"article:publisher\" content=\"https:\/\/www.facebook.com\/notibras\/\" \/>\n<meta property=\"article:published_time\" content=\"2022-07-25T08:09:18+00:00\" \/>\n<meta property=\"og:image\" content=\"https:\/\/www.notibras.com\/site\/wp-content\/uploads\/2022\/07\/terror.cn_.webp\" \/>\n\t<meta property=\"og:image:width\" content=\"1920\" \/>\n\t<meta property=\"og:image:height\" content=\"1080\" \/>\n\t<meta property=\"og:image:type\" content=\"image\/webp\" \/>\n<meta name=\"author\" content=\"Reda\u00e7\u00e3o\" \/>\n<meta name=\"twitter:card\" content=\"summary_large_image\" \/>\n<meta name=\"twitter:creator\" content=\"@Notibras\" \/>\n<meta name=\"twitter:site\" content=\"@Notibras\" \/>\n<meta name=\"twitter:label1\" content=\"Escrito por\" \/>\n\t<meta name=\"twitter:data1\" content=\"Reda\u00e7\u00e3o\" \/>\n\t<meta name=\"twitter:label2\" content=\"Est. tempo de leitura\" \/>\n\t<meta name=\"twitter:data2\" content=\"2 minutos\" \/>\n<script type=\"application\/ld+json\" class=\"yoast-schema-graph\">{\"@context\":\"https:\/\/schema.org\",\"@graph\":[{\"@type\":\"Article\",\"@id\":\"https:\/\/www.notibras.com\/site\/coreia-do-norte-acusa-eua-de-terrorismo-biologico\/#article\",\"isPartOf\":{\"@id\":\"https:\/\/www.notibras.com\/site\/coreia-do-norte-acusa-eua-de-terrorismo-biologico\/\"},\"author\":{\"name\":\"Reda\u00e7\u00e3o\",\"@id\":\"https:\/\/www.notibras.com\/site\/#\/schema\/person\/36ab0979449956132d3e5b517ea76ac8\"},\"headline\":\"Coreia do Norte acusa EUA de terrorismo biol\u00f3gico\",\"datePublished\":\"2022-07-25T08:09:18+00:00\",\"mainEntityOfPage\":{\"@id\":\"https:\/\/www.notibras.com\/site\/coreia-do-norte-acusa-eua-de-terrorismo-biologico\/\"},\"wordCount\":371,\"publisher\":{\"@id\":\"https:\/\/www.notibras.com\/site\/#organization\"},\"image\":{\"@id\":\"https:\/\/www.notibras.com\/site\/coreia-do-norte-acusa-eua-de-terrorismo-biologico\/#primaryimage\"},\"thumbnailUrl\":\"https:\/\/www.notibras.com\/site\/wp-content\/uploads\/2022\/07\/terror.cn_.webp\",\"keywords\":[\"capa\"],\"articleSection\":[\"Apocalipse\"],\"inLanguage\":\"pt-BR\"},{\"@type\":\"WebPage\",\"@id\":\"https:\/\/www.notibras.com\/site\/coreia-do-norte-acusa-eua-de-terrorismo-biologico\/\",\"url\":\"https:\/\/www.notibras.com\/site\/coreia-do-norte-acusa-eua-de-terrorismo-biologico\/\",\"name\":\"Coreia do Norte acusa EUA de terrorismo biol\u00f3gico - Notibras\",\"isPartOf\":{\"@id\":\"https:\/\/www.notibras.com\/site\/#website\"},\"primaryImageOfPage\":{\"@id\":\"https:\/\/www.notibras.com\/site\/coreia-do-norte-acusa-eua-de-terrorismo-biologico\/#primaryimage\"},\"image\":{\"@id\":\"https:\/\/www.notibras.com\/site\/coreia-do-norte-acusa-eua-de-terrorismo-biologico\/#primaryimage\"},\"thumbnailUrl\":\"https:\/\/www.notibras.com\/site\/wp-content\/uploads\/2022\/07\/terror.cn_.webp\",\"datePublished\":\"2022-07-25T08:09:18+00:00\",\"breadcrumb\":{\"@id\":\"https:\/\/www.notibras.com\/site\/coreia-do-norte-acusa-eua-de-terrorismo-biologico\/#breadcrumb\"},\"inLanguage\":\"pt-BR\",\"potentialAction\":[{\"@type\":\"ReadAction\",\"target\":[\"https:\/\/www.notibras.com\/site\/coreia-do-norte-acusa-eua-de-terrorismo-biologico\/\"]}]},{\"@type\":\"ImageObject\",\"inLanguage\":\"pt-BR\",\"@id\":\"https:\/\/www.notibras.com\/site\/coreia-do-norte-acusa-eua-de-terrorismo-biologico\/#primaryimage\",\"url\":\"https:\/\/www.notibras.com\/site\/wp-content\/uploads\/2022\/07\/terror.cn_.webp\",\"contentUrl\":\"https:\/\/www.notibras.com\/site\/wp-content\/uploads\/2022\/07\/terror.cn_.webp\",\"width\":1920,\"height\":1080},{\"@type\":\"BreadcrumbList\",\"@id\":\"https:\/\/www.notibras.com\/site\/coreia-do-norte-acusa-eua-de-terrorismo-biologico\/#breadcrumb\",\"itemListElement\":[{\"@type\":\"ListItem\",\"position\":1,\"name\":\"In\u00edcio\",\"item\":\"https:\/\/www.notibras.com\/site\/\"},{\"@type\":\"ListItem\",\"position\":2,\"name\":\"Coreia do Norte acusa EUA de terrorismo biol\u00f3gico\"}]},{\"@type\":\"WebSite\",\"@id\":\"https:\/\/www.notibras.com\/site\/#website\",\"url\":\"https:\/\/www.notibras.com\/site\/\",\"name\":\"Notibras\",\"description\":\"Not\u00edcias de Bras\u00edlia, do Brasil e do Mundo\",\"publisher\":{\"@id\":\"https:\/\/www.notibras.com\/site\/#organization\"},\"potentialAction\":[{\"@type\":\"SearchAction\",\"target\":{\"@type\":\"EntryPoint\",\"urlTemplate\":\"https:\/\/www.notibras.com\/site\/?s={search_term_string}\"},\"query-input\":{\"@type\":\"PropertyValueSpecification\",\"valueRequired\":true,\"valueName\":\"search_term_string\"}}],\"inLanguage\":\"pt-BR\"},{\"@type\":\"Organization\",\"@id\":\"https:\/\/www.notibras.com\/site\/#organization\",\"name\":\"Grupo Notibras de Comunica\u00e7\u00e3o\",\"url\":\"https:\/\/www.notibras.com\/site\/\",\"logo\":{\"@type\":\"ImageObject\",\"inLanguage\":\"pt-BR\",\"@id\":\"https:\/\/www.notibras.com\/site\/#\/schema\/logo\/image\/\",\"url\":\"https:\/\/www.notibras.com\/site\/wp-content\/uploads\/2023\/01\/notibras23.png\",\"contentUrl\":\"https:\/\/www.notibras.com\/site\/wp-content\/uploads\/2023\/01\/notibras23.png\",\"width\":350,\"height\":87,\"caption\":\"Grupo Notibras de Comunica\u00e7\u00e3o\"},\"image\":{\"@id\":\"https:\/\/www.notibras.com\/site\/#\/schema\/logo\/image\/\"},\"sameAs\":[\"https:\/\/www.facebook.com\/notibras\/\",\"https:\/\/x.com\/Notibras\",\"https:\/\/www.instagram.com\/notibras\/\"]},{\"@type\":\"Person\",\"@id\":\"https:\/\/www.notibras.com\/site\/#\/schema\/person\/36ab0979449956132d3e5b517ea76ac8\",\"name\":\"Reda\u00e7\u00e3o\",\"image\":{\"@type\":\"ImageObject\",\"inLanguage\":\"pt-BR\",\"@id\":\"https:\/\/secure.gravatar.com\/avatar\/e0a867bdedb85fd243eadf09663511f96fc81e0720a4a42581f334ad4303aa6b?s=96&d=mm&r=g\",\"url\":\"https:\/\/secure.gravatar.com\/avatar\/e0a867bdedb85fd243eadf09663511f96fc81e0720a4a42581f334ad4303aa6b?s=96&d=mm&r=g\",\"contentUrl\":\"https:\/\/secure.gravatar.com\/avatar\/e0a867bdedb85fd243eadf09663511f96fc81e0720a4a42581f334ad4303aa6b?s=96&d=mm&r=g\",\"caption\":\"Reda\u00e7\u00e3o\"}}]}<\/script>\n<!-- \/ Yoast SEO plugin. -->","yoast_head_json":{"title":"Coreia do Norte acusa EUA de terrorismo biol\u00f3gico - Notibras","robots":{"index":"index","follow":"follow","max-snippet":"max-snippet:-1","max-image-preview":"max-image-preview:large","max-video-preview":"max-video-preview:-1"},"canonical":"https:\/\/www.notibras.com\/site\/coreia-do-norte-acusa-eua-de-terrorismo-biologico\/","og_locale":"pt_BR","og_type":"article","og_title":"Coreia do Norte acusa EUA de terrorismo biol\u00f3gico - Notibras","og_description":"A Coreia do Norte acusou os Estados Unidos de &#8220;terrorismo biol\u00f3gico&#8221;, que inclui a realiza\u00e7\u00e3o de experimentos usando pat\u00f3genos perigosos no territ\u00f3rio da Ucr\u00e2nia e a dissemina\u00e7\u00e3o de doen\u00e7as infecciosas, segundo a Ag\u00eancia Central de Not\u00edcias da Coreia (KCNA). &#8220;Os Estados Unidos s\u00e3o um estado terrorista biol\u00f3gico&#8230; que instalou muitos laborat\u00f3rios biol\u00f3gicos em dezenas de [&hellip;]","og_url":"https:\/\/www.notibras.com\/site\/coreia-do-norte-acusa-eua-de-terrorismo-biologico\/","og_site_name":"Notibras","article_publisher":"https:\/\/www.facebook.com\/notibras\/","article_published_time":"2022-07-25T08:09:18+00:00","og_image":[{"width":1920,"height":1080,"url":"https:\/\/www.notibras.com\/site\/wp-content\/uploads\/2022\/07\/terror.cn_.webp","type":"image\/webp"}],"author":"Reda\u00e7\u00e3o","twitter_card":"summary_large_image","twitter_creator":"@Notibras","twitter_site":"@Notibras","twitter_misc":{"Escrito por":"Reda\u00e7\u00e3o","Est. tempo de leitura":"2 minutos"},"schema":{"@context":"https:\/\/schema.org","@graph":[{"@type":"Article","@id":"https:\/\/www.notibras.com\/site\/coreia-do-norte-acusa-eua-de-terrorismo-biologico\/#article","isPartOf":{"@id":"https:\/\/www.notibras.com\/site\/coreia-do-norte-acusa-eua-de-terrorismo-biologico\/"},"author":{"name":"Reda\u00e7\u00e3o","@id":"https:\/\/www.notibras.com\/site\/#\/schema\/person\/36ab0979449956132d3e5b517ea76ac8"},"headline":"Coreia do Norte acusa EUA de terrorismo biol\u00f3gico","datePublished":"2022-07-25T08:09:18+00:00","mainEntityOfPage":{"@id":"https:\/\/www.notibras.com\/site\/coreia-do-norte-acusa-eua-de-terrorismo-biologico\/"},"wordCount":371,"publisher":{"@id":"https:\/\/www.notibras.com\/site\/#organization"},"image":{"@id":"https:\/\/www.notibras.com\/site\/coreia-do-norte-acusa-eua-de-terrorismo-biologico\/#primaryimage"},"thumbnailUrl":"https:\/\/www.notibras.com\/site\/wp-content\/uploads\/2022\/07\/terror.cn_.webp","keywords":["capa"],"articleSection":["Apocalipse"],"inLanguage":"pt-BR"},{"@type":"WebPage","@id":"https:\/\/www.notibras.com\/site\/coreia-do-norte-acusa-eua-de-terrorismo-biologico\/","url":"https:\/\/www.notibras.com\/site\/coreia-do-norte-acusa-eua-de-terrorismo-biologico\/","name":"Coreia do Norte acusa EUA de terrorismo biol\u00f3gico - Notibras","isPartOf":{"@id":"https:\/\/www.notibras.com\/site\/#website"},"primaryImageOfPage":{"@id":"https:\/\/www.notibras.com\/site\/coreia-do-norte-acusa-eua-de-terrorismo-biologico\/#primaryimage"},"image":{"@id":"https:\/\/www.notibras.com\/site\/coreia-do-norte-acusa-eua-de-terrorismo-biologico\/#primaryimage"},"thumbnailUrl":"https:\/\/www.notibras.com\/site\/wp-content\/uploads\/2022\/07\/terror.cn_.webp","datePublished":"2022-07-25T08:09:18+00:00","breadcrumb":{"@id":"https:\/\/www.notibras.com\/site\/coreia-do-norte-acusa-eua-de-terrorismo-biologico\/#breadcrumb"},"inLanguage":"pt-BR","potentialAction":[{"@type":"ReadAction","target":["https:\/\/www.notibras.com\/site\/coreia-do-norte-acusa-eua-de-terrorismo-biologico\/"]}]},{"@type":"ImageObject","inLanguage":"pt-BR","@id":"https:\/\/www.notibras.com\/site\/coreia-do-norte-acusa-eua-de-terrorismo-biologico\/#primaryimage","url":"https:\/\/www.notibras.com\/site\/wp-content\/uploads\/2022\/07\/terror.cn_.webp","contentUrl":"https:\/\/www.notibras.com\/site\/wp-content\/uploads\/2022\/07\/terror.cn_.webp","width":1920,"height":1080},{"@type":"BreadcrumbList","@id":"https:\/\/www.notibras.com\/site\/coreia-do-norte-acusa-eua-de-terrorismo-biologico\/#breadcrumb","itemListElement":[{"@type":"ListItem","position":1,"name":"In\u00edcio","item":"https:\/\/www.notibras.com\/site\/"},{"@type":"ListItem","position":2,"name":"Coreia do Norte acusa EUA de terrorismo biol\u00f3gico"}]},{"@type":"WebSite","@id":"https:\/\/www.notibras.com\/site\/#website","url":"https:\/\/www.notibras.com\/site\/","name":"Notibras","description":"Not\u00edcias de Bras\u00edlia, do Brasil e do Mundo","publisher":{"@id":"https:\/\/www.notibras.com\/site\/#organization"},"potentialAction":[{"@type":"SearchAction","target":{"@type":"EntryPoint","urlTemplate":"https:\/\/www.notibras.com\/site\/?s={search_term_string}"},"query-input":{"@type":"PropertyValueSpecification","valueRequired":true,"valueName":"search_term_string"}}],"inLanguage":"pt-BR"},{"@type":"Organization","@id":"https:\/\/www.notibras.com\/site\/#organization","name":"Grupo Notibras de Comunica\u00e7\u00e3o","url":"https:\/\/www.notibras.com\/site\/","logo":{"@type":"ImageObject","inLanguage":"pt-BR","@id":"https:\/\/www.notibras.com\/site\/#\/schema\/logo\/image\/","url":"https:\/\/www.notibras.com\/site\/wp-content\/uploads\/2023\/01\/notibras23.png","contentUrl":"https:\/\/www.notibras.com\/site\/wp-content\/uploads\/2023\/01\/notibras23.png","width":350,"height":87,"caption":"Grupo Notibras de Comunica\u00e7\u00e3o"},"image":{"@id":"https:\/\/www.notibras.com\/site\/#\/schema\/logo\/image\/"},"sameAs":["https:\/\/www.facebook.com\/notibras\/","https:\/\/x.com\/Notibras","https:\/\/www.instagram.com\/notibras\/"]},{"@type":"Person","@id":"https:\/\/www.notibras.com\/site\/#\/schema\/person\/36ab0979449956132d3e5b517ea76ac8","name":"Reda\u00e7\u00e3o","image":{"@type":"ImageObject","inLanguage":"pt-BR","@id":"https:\/\/secure.gravatar.com\/avatar\/e0a867bdedb85fd243eadf09663511f96fc81e0720a4a42581f334ad4303aa6b?s=96&d=mm&r=g","url":"https:\/\/secure.gravatar.com\/avatar\/e0a867bdedb85fd243eadf09663511f96fc81e0720a4a42581f334ad4303aa6b?s=96&d=mm&r=g","contentUrl":"https:\/\/secure.gravatar.com\/avatar\/e0a867bdedb85fd243eadf09663511f96fc81e0720a4a42581f334ad4303aa6b?s=96&d=mm&r=g","caption":"Reda\u00e7\u00e3o"}}]}},"amp_enabled":true,"_links":{"self":[{"href":"https:\/\/www.notibras.com\/site\/wp-json\/wp\/v2\/posts\/289388","targetHints":{"allow":["GET"]}}],"collection":[{"href":"https:\/\/www.notibras.com\/site\/wp-json\/wp\/v2\/posts"}],"about":[{"href":"https:\/\/www.notibras.com\/site\/wp-json\/wp\/v2\/types\/post"}],"author":[{"embeddable":true,"href":"https:\/\/www.notibras.com\/site\/wp-json\/wp\/v2\/users\/2"}],"replies":[{"embeddable":true,"href":"https:\/\/www.notibras.com\/site\/wp-json\/wp\/v2\/comments?post=289388"}],"version-history":[{"count":1,"href":"https:\/\/www.notibras.com\/site\/wp-json\/wp\/v2\/posts\/289388\/revisions"}],"predecessor-version":[{"id":289390,"href":"https:\/\/www.notibras.com\/site\/wp-json\/wp\/v2\/posts\/289388\/revisions\/289390"}],"wp:featuredmedia":[{"embeddable":true,"href":"https:\/\/www.notibras.com\/site\/wp-json\/wp\/v2\/media\/289389"}],"wp:attachment":[{"href":"https:\/\/www.notibras.com\/site\/wp-json\/wp\/v2\/media?parent=289388"}],"wp:term":[{"taxonomy":"category","embeddable":true,"href":"https:\/\/www.notibras.com\/site\/wp-json\/wp\/v2\/categories?post=289388"},{"taxonomy":"post_tag","embeddable":true,"href":"https:\/\/www.notibras.com\/site\/wp-json\/wp\/v2\/tags?post=289388"}],"curies":[{"name":"wp","href":"https:\/\/api.w.org\/{rel}","templated":true}]}}