{"id":289427,"date":"2022-07-25T11:59:01","date_gmt":"2022-07-25T14:59:01","guid":{"rendered":"https:\/\/www.notibras.com\/site\/?p=289427"},"modified":"2022-07-25T12:13:27","modified_gmt":"2022-07-25T15:13:27","slug":"turma-da-capa-preta-faz-do-brasil-um-pais-arbitrario","status":"publish","type":"post","link":"https:\/\/www.notibras.com\/site\/turma-da-capa-preta-faz-do-brasil-um-pais-arbitrario\/","title":{"rendered":"Turma da capa preta faz do Brasil um pa\u00eds arbitr\u00e1rio"},"content":{"rendered":"<p>A justi\u00e7a brasileira est\u00e1 de cabe\u00e7a para baixo. O Pa\u00eds vive sob um regime totalit\u00e1rio \u00e0 margem de tudo que rege a Constitui\u00e7\u00e3o Federal, protagonizado exatamente por aqueles que deveriam ser seus guardi\u00f5es.<\/p>\n<p>O que antes se chamava inseguran\u00e7a descambou para uma anarquia jur\u00eddica, em que o colegiado n\u00e3o passa de um adere\u00e7o de fachada, onde decis\u00f5es importantes s\u00e3o normalmente adotadas individualmente.<\/p>\n<p>O poder paralelo \u00e9 exercido por esse grupo que abdica da liturgia do elevado cargo que herdou para agir como verdadeiros jagun\u00e7os togados, escolhidos a dedo para acobertarem os crimes dos seus patr\u00f5es.<\/p>\n<p>Com a aproxima\u00e7\u00e3o do per\u00edodo eleitoral, jogaram tudo para o alto e passaram a dedicar-se apenas a denegrir a imagem do governo e do Pa\u00eds, em declara\u00e7\u00f5es descabidas \u00e0 imprensa ou em palestras e semin\u00e1rios internacionais, esquecendo-se de que, queiram eles ou n\u00e3o, a autoridade m\u00e1xima em uma rep\u00fablica democr\u00e1tica \u00e9 exercida pelo Presidente eleito pelo povo, que merece o respeito de todos os seus cidad\u00e3os, inclusive eles.<\/p>\n<p>O pouco tempo que lhes resta \u00e9 utilizado como uma esp\u00e9cie de \u201creclame aqui\u201d dos penduricalhos do PT e, quando atuam como ju\u00edzes, \u00e9 para soltar quem deveria estar preso e prender os que protestam contra seus devaneios pol\u00edticos.<\/p>\n<p>Os Ministros da Suprema Corte desafiam diuturnamente a autoridade do mandat\u00e1rio m\u00e1ximo da Rep\u00fablica, atacam sua honra sem a menor parcim\u00f4nia e se apressam em estabelecer prazos ex\u00edguos para o Presidente explicar as baboseiras que os correligion\u00e1rios lhes encaminham para investigar.<\/p>\n<p>Quando lhes toca a convoca\u00e7\u00e3o para explicarem sua inquestion\u00e1vel milit\u00e2ncia pol\u00edtica, ignoram os reiterados convites do t\u00edmido e comprometido Congresso Nacional, \u00fanico ente capaz de dar continuidade \u00e0s a\u00e7\u00f5es contra suas arbitrariedades.<\/p>\n<p>\u00c9 alentador e deixa um fio de esperan\u00e7a de que h\u00e1 ma\u00e7\u00e3s sadias naquele cesto de podrid\u00e3o, quando vemos a rea\u00e7\u00e3o de um grupo de 1.400 advogados de todo o Brasil que se re\u00fane para hipotecar sua solidariedade e incondicional apoio ao Presidente da Rep\u00fablica, referindo-se \u00e0 reuni\u00e3o realizada com os embaixadores para manifestar sua preocupa\u00e7\u00e3o com a transpar\u00eancia do processo eleitoral, bem como para expressar o rep\u00fadio ao verdadeiro massacre de que vem sendo v\u00edtima, segundo o documento, com o intuito de \u201cimputar ao Presidente do Brasil, a fr\u00e1gil e d\u00e9bil acusa\u00e7\u00e3o de que estaria cometendo crimes de responsabilidade, atentado \u00e0 democracia, animosidade entre as for\u00e7as armadas, propaganda eleitoral negativa e antecipada, abuso do poder econ\u00f4mico, improbidade administrativa e outras ila\u00e7\u00f5es despudoradas\u201d.<\/p>\n<p>Em atitude semelhante, reunimos em junho de 2020, em menos de 24 horas, os 504 Guardi\u00f5es da Na\u00e7\u00e3o, num dos momentos mais tensos da desarmonia institucional causada pelo Judici\u00e1rio, quando ministros amea\u00e7avam confiscar o celular do Presidente, conduzir os generais do governo para depor debaixo de vara e iniciavam uma campanha para tentar desmoralizar as For\u00e7as Armadas<\/p>\n<p>Esse movimento, que chegou a arregimentar quase 4.000 brasileiros das mais diversas regi\u00f5es, profiss\u00f5es classes sociais nos manifestos seguintes, conta com a participa\u00e7\u00e3o de mais de 1.500 militares das tr\u00eas For\u00e7as Armadas e Forcas Auxiliares, dentre eles uma centena de Oficiais-Generais.<\/p>\n<p>O voto impresso audit\u00e1vel era uma ferramenta cobi\u00e7ada pelos governos de esquerda na sua aspira\u00e7\u00e3o de perpetua\u00e7\u00e3o no poder.<\/p>\n<p>Foi assim em 2002, com o pai do Foro de S\u00e3o Paulo, Fernando Henrique Cardoso, o qual sancionou a lei 10.408, que previa \u201ca impress\u00e3o do voto, sua confer\u00eancia visual e dep\u00f3sito autom\u00e1tico, sem contato manual, em local previamente lacrado\u201d.<\/p>\n<p>Tamb\u00e9m no governo Lula, em outubro de 2003, sancionando a lei 10.740, que determinava \u201co registro digital de cada voto e a identifica\u00e7\u00e3o da urna em que foi registrado, resguardado o anonimato do eleitor.\u201d<\/p>\n<p>Em 2009, deputados dos partidos que hoje lutam desesperadamente contra o voto audit\u00e1vel, PT, PP, PSDB, PDT, PSB e PCdoB apresentaram na C\u00e2mara um projeto de lei 12.034, que previa a implementa\u00e7\u00e3o do voto impresso a partir de 2014, sendo aprovada no plen\u00e1rio e sancionada por Lula.<\/p>\n<p>Em 2013, a Suprema Corte suspendeu a impress\u00e3o do voto por entender que feria o artigo 14 da Constitui\u00e7\u00e3o, considerando inconstitucional a proposta.<\/p>\n<p>Em 2015, a minirreforma eleitoral determinou a implementa\u00e7\u00e3o da medida a partir das elei\u00e7\u00f5es de 2018.<\/p>\n<p>Entretanto, sob a amea\u00e7a do fen\u00f4meno \u201cmito\u201d, emerso das profundezas do baixo clero, o STF voltou a derrubar a medida tr\u00eas meses antes da elei\u00e7\u00e3o, tornando, a partir de ent\u00e3o, inaceit\u00e1vel a auditagem externa e a impress\u00e3o dos votos em papel e hoje \u00e9 um \u201ccrime contra a democracia\u201d a simples alus\u00e3o \u00e0 palavra fraude.<\/p>\n<p>Em 2021, os ministros Barroso e Moraes se reuniram no Congresso com dirigentes de 11 partidos que somam 326 deputados e 55 senadores, partidos contr\u00e1rios ao voto impresso, que acabaram trocando deputados na comiss\u00e3o especial.<\/p>\n<p>A PEC redigida pela deputada federal Bia Kicis, que previa o voto impresso audit\u00e1vel foi derrotada.<\/p>\n<p>A verdade \u00e9 que a Na\u00e7\u00e3o vive hoje uma instabilidade pol\u00edtica pr\u00e9-eleitoral insuport\u00e1vel, provocada pelo anseio incontido da volta ao poder pelo grupo ideol\u00f3gico esquerdista que devastou o Pa\u00eds, sendo patrocinado nessa escalada pela banda podre do Judici\u00e1rio, a m\u00eddia desmamada, artistas \u201cdesrouanetizados\u201d e empres\u00e1rios carentes de recursos p\u00fablicos.<\/p>\n<p>Esse caos \u00e9 agravado pela incerteza quanto \u00e0 inviolabilidade das urnas eletr\u00f4nicas e pela obsess\u00e3o das autoridades eleitorais em obstruir qualquer iniciativa contra o sentimento de inseguran\u00e7a da sociedade para exercer a express\u00e3o m\u00e1xima da sua soberania .<\/p>\n<p>O Brasil n\u00e3o pode passar pela desmoraliza\u00e7\u00e3o de ter um Presidente impedido de aparecer em p\u00fablico sem ser hostilizado por seus crimes perdoados por obra e gra\u00e7a de uma caneta m\u00e1gica.<\/p>\n<p>N\u00e3o espera da justi\u00e7a que o perdoou qualquer a\u00e7\u00e3o para impedir tal heresia. No entanto, as For\u00e7as Armadas n\u00e3o merecem e n\u00e3o podem aceitar como seu Comandante Supremo um indiv\u00edduo com tal curr\u00edculo.<\/p>\n<p>\u00c9 bem verdade que j\u00e1 o teve e at\u00e9 o reverenciou em respeito \u00e0 democracia e ao voto popular. No entanto, essa hip\u00f3tese tornou-se inconceb\u00edvel ap\u00f3s as acachapantes condena\u00e7\u00f5es por crimes amplamente comprovados durante a opera\u00e7\u00e3o lava jato.<\/p>\n<p>N\u00e3o importa a multid\u00e3o que vai \u00e0s ruas em apoio ao Presidente ou a rejei\u00e7\u00e3o e a mediocridade dos atos programados pela esquerda. A decis\u00e3o do golpe est\u00e1 tomada e o sistema est\u00e1 convicta de que n\u00e3o haver\u00e1 rea\u00e7\u00e3o.<\/p>\n<p>H\u00e1 tr\u00eas formas de tentar evitar ou pelo menos desmascarar a perspectiva de uma eventual fraude nas elei\u00e7\u00f5es de 2022.<\/p>\n<p>A primeira, efetiva e de cunho tecnol\u00f3gico, seria a utiliza\u00e7\u00e3o de um sistema audit\u00e1vel com voto impresso, associada ao cumprimento de todas as exig\u00eancias apresentadas pelas For\u00e7as Armadas. Essa linha de a\u00e7\u00e3o, infelizmente, corre celeremente para a inviabiliza\u00e7\u00e3o por falta de interesse das autoridades eleitorais e do prazo cada vez menor para a sua execu\u00e7\u00e3o.<\/p>\n<p>A segunda, meramente paliativa e de cunho preventivo, seria a exacerba\u00e7\u00e3o do fen\u00f4meno que j\u00e1 ocorre nas manifesta\u00e7\u00f5es de apoio ao Presidente, onde todos os seus eleitores compareceriam \u00e0s urnas vestidos com camisas amarelas, sem qualquer identifica\u00e7\u00e3o partid\u00e1ria, formando um verdadeiro tsunami amarelo, obrigando a m\u00eddia a testemunhar a verdade incontest\u00e1vel.<\/p>\n<p>A terceira n\u00e3o pode ser enunciada devido ao patrulhamento \u00e0 liberdade de express\u00e3o.<\/p>\n<p>Nunca \u00e9 demais ressaltar que o presidente do TSE durante as elei\u00e7\u00f5es de 2022 ser\u00e1 o Ministro Alexandre de Moraes.<\/p>\n","protected":false},"excerpt":{"rendered":"<p>A justi\u00e7a brasileira est\u00e1 de cabe\u00e7a para baixo. O Pa\u00eds vive sob um regime totalit\u00e1rio \u00e0 margem de tudo que rege a Constitui\u00e7\u00e3o Federal, protagonizado exatamente por aqueles que deveriam ser seus guardi\u00f5es. O que antes se chamava inseguran\u00e7a descambou para uma anarquia jur\u00eddica, em que o colegiado n\u00e3o passa de um adere\u00e7o de fachada, [&hellip;]<\/p>\n","protected":false},"author":2,"featured_media":287618,"comment_status":"closed","ping_status":"closed","sticky":false,"template":"","format":"standard","meta":{"_acf_changed":false,"footnotes":""},"categories":[26],"tags":[],"class_list":["post-289427","post","type-post","status-publish","format-standard","has-post-thumbnail","hentry","category-eleicoes-2022"],"acf":[],"_links":{"self":[{"href":"https:\/\/www.notibras.com\/site\/wp-json\/wp\/v2\/posts\/289427","targetHints":{"allow":["GET"]}}],"collection":[{"href":"https:\/\/www.notibras.com\/site\/wp-json\/wp\/v2\/posts"}],"about":[{"href":"https:\/\/www.notibras.com\/site\/wp-json\/wp\/v2\/types\/post"}],"author":[{"embeddable":true,"href":"https:\/\/www.notibras.com\/site\/wp-json\/wp\/v2\/users\/2"}],"replies":[{"embeddable":true,"href":"https:\/\/www.notibras.com\/site\/wp-json\/wp\/v2\/comments?post=289427"}],"version-history":[{"count":1,"href":"https:\/\/www.notibras.com\/site\/wp-json\/wp\/v2\/posts\/289427\/revisions"}],"predecessor-version":[{"id":289428,"href":"https:\/\/www.notibras.com\/site\/wp-json\/wp\/v2\/posts\/289427\/revisions\/289428"}],"wp:featuredmedia":[{"embeddable":true,"href":"https:\/\/www.notibras.com\/site\/wp-json\/wp\/v2\/media\/287618"}],"wp:attachment":[{"href":"https:\/\/www.notibras.com\/site\/wp-json\/wp\/v2\/media?parent=289427"}],"wp:term":[{"taxonomy":"category","embeddable":true,"href":"https:\/\/www.notibras.com\/site\/wp-json\/wp\/v2\/categories?post=289427"},{"taxonomy":"post_tag","embeddable":true,"href":"https:\/\/www.notibras.com\/site\/wp-json\/wp\/v2\/tags?post=289427"}],"curies":[{"name":"wp","href":"https:\/\/api.w.org\/{rel}","templated":true}]}}