{"id":289489,"date":"2022-07-27T06:33:57","date_gmt":"2022-07-27T09:33:57","guid":{"rendered":"https:\/\/www.notibras.com\/site\/?p=289489"},"modified":"2022-07-27T08:30:39","modified_gmt":"2022-07-27T11:30:39","slug":"russia-mantem-ataques-e-chama-aliados-para-exercicios-militares","status":"publish","type":"post","link":"https:\/\/www.notibras.com\/site\/russia-mantem-ataques-e-chama-aliados-para-exercicios-militares\/","title":{"rendered":"R\u00fassia mant\u00e9m ataques e chama aliados para exerc\u00edcios militares"},"content":{"rendered":"<p>A R\u00fassia planeja realizar exerc\u00edcios militares estrat\u00e9gicos a partir do pr\u00f3ximo m\u00eas no leste do pa\u00eds, a milhares de quil\u00f4metros da guerra que trava na Ucr\u00e2nia, disse o Minist\u00e9rio da Defesa russo.<\/p>\n<p>Os ex\u00e9rcicios de Vostok ocorrer\u00e3o entre 30 de agosto e 5 de setembro e incluir\u00e3o contingentes militares de outros pa\u00edses, disse o minist\u00e9rio, sem nome\u00e1-los.<\/p>\n<p>Os exerc\u00edcios enviar\u00e3o a mensagem de que a R\u00fassia, apesar da custosa guerra de cinco meses na Ucr\u00e2nia, continua focada na defesa de seu territ\u00f3rio e capaz de manter os &#8220;neg\u00f3cios como sempre&#8221; em termos militares.<\/p>\n<p>Para acentuar este ponto, o minist\u00e9rio disse em comunicado: &#8220;N\u00f3s voltamos nossa aten\u00e7\u00e3o para o fato de que somente parte das For\u00e7as Armadas da Federa\u00e7\u00e3o Russa est\u00e3o envolvidas na opera\u00e7\u00e3o militar especial (na Ucr\u00e2nia), um n\u00famero que \u00e9 suficiente para cumprir todas as tarefas estabelecidas pelo Comandante em Chefe Supremo.&#8221;<\/p>\n<p>O minist\u00e9rio acrescentou que a R\u00fassia n\u00e3o cancelou qualquer atividades de treino ou coopera\u00e7\u00e3o internacional, e os exerc\u00edcios ser\u00e3o abastecidos com todo material, armamentos e equipamentos necess\u00e1rios.<\/p>\n","protected":false},"excerpt":{"rendered":"<p>A R\u00fassia planeja realizar exerc\u00edcios militares estrat\u00e9gicos a partir do pr\u00f3ximo m\u00eas no leste do pa\u00eds, a milhares de quil\u00f4metros da guerra que trava na Ucr\u00e2nia, disse o Minist\u00e9rio da Defesa russo. Os ex\u00e9rcicios de Vostok ocorrer\u00e3o entre 30 de agosto e 5 de setembro e incluir\u00e3o contingentes militares de outros pa\u00edses, disse o minist\u00e9rio, [&hellip;]<\/p>\n","protected":false},"author":2,"featured_media":289490,"comment_status":"closed","ping_status":"closed","sticky":false,"template":"","format":"standard","meta":{"_acf_changed":false,"footnotes":""},"categories":[159],"tags":[95],"class_list":["post-289489","post","type-post","status-publish","format-standard","has-post-thumbnail","hentry","category-apocalipse","tag-capa"],"acf":[],"yoast_head":"<!-- This site is optimized with the Yoast SEO plugin v27.2 - https:\/\/yoast.com\/product\/yoast-seo-wordpress\/ -->\n<title>R\u00fassia mant\u00e9m ataques e chama aliados para exerc\u00edcios militares - Notibras<\/title>\n<meta name=\"robots\" content=\"index, follow, max-snippet:-1, max-image-preview:large, max-video-preview:-1\" \/>\n<link rel=\"canonical\" href=\"https:\/\/www.notibras.com\/site\/russia-mantem-ataques-e-chama-aliados-para-exercicios-militares\/\" \/>\n<meta property=\"og:locale\" content=\"pt_BR\" \/>\n<meta property=\"og:type\" content=\"article\" \/>\n<meta property=\"og:title\" content=\"R\u00fassia mant\u00e9m ataques e chama aliados para exerc\u00edcios militares - Notibras\" \/>\n<meta property=\"og:description\" content=\"A R\u00fassia planeja realizar exerc\u00edcios militares estrat\u00e9gicos a partir do pr\u00f3ximo m\u00eas no leste do pa\u00eds, a milhares de quil\u00f4metros da guerra que trava na Ucr\u00e2nia, disse o Minist\u00e9rio da Defesa russo. Os ex\u00e9rcicios de Vostok ocorrer\u00e3o entre 30 de agosto e 5 de setembro e incluir\u00e3o contingentes militares de outros pa\u00edses, disse o minist\u00e9rio, [&hellip;]\" \/>\n<meta property=\"og:url\" content=\"https:\/\/www.notibras.com\/site\/russia-mantem-ataques-e-chama-aliados-para-exercicios-militares\/\" \/>\n<meta property=\"og:site_name\" content=\"Notibras\" \/>\n<meta property=\"article:publisher\" content=\"https:\/\/www.facebook.com\/notibras\/\" \/>\n<meta property=\"article:published_time\" content=\"2022-07-27T09:33:57+00:00\" \/>\n<meta property=\"article:modified_time\" content=\"2022-07-27T11:30:39+00:00\" \/>\n<meta property=\"og:image\" content=\"https:\/\/www.notibras.com\/site\/wp-content\/uploads\/2022\/07\/alexander-ermochenko.russia.jpg\" \/>\n\t<meta property=\"og:image:width\" content=\"1170\" \/>\n\t<meta property=\"og:image:height\" content=\"700\" \/>\n\t<meta property=\"og:image:type\" content=\"image\/jpeg\" \/>\n<meta name=\"author\" content=\"Reda\u00e7\u00e3o\" \/>\n<meta name=\"twitter:card\" content=\"summary_large_image\" \/>\n<meta name=\"twitter:creator\" content=\"@Notibras\" \/>\n<meta name=\"twitter:site\" content=\"@Notibras\" \/>\n<meta name=\"twitter:label1\" content=\"Escrito por\" \/>\n\t<meta name=\"twitter:data1\" content=\"Reda\u00e7\u00e3o\" \/>\n\t<meta name=\"twitter:label2\" content=\"Est. tempo de leitura\" \/>\n\t<meta name=\"twitter:data2\" content=\"1 minuto\" \/>\n<script type=\"application\/ld+json\" class=\"yoast-schema-graph\">{\"@context\":\"https:\/\/schema.org\",\"@graph\":[{\"@type\":\"Article\",\"@id\":\"https:\/\/www.notibras.com\/site\/russia-mantem-ataques-e-chama-aliados-para-exercicios-militares\/#article\",\"isPartOf\":{\"@id\":\"https:\/\/www.notibras.com\/site\/russia-mantem-ataques-e-chama-aliados-para-exercicios-militares\/\"},\"author\":{\"name\":\"Reda\u00e7\u00e3o\",\"@id\":\"https:\/\/www.notibras.com\/site\/#\/schema\/person\/36ab0979449956132d3e5b517ea76ac8\"},\"headline\":\"R\u00fassia mant\u00e9m ataques e chama aliados para exerc\u00edcios militares\",\"datePublished\":\"2022-07-27T09:33:57+00:00\",\"dateModified\":\"2022-07-27T11:30:39+00:00\",\"mainEntityOfPage\":{\"@id\":\"https:\/\/www.notibras.com\/site\/russia-mantem-ataques-e-chama-aliados-para-exercicios-militares\/\"},\"wordCount\":216,\"publisher\":{\"@id\":\"https:\/\/www.notibras.com\/site\/#organization\"},\"image\":{\"@id\":\"https:\/\/www.notibras.com\/site\/russia-mantem-ataques-e-chama-aliados-para-exercicios-militares\/#primaryimage\"},\"thumbnailUrl\":\"https:\/\/www.notibras.com\/site\/wp-content\/uploads\/2022\/07\/alexander-ermochenko.russia.jpg\",\"keywords\":[\"capa\"],\"articleSection\":[\"Apocalipse\"],\"inLanguage\":\"pt-BR\"},{\"@type\":\"WebPage\",\"@id\":\"https:\/\/www.notibras.com\/site\/russia-mantem-ataques-e-chama-aliados-para-exercicios-militares\/\",\"url\":\"https:\/\/www.notibras.com\/site\/russia-mantem-ataques-e-chama-aliados-para-exercicios-militares\/\",\"name\":\"R\u00fassia mant\u00e9m ataques e chama aliados para exerc\u00edcios militares - Notibras\",\"isPartOf\":{\"@id\":\"https:\/\/www.notibras.com\/site\/#website\"},\"primaryImageOfPage\":{\"@id\":\"https:\/\/www.notibras.com\/site\/russia-mantem-ataques-e-chama-aliados-para-exercicios-militares\/#primaryimage\"},\"image\":{\"@id\":\"https:\/\/www.notibras.com\/site\/russia-mantem-ataques-e-chama-aliados-para-exercicios-militares\/#primaryimage\"},\"thumbnailUrl\":\"https:\/\/www.notibras.com\/site\/wp-content\/uploads\/2022\/07\/alexander-ermochenko.russia.jpg\",\"datePublished\":\"2022-07-27T09:33:57+00:00\",\"dateModified\":\"2022-07-27T11:30:39+00:00\",\"breadcrumb\":{\"@id\":\"https:\/\/www.notibras.com\/site\/russia-mantem-ataques-e-chama-aliados-para-exercicios-militares\/#breadcrumb\"},\"inLanguage\":\"pt-BR\",\"potentialAction\":[{\"@type\":\"ReadAction\",\"target\":[\"https:\/\/www.notibras.com\/site\/russia-mantem-ataques-e-chama-aliados-para-exercicios-militares\/\"]}]},{\"@type\":\"ImageObject\",\"inLanguage\":\"pt-BR\",\"@id\":\"https:\/\/www.notibras.com\/site\/russia-mantem-ataques-e-chama-aliados-para-exercicios-militares\/#primaryimage\",\"url\":\"https:\/\/www.notibras.com\/site\/wp-content\/uploads\/2022\/07\/alexander-ermochenko.russia.jpg\",\"contentUrl\":\"https:\/\/www.notibras.com\/site\/wp-content\/uploads\/2022\/07\/alexander-ermochenko.russia.jpg\",\"width\":1170,\"height\":700},{\"@type\":\"BreadcrumbList\",\"@id\":\"https:\/\/www.notibras.com\/site\/russia-mantem-ataques-e-chama-aliados-para-exercicios-militares\/#breadcrumb\",\"itemListElement\":[{\"@type\":\"ListItem\",\"position\":1,\"name\":\"In\u00edcio\",\"item\":\"https:\/\/www.notibras.com\/site\/\"},{\"@type\":\"ListItem\",\"position\":2,\"name\":\"R\u00fassia mant\u00e9m ataques e chama aliados para exerc\u00edcios militares\"}]},{\"@type\":\"WebSite\",\"@id\":\"https:\/\/www.notibras.com\/site\/#website\",\"url\":\"https:\/\/www.notibras.com\/site\/\",\"name\":\"Notibras\",\"description\":\"Not\u00edcias de Bras\u00edlia, do Brasil e do Mundo\",\"publisher\":{\"@id\":\"https:\/\/www.notibras.com\/site\/#organization\"},\"potentialAction\":[{\"@type\":\"SearchAction\",\"target\":{\"@type\":\"EntryPoint\",\"urlTemplate\":\"https:\/\/www.notibras.com\/site\/?s={search_term_string}\"},\"query-input\":{\"@type\":\"PropertyValueSpecification\",\"valueRequired\":true,\"valueName\":\"search_term_string\"}}],\"inLanguage\":\"pt-BR\"},{\"@type\":\"Organization\",\"@id\":\"https:\/\/www.notibras.com\/site\/#organization\",\"name\":\"Grupo Notibras de Comunica\u00e7\u00e3o\",\"url\":\"https:\/\/www.notibras.com\/site\/\",\"logo\":{\"@type\":\"ImageObject\",\"inLanguage\":\"pt-BR\",\"@id\":\"https:\/\/www.notibras.com\/site\/#\/schema\/logo\/image\/\",\"url\":\"https:\/\/www.notibras.com\/site\/wp-content\/uploads\/2023\/01\/notibras23.png\",\"contentUrl\":\"https:\/\/www.notibras.com\/site\/wp-content\/uploads\/2023\/01\/notibras23.png\",\"width\":350,\"height\":87,\"caption\":\"Grupo Notibras de Comunica\u00e7\u00e3o\"},\"image\":{\"@id\":\"https:\/\/www.notibras.com\/site\/#\/schema\/logo\/image\/\"},\"sameAs\":[\"https:\/\/www.facebook.com\/notibras\/\",\"https:\/\/x.com\/Notibras\",\"https:\/\/www.instagram.com\/notibras\/\"]},{\"@type\":\"Person\",\"@id\":\"https:\/\/www.notibras.com\/site\/#\/schema\/person\/36ab0979449956132d3e5b517ea76ac8\",\"name\":\"Reda\u00e7\u00e3o\",\"image\":{\"@type\":\"ImageObject\",\"inLanguage\":\"pt-BR\",\"@id\":\"https:\/\/secure.gravatar.com\/avatar\/e0a867bdedb85fd243eadf09663511f96fc81e0720a4a42581f334ad4303aa6b?s=96&d=mm&r=g\",\"url\":\"https:\/\/secure.gravatar.com\/avatar\/e0a867bdedb85fd243eadf09663511f96fc81e0720a4a42581f334ad4303aa6b?s=96&d=mm&r=g\",\"contentUrl\":\"https:\/\/secure.gravatar.com\/avatar\/e0a867bdedb85fd243eadf09663511f96fc81e0720a4a42581f334ad4303aa6b?s=96&d=mm&r=g\",\"caption\":\"Reda\u00e7\u00e3o\"}}]}<\/script>\n<!-- \/ Yoast SEO plugin. -->","yoast_head_json":{"title":"R\u00fassia mant\u00e9m ataques e chama aliados para exerc\u00edcios militares - Notibras","robots":{"index":"index","follow":"follow","max-snippet":"max-snippet:-1","max-image-preview":"max-image-preview:large","max-video-preview":"max-video-preview:-1"},"canonical":"https:\/\/www.notibras.com\/site\/russia-mantem-ataques-e-chama-aliados-para-exercicios-militares\/","og_locale":"pt_BR","og_type":"article","og_title":"R\u00fassia mant\u00e9m ataques e chama aliados para exerc\u00edcios militares - Notibras","og_description":"A R\u00fassia planeja realizar exerc\u00edcios militares estrat\u00e9gicos a partir do pr\u00f3ximo m\u00eas no leste do pa\u00eds, a milhares de quil\u00f4metros da guerra que trava na Ucr\u00e2nia, disse o Minist\u00e9rio da Defesa russo. Os ex\u00e9rcicios de Vostok ocorrer\u00e3o entre 30 de agosto e 5 de setembro e incluir\u00e3o contingentes militares de outros pa\u00edses, disse o minist\u00e9rio, [&hellip;]","og_url":"https:\/\/www.notibras.com\/site\/russia-mantem-ataques-e-chama-aliados-para-exercicios-militares\/","og_site_name":"Notibras","article_publisher":"https:\/\/www.facebook.com\/notibras\/","article_published_time":"2022-07-27T09:33:57+00:00","article_modified_time":"2022-07-27T11:30:39+00:00","og_image":[{"width":1170,"height":700,"url":"https:\/\/www.notibras.com\/site\/wp-content\/uploads\/2022\/07\/alexander-ermochenko.russia.jpg","type":"image\/jpeg"}],"author":"Reda\u00e7\u00e3o","twitter_card":"summary_large_image","twitter_creator":"@Notibras","twitter_site":"@Notibras","twitter_misc":{"Escrito por":"Reda\u00e7\u00e3o","Est. tempo de leitura":"1 minuto"},"schema":{"@context":"https:\/\/schema.org","@graph":[{"@type":"Article","@id":"https:\/\/www.notibras.com\/site\/russia-mantem-ataques-e-chama-aliados-para-exercicios-militares\/#article","isPartOf":{"@id":"https:\/\/www.notibras.com\/site\/russia-mantem-ataques-e-chama-aliados-para-exercicios-militares\/"},"author":{"name":"Reda\u00e7\u00e3o","@id":"https:\/\/www.notibras.com\/site\/#\/schema\/person\/36ab0979449956132d3e5b517ea76ac8"},"headline":"R\u00fassia mant\u00e9m ataques e chama aliados para exerc\u00edcios militares","datePublished":"2022-07-27T09:33:57+00:00","dateModified":"2022-07-27T11:30:39+00:00","mainEntityOfPage":{"@id":"https:\/\/www.notibras.com\/site\/russia-mantem-ataques-e-chama-aliados-para-exercicios-militares\/"},"wordCount":216,"publisher":{"@id":"https:\/\/www.notibras.com\/site\/#organization"},"image":{"@id":"https:\/\/www.notibras.com\/site\/russia-mantem-ataques-e-chama-aliados-para-exercicios-militares\/#primaryimage"},"thumbnailUrl":"https:\/\/www.notibras.com\/site\/wp-content\/uploads\/2022\/07\/alexander-ermochenko.russia.jpg","keywords":["capa"],"articleSection":["Apocalipse"],"inLanguage":"pt-BR"},{"@type":"WebPage","@id":"https:\/\/www.notibras.com\/site\/russia-mantem-ataques-e-chama-aliados-para-exercicios-militares\/","url":"https:\/\/www.notibras.com\/site\/russia-mantem-ataques-e-chama-aliados-para-exercicios-militares\/","name":"R\u00fassia mant\u00e9m ataques e chama aliados para exerc\u00edcios militares - Notibras","isPartOf":{"@id":"https:\/\/www.notibras.com\/site\/#website"},"primaryImageOfPage":{"@id":"https:\/\/www.notibras.com\/site\/russia-mantem-ataques-e-chama-aliados-para-exercicios-militares\/#primaryimage"},"image":{"@id":"https:\/\/www.notibras.com\/site\/russia-mantem-ataques-e-chama-aliados-para-exercicios-militares\/#primaryimage"},"thumbnailUrl":"https:\/\/www.notibras.com\/site\/wp-content\/uploads\/2022\/07\/alexander-ermochenko.russia.jpg","datePublished":"2022-07-27T09:33:57+00:00","dateModified":"2022-07-27T11:30:39+00:00","breadcrumb":{"@id":"https:\/\/www.notibras.com\/site\/russia-mantem-ataques-e-chama-aliados-para-exercicios-militares\/#breadcrumb"},"inLanguage":"pt-BR","potentialAction":[{"@type":"ReadAction","target":["https:\/\/www.notibras.com\/site\/russia-mantem-ataques-e-chama-aliados-para-exercicios-militares\/"]}]},{"@type":"ImageObject","inLanguage":"pt-BR","@id":"https:\/\/www.notibras.com\/site\/russia-mantem-ataques-e-chama-aliados-para-exercicios-militares\/#primaryimage","url":"https:\/\/www.notibras.com\/site\/wp-content\/uploads\/2022\/07\/alexander-ermochenko.russia.jpg","contentUrl":"https:\/\/www.notibras.com\/site\/wp-content\/uploads\/2022\/07\/alexander-ermochenko.russia.jpg","width":1170,"height":700},{"@type":"BreadcrumbList","@id":"https:\/\/www.notibras.com\/site\/russia-mantem-ataques-e-chama-aliados-para-exercicios-militares\/#breadcrumb","itemListElement":[{"@type":"ListItem","position":1,"name":"In\u00edcio","item":"https:\/\/www.notibras.com\/site\/"},{"@type":"ListItem","position":2,"name":"R\u00fassia mant\u00e9m ataques e chama aliados para exerc\u00edcios militares"}]},{"@type":"WebSite","@id":"https:\/\/www.notibras.com\/site\/#website","url":"https:\/\/www.notibras.com\/site\/","name":"Notibras","description":"Not\u00edcias de Bras\u00edlia, do Brasil e do Mundo","publisher":{"@id":"https:\/\/www.notibras.com\/site\/#organization"},"potentialAction":[{"@type":"SearchAction","target":{"@type":"EntryPoint","urlTemplate":"https:\/\/www.notibras.com\/site\/?s={search_term_string}"},"query-input":{"@type":"PropertyValueSpecification","valueRequired":true,"valueName":"search_term_string"}}],"inLanguage":"pt-BR"},{"@type":"Organization","@id":"https:\/\/www.notibras.com\/site\/#organization","name":"Grupo Notibras de Comunica\u00e7\u00e3o","url":"https:\/\/www.notibras.com\/site\/","logo":{"@type":"ImageObject","inLanguage":"pt-BR","@id":"https:\/\/www.notibras.com\/site\/#\/schema\/logo\/image\/","url":"https:\/\/www.notibras.com\/site\/wp-content\/uploads\/2023\/01\/notibras23.png","contentUrl":"https:\/\/www.notibras.com\/site\/wp-content\/uploads\/2023\/01\/notibras23.png","width":350,"height":87,"caption":"Grupo Notibras de Comunica\u00e7\u00e3o"},"image":{"@id":"https:\/\/www.notibras.com\/site\/#\/schema\/logo\/image\/"},"sameAs":["https:\/\/www.facebook.com\/notibras\/","https:\/\/x.com\/Notibras","https:\/\/www.instagram.com\/notibras\/"]},{"@type":"Person","@id":"https:\/\/www.notibras.com\/site\/#\/schema\/person\/36ab0979449956132d3e5b517ea76ac8","name":"Reda\u00e7\u00e3o","image":{"@type":"ImageObject","inLanguage":"pt-BR","@id":"https:\/\/secure.gravatar.com\/avatar\/e0a867bdedb85fd243eadf09663511f96fc81e0720a4a42581f334ad4303aa6b?s=96&d=mm&r=g","url":"https:\/\/secure.gravatar.com\/avatar\/e0a867bdedb85fd243eadf09663511f96fc81e0720a4a42581f334ad4303aa6b?s=96&d=mm&r=g","contentUrl":"https:\/\/secure.gravatar.com\/avatar\/e0a867bdedb85fd243eadf09663511f96fc81e0720a4a42581f334ad4303aa6b?s=96&d=mm&r=g","caption":"Reda\u00e7\u00e3o"}}]}},"amp_enabled":true,"_links":{"self":[{"href":"https:\/\/www.notibras.com\/site\/wp-json\/wp\/v2\/posts\/289489","targetHints":{"allow":["GET"]}}],"collection":[{"href":"https:\/\/www.notibras.com\/site\/wp-json\/wp\/v2\/posts"}],"about":[{"href":"https:\/\/www.notibras.com\/site\/wp-json\/wp\/v2\/types\/post"}],"author":[{"embeddable":true,"href":"https:\/\/www.notibras.com\/site\/wp-json\/wp\/v2\/users\/2"}],"replies":[{"embeddable":true,"href":"https:\/\/www.notibras.com\/site\/wp-json\/wp\/v2\/comments?post=289489"}],"version-history":[{"count":1,"href":"https:\/\/www.notibras.com\/site\/wp-json\/wp\/v2\/posts\/289489\/revisions"}],"predecessor-version":[{"id":289491,"href":"https:\/\/www.notibras.com\/site\/wp-json\/wp\/v2\/posts\/289489\/revisions\/289491"}],"wp:featuredmedia":[{"embeddable":true,"href":"https:\/\/www.notibras.com\/site\/wp-json\/wp\/v2\/media\/289490"}],"wp:attachment":[{"href":"https:\/\/www.notibras.com\/site\/wp-json\/wp\/v2\/media?parent=289489"}],"wp:term":[{"taxonomy":"category","embeddable":true,"href":"https:\/\/www.notibras.com\/site\/wp-json\/wp\/v2\/categories?post=289489"},{"taxonomy":"post_tag","embeddable":true,"href":"https:\/\/www.notibras.com\/site\/wp-json\/wp\/v2\/tags?post=289489"}],"curies":[{"name":"wp","href":"https:\/\/api.w.org\/{rel}","templated":true}]}}