{"id":289659,"date":"2022-07-30T16:49:49","date_gmt":"2022-07-30T19:49:49","guid":{"rendered":"https:\/\/www.notibras.com\/site\/?p=289659"},"modified":"2022-07-30T16:49:49","modified_gmt":"2022-07-30T19:49:49","slug":"ucrania-ataca-soldados-presos-por-russos-mata-50-e-fere-73","status":"publish","type":"post","link":"https:\/\/www.notibras.com\/site\/ucrania-ataca-soldados-presos-por-russos-mata-50-e-fere-73\/","title":{"rendered":"Ucr\u00e2nia ataca soldados presos por russos, mata 50 e fere 73"},"content":{"rendered":"<p>O presidente da Ucr\u00e2nia Volodymyr Zelensky, respon\u00e1vel por seu &#8216;regime criminoso&#8217; e Washington t\u00eam responsabilidade pol\u00edtica, legal e moral pela carnificina sangrenta contra prisioneiros de guerra ucranianos no centro de deten\u00e7\u00e3o em Elenovka, DPR, disse o Minist\u00e9rio da Defesa russo.<\/p>\n<p>Segundo o minist\u00e9rio, no momento do ataque havia 193 prisioneiros de guerra na instala\u00e7\u00e3o. A maioria deles foi morta ou ferida como resultado do ataque. Atualmente, o n\u00famero de mortos \u00e9 de 50, enquanto 73 foram hospitalizadas com ferimentos graves.<\/p>\n<p>Listas dos prisioneiros de guerra mortos e feridos foram disponibilizadas no site do Minist\u00e9rio da Defesa da R\u00fassia.<\/p>\n<p>Comentando sobre o ataque ao centro de deten\u00e7\u00e3o em Elenovka na sexta-feira, o chefe do DPR, Denis Pushilin, descreveu-o como um ataque premeditado realizado para impedir que os prisioneiros de guerra, militantes Azov em particular, dessem testemunhos prejudiciais ao regime de Kiev.<\/p>\n<p>O Minist\u00e9rio da Defesa russo se referiu ao ataque como uma &#8220;provoca\u00e7\u00e3o flagrante&#8221; destinada a &#8220;intimidar os soldados ucranianos e impedi-los de depor as armas&#8221;.<\/p>\n<p>O ministro das Rela\u00e7\u00f5es Exteriores da R\u00fassia, Sergei Lavrov , disse que o fornecimento de HIMARS fabricado nos EUA para Kiev mudou a geografia da opera\u00e7\u00e3o especial na Ucr\u00e2nia, j\u00e1 que Moscou n\u00e3o pode tolerar de forma alguma a presen\u00e7a de armas que representem uma amea\u00e7a ao territ\u00f3rio russo.<\/p>\n<p>Moscou advertiu repetidamente os EUA e seus aliados contra abastecer a Ucr\u00e2nia com armas, dizendo que isso apenas prolongar\u00e1 a &#8220;agonia do regime de Kiev&#8221; e resultar\u00e1 em mais baixas.<\/p>\n","protected":false},"excerpt":{"rendered":"<p>O presidente da Ucr\u00e2nia Volodymyr Zelensky, respon\u00e1vel por seu &#8216;regime criminoso&#8217; e Washington t\u00eam responsabilidade pol\u00edtica, legal e moral pela carnificina sangrenta contra prisioneiros de guerra ucranianos no centro de deten\u00e7\u00e3o em Elenovka, DPR, disse o Minist\u00e9rio da Defesa russo. Segundo o minist\u00e9rio, no momento do ataque havia 193 prisioneiros de guerra na instala\u00e7\u00e3o. A [&hellip;]<\/p>\n","protected":false},"author":2,"featured_media":289660,"comment_status":"closed","ping_status":"closed","sticky":false,"template":"","format":"standard","meta":{"_acf_changed":false,"footnotes":""},"categories":[159],"tags":[],"class_list":["post-289659","post","type-post","status-publish","format-standard","has-post-thumbnail","hentry","category-apocalipse"],"acf":[],"yoast_head":"<!-- This site is optimized with the Yoast SEO plugin v27.2 - https:\/\/yoast.com\/product\/yoast-seo-wordpress\/ -->\n<title>Ucr\u00e2nia ataca soldados presos por russos, mata 50 e fere 73 - Notibras<\/title>\n<meta name=\"robots\" content=\"index, follow, max-snippet:-1, max-image-preview:large, max-video-preview:-1\" \/>\n<link rel=\"canonical\" href=\"https:\/\/www.notibras.com\/site\/ucrania-ataca-soldados-presos-por-russos-mata-50-e-fere-73\/\" \/>\n<meta property=\"og:locale\" content=\"pt_BR\" \/>\n<meta property=\"og:type\" content=\"article\" \/>\n<meta property=\"og:title\" content=\"Ucr\u00e2nia ataca soldados presos por russos, mata 50 e fere 73 - Notibras\" \/>\n<meta property=\"og:description\" content=\"O presidente da Ucr\u00e2nia Volodymyr Zelensky, respon\u00e1vel por seu &#8216;regime criminoso&#8217; e Washington t\u00eam responsabilidade pol\u00edtica, legal e moral pela carnificina sangrenta contra prisioneiros de guerra ucranianos no centro de deten\u00e7\u00e3o em Elenovka, DPR, disse o Minist\u00e9rio da Defesa russo. Segundo o minist\u00e9rio, no momento do ataque havia 193 prisioneiros de guerra na instala\u00e7\u00e3o. A [&hellip;]\" \/>\n<meta property=\"og:url\" content=\"https:\/\/www.notibras.com\/site\/ucrania-ataca-soldados-presos-por-russos-mata-50-e-fere-73\/\" \/>\n<meta property=\"og:site_name\" content=\"Notibras\" \/>\n<meta property=\"article:publisher\" content=\"https:\/\/www.facebook.com\/notibras\/\" \/>\n<meta property=\"article:published_time\" content=\"2022-07-30T19:49:49+00:00\" \/>\n<meta property=\"og:image\" content=\"https:\/\/www.notibras.com\/site\/wp-content\/uploads\/2022\/07\/prisioniros.webp\" \/>\n\t<meta property=\"og:image:width\" content=\"1920\" \/>\n\t<meta property=\"og:image:height\" content=\"1080\" \/>\n\t<meta property=\"og:image:type\" content=\"image\/webp\" \/>\n<meta name=\"author\" content=\"Reda\u00e7\u00e3o\" \/>\n<meta name=\"twitter:card\" content=\"summary_large_image\" \/>\n<meta name=\"twitter:creator\" content=\"@Notibras\" \/>\n<meta name=\"twitter:site\" content=\"@Notibras\" \/>\n<meta name=\"twitter:label1\" content=\"Escrito por\" \/>\n\t<meta name=\"twitter:data1\" content=\"Reda\u00e7\u00e3o\" \/>\n\t<meta name=\"twitter:label2\" content=\"Est. tempo de leitura\" \/>\n\t<meta name=\"twitter:data2\" content=\"2 minutos\" \/>\n<script type=\"application\/ld+json\" class=\"yoast-schema-graph\">{\"@context\":\"https:\/\/schema.org\",\"@graph\":[{\"@type\":\"Article\",\"@id\":\"https:\/\/www.notibras.com\/site\/ucrania-ataca-soldados-presos-por-russos-mata-50-e-fere-73\/#article\",\"isPartOf\":{\"@id\":\"https:\/\/www.notibras.com\/site\/ucrania-ataca-soldados-presos-por-russos-mata-50-e-fere-73\/\"},\"author\":{\"name\":\"Reda\u00e7\u00e3o\",\"@id\":\"https:\/\/www.notibras.com\/site\/#\/schema\/person\/36ab0979449956132d3e5b517ea76ac8\"},\"headline\":\"Ucr\u00e2nia ataca soldados presos por russos, mata 50 e fere 73\",\"datePublished\":\"2022-07-30T19:49:49+00:00\",\"mainEntityOfPage\":{\"@id\":\"https:\/\/www.notibras.com\/site\/ucrania-ataca-soldados-presos-por-russos-mata-50-e-fere-73\/\"},\"wordCount\":272,\"publisher\":{\"@id\":\"https:\/\/www.notibras.com\/site\/#organization\"},\"image\":{\"@id\":\"https:\/\/www.notibras.com\/site\/ucrania-ataca-soldados-presos-por-russos-mata-50-e-fere-73\/#primaryimage\"},\"thumbnailUrl\":\"https:\/\/www.notibras.com\/site\/wp-content\/uploads\/2022\/07\/prisioniros.webp\",\"articleSection\":[\"Apocalipse\"],\"inLanguage\":\"pt-BR\"},{\"@type\":\"WebPage\",\"@id\":\"https:\/\/www.notibras.com\/site\/ucrania-ataca-soldados-presos-por-russos-mata-50-e-fere-73\/\",\"url\":\"https:\/\/www.notibras.com\/site\/ucrania-ataca-soldados-presos-por-russos-mata-50-e-fere-73\/\",\"name\":\"Ucr\u00e2nia ataca soldados presos por russos, mata 50 e fere 73 - Notibras\",\"isPartOf\":{\"@id\":\"https:\/\/www.notibras.com\/site\/#website\"},\"primaryImageOfPage\":{\"@id\":\"https:\/\/www.notibras.com\/site\/ucrania-ataca-soldados-presos-por-russos-mata-50-e-fere-73\/#primaryimage\"},\"image\":{\"@id\":\"https:\/\/www.notibras.com\/site\/ucrania-ataca-soldados-presos-por-russos-mata-50-e-fere-73\/#primaryimage\"},\"thumbnailUrl\":\"https:\/\/www.notibras.com\/site\/wp-content\/uploads\/2022\/07\/prisioniros.webp\",\"datePublished\":\"2022-07-30T19:49:49+00:00\",\"breadcrumb\":{\"@id\":\"https:\/\/www.notibras.com\/site\/ucrania-ataca-soldados-presos-por-russos-mata-50-e-fere-73\/#breadcrumb\"},\"inLanguage\":\"pt-BR\",\"potentialAction\":[{\"@type\":\"ReadAction\",\"target\":[\"https:\/\/www.notibras.com\/site\/ucrania-ataca-soldados-presos-por-russos-mata-50-e-fere-73\/\"]}]},{\"@type\":\"ImageObject\",\"inLanguage\":\"pt-BR\",\"@id\":\"https:\/\/www.notibras.com\/site\/ucrania-ataca-soldados-presos-por-russos-mata-50-e-fere-73\/#primaryimage\",\"url\":\"https:\/\/www.notibras.com\/site\/wp-content\/uploads\/2022\/07\/prisioniros.webp\",\"contentUrl\":\"https:\/\/www.notibras.com\/site\/wp-content\/uploads\/2022\/07\/prisioniros.webp\",\"width\":1920,\"height\":1080},{\"@type\":\"BreadcrumbList\",\"@id\":\"https:\/\/www.notibras.com\/site\/ucrania-ataca-soldados-presos-por-russos-mata-50-e-fere-73\/#breadcrumb\",\"itemListElement\":[{\"@type\":\"ListItem\",\"position\":1,\"name\":\"In\u00edcio\",\"item\":\"https:\/\/www.notibras.com\/site\/\"},{\"@type\":\"ListItem\",\"position\":2,\"name\":\"Ucr\u00e2nia ataca soldados presos por russos, mata 50 e fere 73\"}]},{\"@type\":\"WebSite\",\"@id\":\"https:\/\/www.notibras.com\/site\/#website\",\"url\":\"https:\/\/www.notibras.com\/site\/\",\"name\":\"Notibras\",\"description\":\"Not\u00edcias de Bras\u00edlia, do Brasil e do Mundo\",\"publisher\":{\"@id\":\"https:\/\/www.notibras.com\/site\/#organization\"},\"potentialAction\":[{\"@type\":\"SearchAction\",\"target\":{\"@type\":\"EntryPoint\",\"urlTemplate\":\"https:\/\/www.notibras.com\/site\/?s={search_term_string}\"},\"query-input\":{\"@type\":\"PropertyValueSpecification\",\"valueRequired\":true,\"valueName\":\"search_term_string\"}}],\"inLanguage\":\"pt-BR\"},{\"@type\":\"Organization\",\"@id\":\"https:\/\/www.notibras.com\/site\/#organization\",\"name\":\"Grupo Notibras de Comunica\u00e7\u00e3o\",\"url\":\"https:\/\/www.notibras.com\/site\/\",\"logo\":{\"@type\":\"ImageObject\",\"inLanguage\":\"pt-BR\",\"@id\":\"https:\/\/www.notibras.com\/site\/#\/schema\/logo\/image\/\",\"url\":\"https:\/\/www.notibras.com\/site\/wp-content\/uploads\/2023\/01\/notibras23.png\",\"contentUrl\":\"https:\/\/www.notibras.com\/site\/wp-content\/uploads\/2023\/01\/notibras23.png\",\"width\":350,\"height\":87,\"caption\":\"Grupo Notibras de Comunica\u00e7\u00e3o\"},\"image\":{\"@id\":\"https:\/\/www.notibras.com\/site\/#\/schema\/logo\/image\/\"},\"sameAs\":[\"https:\/\/www.facebook.com\/notibras\/\",\"https:\/\/x.com\/Notibras\",\"https:\/\/www.instagram.com\/notibras\/\"]},{\"@type\":\"Person\",\"@id\":\"https:\/\/www.notibras.com\/site\/#\/schema\/person\/36ab0979449956132d3e5b517ea76ac8\",\"name\":\"Reda\u00e7\u00e3o\",\"image\":{\"@type\":\"ImageObject\",\"inLanguage\":\"pt-BR\",\"@id\":\"https:\/\/secure.gravatar.com\/avatar\/e0a867bdedb85fd243eadf09663511f96fc81e0720a4a42581f334ad4303aa6b?s=96&d=mm&r=g\",\"url\":\"https:\/\/secure.gravatar.com\/avatar\/e0a867bdedb85fd243eadf09663511f96fc81e0720a4a42581f334ad4303aa6b?s=96&d=mm&r=g\",\"contentUrl\":\"https:\/\/secure.gravatar.com\/avatar\/e0a867bdedb85fd243eadf09663511f96fc81e0720a4a42581f334ad4303aa6b?s=96&d=mm&r=g\",\"caption\":\"Reda\u00e7\u00e3o\"}}]}<\/script>\n<!-- \/ Yoast SEO plugin. -->","yoast_head_json":{"title":"Ucr\u00e2nia ataca soldados presos por russos, mata 50 e fere 73 - Notibras","robots":{"index":"index","follow":"follow","max-snippet":"max-snippet:-1","max-image-preview":"max-image-preview:large","max-video-preview":"max-video-preview:-1"},"canonical":"https:\/\/www.notibras.com\/site\/ucrania-ataca-soldados-presos-por-russos-mata-50-e-fere-73\/","og_locale":"pt_BR","og_type":"article","og_title":"Ucr\u00e2nia ataca soldados presos por russos, mata 50 e fere 73 - Notibras","og_description":"O presidente da Ucr\u00e2nia Volodymyr Zelensky, respon\u00e1vel por seu &#8216;regime criminoso&#8217; e Washington t\u00eam responsabilidade pol\u00edtica, legal e moral pela carnificina sangrenta contra prisioneiros de guerra ucranianos no centro de deten\u00e7\u00e3o em Elenovka, DPR, disse o Minist\u00e9rio da Defesa russo. Segundo o minist\u00e9rio, no momento do ataque havia 193 prisioneiros de guerra na instala\u00e7\u00e3o. A [&hellip;]","og_url":"https:\/\/www.notibras.com\/site\/ucrania-ataca-soldados-presos-por-russos-mata-50-e-fere-73\/","og_site_name":"Notibras","article_publisher":"https:\/\/www.facebook.com\/notibras\/","article_published_time":"2022-07-30T19:49:49+00:00","og_image":[{"width":1920,"height":1080,"url":"https:\/\/www.notibras.com\/site\/wp-content\/uploads\/2022\/07\/prisioniros.webp","type":"image\/webp"}],"author":"Reda\u00e7\u00e3o","twitter_card":"summary_large_image","twitter_creator":"@Notibras","twitter_site":"@Notibras","twitter_misc":{"Escrito por":"Reda\u00e7\u00e3o","Est. tempo de leitura":"2 minutos"},"schema":{"@context":"https:\/\/schema.org","@graph":[{"@type":"Article","@id":"https:\/\/www.notibras.com\/site\/ucrania-ataca-soldados-presos-por-russos-mata-50-e-fere-73\/#article","isPartOf":{"@id":"https:\/\/www.notibras.com\/site\/ucrania-ataca-soldados-presos-por-russos-mata-50-e-fere-73\/"},"author":{"name":"Reda\u00e7\u00e3o","@id":"https:\/\/www.notibras.com\/site\/#\/schema\/person\/36ab0979449956132d3e5b517ea76ac8"},"headline":"Ucr\u00e2nia ataca soldados presos por russos, mata 50 e fere 73","datePublished":"2022-07-30T19:49:49+00:00","mainEntityOfPage":{"@id":"https:\/\/www.notibras.com\/site\/ucrania-ataca-soldados-presos-por-russos-mata-50-e-fere-73\/"},"wordCount":272,"publisher":{"@id":"https:\/\/www.notibras.com\/site\/#organization"},"image":{"@id":"https:\/\/www.notibras.com\/site\/ucrania-ataca-soldados-presos-por-russos-mata-50-e-fere-73\/#primaryimage"},"thumbnailUrl":"https:\/\/www.notibras.com\/site\/wp-content\/uploads\/2022\/07\/prisioniros.webp","articleSection":["Apocalipse"],"inLanguage":"pt-BR"},{"@type":"WebPage","@id":"https:\/\/www.notibras.com\/site\/ucrania-ataca-soldados-presos-por-russos-mata-50-e-fere-73\/","url":"https:\/\/www.notibras.com\/site\/ucrania-ataca-soldados-presos-por-russos-mata-50-e-fere-73\/","name":"Ucr\u00e2nia ataca soldados presos por russos, mata 50 e fere 73 - Notibras","isPartOf":{"@id":"https:\/\/www.notibras.com\/site\/#website"},"primaryImageOfPage":{"@id":"https:\/\/www.notibras.com\/site\/ucrania-ataca-soldados-presos-por-russos-mata-50-e-fere-73\/#primaryimage"},"image":{"@id":"https:\/\/www.notibras.com\/site\/ucrania-ataca-soldados-presos-por-russos-mata-50-e-fere-73\/#primaryimage"},"thumbnailUrl":"https:\/\/www.notibras.com\/site\/wp-content\/uploads\/2022\/07\/prisioniros.webp","datePublished":"2022-07-30T19:49:49+00:00","breadcrumb":{"@id":"https:\/\/www.notibras.com\/site\/ucrania-ataca-soldados-presos-por-russos-mata-50-e-fere-73\/#breadcrumb"},"inLanguage":"pt-BR","potentialAction":[{"@type":"ReadAction","target":["https:\/\/www.notibras.com\/site\/ucrania-ataca-soldados-presos-por-russos-mata-50-e-fere-73\/"]}]},{"@type":"ImageObject","inLanguage":"pt-BR","@id":"https:\/\/www.notibras.com\/site\/ucrania-ataca-soldados-presos-por-russos-mata-50-e-fere-73\/#primaryimage","url":"https:\/\/www.notibras.com\/site\/wp-content\/uploads\/2022\/07\/prisioniros.webp","contentUrl":"https:\/\/www.notibras.com\/site\/wp-content\/uploads\/2022\/07\/prisioniros.webp","width":1920,"height":1080},{"@type":"BreadcrumbList","@id":"https:\/\/www.notibras.com\/site\/ucrania-ataca-soldados-presos-por-russos-mata-50-e-fere-73\/#breadcrumb","itemListElement":[{"@type":"ListItem","position":1,"name":"In\u00edcio","item":"https:\/\/www.notibras.com\/site\/"},{"@type":"ListItem","position":2,"name":"Ucr\u00e2nia ataca soldados presos por russos, mata 50 e fere 73"}]},{"@type":"WebSite","@id":"https:\/\/www.notibras.com\/site\/#website","url":"https:\/\/www.notibras.com\/site\/","name":"Notibras","description":"Not\u00edcias de Bras\u00edlia, do Brasil e do Mundo","publisher":{"@id":"https:\/\/www.notibras.com\/site\/#organization"},"potentialAction":[{"@type":"SearchAction","target":{"@type":"EntryPoint","urlTemplate":"https:\/\/www.notibras.com\/site\/?s={search_term_string}"},"query-input":{"@type":"PropertyValueSpecification","valueRequired":true,"valueName":"search_term_string"}}],"inLanguage":"pt-BR"},{"@type":"Organization","@id":"https:\/\/www.notibras.com\/site\/#organization","name":"Grupo Notibras de Comunica\u00e7\u00e3o","url":"https:\/\/www.notibras.com\/site\/","logo":{"@type":"ImageObject","inLanguage":"pt-BR","@id":"https:\/\/www.notibras.com\/site\/#\/schema\/logo\/image\/","url":"https:\/\/www.notibras.com\/site\/wp-content\/uploads\/2023\/01\/notibras23.png","contentUrl":"https:\/\/www.notibras.com\/site\/wp-content\/uploads\/2023\/01\/notibras23.png","width":350,"height":87,"caption":"Grupo Notibras de Comunica\u00e7\u00e3o"},"image":{"@id":"https:\/\/www.notibras.com\/site\/#\/schema\/logo\/image\/"},"sameAs":["https:\/\/www.facebook.com\/notibras\/","https:\/\/x.com\/Notibras","https:\/\/www.instagram.com\/notibras\/"]},{"@type":"Person","@id":"https:\/\/www.notibras.com\/site\/#\/schema\/person\/36ab0979449956132d3e5b517ea76ac8","name":"Reda\u00e7\u00e3o","image":{"@type":"ImageObject","inLanguage":"pt-BR","@id":"https:\/\/secure.gravatar.com\/avatar\/e0a867bdedb85fd243eadf09663511f96fc81e0720a4a42581f334ad4303aa6b?s=96&d=mm&r=g","url":"https:\/\/secure.gravatar.com\/avatar\/e0a867bdedb85fd243eadf09663511f96fc81e0720a4a42581f334ad4303aa6b?s=96&d=mm&r=g","contentUrl":"https:\/\/secure.gravatar.com\/avatar\/e0a867bdedb85fd243eadf09663511f96fc81e0720a4a42581f334ad4303aa6b?s=96&d=mm&r=g","caption":"Reda\u00e7\u00e3o"}}]}},"amp_enabled":true,"_links":{"self":[{"href":"https:\/\/www.notibras.com\/site\/wp-json\/wp\/v2\/posts\/289659","targetHints":{"allow":["GET"]}}],"collection":[{"href":"https:\/\/www.notibras.com\/site\/wp-json\/wp\/v2\/posts"}],"about":[{"href":"https:\/\/www.notibras.com\/site\/wp-json\/wp\/v2\/types\/post"}],"author":[{"embeddable":true,"href":"https:\/\/www.notibras.com\/site\/wp-json\/wp\/v2\/users\/2"}],"replies":[{"embeddable":true,"href":"https:\/\/www.notibras.com\/site\/wp-json\/wp\/v2\/comments?post=289659"}],"version-history":[{"count":1,"href":"https:\/\/www.notibras.com\/site\/wp-json\/wp\/v2\/posts\/289659\/revisions"}],"predecessor-version":[{"id":289661,"href":"https:\/\/www.notibras.com\/site\/wp-json\/wp\/v2\/posts\/289659\/revisions\/289661"}],"wp:featuredmedia":[{"embeddable":true,"href":"https:\/\/www.notibras.com\/site\/wp-json\/wp\/v2\/media\/289660"}],"wp:attachment":[{"href":"https:\/\/www.notibras.com\/site\/wp-json\/wp\/v2\/media?parent=289659"}],"wp:term":[{"taxonomy":"category","embeddable":true,"href":"https:\/\/www.notibras.com\/site\/wp-json\/wp\/v2\/categories?post=289659"},{"taxonomy":"post_tag","embeddable":true,"href":"https:\/\/www.notibras.com\/site\/wp-json\/wp\/v2\/tags?post=289659"}],"curies":[{"name":"wp","href":"https:\/\/api.w.org\/{rel}","templated":true}]}}