{"id":289662,"date":"2022-07-30T15:52:58","date_gmt":"2022-07-30T18:52:58","guid":{"rendered":"https:\/\/www.notibras.com\/site\/?p=289662"},"modified":"2022-07-30T17:00:07","modified_gmt":"2022-07-30T20:00:07","slug":"ira-manifesta-apoio-pequim-em-meio-a-tensoes-com-taiwan","status":"publish","type":"post","link":"https:\/\/www.notibras.com\/site\/ira-manifesta-apoio-pequim-em-meio-a-tensoes-com-taiwan\/","title":{"rendered":"Ir\u00e3 manifesta apoio Pequim em meio a tens\u00f5es com Taiwan"},"content":{"rendered":"<p>O presidente iraniano Ebrahim Raisi expressou solidariedade com seu colega chin\u00eas Xi Jinping nas quest\u00f5es sobre Taiwan, informando-o de que a Rep\u00fablica Isl\u00e2mica deseja la\u00e7os estrat\u00e9gicos mais estreitos com a Rep\u00fablica Popular e apoia totalmente a pol\u00edtica de Uma S\u00f3 China.<\/p>\n<p>\u201cO apoio \u00e0 pol\u00edtica de Pequim \u00e9 bem definida e de princ\u00edpios da Rep\u00fablica Isl\u00e2mica do Ir\u00e3\u201d, disse Raisi , de acordo com uma leitura da conversa de uma hora com Xi que foi realizada na sexta-feira, 29.<\/p>\n<p>Acusando os EUA de se intrometer nos assuntos internos de outros pa\u00edses, Raisi alertou que as pol\u00edticas americanas estavam \u201cagora se transformando em uma amea\u00e7a \u00e0 paz e seguran\u00e7a internacionais\u201d.<\/p>\n<p>O presidente iraniano informou a Xi que Teer\u00e3 est\u00e1 pronto para aumentar a coopera\u00e7\u00e3o com Pequim em todas as \u00e1reas, particularmente energia e seguran\u00e7a mar\u00edtima, e alertou que qualquer tentativa dos Estados Unidos de devolver o planeta a um cen\u00e1rio ao estilo da Guerra Fria seria uma indica\u00e7\u00e3o de fraqueza e decl\u00ednio de Washington.<\/p>\n<p>O Ir\u00e3, disse ele, \u201cpreparou o terreno necess\u00e1rio para a seguran\u00e7a coletiva e o desenvolvimento na \u00c1sia Ocidental e pode servir de modelo para fortalecer a confian\u00e7a pol\u00edtica e o desenvolvimento econ\u00f4mico na regi\u00e3o\u201d. Os dois l\u00edderes tamb\u00e9m discutiram as propostas do Ir\u00e3 para se juntar ao grupo de na\u00e7\u00f5es BRICS e o pacto de seguran\u00e7a da Organiza\u00e7\u00e3o de Coopera\u00e7\u00e3o de Xangai.<\/p>\n<p>O Ir\u00e3 \u00e9 o segundo grande parceiro estrat\u00e9gico chin\u00eas a expressar seu forte apoio a Pequim em meio \u00e0s crescentes tens\u00f5es sobre Taiwan.<\/p>\n<p>Tamb\u00e9m na sexta-feira, o ministro das Rela\u00e7\u00f5es Exteriores da R\u00fassia, Sergei Lavrov, reafirmou o compromisso da R\u00fassia com a pol\u00edtica de Uma S\u00f3 China, enfatizando que a posi\u00e7\u00e3o de Moscou sobre o assunto \u00e9 \u201cabsolutamente clara\u201d e \u201cinalterada\u201d.<\/p>\n<p>A Pol\u00edtica de Uma S\u00f3 China estipula que a Rep\u00fablica Popular \u00e9 a \u00fanica China no mundo e que Taiwan faz parte da China. A pol\u00edtica \u00e9 seguida pela grande maioria das Na\u00e7\u00f5es Unidas, incluindo os EUA, pelo menos em princ\u00edpio.<\/p>\n<p>\u201cMas, na pr\u00e1tica, como voc\u00ea entende, suas a\u00e7\u00f5es nem sempre correspondem \u00e0s suas palavras\u201d, disse Lavrov, referindo-se \u00e0s atuais tens\u00f5es em seus coment\u00e1rios na sexta-feira.<\/p>\n<p>As tens\u00f5es China-EUA sobre Taiwan come\u00e7aram a aumentar desde o primeiro dia da presid\u00eancia de Joe Biden, com Pequim criticando Washington por convidar o representante diplom\u00e1tico da ilha em Washington, para sua posse. Nos 18 meses seguintes, Biden sugeriu repetidamente que os EUA viriam em defesa de Taipei em caso de \u201cagress\u00e3o\u201d chinesa, rompendo com a pol\u00edtica de \u201cambiguidade estrat\u00e9gica\u201d de seus antecessores em rela\u00e7\u00e3o \u00e0 ilha.<\/p>\n<p>As tens\u00f5es sobre Taiwan chegaram ao auge nas \u00faltimas duas semanas depois que o <em>Financial Times<\/em> informou em 19 de julho que a presidente da C\u00e2mara, Nancy Pelosi \u2013 a terceira autoridade mais importante em Washington depois de Biden e do vice-presidente Harris \u2013 poderia visitar Taiwan como parte de uma \u00c1sia mais ampla.<\/p>\n<p>Autoridades chinesas e a m\u00eddia alertaram Pelosi para n\u00e3o visitar Taipei, e o Ex\u00e9rcito de Liberta\u00e7\u00e3o Popular e a Marinha dos EUA aumentaram as atividades militares ao redor da ilha.<\/p>\n<p>Pelosi definiu um curso para a \u00c1sia no s\u00e1bado e deve visitar formalmente o Jap\u00e3o, Cor\u00e9ia do Sul, Indon\u00e9sia e Cingapura. Ela e sua equipe se recusaram a comentar sobre seus planos de viagem e se a viagem pode incluir uma escala em Taiwan, citando considera\u00e7\u00f5es de seguran\u00e7a.<\/p>\n","protected":false},"excerpt":{"rendered":"<p>O presidente iraniano Ebrahim Raisi expressou solidariedade com seu colega chin\u00eas Xi Jinping nas quest\u00f5es sobre Taiwan, informando-o de que a Rep\u00fablica Isl\u00e2mica deseja la\u00e7os estrat\u00e9gicos mais estreitos com a Rep\u00fablica Popular e apoia totalmente a pol\u00edtica de Uma S\u00f3 China. \u201cO apoio \u00e0 pol\u00edtica de Pequim \u00e9 bem definida e de princ\u00edpios da Rep\u00fablica [&hellip;]<\/p>\n","protected":false},"author":2,"featured_media":289663,"comment_status":"closed","ping_status":"closed","sticky":false,"template":"","format":"standard","meta":{"_acf_changed":false,"footnotes":""},"categories":[159],"tags":[],"class_list":["post-289662","post","type-post","status-publish","format-standard","has-post-thumbnail","hentry","category-apocalipse"],"acf":[],"yoast_head":"<!-- This site is optimized with the Yoast SEO plugin v27.2 - https:\/\/yoast.com\/product\/yoast-seo-wordpress\/ -->\n<title>Ir\u00e3 manifesta apoio Pequim em meio a tens\u00f5es com Taiwan - Notibras<\/title>\n<meta name=\"robots\" content=\"index, follow, max-snippet:-1, max-image-preview:large, max-video-preview:-1\" \/>\n<link rel=\"canonical\" href=\"https:\/\/www.notibras.com\/site\/ira-manifesta-apoio-pequim-em-meio-a-tensoes-com-taiwan\/\" \/>\n<meta property=\"og:locale\" content=\"pt_BR\" \/>\n<meta property=\"og:type\" content=\"article\" \/>\n<meta property=\"og:title\" content=\"Ir\u00e3 manifesta apoio Pequim em meio a tens\u00f5es com Taiwan - Notibras\" \/>\n<meta property=\"og:description\" content=\"O presidente iraniano Ebrahim Raisi expressou solidariedade com seu colega chin\u00eas Xi Jinping nas quest\u00f5es sobre Taiwan, informando-o de que a Rep\u00fablica Isl\u00e2mica deseja la\u00e7os estrat\u00e9gicos mais estreitos com a Rep\u00fablica Popular e apoia totalmente a pol\u00edtica de Uma S\u00f3 China. \u201cO apoio \u00e0 pol\u00edtica de Pequim \u00e9 bem definida e de princ\u00edpios da Rep\u00fablica [&hellip;]\" \/>\n<meta property=\"og:url\" content=\"https:\/\/www.notibras.com\/site\/ira-manifesta-apoio-pequim-em-meio-a-tensoes-com-taiwan\/\" \/>\n<meta property=\"og:site_name\" content=\"Notibras\" \/>\n<meta property=\"article:publisher\" content=\"https:\/\/www.facebook.com\/notibras\/\" \/>\n<meta property=\"article:published_time\" content=\"2022-07-30T18:52:58+00:00\" \/>\n<meta property=\"article:modified_time\" content=\"2022-07-30T20:00:07+00:00\" \/>\n<meta property=\"og:image\" content=\"https:\/\/www.notibras.com\/site\/wp-content\/uploads\/2022\/07\/ira.chimna.webp\" \/>\n\t<meta property=\"og:image:width\" content=\"1920\" \/>\n\t<meta property=\"og:image:height\" content=\"1080\" \/>\n\t<meta property=\"og:image:type\" content=\"image\/webp\" \/>\n<meta name=\"author\" content=\"Reda\u00e7\u00e3o\" \/>\n<meta name=\"twitter:card\" content=\"summary_large_image\" \/>\n<meta name=\"twitter:creator\" content=\"@Notibras\" \/>\n<meta name=\"twitter:site\" content=\"@Notibras\" \/>\n<meta name=\"twitter:label1\" content=\"Escrito por\" \/>\n\t<meta name=\"twitter:data1\" content=\"Reda\u00e7\u00e3o\" \/>\n\t<meta name=\"twitter:label2\" content=\"Est. tempo de leitura\" \/>\n\t<meta name=\"twitter:data2\" content=\"4 minutos\" \/>\n<script type=\"application\/ld+json\" class=\"yoast-schema-graph\">{\"@context\":\"https:\/\/schema.org\",\"@graph\":[{\"@type\":\"Article\",\"@id\":\"https:\/\/www.notibras.com\/site\/ira-manifesta-apoio-pequim-em-meio-a-tensoes-com-taiwan\/#article\",\"isPartOf\":{\"@id\":\"https:\/\/www.notibras.com\/site\/ira-manifesta-apoio-pequim-em-meio-a-tensoes-com-taiwan\/\"},\"author\":{\"name\":\"Reda\u00e7\u00e3o\",\"@id\":\"https:\/\/www.notibras.com\/site\/#\/schema\/person\/36ab0979449956132d3e5b517ea76ac8\"},\"headline\":\"Ir\u00e3 manifesta apoio Pequim em meio a tens\u00f5es com Taiwan\",\"datePublished\":\"2022-07-30T18:52:58+00:00\",\"dateModified\":\"2022-07-30T20:00:07+00:00\",\"mainEntityOfPage\":{\"@id\":\"https:\/\/www.notibras.com\/site\/ira-manifesta-apoio-pequim-em-meio-a-tensoes-com-taiwan\/\"},\"wordCount\":620,\"publisher\":{\"@id\":\"https:\/\/www.notibras.com\/site\/#organization\"},\"image\":{\"@id\":\"https:\/\/www.notibras.com\/site\/ira-manifesta-apoio-pequim-em-meio-a-tensoes-com-taiwan\/#primaryimage\"},\"thumbnailUrl\":\"https:\/\/www.notibras.com\/site\/wp-content\/uploads\/2022\/07\/ira.chimna.webp\",\"articleSection\":[\"Apocalipse\"],\"inLanguage\":\"pt-BR\"},{\"@type\":\"WebPage\",\"@id\":\"https:\/\/www.notibras.com\/site\/ira-manifesta-apoio-pequim-em-meio-a-tensoes-com-taiwan\/\",\"url\":\"https:\/\/www.notibras.com\/site\/ira-manifesta-apoio-pequim-em-meio-a-tensoes-com-taiwan\/\",\"name\":\"Ir\u00e3 manifesta apoio Pequim em meio a tens\u00f5es com Taiwan - Notibras\",\"isPartOf\":{\"@id\":\"https:\/\/www.notibras.com\/site\/#website\"},\"primaryImageOfPage\":{\"@id\":\"https:\/\/www.notibras.com\/site\/ira-manifesta-apoio-pequim-em-meio-a-tensoes-com-taiwan\/#primaryimage\"},\"image\":{\"@id\":\"https:\/\/www.notibras.com\/site\/ira-manifesta-apoio-pequim-em-meio-a-tensoes-com-taiwan\/#primaryimage\"},\"thumbnailUrl\":\"https:\/\/www.notibras.com\/site\/wp-content\/uploads\/2022\/07\/ira.chimna.webp\",\"datePublished\":\"2022-07-30T18:52:58+00:00\",\"dateModified\":\"2022-07-30T20:00:07+00:00\",\"breadcrumb\":{\"@id\":\"https:\/\/www.notibras.com\/site\/ira-manifesta-apoio-pequim-em-meio-a-tensoes-com-taiwan\/#breadcrumb\"},\"inLanguage\":\"pt-BR\",\"potentialAction\":[{\"@type\":\"ReadAction\",\"target\":[\"https:\/\/www.notibras.com\/site\/ira-manifesta-apoio-pequim-em-meio-a-tensoes-com-taiwan\/\"]}]},{\"@type\":\"ImageObject\",\"inLanguage\":\"pt-BR\",\"@id\":\"https:\/\/www.notibras.com\/site\/ira-manifesta-apoio-pequim-em-meio-a-tensoes-com-taiwan\/#primaryimage\",\"url\":\"https:\/\/www.notibras.com\/site\/wp-content\/uploads\/2022\/07\/ira.chimna.webp\",\"contentUrl\":\"https:\/\/www.notibras.com\/site\/wp-content\/uploads\/2022\/07\/ira.chimna.webp\",\"width\":1920,\"height\":1080},{\"@type\":\"BreadcrumbList\",\"@id\":\"https:\/\/www.notibras.com\/site\/ira-manifesta-apoio-pequim-em-meio-a-tensoes-com-taiwan\/#breadcrumb\",\"itemListElement\":[{\"@type\":\"ListItem\",\"position\":1,\"name\":\"In\u00edcio\",\"item\":\"https:\/\/www.notibras.com\/site\/\"},{\"@type\":\"ListItem\",\"position\":2,\"name\":\"Ir\u00e3 manifesta apoio Pequim em meio a tens\u00f5es com Taiwan\"}]},{\"@type\":\"WebSite\",\"@id\":\"https:\/\/www.notibras.com\/site\/#website\",\"url\":\"https:\/\/www.notibras.com\/site\/\",\"name\":\"Notibras\",\"description\":\"Not\u00edcias de Bras\u00edlia, do Brasil e do Mundo\",\"publisher\":{\"@id\":\"https:\/\/www.notibras.com\/site\/#organization\"},\"potentialAction\":[{\"@type\":\"SearchAction\",\"target\":{\"@type\":\"EntryPoint\",\"urlTemplate\":\"https:\/\/www.notibras.com\/site\/?s={search_term_string}\"},\"query-input\":{\"@type\":\"PropertyValueSpecification\",\"valueRequired\":true,\"valueName\":\"search_term_string\"}}],\"inLanguage\":\"pt-BR\"},{\"@type\":\"Organization\",\"@id\":\"https:\/\/www.notibras.com\/site\/#organization\",\"name\":\"Grupo Notibras de Comunica\u00e7\u00e3o\",\"url\":\"https:\/\/www.notibras.com\/site\/\",\"logo\":{\"@type\":\"ImageObject\",\"inLanguage\":\"pt-BR\",\"@id\":\"https:\/\/www.notibras.com\/site\/#\/schema\/logo\/image\/\",\"url\":\"https:\/\/www.notibras.com\/site\/wp-content\/uploads\/2023\/01\/notibras23.png\",\"contentUrl\":\"https:\/\/www.notibras.com\/site\/wp-content\/uploads\/2023\/01\/notibras23.png\",\"width\":350,\"height\":87,\"caption\":\"Grupo Notibras de Comunica\u00e7\u00e3o\"},\"image\":{\"@id\":\"https:\/\/www.notibras.com\/site\/#\/schema\/logo\/image\/\"},\"sameAs\":[\"https:\/\/www.facebook.com\/notibras\/\",\"https:\/\/x.com\/Notibras\",\"https:\/\/www.instagram.com\/notibras\/\"]},{\"@type\":\"Person\",\"@id\":\"https:\/\/www.notibras.com\/site\/#\/schema\/person\/36ab0979449956132d3e5b517ea76ac8\",\"name\":\"Reda\u00e7\u00e3o\",\"image\":{\"@type\":\"ImageObject\",\"inLanguage\":\"pt-BR\",\"@id\":\"https:\/\/secure.gravatar.com\/avatar\/e0a867bdedb85fd243eadf09663511f96fc81e0720a4a42581f334ad4303aa6b?s=96&d=mm&r=g\",\"url\":\"https:\/\/secure.gravatar.com\/avatar\/e0a867bdedb85fd243eadf09663511f96fc81e0720a4a42581f334ad4303aa6b?s=96&d=mm&r=g\",\"contentUrl\":\"https:\/\/secure.gravatar.com\/avatar\/e0a867bdedb85fd243eadf09663511f96fc81e0720a4a42581f334ad4303aa6b?s=96&d=mm&r=g\",\"caption\":\"Reda\u00e7\u00e3o\"}}]}<\/script>\n<!-- \/ Yoast SEO plugin. -->","yoast_head_json":{"title":"Ir\u00e3 manifesta apoio Pequim em meio a tens\u00f5es com Taiwan - Notibras","robots":{"index":"index","follow":"follow","max-snippet":"max-snippet:-1","max-image-preview":"max-image-preview:large","max-video-preview":"max-video-preview:-1"},"canonical":"https:\/\/www.notibras.com\/site\/ira-manifesta-apoio-pequim-em-meio-a-tensoes-com-taiwan\/","og_locale":"pt_BR","og_type":"article","og_title":"Ir\u00e3 manifesta apoio Pequim em meio a tens\u00f5es com Taiwan - Notibras","og_description":"O presidente iraniano Ebrahim Raisi expressou solidariedade com seu colega chin\u00eas Xi Jinping nas quest\u00f5es sobre Taiwan, informando-o de que a Rep\u00fablica Isl\u00e2mica deseja la\u00e7os estrat\u00e9gicos mais estreitos com a Rep\u00fablica Popular e apoia totalmente a pol\u00edtica de Uma S\u00f3 China. \u201cO apoio \u00e0 pol\u00edtica de Pequim \u00e9 bem definida e de princ\u00edpios da Rep\u00fablica [&hellip;]","og_url":"https:\/\/www.notibras.com\/site\/ira-manifesta-apoio-pequim-em-meio-a-tensoes-com-taiwan\/","og_site_name":"Notibras","article_publisher":"https:\/\/www.facebook.com\/notibras\/","article_published_time":"2022-07-30T18:52:58+00:00","article_modified_time":"2022-07-30T20:00:07+00:00","og_image":[{"width":1920,"height":1080,"url":"https:\/\/www.notibras.com\/site\/wp-content\/uploads\/2022\/07\/ira.chimna.webp","type":"image\/webp"}],"author":"Reda\u00e7\u00e3o","twitter_card":"summary_large_image","twitter_creator":"@Notibras","twitter_site":"@Notibras","twitter_misc":{"Escrito por":"Reda\u00e7\u00e3o","Est. tempo de leitura":"4 minutos"},"schema":{"@context":"https:\/\/schema.org","@graph":[{"@type":"Article","@id":"https:\/\/www.notibras.com\/site\/ira-manifesta-apoio-pequim-em-meio-a-tensoes-com-taiwan\/#article","isPartOf":{"@id":"https:\/\/www.notibras.com\/site\/ira-manifesta-apoio-pequim-em-meio-a-tensoes-com-taiwan\/"},"author":{"name":"Reda\u00e7\u00e3o","@id":"https:\/\/www.notibras.com\/site\/#\/schema\/person\/36ab0979449956132d3e5b517ea76ac8"},"headline":"Ir\u00e3 manifesta apoio Pequim em meio a tens\u00f5es com Taiwan","datePublished":"2022-07-30T18:52:58+00:00","dateModified":"2022-07-30T20:00:07+00:00","mainEntityOfPage":{"@id":"https:\/\/www.notibras.com\/site\/ira-manifesta-apoio-pequim-em-meio-a-tensoes-com-taiwan\/"},"wordCount":620,"publisher":{"@id":"https:\/\/www.notibras.com\/site\/#organization"},"image":{"@id":"https:\/\/www.notibras.com\/site\/ira-manifesta-apoio-pequim-em-meio-a-tensoes-com-taiwan\/#primaryimage"},"thumbnailUrl":"https:\/\/www.notibras.com\/site\/wp-content\/uploads\/2022\/07\/ira.chimna.webp","articleSection":["Apocalipse"],"inLanguage":"pt-BR"},{"@type":"WebPage","@id":"https:\/\/www.notibras.com\/site\/ira-manifesta-apoio-pequim-em-meio-a-tensoes-com-taiwan\/","url":"https:\/\/www.notibras.com\/site\/ira-manifesta-apoio-pequim-em-meio-a-tensoes-com-taiwan\/","name":"Ir\u00e3 manifesta apoio Pequim em meio a tens\u00f5es com Taiwan - Notibras","isPartOf":{"@id":"https:\/\/www.notibras.com\/site\/#website"},"primaryImageOfPage":{"@id":"https:\/\/www.notibras.com\/site\/ira-manifesta-apoio-pequim-em-meio-a-tensoes-com-taiwan\/#primaryimage"},"image":{"@id":"https:\/\/www.notibras.com\/site\/ira-manifesta-apoio-pequim-em-meio-a-tensoes-com-taiwan\/#primaryimage"},"thumbnailUrl":"https:\/\/www.notibras.com\/site\/wp-content\/uploads\/2022\/07\/ira.chimna.webp","datePublished":"2022-07-30T18:52:58+00:00","dateModified":"2022-07-30T20:00:07+00:00","breadcrumb":{"@id":"https:\/\/www.notibras.com\/site\/ira-manifesta-apoio-pequim-em-meio-a-tensoes-com-taiwan\/#breadcrumb"},"inLanguage":"pt-BR","potentialAction":[{"@type":"ReadAction","target":["https:\/\/www.notibras.com\/site\/ira-manifesta-apoio-pequim-em-meio-a-tensoes-com-taiwan\/"]}]},{"@type":"ImageObject","inLanguage":"pt-BR","@id":"https:\/\/www.notibras.com\/site\/ira-manifesta-apoio-pequim-em-meio-a-tensoes-com-taiwan\/#primaryimage","url":"https:\/\/www.notibras.com\/site\/wp-content\/uploads\/2022\/07\/ira.chimna.webp","contentUrl":"https:\/\/www.notibras.com\/site\/wp-content\/uploads\/2022\/07\/ira.chimna.webp","width":1920,"height":1080},{"@type":"BreadcrumbList","@id":"https:\/\/www.notibras.com\/site\/ira-manifesta-apoio-pequim-em-meio-a-tensoes-com-taiwan\/#breadcrumb","itemListElement":[{"@type":"ListItem","position":1,"name":"In\u00edcio","item":"https:\/\/www.notibras.com\/site\/"},{"@type":"ListItem","position":2,"name":"Ir\u00e3 manifesta apoio Pequim em meio a tens\u00f5es com Taiwan"}]},{"@type":"WebSite","@id":"https:\/\/www.notibras.com\/site\/#website","url":"https:\/\/www.notibras.com\/site\/","name":"Notibras","description":"Not\u00edcias de Bras\u00edlia, do Brasil e do Mundo","publisher":{"@id":"https:\/\/www.notibras.com\/site\/#organization"},"potentialAction":[{"@type":"SearchAction","target":{"@type":"EntryPoint","urlTemplate":"https:\/\/www.notibras.com\/site\/?s={search_term_string}"},"query-input":{"@type":"PropertyValueSpecification","valueRequired":true,"valueName":"search_term_string"}}],"inLanguage":"pt-BR"},{"@type":"Organization","@id":"https:\/\/www.notibras.com\/site\/#organization","name":"Grupo Notibras de Comunica\u00e7\u00e3o","url":"https:\/\/www.notibras.com\/site\/","logo":{"@type":"ImageObject","inLanguage":"pt-BR","@id":"https:\/\/www.notibras.com\/site\/#\/schema\/logo\/image\/","url":"https:\/\/www.notibras.com\/site\/wp-content\/uploads\/2023\/01\/notibras23.png","contentUrl":"https:\/\/www.notibras.com\/site\/wp-content\/uploads\/2023\/01\/notibras23.png","width":350,"height":87,"caption":"Grupo Notibras de Comunica\u00e7\u00e3o"},"image":{"@id":"https:\/\/www.notibras.com\/site\/#\/schema\/logo\/image\/"},"sameAs":["https:\/\/www.facebook.com\/notibras\/","https:\/\/x.com\/Notibras","https:\/\/www.instagram.com\/notibras\/"]},{"@type":"Person","@id":"https:\/\/www.notibras.com\/site\/#\/schema\/person\/36ab0979449956132d3e5b517ea76ac8","name":"Reda\u00e7\u00e3o","image":{"@type":"ImageObject","inLanguage":"pt-BR","@id":"https:\/\/secure.gravatar.com\/avatar\/e0a867bdedb85fd243eadf09663511f96fc81e0720a4a42581f334ad4303aa6b?s=96&d=mm&r=g","url":"https:\/\/secure.gravatar.com\/avatar\/e0a867bdedb85fd243eadf09663511f96fc81e0720a4a42581f334ad4303aa6b?s=96&d=mm&r=g","contentUrl":"https:\/\/secure.gravatar.com\/avatar\/e0a867bdedb85fd243eadf09663511f96fc81e0720a4a42581f334ad4303aa6b?s=96&d=mm&r=g","caption":"Reda\u00e7\u00e3o"}}]}},"amp_enabled":true,"_links":{"self":[{"href":"https:\/\/www.notibras.com\/site\/wp-json\/wp\/v2\/posts\/289662","targetHints":{"allow":["GET"]}}],"collection":[{"href":"https:\/\/www.notibras.com\/site\/wp-json\/wp\/v2\/posts"}],"about":[{"href":"https:\/\/www.notibras.com\/site\/wp-json\/wp\/v2\/types\/post"}],"author":[{"embeddable":true,"href":"https:\/\/www.notibras.com\/site\/wp-json\/wp\/v2\/users\/2"}],"replies":[{"embeddable":true,"href":"https:\/\/www.notibras.com\/site\/wp-json\/wp\/v2\/comments?post=289662"}],"version-history":[{"count":1,"href":"https:\/\/www.notibras.com\/site\/wp-json\/wp\/v2\/posts\/289662\/revisions"}],"predecessor-version":[{"id":289664,"href":"https:\/\/www.notibras.com\/site\/wp-json\/wp\/v2\/posts\/289662\/revisions\/289664"}],"wp:featuredmedia":[{"embeddable":true,"href":"https:\/\/www.notibras.com\/site\/wp-json\/wp\/v2\/media\/289663"}],"wp:attachment":[{"href":"https:\/\/www.notibras.com\/site\/wp-json\/wp\/v2\/media?parent=289662"}],"wp:term":[{"taxonomy":"category","embeddable":true,"href":"https:\/\/www.notibras.com\/site\/wp-json\/wp\/v2\/categories?post=289662"},{"taxonomy":"post_tag","embeddable":true,"href":"https:\/\/www.notibras.com\/site\/wp-json\/wp\/v2\/tags?post=289662"}],"curies":[{"name":"wp","href":"https:\/\/api.w.org\/{rel}","templated":true}]}}