{"id":289907,"date":"2022-08-03T01:04:17","date_gmt":"2022-08-03T04:04:17","guid":{"rendered":"https:\/\/www.notibras.com\/site\/?p=289907"},"modified":"2022-08-03T06:46:45","modified_gmt":"2022-08-03T09:46:45","slug":"china-pede-que-washington-tire-armas-nucleares-da-europa","status":"publish","type":"post","link":"https:\/\/www.notibras.com\/site\/china-pede-que-washington-tire-armas-nucleares-da-europa\/","title":{"rendered":"China pede que EUA tire armas nucleares da Europa"},"content":{"rendered":"<p>Os Estados Unidos devem retirar todas as suas armas nucleares da Europa e parar de implant\u00e1-las em qualquer outra parte do mundo, disse em uma confer\u00eancia da ONU o diretor-geral do departamento de controle de armas do Minist\u00e9rio das Rela\u00e7\u00f5es Exteriores da China. Fu Cong sublinhou que a China est\u00e1 pronta para cooperar com todos os pa\u00edses para fortalecer o Tratado de N\u00e3o-Prolifera\u00e7\u00e3o de Armas Nucleares.<\/p>\n<p>&#8220;Em abril, o presidente Xi Jinping prop\u00f4s uma iniciativa de seguran\u00e7a global&#8230; Guiada pela iniciativa, a China est\u00e1 pronta para dar as m\u00e3os a todos os pa\u00edses para fortalecer continuamente a universalidade, autoridade e efic\u00e1cia do TNP para injetar estabilidade e certeza nesta era de turbul\u00eancia e transforma\u00e7\u00e3o, disse Fu.<\/p>\n<p>Segundo ele, Pequim n\u00e3o compete com outros estados na quantidade de armas nucleares e est\u00e1 comprometida com o princ\u00edpio de n\u00e3o primeiro uso. &#8220;A China n\u00e3o ser\u00e1, sob nenhuma circunst\u00e2ncia, a primeira a usar armas nucleares&#8221;, sustentou.<\/p>\n<p>O enviado chin\u00eas acrescentou que seu pa\u00eds mant\u00e9m seu estoque nuclear em um n\u00edvel m\u00ednimo para garantir a prote\u00e7\u00e3o da seguran\u00e7a nacional e n\u00e3o compete com outros pa\u00edses em n\u00fameros e capacidades nessa \u00e1rea.<\/p>\n<p>Mais cedo, o presidente russo, Vladimir Putin , disse em uma sauda\u00e7\u00e3o \u00e0 confer\u00eancia que Moscou sempre cumpre a reda\u00e7\u00e3o e o esp\u00edrito do Tratado de N\u00e3o Prolifera\u00e7\u00e3o de Armas Nucleares, observando que nunca poderia haver vencedores em uma guerra nuclear e que nunca deveria ser iniciada.<\/p>\n<p>De sua parte, o presidente dos EUA, Joe Biden, enfatizou que Washington est\u00e1 agora preparado para colaborar com a R\u00fassia nas negocia\u00e7\u00f5es para forjar um novo acordo de limita\u00e7\u00e3o de armas nucleares que substituiria o Tratado de Redu\u00e7\u00e3o de Armas Estrat\u00e9gicas (tamb\u00e9m apelidado de &#8220;New START&#8221;), que \u00e9 programado para terminar em 2026.<\/p>\n<p>No entanto, a proposta foi recebida com ceticismo por Dmitry Medvedev, vice-presidente do Conselho de Seguran\u00e7a da R\u00fassia. O ex-presidente se perguntou em um post do <em>Telegram<\/em> se a R\u00fassia &#8220;precisa mesmo disso&#8221;, j\u00e1 que o mundo &#8220;mudou&#8221;. &#8220;Embora as coisas estejam muito piores agora do que durante a Guerra Fria, a R\u00fassia n\u00e3o tem culpa&#8221;, concluiu.<\/p>\n","protected":false},"excerpt":{"rendered":"<p>Os Estados Unidos devem retirar todas as suas armas nucleares da Europa e parar de implant\u00e1-las em qualquer outra parte do mundo, disse em uma confer\u00eancia da ONU o diretor-geral do departamento de controle de armas do Minist\u00e9rio das Rela\u00e7\u00f5es Exteriores da China. Fu Cong sublinhou que a China est\u00e1 pronta para cooperar com todos [&hellip;]<\/p>\n","protected":false},"author":2,"featured_media":289908,"comment_status":"closed","ping_status":"closed","sticky":false,"template":"","format":"standard","meta":{"_acf_changed":false,"footnotes":""},"categories":[159],"tags":[95],"class_list":["post-289907","post","type-post","status-publish","format-standard","has-post-thumbnail","hentry","category-apocalipse","tag-capa"],"acf":[],"yoast_head":"<!-- This site is optimized with the Yoast SEO plugin v27.2 - https:\/\/yoast.com\/product\/yoast-seo-wordpress\/ -->\n<title>China pede que EUA tire armas nucleares da Europa - Notibras<\/title>\n<meta name=\"robots\" content=\"index, follow, max-snippet:-1, max-image-preview:large, max-video-preview:-1\" \/>\n<link rel=\"canonical\" href=\"https:\/\/www.notibras.com\/site\/china-pede-que-washington-tire-armas-nucleares-da-europa\/\" \/>\n<meta property=\"og:locale\" content=\"pt_BR\" \/>\n<meta property=\"og:type\" content=\"article\" \/>\n<meta property=\"og:title\" content=\"China pede que EUA tire armas nucleares da Europa - Notibras\" \/>\n<meta property=\"og:description\" content=\"Os Estados Unidos devem retirar todas as suas armas nucleares da Europa e parar de implant\u00e1-las em qualquer outra parte do mundo, disse em uma confer\u00eancia da ONU o diretor-geral do departamento de controle de armas do Minist\u00e9rio das Rela\u00e7\u00f5es Exteriores da China. Fu Cong sublinhou que a China est\u00e1 pronta para cooperar com todos [&hellip;]\" \/>\n<meta property=\"og:url\" content=\"https:\/\/www.notibras.com\/site\/china-pede-que-washington-tire-armas-nucleares-da-europa\/\" \/>\n<meta property=\"og:site_name\" content=\"Notibras\" \/>\n<meta property=\"article:publisher\" content=\"https:\/\/www.facebook.com\/notibras\/\" \/>\n<meta property=\"article:published_time\" content=\"2022-08-03T04:04:17+00:00\" \/>\n<meta property=\"article:modified_time\" content=\"2022-08-03T09:46:45+00:00\" \/>\n<meta property=\"og:image\" content=\"https:\/\/www.notibras.com\/site\/wp-content\/uploads\/2022\/08\/china.eua_.webp\" \/>\n\t<meta property=\"og:image:width\" content=\"1920\" \/>\n\t<meta property=\"og:image:height\" content=\"1080\" \/>\n\t<meta property=\"og:image:type\" content=\"image\/webp\" \/>\n<meta name=\"author\" content=\"Reda\u00e7\u00e3o\" \/>\n<meta name=\"twitter:card\" content=\"summary_large_image\" \/>\n<meta name=\"twitter:creator\" content=\"@Notibras\" \/>\n<meta name=\"twitter:site\" content=\"@Notibras\" \/>\n<meta name=\"twitter:label1\" content=\"Escrito por\" \/>\n\t<meta name=\"twitter:data1\" content=\"Reda\u00e7\u00e3o\" \/>\n\t<meta name=\"twitter:label2\" content=\"Est. tempo de leitura\" \/>\n\t<meta name=\"twitter:data2\" content=\"2 minutos\" \/>\n<script type=\"application\/ld+json\" class=\"yoast-schema-graph\">{\"@context\":\"https:\/\/schema.org\",\"@graph\":[{\"@type\":\"Article\",\"@id\":\"https:\/\/www.notibras.com\/site\/china-pede-que-washington-tire-armas-nucleares-da-europa\/#article\",\"isPartOf\":{\"@id\":\"https:\/\/www.notibras.com\/site\/china-pede-que-washington-tire-armas-nucleares-da-europa\/\"},\"author\":{\"name\":\"Reda\u00e7\u00e3o\",\"@id\":\"https:\/\/www.notibras.com\/site\/#\/schema\/person\/36ab0979449956132d3e5b517ea76ac8\"},\"headline\":\"China pede que EUA tire armas nucleares da Europa\",\"datePublished\":\"2022-08-03T04:04:17+00:00\",\"dateModified\":\"2022-08-03T09:46:45+00:00\",\"mainEntityOfPage\":{\"@id\":\"https:\/\/www.notibras.com\/site\/china-pede-que-washington-tire-armas-nucleares-da-europa\/\"},\"wordCount\":395,\"publisher\":{\"@id\":\"https:\/\/www.notibras.com\/site\/#organization\"},\"image\":{\"@id\":\"https:\/\/www.notibras.com\/site\/china-pede-que-washington-tire-armas-nucleares-da-europa\/#primaryimage\"},\"thumbnailUrl\":\"https:\/\/www.notibras.com\/site\/wp-content\/uploads\/2022\/08\/china.eua_.webp\",\"keywords\":[\"capa\"],\"articleSection\":[\"Apocalipse\"],\"inLanguage\":\"pt-BR\"},{\"@type\":\"WebPage\",\"@id\":\"https:\/\/www.notibras.com\/site\/china-pede-que-washington-tire-armas-nucleares-da-europa\/\",\"url\":\"https:\/\/www.notibras.com\/site\/china-pede-que-washington-tire-armas-nucleares-da-europa\/\",\"name\":\"China pede que EUA tire armas nucleares da Europa - Notibras\",\"isPartOf\":{\"@id\":\"https:\/\/www.notibras.com\/site\/#website\"},\"primaryImageOfPage\":{\"@id\":\"https:\/\/www.notibras.com\/site\/china-pede-que-washington-tire-armas-nucleares-da-europa\/#primaryimage\"},\"image\":{\"@id\":\"https:\/\/www.notibras.com\/site\/china-pede-que-washington-tire-armas-nucleares-da-europa\/#primaryimage\"},\"thumbnailUrl\":\"https:\/\/www.notibras.com\/site\/wp-content\/uploads\/2022\/08\/china.eua_.webp\",\"datePublished\":\"2022-08-03T04:04:17+00:00\",\"dateModified\":\"2022-08-03T09:46:45+00:00\",\"breadcrumb\":{\"@id\":\"https:\/\/www.notibras.com\/site\/china-pede-que-washington-tire-armas-nucleares-da-europa\/#breadcrumb\"},\"inLanguage\":\"pt-BR\",\"potentialAction\":[{\"@type\":\"ReadAction\",\"target\":[\"https:\/\/www.notibras.com\/site\/china-pede-que-washington-tire-armas-nucleares-da-europa\/\"]}]},{\"@type\":\"ImageObject\",\"inLanguage\":\"pt-BR\",\"@id\":\"https:\/\/www.notibras.com\/site\/china-pede-que-washington-tire-armas-nucleares-da-europa\/#primaryimage\",\"url\":\"https:\/\/www.notibras.com\/site\/wp-content\/uploads\/2022\/08\/china.eua_.webp\",\"contentUrl\":\"https:\/\/www.notibras.com\/site\/wp-content\/uploads\/2022\/08\/china.eua_.webp\",\"width\":1920,\"height\":1080},{\"@type\":\"BreadcrumbList\",\"@id\":\"https:\/\/www.notibras.com\/site\/china-pede-que-washington-tire-armas-nucleares-da-europa\/#breadcrumb\",\"itemListElement\":[{\"@type\":\"ListItem\",\"position\":1,\"name\":\"In\u00edcio\",\"item\":\"https:\/\/www.notibras.com\/site\/\"},{\"@type\":\"ListItem\",\"position\":2,\"name\":\"China pede que EUA tire armas nucleares da Europa\"}]},{\"@type\":\"WebSite\",\"@id\":\"https:\/\/www.notibras.com\/site\/#website\",\"url\":\"https:\/\/www.notibras.com\/site\/\",\"name\":\"Notibras\",\"description\":\"Not\u00edcias de Bras\u00edlia, do Brasil e do Mundo\",\"publisher\":{\"@id\":\"https:\/\/www.notibras.com\/site\/#organization\"},\"potentialAction\":[{\"@type\":\"SearchAction\",\"target\":{\"@type\":\"EntryPoint\",\"urlTemplate\":\"https:\/\/www.notibras.com\/site\/?s={search_term_string}\"},\"query-input\":{\"@type\":\"PropertyValueSpecification\",\"valueRequired\":true,\"valueName\":\"search_term_string\"}}],\"inLanguage\":\"pt-BR\"},{\"@type\":\"Organization\",\"@id\":\"https:\/\/www.notibras.com\/site\/#organization\",\"name\":\"Grupo Notibras de Comunica\u00e7\u00e3o\",\"url\":\"https:\/\/www.notibras.com\/site\/\",\"logo\":{\"@type\":\"ImageObject\",\"inLanguage\":\"pt-BR\",\"@id\":\"https:\/\/www.notibras.com\/site\/#\/schema\/logo\/image\/\",\"url\":\"https:\/\/www.notibras.com\/site\/wp-content\/uploads\/2023\/01\/notibras23.png\",\"contentUrl\":\"https:\/\/www.notibras.com\/site\/wp-content\/uploads\/2023\/01\/notibras23.png\",\"width\":350,\"height\":87,\"caption\":\"Grupo Notibras de Comunica\u00e7\u00e3o\"},\"image\":{\"@id\":\"https:\/\/www.notibras.com\/site\/#\/schema\/logo\/image\/\"},\"sameAs\":[\"https:\/\/www.facebook.com\/notibras\/\",\"https:\/\/x.com\/Notibras\",\"https:\/\/www.instagram.com\/notibras\/\"]},{\"@type\":\"Person\",\"@id\":\"https:\/\/www.notibras.com\/site\/#\/schema\/person\/36ab0979449956132d3e5b517ea76ac8\",\"name\":\"Reda\u00e7\u00e3o\",\"image\":{\"@type\":\"ImageObject\",\"inLanguage\":\"pt-BR\",\"@id\":\"https:\/\/secure.gravatar.com\/avatar\/e0a867bdedb85fd243eadf09663511f96fc81e0720a4a42581f334ad4303aa6b?s=96&d=mm&r=g\",\"url\":\"https:\/\/secure.gravatar.com\/avatar\/e0a867bdedb85fd243eadf09663511f96fc81e0720a4a42581f334ad4303aa6b?s=96&d=mm&r=g\",\"contentUrl\":\"https:\/\/secure.gravatar.com\/avatar\/e0a867bdedb85fd243eadf09663511f96fc81e0720a4a42581f334ad4303aa6b?s=96&d=mm&r=g\",\"caption\":\"Reda\u00e7\u00e3o\"}}]}<\/script>\n<!-- \/ Yoast SEO plugin. -->","yoast_head_json":{"title":"China pede que EUA tire armas nucleares da Europa - Notibras","robots":{"index":"index","follow":"follow","max-snippet":"max-snippet:-1","max-image-preview":"max-image-preview:large","max-video-preview":"max-video-preview:-1"},"canonical":"https:\/\/www.notibras.com\/site\/china-pede-que-washington-tire-armas-nucleares-da-europa\/","og_locale":"pt_BR","og_type":"article","og_title":"China pede que EUA tire armas nucleares da Europa - Notibras","og_description":"Os Estados Unidos devem retirar todas as suas armas nucleares da Europa e parar de implant\u00e1-las em qualquer outra parte do mundo, disse em uma confer\u00eancia da ONU o diretor-geral do departamento de controle de armas do Minist\u00e9rio das Rela\u00e7\u00f5es Exteriores da China. Fu Cong sublinhou que a China est\u00e1 pronta para cooperar com todos [&hellip;]","og_url":"https:\/\/www.notibras.com\/site\/china-pede-que-washington-tire-armas-nucleares-da-europa\/","og_site_name":"Notibras","article_publisher":"https:\/\/www.facebook.com\/notibras\/","article_published_time":"2022-08-03T04:04:17+00:00","article_modified_time":"2022-08-03T09:46:45+00:00","og_image":[{"width":1920,"height":1080,"url":"https:\/\/www.notibras.com\/site\/wp-content\/uploads\/2022\/08\/china.eua_.webp","type":"image\/webp"}],"author":"Reda\u00e7\u00e3o","twitter_card":"summary_large_image","twitter_creator":"@Notibras","twitter_site":"@Notibras","twitter_misc":{"Escrito por":"Reda\u00e7\u00e3o","Est. tempo de leitura":"2 minutos"},"schema":{"@context":"https:\/\/schema.org","@graph":[{"@type":"Article","@id":"https:\/\/www.notibras.com\/site\/china-pede-que-washington-tire-armas-nucleares-da-europa\/#article","isPartOf":{"@id":"https:\/\/www.notibras.com\/site\/china-pede-que-washington-tire-armas-nucleares-da-europa\/"},"author":{"name":"Reda\u00e7\u00e3o","@id":"https:\/\/www.notibras.com\/site\/#\/schema\/person\/36ab0979449956132d3e5b517ea76ac8"},"headline":"China pede que EUA tire armas nucleares da Europa","datePublished":"2022-08-03T04:04:17+00:00","dateModified":"2022-08-03T09:46:45+00:00","mainEntityOfPage":{"@id":"https:\/\/www.notibras.com\/site\/china-pede-que-washington-tire-armas-nucleares-da-europa\/"},"wordCount":395,"publisher":{"@id":"https:\/\/www.notibras.com\/site\/#organization"},"image":{"@id":"https:\/\/www.notibras.com\/site\/china-pede-que-washington-tire-armas-nucleares-da-europa\/#primaryimage"},"thumbnailUrl":"https:\/\/www.notibras.com\/site\/wp-content\/uploads\/2022\/08\/china.eua_.webp","keywords":["capa"],"articleSection":["Apocalipse"],"inLanguage":"pt-BR"},{"@type":"WebPage","@id":"https:\/\/www.notibras.com\/site\/china-pede-que-washington-tire-armas-nucleares-da-europa\/","url":"https:\/\/www.notibras.com\/site\/china-pede-que-washington-tire-armas-nucleares-da-europa\/","name":"China pede que EUA tire armas nucleares da Europa - Notibras","isPartOf":{"@id":"https:\/\/www.notibras.com\/site\/#website"},"primaryImageOfPage":{"@id":"https:\/\/www.notibras.com\/site\/china-pede-que-washington-tire-armas-nucleares-da-europa\/#primaryimage"},"image":{"@id":"https:\/\/www.notibras.com\/site\/china-pede-que-washington-tire-armas-nucleares-da-europa\/#primaryimage"},"thumbnailUrl":"https:\/\/www.notibras.com\/site\/wp-content\/uploads\/2022\/08\/china.eua_.webp","datePublished":"2022-08-03T04:04:17+00:00","dateModified":"2022-08-03T09:46:45+00:00","breadcrumb":{"@id":"https:\/\/www.notibras.com\/site\/china-pede-que-washington-tire-armas-nucleares-da-europa\/#breadcrumb"},"inLanguage":"pt-BR","potentialAction":[{"@type":"ReadAction","target":["https:\/\/www.notibras.com\/site\/china-pede-que-washington-tire-armas-nucleares-da-europa\/"]}]},{"@type":"ImageObject","inLanguage":"pt-BR","@id":"https:\/\/www.notibras.com\/site\/china-pede-que-washington-tire-armas-nucleares-da-europa\/#primaryimage","url":"https:\/\/www.notibras.com\/site\/wp-content\/uploads\/2022\/08\/china.eua_.webp","contentUrl":"https:\/\/www.notibras.com\/site\/wp-content\/uploads\/2022\/08\/china.eua_.webp","width":1920,"height":1080},{"@type":"BreadcrumbList","@id":"https:\/\/www.notibras.com\/site\/china-pede-que-washington-tire-armas-nucleares-da-europa\/#breadcrumb","itemListElement":[{"@type":"ListItem","position":1,"name":"In\u00edcio","item":"https:\/\/www.notibras.com\/site\/"},{"@type":"ListItem","position":2,"name":"China pede que EUA tire armas nucleares da Europa"}]},{"@type":"WebSite","@id":"https:\/\/www.notibras.com\/site\/#website","url":"https:\/\/www.notibras.com\/site\/","name":"Notibras","description":"Not\u00edcias de Bras\u00edlia, do Brasil e do Mundo","publisher":{"@id":"https:\/\/www.notibras.com\/site\/#organization"},"potentialAction":[{"@type":"SearchAction","target":{"@type":"EntryPoint","urlTemplate":"https:\/\/www.notibras.com\/site\/?s={search_term_string}"},"query-input":{"@type":"PropertyValueSpecification","valueRequired":true,"valueName":"search_term_string"}}],"inLanguage":"pt-BR"},{"@type":"Organization","@id":"https:\/\/www.notibras.com\/site\/#organization","name":"Grupo Notibras de Comunica\u00e7\u00e3o","url":"https:\/\/www.notibras.com\/site\/","logo":{"@type":"ImageObject","inLanguage":"pt-BR","@id":"https:\/\/www.notibras.com\/site\/#\/schema\/logo\/image\/","url":"https:\/\/www.notibras.com\/site\/wp-content\/uploads\/2023\/01\/notibras23.png","contentUrl":"https:\/\/www.notibras.com\/site\/wp-content\/uploads\/2023\/01\/notibras23.png","width":350,"height":87,"caption":"Grupo Notibras de Comunica\u00e7\u00e3o"},"image":{"@id":"https:\/\/www.notibras.com\/site\/#\/schema\/logo\/image\/"},"sameAs":["https:\/\/www.facebook.com\/notibras\/","https:\/\/x.com\/Notibras","https:\/\/www.instagram.com\/notibras\/"]},{"@type":"Person","@id":"https:\/\/www.notibras.com\/site\/#\/schema\/person\/36ab0979449956132d3e5b517ea76ac8","name":"Reda\u00e7\u00e3o","image":{"@type":"ImageObject","inLanguage":"pt-BR","@id":"https:\/\/secure.gravatar.com\/avatar\/e0a867bdedb85fd243eadf09663511f96fc81e0720a4a42581f334ad4303aa6b?s=96&d=mm&r=g","url":"https:\/\/secure.gravatar.com\/avatar\/e0a867bdedb85fd243eadf09663511f96fc81e0720a4a42581f334ad4303aa6b?s=96&d=mm&r=g","contentUrl":"https:\/\/secure.gravatar.com\/avatar\/e0a867bdedb85fd243eadf09663511f96fc81e0720a4a42581f334ad4303aa6b?s=96&d=mm&r=g","caption":"Reda\u00e7\u00e3o"}}]}},"amp_enabled":true,"_links":{"self":[{"href":"https:\/\/www.notibras.com\/site\/wp-json\/wp\/v2\/posts\/289907","targetHints":{"allow":["GET"]}}],"collection":[{"href":"https:\/\/www.notibras.com\/site\/wp-json\/wp\/v2\/posts"}],"about":[{"href":"https:\/\/www.notibras.com\/site\/wp-json\/wp\/v2\/types\/post"}],"author":[{"embeddable":true,"href":"https:\/\/www.notibras.com\/site\/wp-json\/wp\/v2\/users\/2"}],"replies":[{"embeddable":true,"href":"https:\/\/www.notibras.com\/site\/wp-json\/wp\/v2\/comments?post=289907"}],"version-history":[{"count":2,"href":"https:\/\/www.notibras.com\/site\/wp-json\/wp\/v2\/posts\/289907\/revisions"}],"predecessor-version":[{"id":289922,"href":"https:\/\/www.notibras.com\/site\/wp-json\/wp\/v2\/posts\/289907\/revisions\/289922"}],"wp:featuredmedia":[{"embeddable":true,"href":"https:\/\/www.notibras.com\/site\/wp-json\/wp\/v2\/media\/289908"}],"wp:attachment":[{"href":"https:\/\/www.notibras.com\/site\/wp-json\/wp\/v2\/media?parent=289907"}],"wp:term":[{"taxonomy":"category","embeddable":true,"href":"https:\/\/www.notibras.com\/site\/wp-json\/wp\/v2\/categories?post=289907"},{"taxonomy":"post_tag","embeddable":true,"href":"https:\/\/www.notibras.com\/site\/wp-json\/wp\/v2\/tags?post=289907"}],"curies":[{"name":"wp","href":"https:\/\/api.w.org\/{rel}","templated":true}]}}