{"id":289910,"date":"2022-08-03T01:19:51","date_gmt":"2022-08-03T04:19:51","guid":{"rendered":"https:\/\/www.notibras.com\/site\/?p=289910"},"modified":"2022-08-03T01:19:51","modified_gmt":"2022-08-03T04:19:51","slug":"pelosi-diz-que-viagem-a-taiwan-e-para-promover-paz-na-asia","status":"publish","type":"post","link":"https:\/\/www.notibras.com\/site\/pelosi-diz-que-viagem-a-taiwan-e-para-promover-paz-na-asia\/","title":{"rendered":"Pelosi diz que viagem a Taiwan \u00e9 para promover paz na \u00c1sia"},"content":{"rendered":"<p>Ap\u00f3s uma visita que enfureceu Pequim e provocou uma conflagra\u00e7\u00e3o diplom\u00e1tica, a presidente da C\u00e2mara dos EUA, Nancy Pelosi, disse nesta quarta-feira, 3 (hor\u00e1rio ocal) que sua comitiva viajou a Taiwan para promover &#8220;a paz na regi\u00e3o&#8221;. &#8220;Viemos em amizade a Taiwan, viemos em paz \u00e0 regi\u00e3o&#8221;, declarou ela durante uma reuni\u00e3o com o vice-presidente do parlamento da na\u00e7\u00e3o insular, Tsai Chi-chang.<\/p>\n<p>Pelosi tamb\u00e9m destacou o apoio bipartid\u00e1rio da C\u00e2mara a Taiwan, apesar das advert\u00eancias da China sobre &#8220;consequ\u00eancias&#8221; e uso de a\u00e7\u00e3o militar em resposta \u00e0 sua visita. Ela mencionou os eventos violentos que ocorreram em 1989 na Pra\u00e7a Tiananmen em Pequim ao relembrar sua visita \u00e0 China em 1991 e expressou preocupa\u00e7\u00e3o com as pol\u00edticas comerciais e transfer\u00eancias de tecnologia da China.<\/p>\n<p>A presidente da C\u00e2mara americana tamb\u00e9m elogiou a rea\u00e7\u00e3o de Taiwan \u00e0 Covid em termos de governan\u00e7a e economia e afirmou que queria que as conquistas da ilha fossem conhecidas em todo o mundo.<\/p>\n<p>Pelosi tamb\u00e9m expressou seu desejo de expandir os la\u00e7os interparlamentares entre os EUA e Taiwan. &#8220;Queremos expandir a coopera\u00e7\u00e3o e o di\u00e1logo interparlamentares. E estamos fazendo isso no momento em que nosso presidente lan\u00e7ou a Iniciativa \u00c1sia-Pac\u00edfico, que apoiamos&#8221;, observou.<\/p>\n<p>No final do dia, ela se encontrou com a presidente de Taiwan, Tsai Ing-wen, que disse na reuni\u00e3o que as autoridades da ilha n\u00e3o recuar\u00e3o diante das amea\u00e7as militares. &#8220;Vamos defender firmemente a soberania de nossa na\u00e7\u00e3o e continuar mantendo a linha de defesa da democracia ao mesmo tempo&#8221;, prometeu.<\/p>\n<p>Tsai tamb\u00e9m deu a Pelosi uma medalha em reconhecimento ao seu servi\u00e7o \u00e0 ilha e expressou seu respeito por quanto tempo ela lutou pela liberdade, democracia e direitos humanos. Por sua vez, Pelosi afirmou que o objetivo de sua viagem era &#8220;deixar inequivocamente claro que n\u00e3o abandonaremos nosso compromisso com Taiwan&#8221;.<\/p>\n<p>Em um comunicado divulgado na ter\u00e7a-feira, ela indicou que sua viagem &#8220;honra o compromisso inabal\u00e1vel dos Estados Unidos em apoiar a vibrante democracia de Taiwan&#8221;.<\/p>\n<p>&#8220;A visita de nossa delega\u00e7\u00e3o do Congresso a Taiwan honra o compromisso inabal\u00e1vel dos Estados Unidos em apoiar a vibrante democracia de Taiwan&#8221;, disse a deputada. \u201cA solidariedade da Am\u00e9rica com os 23 milh\u00f5es de habitantes de Taiwan \u00e9 mais importante hoje do que nunca, pois o mundo enfrenta uma escolha entre autocracia e democracia\u201d.<\/p>\n<p>Pelosi chegou a Taiwan na ter\u00e7a-feira, desafiando uma s\u00e9rie de advert\u00eancias e amea\u00e7as b\u00e9licas da China, que considerou a visita uma s\u00e9ria provoca\u00e7\u00e3o, j\u00e1 que reivindica Taiwan como seu territ\u00f3rio.<\/p>\n<p>A gravidade da situa\u00e7\u00e3o decorre do fato de Pelosi ser a autoridade eleita mais proeminente dos EUA a visitar Taiwan nos 25 anos anteriores, j\u00e1 que ela \u00e9 a terceira na fila para suceder o cobi\u00e7ado assento presidencial.<\/p>\n<p>Mas, para o governo de Pequim, a visita de Pelosi &#8220;violou seriamente o princ\u00edpio de uma s\u00f3 China&#8221; e &#8220;violou maliciosamente a soberania da China&#8221;, segundo o ministro das Rela\u00e7\u00f5es Exteriores da China, Wang Yi. Na avalia\u00e7\u00e3o dele, os EUA eram o &#8220;maior destruidor da paz e da estabilidade regional no Estreito de Taiwan&#8221;.<\/p>\n<p>Por sua vez, o Minist\u00e9rio das Rela\u00e7\u00f5es Exteriores da China convocou o embaixador americano Nicholas Burns e amea\u00e7ou que Washington &#8220;pagar\u00e1 o pre\u00e7o&#8221;. A visita de Pelosi a Taiwan teria sido contestada pelo governo Biden, mas o porta-voz do Conselho de Seguran\u00e7a Nacional da Casa Branca, John Kirby, afirmou que ela era livre para viajar para onde quisesse. No entanto, os EUA declararam que sua pol\u00edtica em rela\u00e7\u00e3o a Taiwan n\u00e3o mudou.<\/p>\n<p>Pequim considera a ilha sua prov\u00edncia e sempre se op\u00f5e a qualquer contato entre representantes de Taipei e autoridades em exerc\u00edcio, especialmente de alto escal\u00e3o, ou militares de pa\u00edses com os quais a China mant\u00e9m rela\u00e7\u00f5es diplom\u00e1ticas.<\/p>\n","protected":false},"excerpt":{"rendered":"<p>Ap\u00f3s uma visita que enfureceu Pequim e provocou uma conflagra\u00e7\u00e3o diplom\u00e1tica, a presidente da C\u00e2mara dos EUA, Nancy Pelosi, disse nesta quarta-feira, 3 (hor\u00e1rio ocal) que sua comitiva viajou a Taiwan para promover &#8220;a paz na regi\u00e3o&#8221;. &#8220;Viemos em amizade a Taiwan, viemos em paz \u00e0 regi\u00e3o&#8221;, declarou ela durante uma reuni\u00e3o com o vice-presidente [&hellip;]<\/p>\n","protected":false},"author":2,"featured_media":289911,"comment_status":"closed","ping_status":"closed","sticky":false,"template":"","format":"standard","meta":{"_acf_changed":false,"footnotes":""},"categories":[159],"tags":[95],"class_list":["post-289910","post","type-post","status-publish","format-standard","has-post-thumbnail","hentry","category-apocalipse","tag-capa"],"acf":[],"yoast_head":"<!-- This site is optimized with the Yoast SEO plugin v27.2 - https:\/\/yoast.com\/product\/yoast-seo-wordpress\/ -->\n<title>Pelosi diz que viagem a Taiwan \u00e9 para promover paz na \u00c1sia - Notibras<\/title>\n<meta name=\"robots\" content=\"index, follow, max-snippet:-1, max-image-preview:large, max-video-preview:-1\" \/>\n<link rel=\"canonical\" href=\"https:\/\/www.notibras.com\/site\/pelosi-diz-que-viagem-a-taiwan-e-para-promover-paz-na-asia\/\" \/>\n<meta property=\"og:locale\" content=\"pt_BR\" \/>\n<meta property=\"og:type\" content=\"article\" \/>\n<meta property=\"og:title\" content=\"Pelosi diz que viagem a Taiwan \u00e9 para promover paz na \u00c1sia - Notibras\" \/>\n<meta property=\"og:description\" content=\"Ap\u00f3s uma visita que enfureceu Pequim e provocou uma conflagra\u00e7\u00e3o diplom\u00e1tica, a presidente da C\u00e2mara dos EUA, Nancy Pelosi, disse nesta quarta-feira, 3 (hor\u00e1rio ocal) que sua comitiva viajou a Taiwan para promover &#8220;a paz na regi\u00e3o&#8221;. &#8220;Viemos em amizade a Taiwan, viemos em paz \u00e0 regi\u00e3o&#8221;, declarou ela durante uma reuni\u00e3o com o vice-presidente [&hellip;]\" \/>\n<meta property=\"og:url\" content=\"https:\/\/www.notibras.com\/site\/pelosi-diz-que-viagem-a-taiwan-e-para-promover-paz-na-asia\/\" \/>\n<meta property=\"og:site_name\" content=\"Notibras\" \/>\n<meta property=\"article:publisher\" content=\"https:\/\/www.facebook.com\/notibras\/\" \/>\n<meta property=\"article:published_time\" content=\"2022-08-03T04:19:51+00:00\" \/>\n<meta property=\"og:image\" content=\"https:\/\/www.notibras.com\/site\/wp-content\/uploads\/2022\/08\/pelosi.taiwan.webp\" \/>\n\t<meta property=\"og:image:width\" content=\"1920\" \/>\n\t<meta property=\"og:image:height\" content=\"1079\" \/>\n\t<meta property=\"og:image:type\" content=\"image\/webp\" \/>\n<meta name=\"author\" content=\"Reda\u00e7\u00e3o\" \/>\n<meta name=\"twitter:card\" content=\"summary_large_image\" \/>\n<meta name=\"twitter:creator\" content=\"@Notibras\" \/>\n<meta name=\"twitter:site\" content=\"@Notibras\" \/>\n<meta name=\"twitter:label1\" content=\"Escrito por\" \/>\n\t<meta name=\"twitter:data1\" content=\"Reda\u00e7\u00e3o\" \/>\n\t<meta name=\"twitter:label2\" content=\"Est. tempo de leitura\" \/>\n\t<meta name=\"twitter:data2\" content=\"4 minutos\" \/>\n<script type=\"application\/ld+json\" class=\"yoast-schema-graph\">{\"@context\":\"https:\/\/schema.org\",\"@graph\":[{\"@type\":\"Article\",\"@id\":\"https:\/\/www.notibras.com\/site\/pelosi-diz-que-viagem-a-taiwan-e-para-promover-paz-na-asia\/#article\",\"isPartOf\":{\"@id\":\"https:\/\/www.notibras.com\/site\/pelosi-diz-que-viagem-a-taiwan-e-para-promover-paz-na-asia\/\"},\"author\":{\"name\":\"Reda\u00e7\u00e3o\",\"@id\":\"https:\/\/www.notibras.com\/site\/#\/schema\/person\/36ab0979449956132d3e5b517ea76ac8\"},\"headline\":\"Pelosi diz que viagem a Taiwan \u00e9 para promover paz na \u00c1sia\",\"datePublished\":\"2022-08-03T04:19:51+00:00\",\"mainEntityOfPage\":{\"@id\":\"https:\/\/www.notibras.com\/site\/pelosi-diz-que-viagem-a-taiwan-e-para-promover-paz-na-asia\/\"},\"wordCount\":681,\"publisher\":{\"@id\":\"https:\/\/www.notibras.com\/site\/#organization\"},\"image\":{\"@id\":\"https:\/\/www.notibras.com\/site\/pelosi-diz-que-viagem-a-taiwan-e-para-promover-paz-na-asia\/#primaryimage\"},\"thumbnailUrl\":\"https:\/\/www.notibras.com\/site\/wp-content\/uploads\/2022\/08\/pelosi.taiwan.webp\",\"keywords\":[\"capa\"],\"articleSection\":[\"Apocalipse\"],\"inLanguage\":\"pt-BR\"},{\"@type\":\"WebPage\",\"@id\":\"https:\/\/www.notibras.com\/site\/pelosi-diz-que-viagem-a-taiwan-e-para-promover-paz-na-asia\/\",\"url\":\"https:\/\/www.notibras.com\/site\/pelosi-diz-que-viagem-a-taiwan-e-para-promover-paz-na-asia\/\",\"name\":\"Pelosi diz que viagem a Taiwan \u00e9 para promover paz na \u00c1sia - Notibras\",\"isPartOf\":{\"@id\":\"https:\/\/www.notibras.com\/site\/#website\"},\"primaryImageOfPage\":{\"@id\":\"https:\/\/www.notibras.com\/site\/pelosi-diz-que-viagem-a-taiwan-e-para-promover-paz-na-asia\/#primaryimage\"},\"image\":{\"@id\":\"https:\/\/www.notibras.com\/site\/pelosi-diz-que-viagem-a-taiwan-e-para-promover-paz-na-asia\/#primaryimage\"},\"thumbnailUrl\":\"https:\/\/www.notibras.com\/site\/wp-content\/uploads\/2022\/08\/pelosi.taiwan.webp\",\"datePublished\":\"2022-08-03T04:19:51+00:00\",\"breadcrumb\":{\"@id\":\"https:\/\/www.notibras.com\/site\/pelosi-diz-que-viagem-a-taiwan-e-para-promover-paz-na-asia\/#breadcrumb\"},\"inLanguage\":\"pt-BR\",\"potentialAction\":[{\"@type\":\"ReadAction\",\"target\":[\"https:\/\/www.notibras.com\/site\/pelosi-diz-que-viagem-a-taiwan-e-para-promover-paz-na-asia\/\"]}]},{\"@type\":\"ImageObject\",\"inLanguage\":\"pt-BR\",\"@id\":\"https:\/\/www.notibras.com\/site\/pelosi-diz-que-viagem-a-taiwan-e-para-promover-paz-na-asia\/#primaryimage\",\"url\":\"https:\/\/www.notibras.com\/site\/wp-content\/uploads\/2022\/08\/pelosi.taiwan.webp\",\"contentUrl\":\"https:\/\/www.notibras.com\/site\/wp-content\/uploads\/2022\/08\/pelosi.taiwan.webp\",\"width\":1920,\"height\":1079},{\"@type\":\"BreadcrumbList\",\"@id\":\"https:\/\/www.notibras.com\/site\/pelosi-diz-que-viagem-a-taiwan-e-para-promover-paz-na-asia\/#breadcrumb\",\"itemListElement\":[{\"@type\":\"ListItem\",\"position\":1,\"name\":\"In\u00edcio\",\"item\":\"https:\/\/www.notibras.com\/site\/\"},{\"@type\":\"ListItem\",\"position\":2,\"name\":\"Pelosi diz que viagem a Taiwan \u00e9 para promover paz na \u00c1sia\"}]},{\"@type\":\"WebSite\",\"@id\":\"https:\/\/www.notibras.com\/site\/#website\",\"url\":\"https:\/\/www.notibras.com\/site\/\",\"name\":\"Notibras\",\"description\":\"Not\u00edcias de Bras\u00edlia, do Brasil e do Mundo\",\"publisher\":{\"@id\":\"https:\/\/www.notibras.com\/site\/#organization\"},\"potentialAction\":[{\"@type\":\"SearchAction\",\"target\":{\"@type\":\"EntryPoint\",\"urlTemplate\":\"https:\/\/www.notibras.com\/site\/?s={search_term_string}\"},\"query-input\":{\"@type\":\"PropertyValueSpecification\",\"valueRequired\":true,\"valueName\":\"search_term_string\"}}],\"inLanguage\":\"pt-BR\"},{\"@type\":\"Organization\",\"@id\":\"https:\/\/www.notibras.com\/site\/#organization\",\"name\":\"Grupo Notibras de Comunica\u00e7\u00e3o\",\"url\":\"https:\/\/www.notibras.com\/site\/\",\"logo\":{\"@type\":\"ImageObject\",\"inLanguage\":\"pt-BR\",\"@id\":\"https:\/\/www.notibras.com\/site\/#\/schema\/logo\/image\/\",\"url\":\"https:\/\/www.notibras.com\/site\/wp-content\/uploads\/2023\/01\/notibras23.png\",\"contentUrl\":\"https:\/\/www.notibras.com\/site\/wp-content\/uploads\/2023\/01\/notibras23.png\",\"width\":350,\"height\":87,\"caption\":\"Grupo Notibras de Comunica\u00e7\u00e3o\"},\"image\":{\"@id\":\"https:\/\/www.notibras.com\/site\/#\/schema\/logo\/image\/\"},\"sameAs\":[\"https:\/\/www.facebook.com\/notibras\/\",\"https:\/\/x.com\/Notibras\",\"https:\/\/www.instagram.com\/notibras\/\"]},{\"@type\":\"Person\",\"@id\":\"https:\/\/www.notibras.com\/site\/#\/schema\/person\/36ab0979449956132d3e5b517ea76ac8\",\"name\":\"Reda\u00e7\u00e3o\",\"image\":{\"@type\":\"ImageObject\",\"inLanguage\":\"pt-BR\",\"@id\":\"https:\/\/secure.gravatar.com\/avatar\/e0a867bdedb85fd243eadf09663511f96fc81e0720a4a42581f334ad4303aa6b?s=96&d=mm&r=g\",\"url\":\"https:\/\/secure.gravatar.com\/avatar\/e0a867bdedb85fd243eadf09663511f96fc81e0720a4a42581f334ad4303aa6b?s=96&d=mm&r=g\",\"contentUrl\":\"https:\/\/secure.gravatar.com\/avatar\/e0a867bdedb85fd243eadf09663511f96fc81e0720a4a42581f334ad4303aa6b?s=96&d=mm&r=g\",\"caption\":\"Reda\u00e7\u00e3o\"}}]}<\/script>\n<!-- \/ Yoast SEO plugin. -->","yoast_head_json":{"title":"Pelosi diz que viagem a Taiwan \u00e9 para promover paz na \u00c1sia - Notibras","robots":{"index":"index","follow":"follow","max-snippet":"max-snippet:-1","max-image-preview":"max-image-preview:large","max-video-preview":"max-video-preview:-1"},"canonical":"https:\/\/www.notibras.com\/site\/pelosi-diz-que-viagem-a-taiwan-e-para-promover-paz-na-asia\/","og_locale":"pt_BR","og_type":"article","og_title":"Pelosi diz que viagem a Taiwan \u00e9 para promover paz na \u00c1sia - Notibras","og_description":"Ap\u00f3s uma visita que enfureceu Pequim e provocou uma conflagra\u00e7\u00e3o diplom\u00e1tica, a presidente da C\u00e2mara dos EUA, Nancy Pelosi, disse nesta quarta-feira, 3 (hor\u00e1rio ocal) que sua comitiva viajou a Taiwan para promover &#8220;a paz na regi\u00e3o&#8221;. &#8220;Viemos em amizade a Taiwan, viemos em paz \u00e0 regi\u00e3o&#8221;, declarou ela durante uma reuni\u00e3o com o vice-presidente [&hellip;]","og_url":"https:\/\/www.notibras.com\/site\/pelosi-diz-que-viagem-a-taiwan-e-para-promover-paz-na-asia\/","og_site_name":"Notibras","article_publisher":"https:\/\/www.facebook.com\/notibras\/","article_published_time":"2022-08-03T04:19:51+00:00","og_image":[{"width":1920,"height":1079,"url":"https:\/\/www.notibras.com\/site\/wp-content\/uploads\/2022\/08\/pelosi.taiwan.webp","type":"image\/webp"}],"author":"Reda\u00e7\u00e3o","twitter_card":"summary_large_image","twitter_creator":"@Notibras","twitter_site":"@Notibras","twitter_misc":{"Escrito por":"Reda\u00e7\u00e3o","Est. tempo de leitura":"4 minutos"},"schema":{"@context":"https:\/\/schema.org","@graph":[{"@type":"Article","@id":"https:\/\/www.notibras.com\/site\/pelosi-diz-que-viagem-a-taiwan-e-para-promover-paz-na-asia\/#article","isPartOf":{"@id":"https:\/\/www.notibras.com\/site\/pelosi-diz-que-viagem-a-taiwan-e-para-promover-paz-na-asia\/"},"author":{"name":"Reda\u00e7\u00e3o","@id":"https:\/\/www.notibras.com\/site\/#\/schema\/person\/36ab0979449956132d3e5b517ea76ac8"},"headline":"Pelosi diz que viagem a Taiwan \u00e9 para promover paz na \u00c1sia","datePublished":"2022-08-03T04:19:51+00:00","mainEntityOfPage":{"@id":"https:\/\/www.notibras.com\/site\/pelosi-diz-que-viagem-a-taiwan-e-para-promover-paz-na-asia\/"},"wordCount":681,"publisher":{"@id":"https:\/\/www.notibras.com\/site\/#organization"},"image":{"@id":"https:\/\/www.notibras.com\/site\/pelosi-diz-que-viagem-a-taiwan-e-para-promover-paz-na-asia\/#primaryimage"},"thumbnailUrl":"https:\/\/www.notibras.com\/site\/wp-content\/uploads\/2022\/08\/pelosi.taiwan.webp","keywords":["capa"],"articleSection":["Apocalipse"],"inLanguage":"pt-BR"},{"@type":"WebPage","@id":"https:\/\/www.notibras.com\/site\/pelosi-diz-que-viagem-a-taiwan-e-para-promover-paz-na-asia\/","url":"https:\/\/www.notibras.com\/site\/pelosi-diz-que-viagem-a-taiwan-e-para-promover-paz-na-asia\/","name":"Pelosi diz que viagem a Taiwan \u00e9 para promover paz na \u00c1sia - Notibras","isPartOf":{"@id":"https:\/\/www.notibras.com\/site\/#website"},"primaryImageOfPage":{"@id":"https:\/\/www.notibras.com\/site\/pelosi-diz-que-viagem-a-taiwan-e-para-promover-paz-na-asia\/#primaryimage"},"image":{"@id":"https:\/\/www.notibras.com\/site\/pelosi-diz-que-viagem-a-taiwan-e-para-promover-paz-na-asia\/#primaryimage"},"thumbnailUrl":"https:\/\/www.notibras.com\/site\/wp-content\/uploads\/2022\/08\/pelosi.taiwan.webp","datePublished":"2022-08-03T04:19:51+00:00","breadcrumb":{"@id":"https:\/\/www.notibras.com\/site\/pelosi-diz-que-viagem-a-taiwan-e-para-promover-paz-na-asia\/#breadcrumb"},"inLanguage":"pt-BR","potentialAction":[{"@type":"ReadAction","target":["https:\/\/www.notibras.com\/site\/pelosi-diz-que-viagem-a-taiwan-e-para-promover-paz-na-asia\/"]}]},{"@type":"ImageObject","inLanguage":"pt-BR","@id":"https:\/\/www.notibras.com\/site\/pelosi-diz-que-viagem-a-taiwan-e-para-promover-paz-na-asia\/#primaryimage","url":"https:\/\/www.notibras.com\/site\/wp-content\/uploads\/2022\/08\/pelosi.taiwan.webp","contentUrl":"https:\/\/www.notibras.com\/site\/wp-content\/uploads\/2022\/08\/pelosi.taiwan.webp","width":1920,"height":1079},{"@type":"BreadcrumbList","@id":"https:\/\/www.notibras.com\/site\/pelosi-diz-que-viagem-a-taiwan-e-para-promover-paz-na-asia\/#breadcrumb","itemListElement":[{"@type":"ListItem","position":1,"name":"In\u00edcio","item":"https:\/\/www.notibras.com\/site\/"},{"@type":"ListItem","position":2,"name":"Pelosi diz que viagem a Taiwan \u00e9 para promover paz na \u00c1sia"}]},{"@type":"WebSite","@id":"https:\/\/www.notibras.com\/site\/#website","url":"https:\/\/www.notibras.com\/site\/","name":"Notibras","description":"Not\u00edcias de Bras\u00edlia, do Brasil e do Mundo","publisher":{"@id":"https:\/\/www.notibras.com\/site\/#organization"},"potentialAction":[{"@type":"SearchAction","target":{"@type":"EntryPoint","urlTemplate":"https:\/\/www.notibras.com\/site\/?s={search_term_string}"},"query-input":{"@type":"PropertyValueSpecification","valueRequired":true,"valueName":"search_term_string"}}],"inLanguage":"pt-BR"},{"@type":"Organization","@id":"https:\/\/www.notibras.com\/site\/#organization","name":"Grupo Notibras de Comunica\u00e7\u00e3o","url":"https:\/\/www.notibras.com\/site\/","logo":{"@type":"ImageObject","inLanguage":"pt-BR","@id":"https:\/\/www.notibras.com\/site\/#\/schema\/logo\/image\/","url":"https:\/\/www.notibras.com\/site\/wp-content\/uploads\/2023\/01\/notibras23.png","contentUrl":"https:\/\/www.notibras.com\/site\/wp-content\/uploads\/2023\/01\/notibras23.png","width":350,"height":87,"caption":"Grupo Notibras de Comunica\u00e7\u00e3o"},"image":{"@id":"https:\/\/www.notibras.com\/site\/#\/schema\/logo\/image\/"},"sameAs":["https:\/\/www.facebook.com\/notibras\/","https:\/\/x.com\/Notibras","https:\/\/www.instagram.com\/notibras\/"]},{"@type":"Person","@id":"https:\/\/www.notibras.com\/site\/#\/schema\/person\/36ab0979449956132d3e5b517ea76ac8","name":"Reda\u00e7\u00e3o","image":{"@type":"ImageObject","inLanguage":"pt-BR","@id":"https:\/\/secure.gravatar.com\/avatar\/e0a867bdedb85fd243eadf09663511f96fc81e0720a4a42581f334ad4303aa6b?s=96&d=mm&r=g","url":"https:\/\/secure.gravatar.com\/avatar\/e0a867bdedb85fd243eadf09663511f96fc81e0720a4a42581f334ad4303aa6b?s=96&d=mm&r=g","contentUrl":"https:\/\/secure.gravatar.com\/avatar\/e0a867bdedb85fd243eadf09663511f96fc81e0720a4a42581f334ad4303aa6b?s=96&d=mm&r=g","caption":"Reda\u00e7\u00e3o"}}]}},"amp_enabled":true,"_links":{"self":[{"href":"https:\/\/www.notibras.com\/site\/wp-json\/wp\/v2\/posts\/289910","targetHints":{"allow":["GET"]}}],"collection":[{"href":"https:\/\/www.notibras.com\/site\/wp-json\/wp\/v2\/posts"}],"about":[{"href":"https:\/\/www.notibras.com\/site\/wp-json\/wp\/v2\/types\/post"}],"author":[{"embeddable":true,"href":"https:\/\/www.notibras.com\/site\/wp-json\/wp\/v2\/users\/2"}],"replies":[{"embeddable":true,"href":"https:\/\/www.notibras.com\/site\/wp-json\/wp\/v2\/comments?post=289910"}],"version-history":[{"count":1,"href":"https:\/\/www.notibras.com\/site\/wp-json\/wp\/v2\/posts\/289910\/revisions"}],"predecessor-version":[{"id":289912,"href":"https:\/\/www.notibras.com\/site\/wp-json\/wp\/v2\/posts\/289910\/revisions\/289912"}],"wp:featuredmedia":[{"embeddable":true,"href":"https:\/\/www.notibras.com\/site\/wp-json\/wp\/v2\/media\/289911"}],"wp:attachment":[{"href":"https:\/\/www.notibras.com\/site\/wp-json\/wp\/v2\/media?parent=289910"}],"wp:term":[{"taxonomy":"category","embeddable":true,"href":"https:\/\/www.notibras.com\/site\/wp-json\/wp\/v2\/categories?post=289910"},{"taxonomy":"post_tag","embeddable":true,"href":"https:\/\/www.notibras.com\/site\/wp-json\/wp\/v2\/tags?post=289910"}],"curies":[{"name":"wp","href":"https:\/\/api.w.org\/{rel}","templated":true}]}}