{"id":289932,"date":"2022-08-03T15:26:03","date_gmt":"2022-08-03T18:26:03","guid":{"rendered":"https:\/\/www.notibras.com\/site\/?p=289932"},"modified":"2022-08-03T19:28:58","modified_gmt":"2022-08-03T22:28:58","slug":"fake-news-e-arma-que-pode-matar-democracia-diz-fux","status":"publish","type":"post","link":"https:\/\/www.notibras.com\/site\/fake-news-e-arma-que-pode-matar-democracia-diz-fux\/","title":{"rendered":"Fake news \u00e9 arma que pode matar democracia, diz Fux"},"content":{"rendered":"<p>O presidente do Supremo Tribunal Federal (STF), ministro Luiz Fux, afirmou nesta quarta, 3, que a dissemina\u00e7\u00e3o de informa\u00e7\u00f5es sabidamente falsas durante o per\u00edodo eleitoral \u00e9 uma amea\u00e7a ao sistema democr\u00e1tico. Para ele, o Brasil possui instrumentos para combater \u201cfrontalmente\u201d esse risco.<\/p>\n<p>\u201cAs informa\u00e7\u00f5es falsas, hoje cognominadas fake news, s\u00e3o aquelas informa\u00e7\u00f5es que n\u00e3o t\u00eam fundo de veracidade e atingem de forma frontal a candidatura de outro concorrente, causando-lhe danos irrepar\u00e1veis\u201d, disse Fux durante semin\u00e1rio sobre o tema realizado na sede do Supremo, em Bras\u00edlia.<\/p>\n<p>H\u00e1 no pa\u00eds arcabou\u00e7o jur\u00eddico que permite a responsabiliza\u00e7\u00e3o nas esferas c\u00edvel, criminal e eleitoral, frisou Fux. \u201cO Brasil \u00e9 um pa\u00eds que, velando pela sua democracia, do governo pelo povo e para o povo, co\u00edbe frontalmente as fake news\u201d, completou o presidente do Supremo.<\/p>\n<p>Fux afirmou haver a necessidade de uma \u201clisura informacional\u201d e que \u201co cidad\u00e3o precisa ser bem informado antes de exteriorizar a sua opini\u00e3o em rela\u00e7\u00e3o a quem ele prefere que o represente\u201d.<\/p>\n<p>O ministro do STF Lu\u00eds Roberto Barroso em sua fala disse haver \u201cum momento delicado na democracia\u201d, e que o populismo autorit\u00e1rio busca se valer de \u201cdesinforma\u00e7\u00e3o, \u00f3dio ofensa e teorias conspirat\u00f3rias\u201d.<\/p>\n<p>Os ministros do Supremo participaram do semin\u00e1rio Fake news e liberdade de express\u00e3o, organizado em parceria com a Embaixada da Alemanha, com palestra de Sibylle Kessal-Wulf, ju\u00edza do Tribunal Constitucional alem\u00e3o. O ministro Lu\u00eds Felipe Salom\u00e3o, do Superior Tribunal de Justi\u00e7a (STJ), e o embaixador da Alemanha no Brasil, Heiko Thoms, tamb\u00e9m participaram.<\/p>\n","protected":false},"excerpt":{"rendered":"<p>O presidente do Supremo Tribunal Federal (STF), ministro Luiz Fux, afirmou nesta quarta, 3, que a dissemina\u00e7\u00e3o de informa\u00e7\u00f5es sabidamente falsas durante o per\u00edodo eleitoral \u00e9 uma amea\u00e7a ao sistema democr\u00e1tico. Para ele, o Brasil possui instrumentos para combater \u201cfrontalmente\u201d esse risco. \u201cAs informa\u00e7\u00f5es falsas, hoje cognominadas fake news, s\u00e3o aquelas informa\u00e7\u00f5es que n\u00e3o t\u00eam [&hellip;]<\/p>\n","protected":false},"author":2,"featured_media":289933,"comment_status":"closed","ping_status":"closed","sticky":false,"template":"","format":"standard","meta":{"_acf_changed":false,"footnotes":""},"categories":[26],"tags":[95],"class_list":["post-289932","post","type-post","status-publish","format-standard","has-post-thumbnail","hentry","category-eleicoes-2022","tag-capa"],"acf":[],"yoast_head":"<!-- This site is optimized with the Yoast SEO plugin v27.2 - https:\/\/yoast.com\/product\/yoast-seo-wordpress\/ -->\n<title>Fake news \u00e9 arma que pode matar democracia, diz Fux - Notibras<\/title>\n<meta name=\"robots\" content=\"index, follow, max-snippet:-1, max-image-preview:large, max-video-preview:-1\" \/>\n<link rel=\"canonical\" href=\"https:\/\/www.notibras.com\/site\/fake-news-e-arma-que-pode-matar-democracia-diz-fux\/\" \/>\n<meta property=\"og:locale\" content=\"pt_BR\" \/>\n<meta property=\"og:type\" content=\"article\" \/>\n<meta property=\"og:title\" content=\"Fake news \u00e9 arma que pode matar democracia, diz Fux - Notibras\" \/>\n<meta property=\"og:description\" content=\"O presidente do Supremo Tribunal Federal (STF), ministro Luiz Fux, afirmou nesta quarta, 3, que a dissemina\u00e7\u00e3o de informa\u00e7\u00f5es sabidamente falsas durante o per\u00edodo eleitoral \u00e9 uma amea\u00e7a ao sistema democr\u00e1tico. Para ele, o Brasil possui instrumentos para combater \u201cfrontalmente\u201d esse risco. \u201cAs informa\u00e7\u00f5es falsas, hoje cognominadas fake news, s\u00e3o aquelas informa\u00e7\u00f5es que n\u00e3o t\u00eam [&hellip;]\" \/>\n<meta property=\"og:url\" content=\"https:\/\/www.notibras.com\/site\/fake-news-e-arma-que-pode-matar-democracia-diz-fux\/\" \/>\n<meta property=\"og:site_name\" content=\"Notibras\" \/>\n<meta property=\"article:publisher\" content=\"https:\/\/www.facebook.com\/notibras\/\" \/>\n<meta property=\"article:published_time\" content=\"2022-08-03T18:26:03+00:00\" \/>\n<meta property=\"article:modified_time\" content=\"2022-08-03T22:28:58+00:00\" \/>\n<meta property=\"og:image\" content=\"https:\/\/www.notibras.com\/site\/wp-content\/uploads\/2022\/08\/51753444114_8ddbb3eaf8_k.jpg\" \/>\n\t<meta property=\"og:image:width\" content=\"1170\" \/>\n\t<meta property=\"og:image:height\" content=\"700\" \/>\n\t<meta property=\"og:image:type\" content=\"image\/jpeg\" \/>\n<meta name=\"author\" content=\"Reda\u00e7\u00e3o\" \/>\n<meta name=\"twitter:card\" content=\"summary_large_image\" \/>\n<meta name=\"twitter:creator\" content=\"@Notibras\" \/>\n<meta name=\"twitter:site\" content=\"@Notibras\" \/>\n<meta name=\"twitter:label1\" content=\"Escrito por\" \/>\n\t<meta name=\"twitter:data1\" content=\"Reda\u00e7\u00e3o\" \/>\n\t<meta name=\"twitter:label2\" content=\"Est. tempo de leitura\" \/>\n\t<meta name=\"twitter:data2\" content=\"2 minutos\" \/>\n<script type=\"application\/ld+json\" class=\"yoast-schema-graph\">{\"@context\":\"https:\/\/schema.org\",\"@graph\":[{\"@type\":\"Article\",\"@id\":\"https:\/\/www.notibras.com\/site\/fake-news-e-arma-que-pode-matar-democracia-diz-fux\/#article\",\"isPartOf\":{\"@id\":\"https:\/\/www.notibras.com\/site\/fake-news-e-arma-que-pode-matar-democracia-diz-fux\/\"},\"author\":{\"name\":\"Reda\u00e7\u00e3o\",\"@id\":\"https:\/\/www.notibras.com\/site\/#\/schema\/person\/36ab0979449956132d3e5b517ea76ac8\"},\"headline\":\"Fake news \u00e9 arma que pode matar democracia, diz Fux\",\"datePublished\":\"2022-08-03T18:26:03+00:00\",\"dateModified\":\"2022-08-03T22:28:58+00:00\",\"mainEntityOfPage\":{\"@id\":\"https:\/\/www.notibras.com\/site\/fake-news-e-arma-que-pode-matar-democracia-diz-fux\/\"},\"wordCount\":288,\"publisher\":{\"@id\":\"https:\/\/www.notibras.com\/site\/#organization\"},\"image\":{\"@id\":\"https:\/\/www.notibras.com\/site\/fake-news-e-arma-que-pode-matar-democracia-diz-fux\/#primaryimage\"},\"thumbnailUrl\":\"https:\/\/www.notibras.com\/site\/wp-content\/uploads\/2022\/08\/51753444114_8ddbb3eaf8_k.jpg\",\"keywords\":[\"capa\"],\"articleSection\":[\"Elei\u00e7\u00f5es 2022\"],\"inLanguage\":\"pt-BR\"},{\"@type\":\"WebPage\",\"@id\":\"https:\/\/www.notibras.com\/site\/fake-news-e-arma-que-pode-matar-democracia-diz-fux\/\",\"url\":\"https:\/\/www.notibras.com\/site\/fake-news-e-arma-que-pode-matar-democracia-diz-fux\/\",\"name\":\"Fake news \u00e9 arma que pode matar democracia, diz Fux - Notibras\",\"isPartOf\":{\"@id\":\"https:\/\/www.notibras.com\/site\/#website\"},\"primaryImageOfPage\":{\"@id\":\"https:\/\/www.notibras.com\/site\/fake-news-e-arma-que-pode-matar-democracia-diz-fux\/#primaryimage\"},\"image\":{\"@id\":\"https:\/\/www.notibras.com\/site\/fake-news-e-arma-que-pode-matar-democracia-diz-fux\/#primaryimage\"},\"thumbnailUrl\":\"https:\/\/www.notibras.com\/site\/wp-content\/uploads\/2022\/08\/51753444114_8ddbb3eaf8_k.jpg\",\"datePublished\":\"2022-08-03T18:26:03+00:00\",\"dateModified\":\"2022-08-03T22:28:58+00:00\",\"breadcrumb\":{\"@id\":\"https:\/\/www.notibras.com\/site\/fake-news-e-arma-que-pode-matar-democracia-diz-fux\/#breadcrumb\"},\"inLanguage\":\"pt-BR\",\"potentialAction\":[{\"@type\":\"ReadAction\",\"target\":[\"https:\/\/www.notibras.com\/site\/fake-news-e-arma-que-pode-matar-democracia-diz-fux\/\"]}]},{\"@type\":\"ImageObject\",\"inLanguage\":\"pt-BR\",\"@id\":\"https:\/\/www.notibras.com\/site\/fake-news-e-arma-que-pode-matar-democracia-diz-fux\/#primaryimage\",\"url\":\"https:\/\/www.notibras.com\/site\/wp-content\/uploads\/2022\/08\/51753444114_8ddbb3eaf8_k.jpg\",\"contentUrl\":\"https:\/\/www.notibras.com\/site\/wp-content\/uploads\/2022\/08\/51753444114_8ddbb3eaf8_k.jpg\",\"width\":1170,\"height\":700},{\"@type\":\"BreadcrumbList\",\"@id\":\"https:\/\/www.notibras.com\/site\/fake-news-e-arma-que-pode-matar-democracia-diz-fux\/#breadcrumb\",\"itemListElement\":[{\"@type\":\"ListItem\",\"position\":1,\"name\":\"In\u00edcio\",\"item\":\"https:\/\/www.notibras.com\/site\/\"},{\"@type\":\"ListItem\",\"position\":2,\"name\":\"Fake news \u00e9 arma que pode matar democracia, diz Fux\"}]},{\"@type\":\"WebSite\",\"@id\":\"https:\/\/www.notibras.com\/site\/#website\",\"url\":\"https:\/\/www.notibras.com\/site\/\",\"name\":\"Notibras\",\"description\":\"Not\u00edcias de Bras\u00edlia, do Brasil e do Mundo\",\"publisher\":{\"@id\":\"https:\/\/www.notibras.com\/site\/#organization\"},\"potentialAction\":[{\"@type\":\"SearchAction\",\"target\":{\"@type\":\"EntryPoint\",\"urlTemplate\":\"https:\/\/www.notibras.com\/site\/?s={search_term_string}\"},\"query-input\":{\"@type\":\"PropertyValueSpecification\",\"valueRequired\":true,\"valueName\":\"search_term_string\"}}],\"inLanguage\":\"pt-BR\"},{\"@type\":\"Organization\",\"@id\":\"https:\/\/www.notibras.com\/site\/#organization\",\"name\":\"Grupo Notibras de Comunica\u00e7\u00e3o\",\"url\":\"https:\/\/www.notibras.com\/site\/\",\"logo\":{\"@type\":\"ImageObject\",\"inLanguage\":\"pt-BR\",\"@id\":\"https:\/\/www.notibras.com\/site\/#\/schema\/logo\/image\/\",\"url\":\"https:\/\/www.notibras.com\/site\/wp-content\/uploads\/2023\/01\/notibras23.png\",\"contentUrl\":\"https:\/\/www.notibras.com\/site\/wp-content\/uploads\/2023\/01\/notibras23.png\",\"width\":350,\"height\":87,\"caption\":\"Grupo Notibras de Comunica\u00e7\u00e3o\"},\"image\":{\"@id\":\"https:\/\/www.notibras.com\/site\/#\/schema\/logo\/image\/\"},\"sameAs\":[\"https:\/\/www.facebook.com\/notibras\/\",\"https:\/\/x.com\/Notibras\",\"https:\/\/www.instagram.com\/notibras\/\"]},{\"@type\":\"Person\",\"@id\":\"https:\/\/www.notibras.com\/site\/#\/schema\/person\/36ab0979449956132d3e5b517ea76ac8\",\"name\":\"Reda\u00e7\u00e3o\",\"image\":{\"@type\":\"ImageObject\",\"inLanguage\":\"pt-BR\",\"@id\":\"https:\/\/secure.gravatar.com\/avatar\/e0a867bdedb85fd243eadf09663511f96fc81e0720a4a42581f334ad4303aa6b?s=96&d=mm&r=g\",\"url\":\"https:\/\/secure.gravatar.com\/avatar\/e0a867bdedb85fd243eadf09663511f96fc81e0720a4a42581f334ad4303aa6b?s=96&d=mm&r=g\",\"contentUrl\":\"https:\/\/secure.gravatar.com\/avatar\/e0a867bdedb85fd243eadf09663511f96fc81e0720a4a42581f334ad4303aa6b?s=96&d=mm&r=g\",\"caption\":\"Reda\u00e7\u00e3o\"}}]}<\/script>\n<!-- \/ Yoast SEO plugin. -->","yoast_head_json":{"title":"Fake news \u00e9 arma que pode matar democracia, diz Fux - Notibras","robots":{"index":"index","follow":"follow","max-snippet":"max-snippet:-1","max-image-preview":"max-image-preview:large","max-video-preview":"max-video-preview:-1"},"canonical":"https:\/\/www.notibras.com\/site\/fake-news-e-arma-que-pode-matar-democracia-diz-fux\/","og_locale":"pt_BR","og_type":"article","og_title":"Fake news \u00e9 arma que pode matar democracia, diz Fux - Notibras","og_description":"O presidente do Supremo Tribunal Federal (STF), ministro Luiz Fux, afirmou nesta quarta, 3, que a dissemina\u00e7\u00e3o de informa\u00e7\u00f5es sabidamente falsas durante o per\u00edodo eleitoral \u00e9 uma amea\u00e7a ao sistema democr\u00e1tico. Para ele, o Brasil possui instrumentos para combater \u201cfrontalmente\u201d esse risco. \u201cAs informa\u00e7\u00f5es falsas, hoje cognominadas fake news, s\u00e3o aquelas informa\u00e7\u00f5es que n\u00e3o t\u00eam [&hellip;]","og_url":"https:\/\/www.notibras.com\/site\/fake-news-e-arma-que-pode-matar-democracia-diz-fux\/","og_site_name":"Notibras","article_publisher":"https:\/\/www.facebook.com\/notibras\/","article_published_time":"2022-08-03T18:26:03+00:00","article_modified_time":"2022-08-03T22:28:58+00:00","og_image":[{"width":1170,"height":700,"url":"https:\/\/www.notibras.com\/site\/wp-content\/uploads\/2022\/08\/51753444114_8ddbb3eaf8_k.jpg","type":"image\/jpeg"}],"author":"Reda\u00e7\u00e3o","twitter_card":"summary_large_image","twitter_creator":"@Notibras","twitter_site":"@Notibras","twitter_misc":{"Escrito por":"Reda\u00e7\u00e3o","Est. tempo de leitura":"2 minutos"},"schema":{"@context":"https:\/\/schema.org","@graph":[{"@type":"Article","@id":"https:\/\/www.notibras.com\/site\/fake-news-e-arma-que-pode-matar-democracia-diz-fux\/#article","isPartOf":{"@id":"https:\/\/www.notibras.com\/site\/fake-news-e-arma-que-pode-matar-democracia-diz-fux\/"},"author":{"name":"Reda\u00e7\u00e3o","@id":"https:\/\/www.notibras.com\/site\/#\/schema\/person\/36ab0979449956132d3e5b517ea76ac8"},"headline":"Fake news \u00e9 arma que pode matar democracia, diz Fux","datePublished":"2022-08-03T18:26:03+00:00","dateModified":"2022-08-03T22:28:58+00:00","mainEntityOfPage":{"@id":"https:\/\/www.notibras.com\/site\/fake-news-e-arma-que-pode-matar-democracia-diz-fux\/"},"wordCount":288,"publisher":{"@id":"https:\/\/www.notibras.com\/site\/#organization"},"image":{"@id":"https:\/\/www.notibras.com\/site\/fake-news-e-arma-que-pode-matar-democracia-diz-fux\/#primaryimage"},"thumbnailUrl":"https:\/\/www.notibras.com\/site\/wp-content\/uploads\/2022\/08\/51753444114_8ddbb3eaf8_k.jpg","keywords":["capa"],"articleSection":["Elei\u00e7\u00f5es 2022"],"inLanguage":"pt-BR"},{"@type":"WebPage","@id":"https:\/\/www.notibras.com\/site\/fake-news-e-arma-que-pode-matar-democracia-diz-fux\/","url":"https:\/\/www.notibras.com\/site\/fake-news-e-arma-que-pode-matar-democracia-diz-fux\/","name":"Fake news \u00e9 arma que pode matar democracia, diz Fux - Notibras","isPartOf":{"@id":"https:\/\/www.notibras.com\/site\/#website"},"primaryImageOfPage":{"@id":"https:\/\/www.notibras.com\/site\/fake-news-e-arma-que-pode-matar-democracia-diz-fux\/#primaryimage"},"image":{"@id":"https:\/\/www.notibras.com\/site\/fake-news-e-arma-que-pode-matar-democracia-diz-fux\/#primaryimage"},"thumbnailUrl":"https:\/\/www.notibras.com\/site\/wp-content\/uploads\/2022\/08\/51753444114_8ddbb3eaf8_k.jpg","datePublished":"2022-08-03T18:26:03+00:00","dateModified":"2022-08-03T22:28:58+00:00","breadcrumb":{"@id":"https:\/\/www.notibras.com\/site\/fake-news-e-arma-que-pode-matar-democracia-diz-fux\/#breadcrumb"},"inLanguage":"pt-BR","potentialAction":[{"@type":"ReadAction","target":["https:\/\/www.notibras.com\/site\/fake-news-e-arma-que-pode-matar-democracia-diz-fux\/"]}]},{"@type":"ImageObject","inLanguage":"pt-BR","@id":"https:\/\/www.notibras.com\/site\/fake-news-e-arma-que-pode-matar-democracia-diz-fux\/#primaryimage","url":"https:\/\/www.notibras.com\/site\/wp-content\/uploads\/2022\/08\/51753444114_8ddbb3eaf8_k.jpg","contentUrl":"https:\/\/www.notibras.com\/site\/wp-content\/uploads\/2022\/08\/51753444114_8ddbb3eaf8_k.jpg","width":1170,"height":700},{"@type":"BreadcrumbList","@id":"https:\/\/www.notibras.com\/site\/fake-news-e-arma-que-pode-matar-democracia-diz-fux\/#breadcrumb","itemListElement":[{"@type":"ListItem","position":1,"name":"In\u00edcio","item":"https:\/\/www.notibras.com\/site\/"},{"@type":"ListItem","position":2,"name":"Fake news \u00e9 arma que pode matar democracia, diz Fux"}]},{"@type":"WebSite","@id":"https:\/\/www.notibras.com\/site\/#website","url":"https:\/\/www.notibras.com\/site\/","name":"Notibras","description":"Not\u00edcias de Bras\u00edlia, do Brasil e do Mundo","publisher":{"@id":"https:\/\/www.notibras.com\/site\/#organization"},"potentialAction":[{"@type":"SearchAction","target":{"@type":"EntryPoint","urlTemplate":"https:\/\/www.notibras.com\/site\/?s={search_term_string}"},"query-input":{"@type":"PropertyValueSpecification","valueRequired":true,"valueName":"search_term_string"}}],"inLanguage":"pt-BR"},{"@type":"Organization","@id":"https:\/\/www.notibras.com\/site\/#organization","name":"Grupo Notibras de Comunica\u00e7\u00e3o","url":"https:\/\/www.notibras.com\/site\/","logo":{"@type":"ImageObject","inLanguage":"pt-BR","@id":"https:\/\/www.notibras.com\/site\/#\/schema\/logo\/image\/","url":"https:\/\/www.notibras.com\/site\/wp-content\/uploads\/2023\/01\/notibras23.png","contentUrl":"https:\/\/www.notibras.com\/site\/wp-content\/uploads\/2023\/01\/notibras23.png","width":350,"height":87,"caption":"Grupo Notibras de Comunica\u00e7\u00e3o"},"image":{"@id":"https:\/\/www.notibras.com\/site\/#\/schema\/logo\/image\/"},"sameAs":["https:\/\/www.facebook.com\/notibras\/","https:\/\/x.com\/Notibras","https:\/\/www.instagram.com\/notibras\/"]},{"@type":"Person","@id":"https:\/\/www.notibras.com\/site\/#\/schema\/person\/36ab0979449956132d3e5b517ea76ac8","name":"Reda\u00e7\u00e3o","image":{"@type":"ImageObject","inLanguage":"pt-BR","@id":"https:\/\/secure.gravatar.com\/avatar\/e0a867bdedb85fd243eadf09663511f96fc81e0720a4a42581f334ad4303aa6b?s=96&d=mm&r=g","url":"https:\/\/secure.gravatar.com\/avatar\/e0a867bdedb85fd243eadf09663511f96fc81e0720a4a42581f334ad4303aa6b?s=96&d=mm&r=g","contentUrl":"https:\/\/secure.gravatar.com\/avatar\/e0a867bdedb85fd243eadf09663511f96fc81e0720a4a42581f334ad4303aa6b?s=96&d=mm&r=g","caption":"Reda\u00e7\u00e3o"}}]}},"amp_enabled":true,"_links":{"self":[{"href":"https:\/\/www.notibras.com\/site\/wp-json\/wp\/v2\/posts\/289932","targetHints":{"allow":["GET"]}}],"collection":[{"href":"https:\/\/www.notibras.com\/site\/wp-json\/wp\/v2\/posts"}],"about":[{"href":"https:\/\/www.notibras.com\/site\/wp-json\/wp\/v2\/types\/post"}],"author":[{"embeddable":true,"href":"https:\/\/www.notibras.com\/site\/wp-json\/wp\/v2\/users\/2"}],"replies":[{"embeddable":true,"href":"https:\/\/www.notibras.com\/site\/wp-json\/wp\/v2\/comments?post=289932"}],"version-history":[{"count":1,"href":"https:\/\/www.notibras.com\/site\/wp-json\/wp\/v2\/posts\/289932\/revisions"}],"predecessor-version":[{"id":289934,"href":"https:\/\/www.notibras.com\/site\/wp-json\/wp\/v2\/posts\/289932\/revisions\/289934"}],"wp:featuredmedia":[{"embeddable":true,"href":"https:\/\/www.notibras.com\/site\/wp-json\/wp\/v2\/media\/289933"}],"wp:attachment":[{"href":"https:\/\/www.notibras.com\/site\/wp-json\/wp\/v2\/media?parent=289932"}],"wp:term":[{"taxonomy":"category","embeddable":true,"href":"https:\/\/www.notibras.com\/site\/wp-json\/wp\/v2\/categories?post=289932"},{"taxonomy":"post_tag","embeddable":true,"href":"https:\/\/www.notibras.com\/site\/wp-json\/wp\/v2\/tags?post=289932"}],"curies":[{"name":"wp","href":"https:\/\/api.w.org\/{rel}","templated":true}]}}