{"id":289993,"date":"2022-08-04T11:40:52","date_gmt":"2022-08-04T14:40:52","guid":{"rendered":"https:\/\/www.notibras.com\/site\/?p=289993"},"modified":"2022-08-04T11:40:52","modified_gmt":"2022-08-04T14:40:52","slug":"china-reage-a-provocacao-e-ameaca-invadir-taiwan","status":"publish","type":"post","link":"https:\/\/www.notibras.com\/site\/china-reage-a-provocacao-e-ameaca-invadir-taiwan\/","title":{"rendered":"China reage a provoca\u00e7\u00e3o e amea\u00e7a invadir Taiwan"},"content":{"rendered":"<p>O ministro das Rela\u00e7\u00f5es Exteriores da China, Wang Yi, alertou que os planos dos EUA para deter a China n\u00e3o impedir\u00e3o a reunifica\u00e7\u00e3o iminente de Taiwan com o continente.<\/p>\n<p>&#8220;Os planos dos EUA de usar Taiwan para deter a China nunca ter\u00e3o sucesso e n\u00e3o mudar\u00e3o a tend\u00eancia hist\u00f3rica da reunifica\u00e7\u00e3o iminente de Taiwan&#8221;, disse ele a rep\u00f3rteres nesta quinta-feira, 4.<\/p>\n<p>Segundo ele, as provoca\u00e7\u00f5es dos EUA s\u00f3 v\u00e3o inspirar os 1,4 bilh\u00e3o de chineses a unificar e acelerar a cria\u00e7\u00e3o de um estado socialista moderno com caracter\u00edsticas chinesas.<\/p>\n<p>Wang tamb\u00e9m disse que as a\u00e7\u00f5es provocativas de Washington em rela\u00e7\u00e3o \u00e0 quest\u00e3o de Taiwan n\u00e3o s\u00e3o acidentais e que esta \u00e9 uma \u201cfarsa bem planejada\u201d.<\/p>\n<p>O principal diplomata chin\u00eas acrescentou que os EUA \u201cexpuseram sua cara feia de trai\u00e7\u00e3o a toda a comunidade internacional\u201d.<\/p>\n<p>As observa\u00e7\u00f5es vieram depois que Wang alertou que Pequim \u201cn\u00e3o deixar\u00e1 espa\u00e7o para a\u00e7\u00e3o \u00e0s for\u00e7as pr\u00f3-independ\u00eancia de Taiwan ou interfer\u00eancia de for\u00e7as externas\u201d. Ele tamb\u00e9m argumentou que as tentativas de usar Taiwan para deter a China est\u00e3o fadadas ao fracasso, acrescentando que \u201cos Estados Unidos n\u00e3o devem ter ilus\u00f5es sobre minar o desenvolvimento e o renascimento da China\u201d.<\/p>\n<p>O PLA havia dito anteriormente que os exerc\u00edcios ser\u00e3o realizados de 4 a 7 de agosto em seis \u00e1reas diferentes que formam um c\u00edrculo ao redor de Taiwan.<\/p>\n<p>Um mapa das zonas de exerc\u00edcio mostra uma no Estreito de Taiwan, uma no Mar da China Meridional ao sul do porto de Kaohsiung, duas no Mar da China Oriental perto das Ilhas Senkaku controladas pelos japoneses, uma no Mar das Filipinas e uma no Mar da China Oriental. Estreito de Luzon que separa Taiwan das Filipinas.<\/p>\n<p>De acordo com o jornal chin\u00eas <em>Global Times<\/em>, o PLA come\u00e7ou os exerc\u00edcios um dia antes, lan\u00e7ando \u201cbloqueio conjunto, assalto mar\u00edtimo e treinamento de combate terrestre e a\u00e9reo\u201d, incluindo ca\u00e7as furtivos J-20 e m\u00edsseis hipers\u00f4nicos Dongfeng-17, na quarta-feira.<\/p>\n<p>Os exerc\u00edcios ocorrem em meio a crescentes tens\u00f5es entre a China e os EUA sobre a visita de Pelosi a Taiwan. A presidente da C\u00e2mara chegou l\u00e1 na ter\u00e7a-feira como parte de uma visita de uma delega\u00e7\u00e3o do Congresso \u00e0 regi\u00e3o do Indo-Pac\u00edfico, deixando de lado advert\u00eancias privadas do governo Biden sobre o risco que sua visita diplom\u00e1tica de alto n\u00edvel poderia trazer e provocando uma resposta contundente do governo chin\u00eas.<\/p>\n<p>Em resposta \u00e0 visita, al\u00e9m de anunciar o in\u00edcio dos exerc\u00edcios militares de 4 a 7 de agosto, Pequim imp\u00f4s san\u00e7\u00f5es a dois fundos taiwaneses, bem como suspendeu a exporta\u00e7\u00e3o de areia natural para a ilha e as importa\u00e7\u00f5es de Taiwan de frutas c\u00edtricas e alguns tipos de produtos da pesca.<\/p>\n<p>O Minist\u00e9rio das Rela\u00e7\u00f5es Exteriores chin\u00eas tamb\u00e9m deixou claro que todas as consequ\u00eancias negativas da visita, \u00e0 qual Pequim se op\u00f4s por v\u00e1rios meses, ainda est\u00e3o por vir, e Washington e Taipei arcar\u00e3o com a responsabilidade por elas.<\/p>\n","protected":false},"excerpt":{"rendered":"<p>O ministro das Rela\u00e7\u00f5es Exteriores da China, Wang Yi, alertou que os planos dos EUA para deter a China n\u00e3o impedir\u00e3o a reunifica\u00e7\u00e3o iminente de Taiwan com o continente. &#8220;Os planos dos EUA de usar Taiwan para deter a China nunca ter\u00e3o sucesso e n\u00e3o mudar\u00e3o a tend\u00eancia hist\u00f3rica da reunifica\u00e7\u00e3o iminente de Taiwan&#8221;, disse [&hellip;]<\/p>\n","protected":false},"author":2,"featured_media":289994,"comment_status":"closed","ping_status":"closed","sticky":false,"template":"","format":"standard","meta":{"_acf_changed":false,"footnotes":""},"categories":[159],"tags":[],"class_list":["post-289993","post","type-post","status-publish","format-standard","has-post-thumbnail","hentry","category-apocalipse"],"acf":[],"yoast_head":"<!-- This site is optimized with the Yoast SEO plugin v27.2 - https:\/\/yoast.com\/product\/yoast-seo-wordpress\/ -->\n<title>China reage a provoca\u00e7\u00e3o e amea\u00e7a invadir Taiwan - Notibras<\/title>\n<meta name=\"robots\" content=\"index, follow, max-snippet:-1, max-image-preview:large, max-video-preview:-1\" \/>\n<link rel=\"canonical\" href=\"https:\/\/www.notibras.com\/site\/china-reage-a-provocacao-e-ameaca-invadir-taiwan\/\" \/>\n<meta property=\"og:locale\" content=\"pt_BR\" \/>\n<meta property=\"og:type\" content=\"article\" \/>\n<meta property=\"og:title\" content=\"China reage a provoca\u00e7\u00e3o e amea\u00e7a invadir Taiwan - Notibras\" \/>\n<meta property=\"og:description\" content=\"O ministro das Rela\u00e7\u00f5es Exteriores da China, Wang Yi, alertou que os planos dos EUA para deter a China n\u00e3o impedir\u00e3o a reunifica\u00e7\u00e3o iminente de Taiwan com o continente. &#8220;Os planos dos EUA de usar Taiwan para deter a China nunca ter\u00e3o sucesso e n\u00e3o mudar\u00e3o a tend\u00eancia hist\u00f3rica da reunifica\u00e7\u00e3o iminente de Taiwan&#8221;, disse [&hellip;]\" \/>\n<meta property=\"og:url\" content=\"https:\/\/www.notibras.com\/site\/china-reage-a-provocacao-e-ameaca-invadir-taiwan\/\" \/>\n<meta property=\"og:site_name\" content=\"Notibras\" \/>\n<meta property=\"article:publisher\" content=\"https:\/\/www.facebook.com\/notibras\/\" \/>\n<meta property=\"article:published_time\" content=\"2022-08-04T14:40:52+00:00\" \/>\n<meta property=\"og:image\" content=\"https:\/\/www.notibras.com\/site\/wp-content\/uploads\/2022\/08\/china.navio_.webp\" \/>\n\t<meta property=\"og:image:width\" content=\"1920\" \/>\n\t<meta property=\"og:image:height\" content=\"1080\" \/>\n\t<meta property=\"og:image:type\" content=\"image\/webp\" \/>\n<meta name=\"author\" content=\"Reda\u00e7\u00e3o\" \/>\n<meta name=\"twitter:card\" content=\"summary_large_image\" \/>\n<meta name=\"twitter:creator\" content=\"@Notibras\" \/>\n<meta name=\"twitter:site\" content=\"@Notibras\" \/>\n<meta name=\"twitter:label1\" content=\"Escrito por\" \/>\n\t<meta name=\"twitter:data1\" content=\"Reda\u00e7\u00e3o\" \/>\n\t<meta name=\"twitter:label2\" content=\"Est. tempo de leitura\" \/>\n\t<meta name=\"twitter:data2\" content=\"3 minutos\" \/>\n<script type=\"application\/ld+json\" class=\"yoast-schema-graph\">{\"@context\":\"https:\/\/schema.org\",\"@graph\":[{\"@type\":\"Article\",\"@id\":\"https:\/\/www.notibras.com\/site\/china-reage-a-provocacao-e-ameaca-invadir-taiwan\/#article\",\"isPartOf\":{\"@id\":\"https:\/\/www.notibras.com\/site\/china-reage-a-provocacao-e-ameaca-invadir-taiwan\/\"},\"author\":{\"name\":\"Reda\u00e7\u00e3o\",\"@id\":\"https:\/\/www.notibras.com\/site\/#\/schema\/person\/36ab0979449956132d3e5b517ea76ac8\"},\"headline\":\"China reage a provoca\u00e7\u00e3o e amea\u00e7a invadir Taiwan\",\"datePublished\":\"2022-08-04T14:40:52+00:00\",\"mainEntityOfPage\":{\"@id\":\"https:\/\/www.notibras.com\/site\/china-reage-a-provocacao-e-ameaca-invadir-taiwan\/\"},\"wordCount\":553,\"publisher\":{\"@id\":\"https:\/\/www.notibras.com\/site\/#organization\"},\"image\":{\"@id\":\"https:\/\/www.notibras.com\/site\/china-reage-a-provocacao-e-ameaca-invadir-taiwan\/#primaryimage\"},\"thumbnailUrl\":\"https:\/\/www.notibras.com\/site\/wp-content\/uploads\/2022\/08\/china.navio_.webp\",\"articleSection\":[\"Apocalipse\"],\"inLanguage\":\"pt-BR\"},{\"@type\":\"WebPage\",\"@id\":\"https:\/\/www.notibras.com\/site\/china-reage-a-provocacao-e-ameaca-invadir-taiwan\/\",\"url\":\"https:\/\/www.notibras.com\/site\/china-reage-a-provocacao-e-ameaca-invadir-taiwan\/\",\"name\":\"China reage a provoca\u00e7\u00e3o e amea\u00e7a invadir Taiwan - Notibras\",\"isPartOf\":{\"@id\":\"https:\/\/www.notibras.com\/site\/#website\"},\"primaryImageOfPage\":{\"@id\":\"https:\/\/www.notibras.com\/site\/china-reage-a-provocacao-e-ameaca-invadir-taiwan\/#primaryimage\"},\"image\":{\"@id\":\"https:\/\/www.notibras.com\/site\/china-reage-a-provocacao-e-ameaca-invadir-taiwan\/#primaryimage\"},\"thumbnailUrl\":\"https:\/\/www.notibras.com\/site\/wp-content\/uploads\/2022\/08\/china.navio_.webp\",\"datePublished\":\"2022-08-04T14:40:52+00:00\",\"breadcrumb\":{\"@id\":\"https:\/\/www.notibras.com\/site\/china-reage-a-provocacao-e-ameaca-invadir-taiwan\/#breadcrumb\"},\"inLanguage\":\"pt-BR\",\"potentialAction\":[{\"@type\":\"ReadAction\",\"target\":[\"https:\/\/www.notibras.com\/site\/china-reage-a-provocacao-e-ameaca-invadir-taiwan\/\"]}]},{\"@type\":\"ImageObject\",\"inLanguage\":\"pt-BR\",\"@id\":\"https:\/\/www.notibras.com\/site\/china-reage-a-provocacao-e-ameaca-invadir-taiwan\/#primaryimage\",\"url\":\"https:\/\/www.notibras.com\/site\/wp-content\/uploads\/2022\/08\/china.navio_.webp\",\"contentUrl\":\"https:\/\/www.notibras.com\/site\/wp-content\/uploads\/2022\/08\/china.navio_.webp\",\"width\":1920,\"height\":1080},{\"@type\":\"BreadcrumbList\",\"@id\":\"https:\/\/www.notibras.com\/site\/china-reage-a-provocacao-e-ameaca-invadir-taiwan\/#breadcrumb\",\"itemListElement\":[{\"@type\":\"ListItem\",\"position\":1,\"name\":\"In\u00edcio\",\"item\":\"https:\/\/www.notibras.com\/site\/\"},{\"@type\":\"ListItem\",\"position\":2,\"name\":\"China reage a provoca\u00e7\u00e3o e amea\u00e7a invadir Taiwan\"}]},{\"@type\":\"WebSite\",\"@id\":\"https:\/\/www.notibras.com\/site\/#website\",\"url\":\"https:\/\/www.notibras.com\/site\/\",\"name\":\"Notibras\",\"description\":\"Not\u00edcias de Bras\u00edlia, do Brasil e do Mundo\",\"publisher\":{\"@id\":\"https:\/\/www.notibras.com\/site\/#organization\"},\"potentialAction\":[{\"@type\":\"SearchAction\",\"target\":{\"@type\":\"EntryPoint\",\"urlTemplate\":\"https:\/\/www.notibras.com\/site\/?s={search_term_string}\"},\"query-input\":{\"@type\":\"PropertyValueSpecification\",\"valueRequired\":true,\"valueName\":\"search_term_string\"}}],\"inLanguage\":\"pt-BR\"},{\"@type\":\"Organization\",\"@id\":\"https:\/\/www.notibras.com\/site\/#organization\",\"name\":\"Grupo Notibras de Comunica\u00e7\u00e3o\",\"url\":\"https:\/\/www.notibras.com\/site\/\",\"logo\":{\"@type\":\"ImageObject\",\"inLanguage\":\"pt-BR\",\"@id\":\"https:\/\/www.notibras.com\/site\/#\/schema\/logo\/image\/\",\"url\":\"https:\/\/www.notibras.com\/site\/wp-content\/uploads\/2023\/01\/notibras23.png\",\"contentUrl\":\"https:\/\/www.notibras.com\/site\/wp-content\/uploads\/2023\/01\/notibras23.png\",\"width\":350,\"height\":87,\"caption\":\"Grupo Notibras de Comunica\u00e7\u00e3o\"},\"image\":{\"@id\":\"https:\/\/www.notibras.com\/site\/#\/schema\/logo\/image\/\"},\"sameAs\":[\"https:\/\/www.facebook.com\/notibras\/\",\"https:\/\/x.com\/Notibras\",\"https:\/\/www.instagram.com\/notibras\/\"]},{\"@type\":\"Person\",\"@id\":\"https:\/\/www.notibras.com\/site\/#\/schema\/person\/36ab0979449956132d3e5b517ea76ac8\",\"name\":\"Reda\u00e7\u00e3o\",\"image\":{\"@type\":\"ImageObject\",\"inLanguage\":\"pt-BR\",\"@id\":\"https:\/\/secure.gravatar.com\/avatar\/e0a867bdedb85fd243eadf09663511f96fc81e0720a4a42581f334ad4303aa6b?s=96&d=mm&r=g\",\"url\":\"https:\/\/secure.gravatar.com\/avatar\/e0a867bdedb85fd243eadf09663511f96fc81e0720a4a42581f334ad4303aa6b?s=96&d=mm&r=g\",\"contentUrl\":\"https:\/\/secure.gravatar.com\/avatar\/e0a867bdedb85fd243eadf09663511f96fc81e0720a4a42581f334ad4303aa6b?s=96&d=mm&r=g\",\"caption\":\"Reda\u00e7\u00e3o\"}}]}<\/script>\n<!-- \/ Yoast SEO plugin. -->","yoast_head_json":{"title":"China reage a provoca\u00e7\u00e3o e amea\u00e7a invadir Taiwan - Notibras","robots":{"index":"index","follow":"follow","max-snippet":"max-snippet:-1","max-image-preview":"max-image-preview:large","max-video-preview":"max-video-preview:-1"},"canonical":"https:\/\/www.notibras.com\/site\/china-reage-a-provocacao-e-ameaca-invadir-taiwan\/","og_locale":"pt_BR","og_type":"article","og_title":"China reage a provoca\u00e7\u00e3o e amea\u00e7a invadir Taiwan - Notibras","og_description":"O ministro das Rela\u00e7\u00f5es Exteriores da China, Wang Yi, alertou que os planos dos EUA para deter a China n\u00e3o impedir\u00e3o a reunifica\u00e7\u00e3o iminente de Taiwan com o continente. &#8220;Os planos dos EUA de usar Taiwan para deter a China nunca ter\u00e3o sucesso e n\u00e3o mudar\u00e3o a tend\u00eancia hist\u00f3rica da reunifica\u00e7\u00e3o iminente de Taiwan&#8221;, disse [&hellip;]","og_url":"https:\/\/www.notibras.com\/site\/china-reage-a-provocacao-e-ameaca-invadir-taiwan\/","og_site_name":"Notibras","article_publisher":"https:\/\/www.facebook.com\/notibras\/","article_published_time":"2022-08-04T14:40:52+00:00","og_image":[{"width":1920,"height":1080,"url":"https:\/\/www.notibras.com\/site\/wp-content\/uploads\/2022\/08\/china.navio_.webp","type":"image\/webp"}],"author":"Reda\u00e7\u00e3o","twitter_card":"summary_large_image","twitter_creator":"@Notibras","twitter_site":"@Notibras","twitter_misc":{"Escrito por":"Reda\u00e7\u00e3o","Est. tempo de leitura":"3 minutos"},"schema":{"@context":"https:\/\/schema.org","@graph":[{"@type":"Article","@id":"https:\/\/www.notibras.com\/site\/china-reage-a-provocacao-e-ameaca-invadir-taiwan\/#article","isPartOf":{"@id":"https:\/\/www.notibras.com\/site\/china-reage-a-provocacao-e-ameaca-invadir-taiwan\/"},"author":{"name":"Reda\u00e7\u00e3o","@id":"https:\/\/www.notibras.com\/site\/#\/schema\/person\/36ab0979449956132d3e5b517ea76ac8"},"headline":"China reage a provoca\u00e7\u00e3o e amea\u00e7a invadir Taiwan","datePublished":"2022-08-04T14:40:52+00:00","mainEntityOfPage":{"@id":"https:\/\/www.notibras.com\/site\/china-reage-a-provocacao-e-ameaca-invadir-taiwan\/"},"wordCount":553,"publisher":{"@id":"https:\/\/www.notibras.com\/site\/#organization"},"image":{"@id":"https:\/\/www.notibras.com\/site\/china-reage-a-provocacao-e-ameaca-invadir-taiwan\/#primaryimage"},"thumbnailUrl":"https:\/\/www.notibras.com\/site\/wp-content\/uploads\/2022\/08\/china.navio_.webp","articleSection":["Apocalipse"],"inLanguage":"pt-BR"},{"@type":"WebPage","@id":"https:\/\/www.notibras.com\/site\/china-reage-a-provocacao-e-ameaca-invadir-taiwan\/","url":"https:\/\/www.notibras.com\/site\/china-reage-a-provocacao-e-ameaca-invadir-taiwan\/","name":"China reage a provoca\u00e7\u00e3o e amea\u00e7a invadir Taiwan - Notibras","isPartOf":{"@id":"https:\/\/www.notibras.com\/site\/#website"},"primaryImageOfPage":{"@id":"https:\/\/www.notibras.com\/site\/china-reage-a-provocacao-e-ameaca-invadir-taiwan\/#primaryimage"},"image":{"@id":"https:\/\/www.notibras.com\/site\/china-reage-a-provocacao-e-ameaca-invadir-taiwan\/#primaryimage"},"thumbnailUrl":"https:\/\/www.notibras.com\/site\/wp-content\/uploads\/2022\/08\/china.navio_.webp","datePublished":"2022-08-04T14:40:52+00:00","breadcrumb":{"@id":"https:\/\/www.notibras.com\/site\/china-reage-a-provocacao-e-ameaca-invadir-taiwan\/#breadcrumb"},"inLanguage":"pt-BR","potentialAction":[{"@type":"ReadAction","target":["https:\/\/www.notibras.com\/site\/china-reage-a-provocacao-e-ameaca-invadir-taiwan\/"]}]},{"@type":"ImageObject","inLanguage":"pt-BR","@id":"https:\/\/www.notibras.com\/site\/china-reage-a-provocacao-e-ameaca-invadir-taiwan\/#primaryimage","url":"https:\/\/www.notibras.com\/site\/wp-content\/uploads\/2022\/08\/china.navio_.webp","contentUrl":"https:\/\/www.notibras.com\/site\/wp-content\/uploads\/2022\/08\/china.navio_.webp","width":1920,"height":1080},{"@type":"BreadcrumbList","@id":"https:\/\/www.notibras.com\/site\/china-reage-a-provocacao-e-ameaca-invadir-taiwan\/#breadcrumb","itemListElement":[{"@type":"ListItem","position":1,"name":"In\u00edcio","item":"https:\/\/www.notibras.com\/site\/"},{"@type":"ListItem","position":2,"name":"China reage a provoca\u00e7\u00e3o e amea\u00e7a invadir Taiwan"}]},{"@type":"WebSite","@id":"https:\/\/www.notibras.com\/site\/#website","url":"https:\/\/www.notibras.com\/site\/","name":"Notibras","description":"Not\u00edcias de Bras\u00edlia, do Brasil e do Mundo","publisher":{"@id":"https:\/\/www.notibras.com\/site\/#organization"},"potentialAction":[{"@type":"SearchAction","target":{"@type":"EntryPoint","urlTemplate":"https:\/\/www.notibras.com\/site\/?s={search_term_string}"},"query-input":{"@type":"PropertyValueSpecification","valueRequired":true,"valueName":"search_term_string"}}],"inLanguage":"pt-BR"},{"@type":"Organization","@id":"https:\/\/www.notibras.com\/site\/#organization","name":"Grupo Notibras de Comunica\u00e7\u00e3o","url":"https:\/\/www.notibras.com\/site\/","logo":{"@type":"ImageObject","inLanguage":"pt-BR","@id":"https:\/\/www.notibras.com\/site\/#\/schema\/logo\/image\/","url":"https:\/\/www.notibras.com\/site\/wp-content\/uploads\/2023\/01\/notibras23.png","contentUrl":"https:\/\/www.notibras.com\/site\/wp-content\/uploads\/2023\/01\/notibras23.png","width":350,"height":87,"caption":"Grupo Notibras de Comunica\u00e7\u00e3o"},"image":{"@id":"https:\/\/www.notibras.com\/site\/#\/schema\/logo\/image\/"},"sameAs":["https:\/\/www.facebook.com\/notibras\/","https:\/\/x.com\/Notibras","https:\/\/www.instagram.com\/notibras\/"]},{"@type":"Person","@id":"https:\/\/www.notibras.com\/site\/#\/schema\/person\/36ab0979449956132d3e5b517ea76ac8","name":"Reda\u00e7\u00e3o","image":{"@type":"ImageObject","inLanguage":"pt-BR","@id":"https:\/\/secure.gravatar.com\/avatar\/e0a867bdedb85fd243eadf09663511f96fc81e0720a4a42581f334ad4303aa6b?s=96&d=mm&r=g","url":"https:\/\/secure.gravatar.com\/avatar\/e0a867bdedb85fd243eadf09663511f96fc81e0720a4a42581f334ad4303aa6b?s=96&d=mm&r=g","contentUrl":"https:\/\/secure.gravatar.com\/avatar\/e0a867bdedb85fd243eadf09663511f96fc81e0720a4a42581f334ad4303aa6b?s=96&d=mm&r=g","caption":"Reda\u00e7\u00e3o"}}]}},"amp_enabled":true,"_links":{"self":[{"href":"https:\/\/www.notibras.com\/site\/wp-json\/wp\/v2\/posts\/289993","targetHints":{"allow":["GET"]}}],"collection":[{"href":"https:\/\/www.notibras.com\/site\/wp-json\/wp\/v2\/posts"}],"about":[{"href":"https:\/\/www.notibras.com\/site\/wp-json\/wp\/v2\/types\/post"}],"author":[{"embeddable":true,"href":"https:\/\/www.notibras.com\/site\/wp-json\/wp\/v2\/users\/2"}],"replies":[{"embeddable":true,"href":"https:\/\/www.notibras.com\/site\/wp-json\/wp\/v2\/comments?post=289993"}],"version-history":[{"count":1,"href":"https:\/\/www.notibras.com\/site\/wp-json\/wp\/v2\/posts\/289993\/revisions"}],"predecessor-version":[{"id":289995,"href":"https:\/\/www.notibras.com\/site\/wp-json\/wp\/v2\/posts\/289993\/revisions\/289995"}],"wp:featuredmedia":[{"embeddable":true,"href":"https:\/\/www.notibras.com\/site\/wp-json\/wp\/v2\/media\/289994"}],"wp:attachment":[{"href":"https:\/\/www.notibras.com\/site\/wp-json\/wp\/v2\/media?parent=289993"}],"wp:term":[{"taxonomy":"category","embeddable":true,"href":"https:\/\/www.notibras.com\/site\/wp-json\/wp\/v2\/categories?post=289993"},{"taxonomy":"post_tag","embeddable":true,"href":"https:\/\/www.notibras.com\/site\/wp-json\/wp\/v2\/tags?post=289993"}],"curies":[{"name":"wp","href":"https:\/\/api.w.org\/{rel}","templated":true}]}}