{"id":290044,"date":"2022-08-05T12:43:49","date_gmt":"2022-08-05T15:43:49","guid":{"rendered":"https:\/\/www.notibras.com\/site\/?p=290044"},"modified":"2022-08-05T20:03:11","modified_gmt":"2022-08-05T23:03:11","slug":"vitima-de-estelionato-eleitoral-reguffe-sai-da-corrida-ao-buriti","status":"publish","type":"post","link":"https:\/\/www.notibras.com\/site\/vitima-de-estelionato-eleitoral-reguffe-sai-da-corrida-ao-buriti\/","title":{"rendered":"V\u00edtima de estelionato eleitoral, Reguffe sai da corrida ao Buriti"},"content":{"rendered":"<p>Ant\u00f4nio Reguffe n\u00e3o \u00e9 mais candidato ao Pal\u00e1cio do Buriti. Seus correligion\u00e1rios afirmam que ele foi v\u00edtima de estelionato eleitoral do Uni\u00e3o Brasil, legenda \u00e0 qual se filiou com a garantia de ter a legenda para disputar a sucess\u00e3o de Ibaneis Rocha. Solid\u00e1rio ao senador, o ex-deputado Alberto Fraga disse que o jogo pol\u00edtico est\u00e1 cada vez mais sujo. O ex-deputado deve disputar uma das oito cadeiras de Bras\u00edlia na C\u00e2mara Federal. Em v\u00eddeo que circula nas redes sociais, Fraga, sem citar o nome do atual governador, pediu a aten\u00e7\u00e3o do Minist\u00e9rio P\u00fablico para &#8216;a mala&#8217; que circula entre pol\u00edticos com o objetivo de desconstruir alian\u00e7as e dividir partidos. Mala, no caso, de dinheiro. Isso aconteceu em 2018, diz o ex-deputado. E est\u00e1 se repetindo sem que ningu\u00e9m saia algemado. Reguffe, enfatizou, tem mais de 20% das inten\u00e7\u00f5es de voto e venceria qualquer candidato no segundo turno. &#8220;\u00c9 preciso estar atento a quem usa a mala para poder negociar&#8221;, concluiu Fraga.<\/p>\n","protected":false},"excerpt":{"rendered":"<p>Ant\u00f4nio Reguffe n\u00e3o \u00e9 mais candidato ao Pal\u00e1cio do Buriti. Seus correligion\u00e1rios afirmam que ele foi v\u00edtima de estelionato eleitoral do Uni\u00e3o Brasil, legenda \u00e0 qual se filiou com a garantia de ter a legenda para disputar a sucess\u00e3o de Ibaneis Rocha. Solid\u00e1rio ao senador, o ex-deputado Alberto Fraga disse que o jogo pol\u00edtico est\u00e1 [&hellip;]<\/p>\n","protected":false},"author":2,"featured_media":290045,"comment_status":"closed","ping_status":"closed","sticky":false,"template":"","format":"standard","meta":{"_acf_changed":false,"footnotes":""},"categories":[26],"tags":[],"class_list":["post-290044","post","type-post","status-publish","format-standard","has-post-thumbnail","hentry","category-eleicoes-2022"],"acf":[],"yoast_head":"<!-- This site is optimized with the Yoast SEO plugin v27.2 - https:\/\/yoast.com\/product\/yoast-seo-wordpress\/ -->\n<title>V\u00edtima de estelionato eleitoral, Reguffe sai da corrida ao Buriti - Notibras<\/title>\n<meta name=\"robots\" content=\"index, follow, max-snippet:-1, max-image-preview:large, max-video-preview:-1\" \/>\n<link rel=\"canonical\" href=\"https:\/\/www.notibras.com\/site\/vitima-de-estelionato-eleitoral-reguffe-sai-da-corrida-ao-buriti\/\" \/>\n<meta property=\"og:locale\" content=\"pt_BR\" \/>\n<meta property=\"og:type\" content=\"article\" \/>\n<meta property=\"og:title\" content=\"V\u00edtima de estelionato eleitoral, Reguffe sai da corrida ao Buriti - Notibras\" \/>\n<meta property=\"og:description\" content=\"Ant\u00f4nio Reguffe n\u00e3o \u00e9 mais candidato ao Pal\u00e1cio do Buriti. Seus correligion\u00e1rios afirmam que ele foi v\u00edtima de estelionato eleitoral do Uni\u00e3o Brasil, legenda \u00e0 qual se filiou com a garantia de ter a legenda para disputar a sucess\u00e3o de Ibaneis Rocha. Solid\u00e1rio ao senador, o ex-deputado Alberto Fraga disse que o jogo pol\u00edtico est\u00e1 [&hellip;]\" \/>\n<meta property=\"og:url\" content=\"https:\/\/www.notibras.com\/site\/vitima-de-estelionato-eleitoral-reguffe-sai-da-corrida-ao-buriti\/\" \/>\n<meta property=\"og:site_name\" content=\"Notibras\" \/>\n<meta property=\"article:publisher\" content=\"https:\/\/www.facebook.com\/notibras\/\" \/>\n<meta property=\"article:published_time\" content=\"2022-08-05T15:43:49+00:00\" \/>\n<meta property=\"article:modified_time\" content=\"2022-08-05T23:03:11+00:00\" \/>\n<meta property=\"og:image\" content=\"https:\/\/www.notibras.com\/site\/wp-content\/uploads\/2022\/08\/46758030214_c952232472_z.jpg\" \/>\n\t<meta property=\"og:image:width\" content=\"640\" \/>\n\t<meta property=\"og:image:height\" content=\"427\" \/>\n\t<meta property=\"og:image:type\" content=\"image\/jpeg\" \/>\n<meta name=\"author\" content=\"Reda\u00e7\u00e3o\" \/>\n<meta name=\"twitter:card\" content=\"summary_large_image\" \/>\n<meta name=\"twitter:creator\" content=\"@Notibras\" \/>\n<meta name=\"twitter:site\" content=\"@Notibras\" \/>\n<meta name=\"twitter:label1\" content=\"Escrito por\" \/>\n\t<meta name=\"twitter:data1\" content=\"Reda\u00e7\u00e3o\" \/>\n\t<meta name=\"twitter:label2\" content=\"Est. tempo de leitura\" \/>\n\t<meta name=\"twitter:data2\" content=\"1 minuto\" \/>\n<script type=\"application\/ld+json\" class=\"yoast-schema-graph\">{\"@context\":\"https:\/\/schema.org\",\"@graph\":[{\"@type\":\"Article\",\"@id\":\"https:\/\/www.notibras.com\/site\/vitima-de-estelionato-eleitoral-reguffe-sai-da-corrida-ao-buriti\/#article\",\"isPartOf\":{\"@id\":\"https:\/\/www.notibras.com\/site\/vitima-de-estelionato-eleitoral-reguffe-sai-da-corrida-ao-buriti\/\"},\"author\":{\"name\":\"Reda\u00e7\u00e3o\",\"@id\":\"https:\/\/www.notibras.com\/site\/#\/schema\/person\/36ab0979449956132d3e5b517ea76ac8\"},\"headline\":\"V\u00edtima de estelionato eleitoral, Reguffe sai da corrida ao Buriti\",\"datePublished\":\"2022-08-05T15:43:49+00:00\",\"dateModified\":\"2022-08-05T23:03:11+00:00\",\"mainEntityOfPage\":{\"@id\":\"https:\/\/www.notibras.com\/site\/vitima-de-estelionato-eleitoral-reguffe-sai-da-corrida-ao-buriti\/\"},\"wordCount\":186,\"publisher\":{\"@id\":\"https:\/\/www.notibras.com\/site\/#organization\"},\"image\":{\"@id\":\"https:\/\/www.notibras.com\/site\/vitima-de-estelionato-eleitoral-reguffe-sai-da-corrida-ao-buriti\/#primaryimage\"},\"thumbnailUrl\":\"https:\/\/www.notibras.com\/site\/wp-content\/uploads\/2022\/08\/46758030214_c952232472_z.jpg\",\"articleSection\":[\"Elei\u00e7\u00f5es 2022\"],\"inLanguage\":\"pt-BR\"},{\"@type\":\"WebPage\",\"@id\":\"https:\/\/www.notibras.com\/site\/vitima-de-estelionato-eleitoral-reguffe-sai-da-corrida-ao-buriti\/\",\"url\":\"https:\/\/www.notibras.com\/site\/vitima-de-estelionato-eleitoral-reguffe-sai-da-corrida-ao-buriti\/\",\"name\":\"V\u00edtima de estelionato eleitoral, Reguffe sai da corrida ao Buriti - Notibras\",\"isPartOf\":{\"@id\":\"https:\/\/www.notibras.com\/site\/#website\"},\"primaryImageOfPage\":{\"@id\":\"https:\/\/www.notibras.com\/site\/vitima-de-estelionato-eleitoral-reguffe-sai-da-corrida-ao-buriti\/#primaryimage\"},\"image\":{\"@id\":\"https:\/\/www.notibras.com\/site\/vitima-de-estelionato-eleitoral-reguffe-sai-da-corrida-ao-buriti\/#primaryimage\"},\"thumbnailUrl\":\"https:\/\/www.notibras.com\/site\/wp-content\/uploads\/2022\/08\/46758030214_c952232472_z.jpg\",\"datePublished\":\"2022-08-05T15:43:49+00:00\",\"dateModified\":\"2022-08-05T23:03:11+00:00\",\"breadcrumb\":{\"@id\":\"https:\/\/www.notibras.com\/site\/vitima-de-estelionato-eleitoral-reguffe-sai-da-corrida-ao-buriti\/#breadcrumb\"},\"inLanguage\":\"pt-BR\",\"potentialAction\":[{\"@type\":\"ReadAction\",\"target\":[\"https:\/\/www.notibras.com\/site\/vitima-de-estelionato-eleitoral-reguffe-sai-da-corrida-ao-buriti\/\"]}]},{\"@type\":\"ImageObject\",\"inLanguage\":\"pt-BR\",\"@id\":\"https:\/\/www.notibras.com\/site\/vitima-de-estelionato-eleitoral-reguffe-sai-da-corrida-ao-buriti\/#primaryimage\",\"url\":\"https:\/\/www.notibras.com\/site\/wp-content\/uploads\/2022\/08\/46758030214_c952232472_z.jpg\",\"contentUrl\":\"https:\/\/www.notibras.com\/site\/wp-content\/uploads\/2022\/08\/46758030214_c952232472_z.jpg\",\"width\":640,\"height\":427},{\"@type\":\"BreadcrumbList\",\"@id\":\"https:\/\/www.notibras.com\/site\/vitima-de-estelionato-eleitoral-reguffe-sai-da-corrida-ao-buriti\/#breadcrumb\",\"itemListElement\":[{\"@type\":\"ListItem\",\"position\":1,\"name\":\"In\u00edcio\",\"item\":\"https:\/\/www.notibras.com\/site\/\"},{\"@type\":\"ListItem\",\"position\":2,\"name\":\"V\u00edtima de estelionato eleitoral, Reguffe sai da corrida ao Buriti\"}]},{\"@type\":\"WebSite\",\"@id\":\"https:\/\/www.notibras.com\/site\/#website\",\"url\":\"https:\/\/www.notibras.com\/site\/\",\"name\":\"Notibras\",\"description\":\"Not\u00edcias de Bras\u00edlia, do Brasil e do Mundo\",\"publisher\":{\"@id\":\"https:\/\/www.notibras.com\/site\/#organization\"},\"potentialAction\":[{\"@type\":\"SearchAction\",\"target\":{\"@type\":\"EntryPoint\",\"urlTemplate\":\"https:\/\/www.notibras.com\/site\/?s={search_term_string}\"},\"query-input\":{\"@type\":\"PropertyValueSpecification\",\"valueRequired\":true,\"valueName\":\"search_term_string\"}}],\"inLanguage\":\"pt-BR\"},{\"@type\":\"Organization\",\"@id\":\"https:\/\/www.notibras.com\/site\/#organization\",\"name\":\"Grupo Notibras de Comunica\u00e7\u00e3o\",\"url\":\"https:\/\/www.notibras.com\/site\/\",\"logo\":{\"@type\":\"ImageObject\",\"inLanguage\":\"pt-BR\",\"@id\":\"https:\/\/www.notibras.com\/site\/#\/schema\/logo\/image\/\",\"url\":\"https:\/\/www.notibras.com\/site\/wp-content\/uploads\/2023\/01\/notibras23.png\",\"contentUrl\":\"https:\/\/www.notibras.com\/site\/wp-content\/uploads\/2023\/01\/notibras23.png\",\"width\":350,\"height\":87,\"caption\":\"Grupo Notibras de Comunica\u00e7\u00e3o\"},\"image\":{\"@id\":\"https:\/\/www.notibras.com\/site\/#\/schema\/logo\/image\/\"},\"sameAs\":[\"https:\/\/www.facebook.com\/notibras\/\",\"https:\/\/x.com\/Notibras\",\"https:\/\/www.instagram.com\/notibras\/\"]},{\"@type\":\"Person\",\"@id\":\"https:\/\/www.notibras.com\/site\/#\/schema\/person\/36ab0979449956132d3e5b517ea76ac8\",\"name\":\"Reda\u00e7\u00e3o\",\"image\":{\"@type\":\"ImageObject\",\"inLanguage\":\"pt-BR\",\"@id\":\"https:\/\/secure.gravatar.com\/avatar\/e0a867bdedb85fd243eadf09663511f96fc81e0720a4a42581f334ad4303aa6b?s=96&d=mm&r=g\",\"url\":\"https:\/\/secure.gravatar.com\/avatar\/e0a867bdedb85fd243eadf09663511f96fc81e0720a4a42581f334ad4303aa6b?s=96&d=mm&r=g\",\"contentUrl\":\"https:\/\/secure.gravatar.com\/avatar\/e0a867bdedb85fd243eadf09663511f96fc81e0720a4a42581f334ad4303aa6b?s=96&d=mm&r=g\",\"caption\":\"Reda\u00e7\u00e3o\"}}]}<\/script>\n<!-- \/ Yoast SEO plugin. -->","yoast_head_json":{"title":"V\u00edtima de estelionato eleitoral, Reguffe sai da corrida ao Buriti - Notibras","robots":{"index":"index","follow":"follow","max-snippet":"max-snippet:-1","max-image-preview":"max-image-preview:large","max-video-preview":"max-video-preview:-1"},"canonical":"https:\/\/www.notibras.com\/site\/vitima-de-estelionato-eleitoral-reguffe-sai-da-corrida-ao-buriti\/","og_locale":"pt_BR","og_type":"article","og_title":"V\u00edtima de estelionato eleitoral, Reguffe sai da corrida ao Buriti - Notibras","og_description":"Ant\u00f4nio Reguffe n\u00e3o \u00e9 mais candidato ao Pal\u00e1cio do Buriti. Seus correligion\u00e1rios afirmam que ele foi v\u00edtima de estelionato eleitoral do Uni\u00e3o Brasil, legenda \u00e0 qual se filiou com a garantia de ter a legenda para disputar a sucess\u00e3o de Ibaneis Rocha. Solid\u00e1rio ao senador, o ex-deputado Alberto Fraga disse que o jogo pol\u00edtico est\u00e1 [&hellip;]","og_url":"https:\/\/www.notibras.com\/site\/vitima-de-estelionato-eleitoral-reguffe-sai-da-corrida-ao-buriti\/","og_site_name":"Notibras","article_publisher":"https:\/\/www.facebook.com\/notibras\/","article_published_time":"2022-08-05T15:43:49+00:00","article_modified_time":"2022-08-05T23:03:11+00:00","og_image":[{"width":640,"height":427,"url":"https:\/\/www.notibras.com\/site\/wp-content\/uploads\/2022\/08\/46758030214_c952232472_z.jpg","type":"image\/jpeg"}],"author":"Reda\u00e7\u00e3o","twitter_card":"summary_large_image","twitter_creator":"@Notibras","twitter_site":"@Notibras","twitter_misc":{"Escrito por":"Reda\u00e7\u00e3o","Est. tempo de leitura":"1 minuto"},"schema":{"@context":"https:\/\/schema.org","@graph":[{"@type":"Article","@id":"https:\/\/www.notibras.com\/site\/vitima-de-estelionato-eleitoral-reguffe-sai-da-corrida-ao-buriti\/#article","isPartOf":{"@id":"https:\/\/www.notibras.com\/site\/vitima-de-estelionato-eleitoral-reguffe-sai-da-corrida-ao-buriti\/"},"author":{"name":"Reda\u00e7\u00e3o","@id":"https:\/\/www.notibras.com\/site\/#\/schema\/person\/36ab0979449956132d3e5b517ea76ac8"},"headline":"V\u00edtima de estelionato eleitoral, Reguffe sai da corrida ao Buriti","datePublished":"2022-08-05T15:43:49+00:00","dateModified":"2022-08-05T23:03:11+00:00","mainEntityOfPage":{"@id":"https:\/\/www.notibras.com\/site\/vitima-de-estelionato-eleitoral-reguffe-sai-da-corrida-ao-buriti\/"},"wordCount":186,"publisher":{"@id":"https:\/\/www.notibras.com\/site\/#organization"},"image":{"@id":"https:\/\/www.notibras.com\/site\/vitima-de-estelionato-eleitoral-reguffe-sai-da-corrida-ao-buriti\/#primaryimage"},"thumbnailUrl":"https:\/\/www.notibras.com\/site\/wp-content\/uploads\/2022\/08\/46758030214_c952232472_z.jpg","articleSection":["Elei\u00e7\u00f5es 2022"],"inLanguage":"pt-BR"},{"@type":"WebPage","@id":"https:\/\/www.notibras.com\/site\/vitima-de-estelionato-eleitoral-reguffe-sai-da-corrida-ao-buriti\/","url":"https:\/\/www.notibras.com\/site\/vitima-de-estelionato-eleitoral-reguffe-sai-da-corrida-ao-buriti\/","name":"V\u00edtima de estelionato eleitoral, Reguffe sai da corrida ao Buriti - Notibras","isPartOf":{"@id":"https:\/\/www.notibras.com\/site\/#website"},"primaryImageOfPage":{"@id":"https:\/\/www.notibras.com\/site\/vitima-de-estelionato-eleitoral-reguffe-sai-da-corrida-ao-buriti\/#primaryimage"},"image":{"@id":"https:\/\/www.notibras.com\/site\/vitima-de-estelionato-eleitoral-reguffe-sai-da-corrida-ao-buriti\/#primaryimage"},"thumbnailUrl":"https:\/\/www.notibras.com\/site\/wp-content\/uploads\/2022\/08\/46758030214_c952232472_z.jpg","datePublished":"2022-08-05T15:43:49+00:00","dateModified":"2022-08-05T23:03:11+00:00","breadcrumb":{"@id":"https:\/\/www.notibras.com\/site\/vitima-de-estelionato-eleitoral-reguffe-sai-da-corrida-ao-buriti\/#breadcrumb"},"inLanguage":"pt-BR","potentialAction":[{"@type":"ReadAction","target":["https:\/\/www.notibras.com\/site\/vitima-de-estelionato-eleitoral-reguffe-sai-da-corrida-ao-buriti\/"]}]},{"@type":"ImageObject","inLanguage":"pt-BR","@id":"https:\/\/www.notibras.com\/site\/vitima-de-estelionato-eleitoral-reguffe-sai-da-corrida-ao-buriti\/#primaryimage","url":"https:\/\/www.notibras.com\/site\/wp-content\/uploads\/2022\/08\/46758030214_c952232472_z.jpg","contentUrl":"https:\/\/www.notibras.com\/site\/wp-content\/uploads\/2022\/08\/46758030214_c952232472_z.jpg","width":640,"height":427},{"@type":"BreadcrumbList","@id":"https:\/\/www.notibras.com\/site\/vitima-de-estelionato-eleitoral-reguffe-sai-da-corrida-ao-buriti\/#breadcrumb","itemListElement":[{"@type":"ListItem","position":1,"name":"In\u00edcio","item":"https:\/\/www.notibras.com\/site\/"},{"@type":"ListItem","position":2,"name":"V\u00edtima de estelionato eleitoral, Reguffe sai da corrida ao Buriti"}]},{"@type":"WebSite","@id":"https:\/\/www.notibras.com\/site\/#website","url":"https:\/\/www.notibras.com\/site\/","name":"Notibras","description":"Not\u00edcias de Bras\u00edlia, do Brasil e do Mundo","publisher":{"@id":"https:\/\/www.notibras.com\/site\/#organization"},"potentialAction":[{"@type":"SearchAction","target":{"@type":"EntryPoint","urlTemplate":"https:\/\/www.notibras.com\/site\/?s={search_term_string}"},"query-input":{"@type":"PropertyValueSpecification","valueRequired":true,"valueName":"search_term_string"}}],"inLanguage":"pt-BR"},{"@type":"Organization","@id":"https:\/\/www.notibras.com\/site\/#organization","name":"Grupo Notibras de Comunica\u00e7\u00e3o","url":"https:\/\/www.notibras.com\/site\/","logo":{"@type":"ImageObject","inLanguage":"pt-BR","@id":"https:\/\/www.notibras.com\/site\/#\/schema\/logo\/image\/","url":"https:\/\/www.notibras.com\/site\/wp-content\/uploads\/2023\/01\/notibras23.png","contentUrl":"https:\/\/www.notibras.com\/site\/wp-content\/uploads\/2023\/01\/notibras23.png","width":350,"height":87,"caption":"Grupo Notibras de Comunica\u00e7\u00e3o"},"image":{"@id":"https:\/\/www.notibras.com\/site\/#\/schema\/logo\/image\/"},"sameAs":["https:\/\/www.facebook.com\/notibras\/","https:\/\/x.com\/Notibras","https:\/\/www.instagram.com\/notibras\/"]},{"@type":"Person","@id":"https:\/\/www.notibras.com\/site\/#\/schema\/person\/36ab0979449956132d3e5b517ea76ac8","name":"Reda\u00e7\u00e3o","image":{"@type":"ImageObject","inLanguage":"pt-BR","@id":"https:\/\/secure.gravatar.com\/avatar\/e0a867bdedb85fd243eadf09663511f96fc81e0720a4a42581f334ad4303aa6b?s=96&d=mm&r=g","url":"https:\/\/secure.gravatar.com\/avatar\/e0a867bdedb85fd243eadf09663511f96fc81e0720a4a42581f334ad4303aa6b?s=96&d=mm&r=g","contentUrl":"https:\/\/secure.gravatar.com\/avatar\/e0a867bdedb85fd243eadf09663511f96fc81e0720a4a42581f334ad4303aa6b?s=96&d=mm&r=g","caption":"Reda\u00e7\u00e3o"}}]}},"amp_enabled":true,"_links":{"self":[{"href":"https:\/\/www.notibras.com\/site\/wp-json\/wp\/v2\/posts\/290044","targetHints":{"allow":["GET"]}}],"collection":[{"href":"https:\/\/www.notibras.com\/site\/wp-json\/wp\/v2\/posts"}],"about":[{"href":"https:\/\/www.notibras.com\/site\/wp-json\/wp\/v2\/types\/post"}],"author":[{"embeddable":true,"href":"https:\/\/www.notibras.com\/site\/wp-json\/wp\/v2\/users\/2"}],"replies":[{"embeddable":true,"href":"https:\/\/www.notibras.com\/site\/wp-json\/wp\/v2\/comments?post=290044"}],"version-history":[{"count":2,"href":"https:\/\/www.notibras.com\/site\/wp-json\/wp\/v2\/posts\/290044\/revisions"}],"predecessor-version":[{"id":290047,"href":"https:\/\/www.notibras.com\/site\/wp-json\/wp\/v2\/posts\/290044\/revisions\/290047"}],"wp:featuredmedia":[{"embeddable":true,"href":"https:\/\/www.notibras.com\/site\/wp-json\/wp\/v2\/media\/290045"}],"wp:attachment":[{"href":"https:\/\/www.notibras.com\/site\/wp-json\/wp\/v2\/media?parent=290044"}],"wp:term":[{"taxonomy":"category","embeddable":true,"href":"https:\/\/www.notibras.com\/site\/wp-json\/wp\/v2\/categories?post=290044"},{"taxonomy":"post_tag","embeddable":true,"href":"https:\/\/www.notibras.com\/site\/wp-json\/wp\/v2\/tags?post=290044"}],"curies":[{"name":"wp","href":"https:\/\/api.w.org\/{rel}","templated":true}]}}