{"id":290048,"date":"2022-08-05T12:15:00","date_gmt":"2022-08-05T15:15:00","guid":{"rendered":"https:\/\/www.notibras.com\/site\/?p=290048"},"modified":"2022-08-05T14:27:19","modified_gmt":"2022-08-05T17:27:19","slug":"ira-anuncia-100-mil-misseis-para-hezbollah-atacar-israel","status":"publish","type":"post","link":"https:\/\/www.notibras.com\/site\/ira-anuncia-100-mil-misseis-para-hezbollah-atacar-israel\/","title":{"rendered":"Ir\u00e3 anuncia 100 mil m\u00edsseis para Hezbollah atacar Israel"},"content":{"rendered":"<p>Ao menos 100 mil m\u00edsseis est\u00e3o prontos para atacar Israel no caso de qualquer provoca\u00e7\u00e3o contra o L\u00edbano e o Hezbollah, alertou nesta sexta, 5, o comandante da Guarda Revolucion\u00e1ria Isl\u00e2mica, Hossein Salami.<\/p>\n<p>\u201cNo L\u00edbano, dezenas de milhares, at\u00e9 mais de cem mil m\u00edsseis est\u00e3o prontos para serem disparados para criar um inferno para os sionistas no momento de fazer a predestina\u00e7\u00e3o divina acontecer\u201d, disse Salami em um discurso em Teer\u00e3.<\/p>\n<p>Na f\u00e9 mu\u00e7ulmana xiita, &#8216;predestina\u00e7\u00e3o divina&#8217; refere-se a eventos que Allah sabe que ocorrer\u00e3o, mas n\u00e3o necessariamente os controla.<\/p>\n<p>Alertando Tel Aviv que \u201ca juventude do Hezbollah est\u00e1 com os dedos no gatilho\u201d, Salami enfatizou que o grupo militante liban\u00eas colocaria Israel de joelhos no caso de qualquer crise, e que seu l\u00edder, Hassan Nasrallah, est\u00e1 \u201ccontra os sionistas\u201d com &#8220;determina\u00e7\u00e3o.&#8221;<\/p>\n<p>\u201cBasta que o regime sionista cometa um erro, uma opera\u00e7\u00e3o em Holy Quds seria suficiente\u201d, disse Salami, referindo-se a Jerusal\u00e9m, onde as tens\u00f5es entre as autoridades israelenses e os palestinos permanecem delicadas e ocasionalmente se transformam em viol\u00eancia.<\/p>\n<p>Os coment\u00e1rios incendi\u00e1rios do comandante do IRGC v\u00eam no contexto de uma grande escalada em Gaza, onde os militares israelenses lan\u00e7aram a &#8216;Opera\u00e7\u00e3o Amanhecer&#8217; visando a Jihad Isl\u00e2mica Palestina (PIJ) na sexta-feira. O grupo militante confirmou que seu l\u00edder Taisir Jabari foi morto nos ataques.<\/p>\n<p>Os militares israelenses disseram que lan\u00e7aram o \u201cataque preventivo em resposta\u201d a amea\u00e7as supostamente emanadas do grupo militante baseado em Gaza \u00e0 seguran\u00e7a do Estado Judeu. A IDF estimou que seus ataques mataram \u201ccerca de 15\u201d combatentes inimigos e que a opera\u00e7\u00e3o ainda n\u00e3o havia terminado. Funcion\u00e1rios do Minist\u00e9rio da Sa\u00fade em Gaza relataram uma pessoa morta e 15 feridas.<\/p>\n<p>A PIJ respondeu dizendo a Israel para se preparar para a retalia\u00e7\u00e3o e alertando que \u201cTel Aviv estar\u00e1 entre os alvos\u201d. Israel ativou seu sistema de defesa a\u00e9rea Iron Dome, com abrigos antibombas abertos no sul do pa\u00eds e o Aeroporto Internacional Ben Gurion redirecionando o tr\u00e1fego a\u00e9reo. Tel Aviv teria alertado o Hamas para ficar fora do conflito por meio de comunica\u00e7\u00f5es de mediadores eg\u00edpcios e do Catar.<\/p>\n<p>Os ataques israelenses ocorreram ap\u00f3s dias de escalada de tens\u00f5es sobre a pris\u00e3o de Bassam al-Saadi, um membro s\u00eanior da Jihad Isl\u00e2mica na Cisjord\u00e2nia ocupada, na ter\u00e7a-feira. Eles tamb\u00e9m v\u00eam v\u00e1rios meses antes das pr\u00f3ximas elei\u00e7\u00f5es legislativas israelenses em novembro.<\/p>\n<p>A \u00faltima grande crise palestino-israelense ocorreu em maio de 2021, quando os militares israelenses lan\u00e7aram um ataque \u00e0 Faixa de Gaza e o Hamas e o PIJ dispararam milhares de foguetes contra o sul de Israel depois que as tens\u00f5es aumentaram em Jerusal\u00e9m Oriental por causa de uma decis\u00e3o judicial. ordenando o despejo de fam\u00edlias palestinas de suas casas, e a pol\u00edcia israelense invadindo o complexo da Mesquita de al-Aqsa, um dos locais mais sagrados do Isl\u00e3.<\/p>\n<p>Cerca de uma d\u00fazia de israelenses e pelo menos 230 palestinos foram mortos no conflito de maio de 2021, com mais de 3.000 palestinos e cerca de 100 israelenses feridos.<\/p>\n","protected":false},"excerpt":{"rendered":"<p>Ao menos 100 mil m\u00edsseis est\u00e3o prontos para atacar Israel no caso de qualquer provoca\u00e7\u00e3o contra o L\u00edbano e o Hezbollah, alertou nesta sexta, 5, o comandante da Guarda Revolucion\u00e1ria Isl\u00e2mica, Hossein Salami. \u201cNo L\u00edbano, dezenas de milhares, at\u00e9 mais de cem mil m\u00edsseis est\u00e3o prontos para serem disparados para criar um inferno para os [&hellip;]<\/p>\n","protected":false},"author":2,"featured_media":290049,"comment_status":"closed","ping_status":"closed","sticky":false,"template":"","format":"standard","meta":{"_acf_changed":false,"footnotes":""},"categories":[159],"tags":[95],"class_list":["post-290048","post","type-post","status-publish","format-standard","has-post-thumbnail","hentry","category-apocalipse","tag-capa"],"acf":[],"yoast_head":"<!-- This site is optimized with the Yoast SEO plugin v27.2 - https:\/\/yoast.com\/product\/yoast-seo-wordpress\/ -->\n<title>Ir\u00e3 anuncia 100 mil m\u00edsseis para Hezbollah atacar Israel - Notibras<\/title>\n<meta name=\"robots\" content=\"index, follow, max-snippet:-1, max-image-preview:large, max-video-preview:-1\" \/>\n<link rel=\"canonical\" href=\"https:\/\/www.notibras.com\/site\/ira-anuncia-100-mil-misseis-para-hezbollah-atacar-israel\/\" \/>\n<meta property=\"og:locale\" content=\"pt_BR\" \/>\n<meta property=\"og:type\" content=\"article\" \/>\n<meta property=\"og:title\" content=\"Ir\u00e3 anuncia 100 mil m\u00edsseis para Hezbollah atacar Israel - Notibras\" \/>\n<meta property=\"og:description\" content=\"Ao menos 100 mil m\u00edsseis est\u00e3o prontos para atacar Israel no caso de qualquer provoca\u00e7\u00e3o contra o L\u00edbano e o Hezbollah, alertou nesta sexta, 5, o comandante da Guarda Revolucion\u00e1ria Isl\u00e2mica, Hossein Salami. \u201cNo L\u00edbano, dezenas de milhares, at\u00e9 mais de cem mil m\u00edsseis est\u00e3o prontos para serem disparados para criar um inferno para os [&hellip;]\" \/>\n<meta property=\"og:url\" content=\"https:\/\/www.notibras.com\/site\/ira-anuncia-100-mil-misseis-para-hezbollah-atacar-israel\/\" \/>\n<meta property=\"og:site_name\" content=\"Notibras\" \/>\n<meta property=\"article:publisher\" content=\"https:\/\/www.facebook.com\/notibras\/\" \/>\n<meta property=\"article:published_time\" content=\"2022-08-05T15:15:00+00:00\" \/>\n<meta property=\"article:modified_time\" content=\"2022-08-05T17:27:19+00:00\" \/>\n<meta property=\"og:image\" content=\"https:\/\/www.notibras.com\/site\/wp-content\/uploads\/2022\/08\/missei.ir_.webp\" \/>\n\t<meta property=\"og:image:width\" content=\"1920\" \/>\n\t<meta property=\"og:image:height\" content=\"1079\" \/>\n\t<meta property=\"og:image:type\" content=\"image\/webp\" \/>\n<meta name=\"author\" content=\"Reda\u00e7\u00e3o\" \/>\n<meta name=\"twitter:card\" content=\"summary_large_image\" \/>\n<meta name=\"twitter:creator\" content=\"@Notibras\" \/>\n<meta name=\"twitter:site\" content=\"@Notibras\" \/>\n<meta name=\"twitter:label1\" content=\"Escrito por\" \/>\n\t<meta name=\"twitter:data1\" content=\"Reda\u00e7\u00e3o\" \/>\n\t<meta name=\"twitter:label2\" content=\"Est. tempo de leitura\" \/>\n\t<meta name=\"twitter:data2\" content=\"3 minutos\" \/>\n<script type=\"application\/ld+json\" class=\"yoast-schema-graph\">{\"@context\":\"https:\/\/schema.org\",\"@graph\":[{\"@type\":\"Article\",\"@id\":\"https:\/\/www.notibras.com\/site\/ira-anuncia-100-mil-misseis-para-hezbollah-atacar-israel\/#article\",\"isPartOf\":{\"@id\":\"https:\/\/www.notibras.com\/site\/ira-anuncia-100-mil-misseis-para-hezbollah-atacar-israel\/\"},\"author\":{\"name\":\"Reda\u00e7\u00e3o\",\"@id\":\"https:\/\/www.notibras.com\/site\/#\/schema\/person\/36ab0979449956132d3e5b517ea76ac8\"},\"headline\":\"Ir\u00e3 anuncia 100 mil m\u00edsseis para Hezbollah atacar Israel\",\"datePublished\":\"2022-08-05T15:15:00+00:00\",\"dateModified\":\"2022-08-05T17:27:19+00:00\",\"mainEntityOfPage\":{\"@id\":\"https:\/\/www.notibras.com\/site\/ira-anuncia-100-mil-misseis-para-hezbollah-atacar-israel\/\"},\"wordCount\":551,\"publisher\":{\"@id\":\"https:\/\/www.notibras.com\/site\/#organization\"},\"image\":{\"@id\":\"https:\/\/www.notibras.com\/site\/ira-anuncia-100-mil-misseis-para-hezbollah-atacar-israel\/#primaryimage\"},\"thumbnailUrl\":\"https:\/\/www.notibras.com\/site\/wp-content\/uploads\/2022\/08\/missei.ir_.webp\",\"keywords\":[\"capa\"],\"articleSection\":[\"Apocalipse\"],\"inLanguage\":\"pt-BR\"},{\"@type\":\"WebPage\",\"@id\":\"https:\/\/www.notibras.com\/site\/ira-anuncia-100-mil-misseis-para-hezbollah-atacar-israel\/\",\"url\":\"https:\/\/www.notibras.com\/site\/ira-anuncia-100-mil-misseis-para-hezbollah-atacar-israel\/\",\"name\":\"Ir\u00e3 anuncia 100 mil m\u00edsseis para Hezbollah atacar Israel - Notibras\",\"isPartOf\":{\"@id\":\"https:\/\/www.notibras.com\/site\/#website\"},\"primaryImageOfPage\":{\"@id\":\"https:\/\/www.notibras.com\/site\/ira-anuncia-100-mil-misseis-para-hezbollah-atacar-israel\/#primaryimage\"},\"image\":{\"@id\":\"https:\/\/www.notibras.com\/site\/ira-anuncia-100-mil-misseis-para-hezbollah-atacar-israel\/#primaryimage\"},\"thumbnailUrl\":\"https:\/\/www.notibras.com\/site\/wp-content\/uploads\/2022\/08\/missei.ir_.webp\",\"datePublished\":\"2022-08-05T15:15:00+00:00\",\"dateModified\":\"2022-08-05T17:27:19+00:00\",\"breadcrumb\":{\"@id\":\"https:\/\/www.notibras.com\/site\/ira-anuncia-100-mil-misseis-para-hezbollah-atacar-israel\/#breadcrumb\"},\"inLanguage\":\"pt-BR\",\"potentialAction\":[{\"@type\":\"ReadAction\",\"target\":[\"https:\/\/www.notibras.com\/site\/ira-anuncia-100-mil-misseis-para-hezbollah-atacar-israel\/\"]}]},{\"@type\":\"ImageObject\",\"inLanguage\":\"pt-BR\",\"@id\":\"https:\/\/www.notibras.com\/site\/ira-anuncia-100-mil-misseis-para-hezbollah-atacar-israel\/#primaryimage\",\"url\":\"https:\/\/www.notibras.com\/site\/wp-content\/uploads\/2022\/08\/missei.ir_.webp\",\"contentUrl\":\"https:\/\/www.notibras.com\/site\/wp-content\/uploads\/2022\/08\/missei.ir_.webp\",\"width\":1920,\"height\":1079},{\"@type\":\"BreadcrumbList\",\"@id\":\"https:\/\/www.notibras.com\/site\/ira-anuncia-100-mil-misseis-para-hezbollah-atacar-israel\/#breadcrumb\",\"itemListElement\":[{\"@type\":\"ListItem\",\"position\":1,\"name\":\"In\u00edcio\",\"item\":\"https:\/\/www.notibras.com\/site\/\"},{\"@type\":\"ListItem\",\"position\":2,\"name\":\"Ir\u00e3 anuncia 100 mil m\u00edsseis para Hezbollah atacar Israel\"}]},{\"@type\":\"WebSite\",\"@id\":\"https:\/\/www.notibras.com\/site\/#website\",\"url\":\"https:\/\/www.notibras.com\/site\/\",\"name\":\"Notibras\",\"description\":\"Not\u00edcias de Bras\u00edlia, do Brasil e do Mundo\",\"publisher\":{\"@id\":\"https:\/\/www.notibras.com\/site\/#organization\"},\"potentialAction\":[{\"@type\":\"SearchAction\",\"target\":{\"@type\":\"EntryPoint\",\"urlTemplate\":\"https:\/\/www.notibras.com\/site\/?s={search_term_string}\"},\"query-input\":{\"@type\":\"PropertyValueSpecification\",\"valueRequired\":true,\"valueName\":\"search_term_string\"}}],\"inLanguage\":\"pt-BR\"},{\"@type\":\"Organization\",\"@id\":\"https:\/\/www.notibras.com\/site\/#organization\",\"name\":\"Grupo Notibras de Comunica\u00e7\u00e3o\",\"url\":\"https:\/\/www.notibras.com\/site\/\",\"logo\":{\"@type\":\"ImageObject\",\"inLanguage\":\"pt-BR\",\"@id\":\"https:\/\/www.notibras.com\/site\/#\/schema\/logo\/image\/\",\"url\":\"https:\/\/www.notibras.com\/site\/wp-content\/uploads\/2023\/01\/notibras23.png\",\"contentUrl\":\"https:\/\/www.notibras.com\/site\/wp-content\/uploads\/2023\/01\/notibras23.png\",\"width\":350,\"height\":87,\"caption\":\"Grupo Notibras de Comunica\u00e7\u00e3o\"},\"image\":{\"@id\":\"https:\/\/www.notibras.com\/site\/#\/schema\/logo\/image\/\"},\"sameAs\":[\"https:\/\/www.facebook.com\/notibras\/\",\"https:\/\/x.com\/Notibras\",\"https:\/\/www.instagram.com\/notibras\/\"]},{\"@type\":\"Person\",\"@id\":\"https:\/\/www.notibras.com\/site\/#\/schema\/person\/36ab0979449956132d3e5b517ea76ac8\",\"name\":\"Reda\u00e7\u00e3o\",\"image\":{\"@type\":\"ImageObject\",\"inLanguage\":\"pt-BR\",\"@id\":\"https:\/\/secure.gravatar.com\/avatar\/e0a867bdedb85fd243eadf09663511f96fc81e0720a4a42581f334ad4303aa6b?s=96&d=mm&r=g\",\"url\":\"https:\/\/secure.gravatar.com\/avatar\/e0a867bdedb85fd243eadf09663511f96fc81e0720a4a42581f334ad4303aa6b?s=96&d=mm&r=g\",\"contentUrl\":\"https:\/\/secure.gravatar.com\/avatar\/e0a867bdedb85fd243eadf09663511f96fc81e0720a4a42581f334ad4303aa6b?s=96&d=mm&r=g\",\"caption\":\"Reda\u00e7\u00e3o\"}}]}<\/script>\n<!-- \/ Yoast SEO plugin. -->","yoast_head_json":{"title":"Ir\u00e3 anuncia 100 mil m\u00edsseis para Hezbollah atacar Israel - Notibras","robots":{"index":"index","follow":"follow","max-snippet":"max-snippet:-1","max-image-preview":"max-image-preview:large","max-video-preview":"max-video-preview:-1"},"canonical":"https:\/\/www.notibras.com\/site\/ira-anuncia-100-mil-misseis-para-hezbollah-atacar-israel\/","og_locale":"pt_BR","og_type":"article","og_title":"Ir\u00e3 anuncia 100 mil m\u00edsseis para Hezbollah atacar Israel - Notibras","og_description":"Ao menos 100 mil m\u00edsseis est\u00e3o prontos para atacar Israel no caso de qualquer provoca\u00e7\u00e3o contra o L\u00edbano e o Hezbollah, alertou nesta sexta, 5, o comandante da Guarda Revolucion\u00e1ria Isl\u00e2mica, Hossein Salami. \u201cNo L\u00edbano, dezenas de milhares, at\u00e9 mais de cem mil m\u00edsseis est\u00e3o prontos para serem disparados para criar um inferno para os [&hellip;]","og_url":"https:\/\/www.notibras.com\/site\/ira-anuncia-100-mil-misseis-para-hezbollah-atacar-israel\/","og_site_name":"Notibras","article_publisher":"https:\/\/www.facebook.com\/notibras\/","article_published_time":"2022-08-05T15:15:00+00:00","article_modified_time":"2022-08-05T17:27:19+00:00","og_image":[{"width":1920,"height":1079,"url":"https:\/\/www.notibras.com\/site\/wp-content\/uploads\/2022\/08\/missei.ir_.webp","type":"image\/webp"}],"author":"Reda\u00e7\u00e3o","twitter_card":"summary_large_image","twitter_creator":"@Notibras","twitter_site":"@Notibras","twitter_misc":{"Escrito por":"Reda\u00e7\u00e3o","Est. tempo de leitura":"3 minutos"},"schema":{"@context":"https:\/\/schema.org","@graph":[{"@type":"Article","@id":"https:\/\/www.notibras.com\/site\/ira-anuncia-100-mil-misseis-para-hezbollah-atacar-israel\/#article","isPartOf":{"@id":"https:\/\/www.notibras.com\/site\/ira-anuncia-100-mil-misseis-para-hezbollah-atacar-israel\/"},"author":{"name":"Reda\u00e7\u00e3o","@id":"https:\/\/www.notibras.com\/site\/#\/schema\/person\/36ab0979449956132d3e5b517ea76ac8"},"headline":"Ir\u00e3 anuncia 100 mil m\u00edsseis para Hezbollah atacar Israel","datePublished":"2022-08-05T15:15:00+00:00","dateModified":"2022-08-05T17:27:19+00:00","mainEntityOfPage":{"@id":"https:\/\/www.notibras.com\/site\/ira-anuncia-100-mil-misseis-para-hezbollah-atacar-israel\/"},"wordCount":551,"publisher":{"@id":"https:\/\/www.notibras.com\/site\/#organization"},"image":{"@id":"https:\/\/www.notibras.com\/site\/ira-anuncia-100-mil-misseis-para-hezbollah-atacar-israel\/#primaryimage"},"thumbnailUrl":"https:\/\/www.notibras.com\/site\/wp-content\/uploads\/2022\/08\/missei.ir_.webp","keywords":["capa"],"articleSection":["Apocalipse"],"inLanguage":"pt-BR"},{"@type":"WebPage","@id":"https:\/\/www.notibras.com\/site\/ira-anuncia-100-mil-misseis-para-hezbollah-atacar-israel\/","url":"https:\/\/www.notibras.com\/site\/ira-anuncia-100-mil-misseis-para-hezbollah-atacar-israel\/","name":"Ir\u00e3 anuncia 100 mil m\u00edsseis para Hezbollah atacar Israel - Notibras","isPartOf":{"@id":"https:\/\/www.notibras.com\/site\/#website"},"primaryImageOfPage":{"@id":"https:\/\/www.notibras.com\/site\/ira-anuncia-100-mil-misseis-para-hezbollah-atacar-israel\/#primaryimage"},"image":{"@id":"https:\/\/www.notibras.com\/site\/ira-anuncia-100-mil-misseis-para-hezbollah-atacar-israel\/#primaryimage"},"thumbnailUrl":"https:\/\/www.notibras.com\/site\/wp-content\/uploads\/2022\/08\/missei.ir_.webp","datePublished":"2022-08-05T15:15:00+00:00","dateModified":"2022-08-05T17:27:19+00:00","breadcrumb":{"@id":"https:\/\/www.notibras.com\/site\/ira-anuncia-100-mil-misseis-para-hezbollah-atacar-israel\/#breadcrumb"},"inLanguage":"pt-BR","potentialAction":[{"@type":"ReadAction","target":["https:\/\/www.notibras.com\/site\/ira-anuncia-100-mil-misseis-para-hezbollah-atacar-israel\/"]}]},{"@type":"ImageObject","inLanguage":"pt-BR","@id":"https:\/\/www.notibras.com\/site\/ira-anuncia-100-mil-misseis-para-hezbollah-atacar-israel\/#primaryimage","url":"https:\/\/www.notibras.com\/site\/wp-content\/uploads\/2022\/08\/missei.ir_.webp","contentUrl":"https:\/\/www.notibras.com\/site\/wp-content\/uploads\/2022\/08\/missei.ir_.webp","width":1920,"height":1079},{"@type":"BreadcrumbList","@id":"https:\/\/www.notibras.com\/site\/ira-anuncia-100-mil-misseis-para-hezbollah-atacar-israel\/#breadcrumb","itemListElement":[{"@type":"ListItem","position":1,"name":"In\u00edcio","item":"https:\/\/www.notibras.com\/site\/"},{"@type":"ListItem","position":2,"name":"Ir\u00e3 anuncia 100 mil m\u00edsseis para Hezbollah atacar Israel"}]},{"@type":"WebSite","@id":"https:\/\/www.notibras.com\/site\/#website","url":"https:\/\/www.notibras.com\/site\/","name":"Notibras","description":"Not\u00edcias de Bras\u00edlia, do Brasil e do Mundo","publisher":{"@id":"https:\/\/www.notibras.com\/site\/#organization"},"potentialAction":[{"@type":"SearchAction","target":{"@type":"EntryPoint","urlTemplate":"https:\/\/www.notibras.com\/site\/?s={search_term_string}"},"query-input":{"@type":"PropertyValueSpecification","valueRequired":true,"valueName":"search_term_string"}}],"inLanguage":"pt-BR"},{"@type":"Organization","@id":"https:\/\/www.notibras.com\/site\/#organization","name":"Grupo Notibras de Comunica\u00e7\u00e3o","url":"https:\/\/www.notibras.com\/site\/","logo":{"@type":"ImageObject","inLanguage":"pt-BR","@id":"https:\/\/www.notibras.com\/site\/#\/schema\/logo\/image\/","url":"https:\/\/www.notibras.com\/site\/wp-content\/uploads\/2023\/01\/notibras23.png","contentUrl":"https:\/\/www.notibras.com\/site\/wp-content\/uploads\/2023\/01\/notibras23.png","width":350,"height":87,"caption":"Grupo Notibras de Comunica\u00e7\u00e3o"},"image":{"@id":"https:\/\/www.notibras.com\/site\/#\/schema\/logo\/image\/"},"sameAs":["https:\/\/www.facebook.com\/notibras\/","https:\/\/x.com\/Notibras","https:\/\/www.instagram.com\/notibras\/"]},{"@type":"Person","@id":"https:\/\/www.notibras.com\/site\/#\/schema\/person\/36ab0979449956132d3e5b517ea76ac8","name":"Reda\u00e7\u00e3o","image":{"@type":"ImageObject","inLanguage":"pt-BR","@id":"https:\/\/secure.gravatar.com\/avatar\/e0a867bdedb85fd243eadf09663511f96fc81e0720a4a42581f334ad4303aa6b?s=96&d=mm&r=g","url":"https:\/\/secure.gravatar.com\/avatar\/e0a867bdedb85fd243eadf09663511f96fc81e0720a4a42581f334ad4303aa6b?s=96&d=mm&r=g","contentUrl":"https:\/\/secure.gravatar.com\/avatar\/e0a867bdedb85fd243eadf09663511f96fc81e0720a4a42581f334ad4303aa6b?s=96&d=mm&r=g","caption":"Reda\u00e7\u00e3o"}}]}},"amp_enabled":true,"_links":{"self":[{"href":"https:\/\/www.notibras.com\/site\/wp-json\/wp\/v2\/posts\/290048","targetHints":{"allow":["GET"]}}],"collection":[{"href":"https:\/\/www.notibras.com\/site\/wp-json\/wp\/v2\/posts"}],"about":[{"href":"https:\/\/www.notibras.com\/site\/wp-json\/wp\/v2\/types\/post"}],"author":[{"embeddable":true,"href":"https:\/\/www.notibras.com\/site\/wp-json\/wp\/v2\/users\/2"}],"replies":[{"embeddable":true,"href":"https:\/\/www.notibras.com\/site\/wp-json\/wp\/v2\/comments?post=290048"}],"version-history":[{"count":1,"href":"https:\/\/www.notibras.com\/site\/wp-json\/wp\/v2\/posts\/290048\/revisions"}],"predecessor-version":[{"id":290050,"href":"https:\/\/www.notibras.com\/site\/wp-json\/wp\/v2\/posts\/290048\/revisions\/290050"}],"wp:featuredmedia":[{"embeddable":true,"href":"https:\/\/www.notibras.com\/site\/wp-json\/wp\/v2\/media\/290049"}],"wp:attachment":[{"href":"https:\/\/www.notibras.com\/site\/wp-json\/wp\/v2\/media?parent=290048"}],"wp:term":[{"taxonomy":"category","embeddable":true,"href":"https:\/\/www.notibras.com\/site\/wp-json\/wp\/v2\/categories?post=290048"},{"taxonomy":"post_tag","embeddable":true,"href":"https:\/\/www.notibras.com\/site\/wp-json\/wp\/v2\/tags?post=290048"}],"curies":[{"name":"wp","href":"https:\/\/api.w.org\/{rel}","templated":true}]}}