{"id":290051,"date":"2022-08-05T12:31:06","date_gmt":"2022-08-05T15:31:06","guid":{"rendered":"https:\/\/www.notibras.com\/site\/?p=290051"},"modified":"2022-08-05T14:40:26","modified_gmt":"2022-08-05T17:40:26","slug":"china-cancela-reuniao-bilateral-com-militares-americanos","status":"publish","type":"post","link":"https:\/\/www.notibras.com\/site\/china-cancela-reuniao-bilateral-com-militares-americanos\/","title":{"rendered":"China cancela reuni\u00e3o bilateral com militares americanos"},"content":{"rendered":"<p>As rela\u00e7\u00f5es entre os Estados Unidos e a China pioraram depois que uma delega\u00e7\u00e3o de democratas do Congresso dos EUA liderada pela presidente da C\u00e2mara, Nancy Pelosi, desembarcou em Taiwan no in\u00edcio desta semana.<\/p>\n<p>Nesta sexta, 5, para agravar a situa\u00e7\u00e3o, Pequim cancelou uma reuni\u00e3o entre autoridades de defesa chinesas e americanas.<\/p>\n<p>O Minist\u00e9rio das Rela\u00e7\u00f5es Exteriores da China tamb\u00e9m anunciou que Pequim interrompeu a coopera\u00e7\u00e3o entre os dois pa\u00edses sobre seguran\u00e7a mar\u00edtima.<\/p>\n<p>A China foi mais al\u00e9m e suspende temporariamente a coopera\u00e7\u00e3o com os Estados Unidos em quest\u00f5es como repatria\u00e7\u00e3o de migrantes ilegais, assist\u00eancia judicial, crimes transnacionais e mudan\u00e7as clim\u00e1ticas.<\/p>\n<p>A visita de Pelosi foi recebida com indigna\u00e7\u00e3o da China, j\u00e1 que Pequim considera a ilha uma parte inalien\u00e1vel do pa\u00eds.<\/p>\n<p>Em 4 de agosto, logo ap\u00f3s a partida de Pelosi da ilha, a China lan\u00e7ou simula\u00e7\u00f5es de fogo real em v\u00e1rias \u00e1reas ao redor de Taiwan.<\/p>\n","protected":false},"excerpt":{"rendered":"<p>As rela\u00e7\u00f5es entre os Estados Unidos e a China pioraram depois que uma delega\u00e7\u00e3o de democratas do Congresso dos EUA liderada pela presidente da C\u00e2mara, Nancy Pelosi, desembarcou em Taiwan no in\u00edcio desta semana. Nesta sexta, 5, para agravar a situa\u00e7\u00e3o, Pequim cancelou uma reuni\u00e3o entre autoridades de defesa chinesas e americanas. O Minist\u00e9rio das [&hellip;]<\/p>\n","protected":false},"author":2,"featured_media":290052,"comment_status":"closed","ping_status":"closed","sticky":false,"template":"","format":"standard","meta":{"_acf_changed":false,"footnotes":""},"categories":[159],"tags":[95],"class_list":["post-290051","post","type-post","status-publish","format-standard","has-post-thumbnail","hentry","category-apocalipse","tag-capa"],"acf":[],"yoast_head":"<!-- This site is optimized with the Yoast SEO plugin v27.2 - https:\/\/yoast.com\/product\/yoast-seo-wordpress\/ -->\n<title>China cancela reuni\u00e3o bilateral com militares americanos - Notibras<\/title>\n<meta name=\"robots\" content=\"index, follow, max-snippet:-1, max-image-preview:large, max-video-preview:-1\" \/>\n<link rel=\"canonical\" href=\"https:\/\/www.notibras.com\/site\/china-cancela-reuniao-bilateral-com-militares-americanos\/\" \/>\n<meta property=\"og:locale\" content=\"pt_BR\" \/>\n<meta property=\"og:type\" content=\"article\" \/>\n<meta property=\"og:title\" content=\"China cancela reuni\u00e3o bilateral com militares americanos - Notibras\" \/>\n<meta property=\"og:description\" content=\"As rela\u00e7\u00f5es entre os Estados Unidos e a China pioraram depois que uma delega\u00e7\u00e3o de democratas do Congresso dos EUA liderada pela presidente da C\u00e2mara, Nancy Pelosi, desembarcou em Taiwan no in\u00edcio desta semana. Nesta sexta, 5, para agravar a situa\u00e7\u00e3o, Pequim cancelou uma reuni\u00e3o entre autoridades de defesa chinesas e americanas. O Minist\u00e9rio das [&hellip;]\" \/>\n<meta property=\"og:url\" content=\"https:\/\/www.notibras.com\/site\/china-cancela-reuniao-bilateral-com-militares-americanos\/\" \/>\n<meta property=\"og:site_name\" content=\"Notibras\" \/>\n<meta property=\"article:publisher\" content=\"https:\/\/www.facebook.com\/notibras\/\" \/>\n<meta property=\"article:published_time\" content=\"2022-08-05T15:31:06+00:00\" \/>\n<meta property=\"article:modified_time\" content=\"2022-08-05T17:40:26+00:00\" \/>\n<meta property=\"og:image\" content=\"https:\/\/www.notibras.com\/site\/wp-content\/uploads\/2022\/08\/china.mico_.webp\" \/>\n\t<meta property=\"og:image:width\" content=\"1920\" \/>\n\t<meta property=\"og:image:height\" content=\"1080\" \/>\n\t<meta property=\"og:image:type\" content=\"image\/webp\" \/>\n<meta name=\"author\" content=\"Reda\u00e7\u00e3o\" \/>\n<meta name=\"twitter:card\" content=\"summary_large_image\" \/>\n<meta name=\"twitter:creator\" content=\"@Notibras\" \/>\n<meta name=\"twitter:site\" content=\"@Notibras\" \/>\n<meta name=\"twitter:label1\" content=\"Escrito por\" \/>\n\t<meta name=\"twitter:data1\" content=\"Reda\u00e7\u00e3o\" \/>\n\t<meta name=\"twitter:label2\" content=\"Est. tempo de leitura\" \/>\n\t<meta name=\"twitter:data2\" content=\"1 minuto\" \/>\n<script type=\"application\/ld+json\" class=\"yoast-schema-graph\">{\"@context\":\"https:\/\/schema.org\",\"@graph\":[{\"@type\":\"Article\",\"@id\":\"https:\/\/www.notibras.com\/site\/china-cancela-reuniao-bilateral-com-militares-americanos\/#article\",\"isPartOf\":{\"@id\":\"https:\/\/www.notibras.com\/site\/china-cancela-reuniao-bilateral-com-militares-americanos\/\"},\"author\":{\"name\":\"Reda\u00e7\u00e3o\",\"@id\":\"https:\/\/www.notibras.com\/site\/#\/schema\/person\/36ab0979449956132d3e5b517ea76ac8\"},\"headline\":\"China cancela reuni\u00e3o bilateral com militares americanos\",\"datePublished\":\"2022-08-05T15:31:06+00:00\",\"dateModified\":\"2022-08-05T17:40:26+00:00\",\"mainEntityOfPage\":{\"@id\":\"https:\/\/www.notibras.com\/site\/china-cancela-reuniao-bilateral-com-militares-americanos\/\"},\"wordCount\":181,\"publisher\":{\"@id\":\"https:\/\/www.notibras.com\/site\/#organization\"},\"image\":{\"@id\":\"https:\/\/www.notibras.com\/site\/china-cancela-reuniao-bilateral-com-militares-americanos\/#primaryimage\"},\"thumbnailUrl\":\"https:\/\/www.notibras.com\/site\/wp-content\/uploads\/2022\/08\/china.mico_.webp\",\"keywords\":[\"capa\"],\"articleSection\":[\"Apocalipse\"],\"inLanguage\":\"pt-BR\"},{\"@type\":\"WebPage\",\"@id\":\"https:\/\/www.notibras.com\/site\/china-cancela-reuniao-bilateral-com-militares-americanos\/\",\"url\":\"https:\/\/www.notibras.com\/site\/china-cancela-reuniao-bilateral-com-militares-americanos\/\",\"name\":\"China cancela reuni\u00e3o bilateral com militares americanos - Notibras\",\"isPartOf\":{\"@id\":\"https:\/\/www.notibras.com\/site\/#website\"},\"primaryImageOfPage\":{\"@id\":\"https:\/\/www.notibras.com\/site\/china-cancela-reuniao-bilateral-com-militares-americanos\/#primaryimage\"},\"image\":{\"@id\":\"https:\/\/www.notibras.com\/site\/china-cancela-reuniao-bilateral-com-militares-americanos\/#primaryimage\"},\"thumbnailUrl\":\"https:\/\/www.notibras.com\/site\/wp-content\/uploads\/2022\/08\/china.mico_.webp\",\"datePublished\":\"2022-08-05T15:31:06+00:00\",\"dateModified\":\"2022-08-05T17:40:26+00:00\",\"breadcrumb\":{\"@id\":\"https:\/\/www.notibras.com\/site\/china-cancela-reuniao-bilateral-com-militares-americanos\/#breadcrumb\"},\"inLanguage\":\"pt-BR\",\"potentialAction\":[{\"@type\":\"ReadAction\",\"target\":[\"https:\/\/www.notibras.com\/site\/china-cancela-reuniao-bilateral-com-militares-americanos\/\"]}]},{\"@type\":\"ImageObject\",\"inLanguage\":\"pt-BR\",\"@id\":\"https:\/\/www.notibras.com\/site\/china-cancela-reuniao-bilateral-com-militares-americanos\/#primaryimage\",\"url\":\"https:\/\/www.notibras.com\/site\/wp-content\/uploads\/2022\/08\/china.mico_.webp\",\"contentUrl\":\"https:\/\/www.notibras.com\/site\/wp-content\/uploads\/2022\/08\/china.mico_.webp\",\"width\":1920,\"height\":1080},{\"@type\":\"BreadcrumbList\",\"@id\":\"https:\/\/www.notibras.com\/site\/china-cancela-reuniao-bilateral-com-militares-americanos\/#breadcrumb\",\"itemListElement\":[{\"@type\":\"ListItem\",\"position\":1,\"name\":\"In\u00edcio\",\"item\":\"https:\/\/www.notibras.com\/site\/\"},{\"@type\":\"ListItem\",\"position\":2,\"name\":\"China cancela reuni\u00e3o bilateral com militares americanos\"}]},{\"@type\":\"WebSite\",\"@id\":\"https:\/\/www.notibras.com\/site\/#website\",\"url\":\"https:\/\/www.notibras.com\/site\/\",\"name\":\"Notibras\",\"description\":\"Not\u00edcias de Bras\u00edlia, do Brasil e do Mundo\",\"publisher\":{\"@id\":\"https:\/\/www.notibras.com\/site\/#organization\"},\"potentialAction\":[{\"@type\":\"SearchAction\",\"target\":{\"@type\":\"EntryPoint\",\"urlTemplate\":\"https:\/\/www.notibras.com\/site\/?s={search_term_string}\"},\"query-input\":{\"@type\":\"PropertyValueSpecification\",\"valueRequired\":true,\"valueName\":\"search_term_string\"}}],\"inLanguage\":\"pt-BR\"},{\"@type\":\"Organization\",\"@id\":\"https:\/\/www.notibras.com\/site\/#organization\",\"name\":\"Grupo Notibras de Comunica\u00e7\u00e3o\",\"url\":\"https:\/\/www.notibras.com\/site\/\",\"logo\":{\"@type\":\"ImageObject\",\"inLanguage\":\"pt-BR\",\"@id\":\"https:\/\/www.notibras.com\/site\/#\/schema\/logo\/image\/\",\"url\":\"https:\/\/www.notibras.com\/site\/wp-content\/uploads\/2023\/01\/notibras23.png\",\"contentUrl\":\"https:\/\/www.notibras.com\/site\/wp-content\/uploads\/2023\/01\/notibras23.png\",\"width\":350,\"height\":87,\"caption\":\"Grupo Notibras de Comunica\u00e7\u00e3o\"},\"image\":{\"@id\":\"https:\/\/www.notibras.com\/site\/#\/schema\/logo\/image\/\"},\"sameAs\":[\"https:\/\/www.facebook.com\/notibras\/\",\"https:\/\/x.com\/Notibras\",\"https:\/\/www.instagram.com\/notibras\/\"]},{\"@type\":\"Person\",\"@id\":\"https:\/\/www.notibras.com\/site\/#\/schema\/person\/36ab0979449956132d3e5b517ea76ac8\",\"name\":\"Reda\u00e7\u00e3o\",\"image\":{\"@type\":\"ImageObject\",\"inLanguage\":\"pt-BR\",\"@id\":\"https:\/\/secure.gravatar.com\/avatar\/e0a867bdedb85fd243eadf09663511f96fc81e0720a4a42581f334ad4303aa6b?s=96&d=mm&r=g\",\"url\":\"https:\/\/secure.gravatar.com\/avatar\/e0a867bdedb85fd243eadf09663511f96fc81e0720a4a42581f334ad4303aa6b?s=96&d=mm&r=g\",\"contentUrl\":\"https:\/\/secure.gravatar.com\/avatar\/e0a867bdedb85fd243eadf09663511f96fc81e0720a4a42581f334ad4303aa6b?s=96&d=mm&r=g\",\"caption\":\"Reda\u00e7\u00e3o\"}}]}<\/script>\n<!-- \/ Yoast SEO plugin. -->","yoast_head_json":{"title":"China cancela reuni\u00e3o bilateral com militares americanos - Notibras","robots":{"index":"index","follow":"follow","max-snippet":"max-snippet:-1","max-image-preview":"max-image-preview:large","max-video-preview":"max-video-preview:-1"},"canonical":"https:\/\/www.notibras.com\/site\/china-cancela-reuniao-bilateral-com-militares-americanos\/","og_locale":"pt_BR","og_type":"article","og_title":"China cancela reuni\u00e3o bilateral com militares americanos - Notibras","og_description":"As rela\u00e7\u00f5es entre os Estados Unidos e a China pioraram depois que uma delega\u00e7\u00e3o de democratas do Congresso dos EUA liderada pela presidente da C\u00e2mara, Nancy Pelosi, desembarcou em Taiwan no in\u00edcio desta semana. Nesta sexta, 5, para agravar a situa\u00e7\u00e3o, Pequim cancelou uma reuni\u00e3o entre autoridades de defesa chinesas e americanas. O Minist\u00e9rio das [&hellip;]","og_url":"https:\/\/www.notibras.com\/site\/china-cancela-reuniao-bilateral-com-militares-americanos\/","og_site_name":"Notibras","article_publisher":"https:\/\/www.facebook.com\/notibras\/","article_published_time":"2022-08-05T15:31:06+00:00","article_modified_time":"2022-08-05T17:40:26+00:00","og_image":[{"width":1920,"height":1080,"url":"https:\/\/www.notibras.com\/site\/wp-content\/uploads\/2022\/08\/china.mico_.webp","type":"image\/webp"}],"author":"Reda\u00e7\u00e3o","twitter_card":"summary_large_image","twitter_creator":"@Notibras","twitter_site":"@Notibras","twitter_misc":{"Escrito por":"Reda\u00e7\u00e3o","Est. tempo de leitura":"1 minuto"},"schema":{"@context":"https:\/\/schema.org","@graph":[{"@type":"Article","@id":"https:\/\/www.notibras.com\/site\/china-cancela-reuniao-bilateral-com-militares-americanos\/#article","isPartOf":{"@id":"https:\/\/www.notibras.com\/site\/china-cancela-reuniao-bilateral-com-militares-americanos\/"},"author":{"name":"Reda\u00e7\u00e3o","@id":"https:\/\/www.notibras.com\/site\/#\/schema\/person\/36ab0979449956132d3e5b517ea76ac8"},"headline":"China cancela reuni\u00e3o bilateral com militares americanos","datePublished":"2022-08-05T15:31:06+00:00","dateModified":"2022-08-05T17:40:26+00:00","mainEntityOfPage":{"@id":"https:\/\/www.notibras.com\/site\/china-cancela-reuniao-bilateral-com-militares-americanos\/"},"wordCount":181,"publisher":{"@id":"https:\/\/www.notibras.com\/site\/#organization"},"image":{"@id":"https:\/\/www.notibras.com\/site\/china-cancela-reuniao-bilateral-com-militares-americanos\/#primaryimage"},"thumbnailUrl":"https:\/\/www.notibras.com\/site\/wp-content\/uploads\/2022\/08\/china.mico_.webp","keywords":["capa"],"articleSection":["Apocalipse"],"inLanguage":"pt-BR"},{"@type":"WebPage","@id":"https:\/\/www.notibras.com\/site\/china-cancela-reuniao-bilateral-com-militares-americanos\/","url":"https:\/\/www.notibras.com\/site\/china-cancela-reuniao-bilateral-com-militares-americanos\/","name":"China cancela reuni\u00e3o bilateral com militares americanos - Notibras","isPartOf":{"@id":"https:\/\/www.notibras.com\/site\/#website"},"primaryImageOfPage":{"@id":"https:\/\/www.notibras.com\/site\/china-cancela-reuniao-bilateral-com-militares-americanos\/#primaryimage"},"image":{"@id":"https:\/\/www.notibras.com\/site\/china-cancela-reuniao-bilateral-com-militares-americanos\/#primaryimage"},"thumbnailUrl":"https:\/\/www.notibras.com\/site\/wp-content\/uploads\/2022\/08\/china.mico_.webp","datePublished":"2022-08-05T15:31:06+00:00","dateModified":"2022-08-05T17:40:26+00:00","breadcrumb":{"@id":"https:\/\/www.notibras.com\/site\/china-cancela-reuniao-bilateral-com-militares-americanos\/#breadcrumb"},"inLanguage":"pt-BR","potentialAction":[{"@type":"ReadAction","target":["https:\/\/www.notibras.com\/site\/china-cancela-reuniao-bilateral-com-militares-americanos\/"]}]},{"@type":"ImageObject","inLanguage":"pt-BR","@id":"https:\/\/www.notibras.com\/site\/china-cancela-reuniao-bilateral-com-militares-americanos\/#primaryimage","url":"https:\/\/www.notibras.com\/site\/wp-content\/uploads\/2022\/08\/china.mico_.webp","contentUrl":"https:\/\/www.notibras.com\/site\/wp-content\/uploads\/2022\/08\/china.mico_.webp","width":1920,"height":1080},{"@type":"BreadcrumbList","@id":"https:\/\/www.notibras.com\/site\/china-cancela-reuniao-bilateral-com-militares-americanos\/#breadcrumb","itemListElement":[{"@type":"ListItem","position":1,"name":"In\u00edcio","item":"https:\/\/www.notibras.com\/site\/"},{"@type":"ListItem","position":2,"name":"China cancela reuni\u00e3o bilateral com militares americanos"}]},{"@type":"WebSite","@id":"https:\/\/www.notibras.com\/site\/#website","url":"https:\/\/www.notibras.com\/site\/","name":"Notibras","description":"Not\u00edcias de Bras\u00edlia, do Brasil e do Mundo","publisher":{"@id":"https:\/\/www.notibras.com\/site\/#organization"},"potentialAction":[{"@type":"SearchAction","target":{"@type":"EntryPoint","urlTemplate":"https:\/\/www.notibras.com\/site\/?s={search_term_string}"},"query-input":{"@type":"PropertyValueSpecification","valueRequired":true,"valueName":"search_term_string"}}],"inLanguage":"pt-BR"},{"@type":"Organization","@id":"https:\/\/www.notibras.com\/site\/#organization","name":"Grupo Notibras de Comunica\u00e7\u00e3o","url":"https:\/\/www.notibras.com\/site\/","logo":{"@type":"ImageObject","inLanguage":"pt-BR","@id":"https:\/\/www.notibras.com\/site\/#\/schema\/logo\/image\/","url":"https:\/\/www.notibras.com\/site\/wp-content\/uploads\/2023\/01\/notibras23.png","contentUrl":"https:\/\/www.notibras.com\/site\/wp-content\/uploads\/2023\/01\/notibras23.png","width":350,"height":87,"caption":"Grupo Notibras de Comunica\u00e7\u00e3o"},"image":{"@id":"https:\/\/www.notibras.com\/site\/#\/schema\/logo\/image\/"},"sameAs":["https:\/\/www.facebook.com\/notibras\/","https:\/\/x.com\/Notibras","https:\/\/www.instagram.com\/notibras\/"]},{"@type":"Person","@id":"https:\/\/www.notibras.com\/site\/#\/schema\/person\/36ab0979449956132d3e5b517ea76ac8","name":"Reda\u00e7\u00e3o","image":{"@type":"ImageObject","inLanguage":"pt-BR","@id":"https:\/\/secure.gravatar.com\/avatar\/e0a867bdedb85fd243eadf09663511f96fc81e0720a4a42581f334ad4303aa6b?s=96&d=mm&r=g","url":"https:\/\/secure.gravatar.com\/avatar\/e0a867bdedb85fd243eadf09663511f96fc81e0720a4a42581f334ad4303aa6b?s=96&d=mm&r=g","contentUrl":"https:\/\/secure.gravatar.com\/avatar\/e0a867bdedb85fd243eadf09663511f96fc81e0720a4a42581f334ad4303aa6b?s=96&d=mm&r=g","caption":"Reda\u00e7\u00e3o"}}]}},"amp_enabled":true,"_links":{"self":[{"href":"https:\/\/www.notibras.com\/site\/wp-json\/wp\/v2\/posts\/290051","targetHints":{"allow":["GET"]}}],"collection":[{"href":"https:\/\/www.notibras.com\/site\/wp-json\/wp\/v2\/posts"}],"about":[{"href":"https:\/\/www.notibras.com\/site\/wp-json\/wp\/v2\/types\/post"}],"author":[{"embeddable":true,"href":"https:\/\/www.notibras.com\/site\/wp-json\/wp\/v2\/users\/2"}],"replies":[{"embeddable":true,"href":"https:\/\/www.notibras.com\/site\/wp-json\/wp\/v2\/comments?post=290051"}],"version-history":[{"count":1,"href":"https:\/\/www.notibras.com\/site\/wp-json\/wp\/v2\/posts\/290051\/revisions"}],"predecessor-version":[{"id":290053,"href":"https:\/\/www.notibras.com\/site\/wp-json\/wp\/v2\/posts\/290051\/revisions\/290053"}],"wp:featuredmedia":[{"embeddable":true,"href":"https:\/\/www.notibras.com\/site\/wp-json\/wp\/v2\/media\/290052"}],"wp:attachment":[{"href":"https:\/\/www.notibras.com\/site\/wp-json\/wp\/v2\/media?parent=290051"}],"wp:term":[{"taxonomy":"category","embeddable":true,"href":"https:\/\/www.notibras.com\/site\/wp-json\/wp\/v2\/categories?post=290051"},{"taxonomy":"post_tag","embeddable":true,"href":"https:\/\/www.notibras.com\/site\/wp-json\/wp\/v2\/tags?post=290051"}],"curies":[{"name":"wp","href":"https:\/\/api.w.org\/{rel}","templated":true}]}}