{"id":290071,"date":"2022-08-07T09:06:47","date_gmt":"2022-08-07T12:06:47","guid":{"rendered":"https:\/\/www.notibras.com\/site\/?p=290071"},"modified":"2022-08-07T12:33:32","modified_gmt":"2022-08-07T15:33:32","slug":"sucesso-do-governo-de-lula-dependera-de-reformas-de-centro","status":"publish","type":"post","link":"https:\/\/www.notibras.com\/site\/sucesso-do-governo-de-lula-dependera-de-reformas-de-centro\/","title":{"rendered":"Sucesso do governo de Lula vai depender de reforma de centro"},"content":{"rendered":"<p>A hist\u00f3ria brasileira presente est\u00e1 marcada pela emerg\u00eancia de uma forma\u00e7\u00e3o pol\u00edtico-ideol\u00f3gica de extrema-direita arrimada (eis o fato novo) em fortes bases populares, fen\u00f4meno impercebido pelos sism\u00f3grafos da esquerda organizada, mesmo ap\u00f3s os eventos de 2013. Encontravam-se ali, por\u00e9m, elementos anunciadores das dificuldades eleitorais de 2014 e do golpe de Estado parlamentar de 2016, a abertura da porteira para a crise que ainda nos acompanha, e nos acompanhar\u00e1 por mais quanto tempo n\u00e3o sabemos. Preferimos n\u00e3o ver.<\/p>\n<p>Para nossos partidos resultava mais c\u00f4modo, naquela altura, tomar o lulismo como o indicador de suposta politiza\u00e7\u00e3o da sociedade brasileira. Desatentos ao car\u00e1ter de nossa forma\u00e7\u00e3o hist\u00f3rica (latif\u00fandio, escravismo, genoc\u00eddio de negros e popula\u00e7\u00f5es nativas, racismo, autoritarismo larvar, sotoposi\u00e7\u00e3o dos interesses populares), nos deixamos surpreender pela ascens\u00e3o do bolsonarismo, e reduzimos o fen\u00f4meno pol\u00edtico-social-ideol\u00f3gico a mero epis\u00f3dio eleitoral. As consequ\u00eancias vinham a galope. A disjuntiva civiliza\u00e7\u00e3o ou barb\u00e1rie \u00e9 a encruzilhada que a hist\u00f3ria nos coloca.<\/p>\n<p>Na pol\u00edtica, como na natureza, n\u00e3o h\u00e1 fen\u00f4meno sem causa. A prega\u00e7\u00e3o fascist\u00f3ide, logo transitando para a organiza\u00e7\u00e3o de massa, encontrou terreno prop\u00edcio \u00e0 boa semeadura na medida em que as for\u00e7as populares, aquelas que outrora se identificavam como revolucion\u00e1rias, e as reformistas, as organiza\u00e7\u00f5es de esquerda e de centro-esquerda de um modo geral, e particularmente as organiza\u00e7\u00f5es socialistas e comunistas, renunciaram ao proselitismo pol\u00edtico (portanto ao confronto ideol\u00f3gico), visto como incompat\u00edvel seja com a institucionaliza\u00e7\u00e3o, seja com o eleitoralismo, a que aderiram de peito aberto nossos partidos, seguindo os passos suicidas dos partidos comunistas e socialistas europeus, hoje condenados \u00e0 irrelev\u00e2ncia, de que nos d\u00e3o not\u00edcia, mais recentemente, as elei\u00e7\u00f5es francesas e italianas.<\/p>\n<p>Esse car\u00e1ter protofascista da rea\u00e7\u00e3o emergente, que mais e mais se adensa, somente seria percebido a partir da campanha de 2018 e da elei\u00e7\u00e3o para a Presid\u00eancia da Rep\u00fablica do at\u00e9 ent\u00e3o inexpressivo parlamentar de segunda linha do chamado &#8220;baixo clero&#8221;. Isto \u00e9, j\u00e1 tardiamente. \u00c9 quando &#8211; e pela vez primeira na hist\u00f3ria republicana &#8211; a extrema-direita, assumida como tal, toma assento no poder segundo as regras da democracia representativa, cuja defesa \u00e9 encampada, como prioridade, pela esquerda, ensejando a possibilidade de largo arco de alian\u00e7as de prote\u00e7\u00e3o do regime, como ocorrera em 1955 e em 1961.<\/p>\n<p>Naqueles anos, como agora, o projeto golpista era operado dentro do governo. No primeiro caso a maquina\u00e7\u00e3o era liderada pelo pr\u00f3prio presidente da Rep\u00fablica em exerc\u00edcio (deputado Carlos Luz); no segundo, o comando era dos tr\u00eas ministros militares. Ambas as tentativas foram derrotadas pela mobiliza\u00e7\u00e3o popular. Na hip\u00f3tese concreta dos nossos dias o presidente da Rep\u00fablica \u00e9 o principal agente golpista, acolitado pela c\u00fapula militar, a presid\u00eancia da C\u00e2mara dos Deputados e a pusilanimidade do procurador geral da Rep\u00fablica. E suas hordas e seus milicianos. Seu ant\u00eddoto \u00e9 igualmente a mobiliza\u00e7\u00e3o popular, seja para impedir o golpe anunciado, seja para assegurar a elei\u00e7\u00e3o de Lula, seja para garantir seu governo, o que muito depender\u00e1 das descuidadas elei\u00e7\u00f5es parlamentares federais, nas quais poder pol\u00edtico e poder econ\u00f4mico investem sem limites e cada vez mais na medida em que a reelei\u00e7\u00e3o de Bolsonaro mais se distancia da realidade.<\/p>\n<p>A crise de nossos dias (organizacional, pol\u00edtica e partid\u00e1ria) tem a\u00ed uma de suas ra\u00edzes mais profundas, atingindo a capacidade de mobiliza\u00e7\u00e3o das milit\u00e2ncias partid\u00e1rias e sindicais. A luta de classes, como conceito, ficou encerrada nos comp\u00eandios do s\u00e9culo XIX, e a educa\u00e7\u00e3o das massas, dever das esquerdas, foi substitu\u00edda pelo eleitoralismo, segundo os moldes da pol\u00edtica tradicional e a l\u00f3gica pol\u00edtica burguesa. A potencialidade pol\u00edtica dos partidos foi canalizada para a renova\u00e7\u00e3o de mandatos parlamentares indiferenciados.<\/p>\n<p>A op\u00e7\u00e3o pelo eleitoralismo, como meio e fim, necessariamente relegava as quest\u00f5es doutrin\u00e1rias a plano secund\u00e1rio.<\/p>\n<p>O tratamento ideol\u00f3gico das campanhas eleitorais (que deveriam ser vistas, sempre, como fen\u00f4menos pol\u00edticos, espa\u00e7o privilegiado do embate ideol\u00f3gico) foi entregue ao saber e \u00e0 indig\u00eancia \u00e9tica do marketing pol\u00edtico que anulava valores, princ\u00edpios e antigas diferencia\u00e7\u00f5es program\u00e1ticas. A vit\u00f3ria da direita se deu por WO.<\/p>\n<p>Foi esse caminho, de recuos ideol\u00f3gicos t\u00e1ticos determinados por desafios eleitorais, que preparou o terreno para o avan\u00e7o do conservadorismo de extrema-direita, de que o bolsonarismo \u00e9 sua express\u00e3o paranoica. E preparou o terreno para o esvaziamento popular do projeto socialista, que se viu sem patroc\u00ednio.<\/p>\n<p>Uma vez mais colhemos os frutos de nosso abandono, n\u00e3o s\u00f3 da batalha ideol\u00f3gica, quanto mesmo da organiza\u00e7\u00e3o da milit\u00e2ncia e da forma\u00e7\u00e3o de quadros. \u00c0s nossas dificuldades de mobiliza\u00e7\u00e3o se associou a de h\u00e1 muito anunciada crise do movimento sindical, a base essencial dos partidos de esquerda.<br \/>\nA vis\u00e3o conservadora do processo social consagra a hist\u00f3ria das classes dominantes brasileiras, que, da Col\u00f4nia \u00e0 Rep\u00fablica, dos escravocratas e traficantes da Col\u00f4nia aos agentes da especula\u00e7\u00e3o financeira, sempre se opuseram a qualquer sorte de mudan\u00e7a ou reforma, concedidas t\u00e3o-s\u00f3 aquelas que n\u00e3o alteravam a natureza do mando. A ruptura do statu quo \u00e9 rejeitada e em seu lugar se sobrep\u00f5e a concilia\u00e7\u00e3o, instrumento mediante o qual a casa-grande conserva seu mando.<\/p>\n<p>As iniciativas da sociedade civil, os fatos desta semana, seja a Carta concertada pelos professores da Faculdade de Direito do Largo de S\u00e3o Francisco, seja o texto promovido pela FIESP que come\u00e7a a circular, contribuem decisivamente para a causa democr\u00e1tica. Bolsonaro, todavia, em seu golpismo, n\u00e3o est\u00e1 s\u00f3, mas acolitado, se n\u00e3o orientado, ou conduzido, por uma entourage militar prim\u00e1ria, descomprometida com a soberania nacional, o progresso social, o desenvolvimento e a institucionalidade democr\u00e1tica, em conflito aberto com o pacto social de que resultou o fim da ditadura em 1985 e a reconstitucionaliza\u00e7\u00e3o de 1988; os fardados n\u00e3o apenas respaldam os crimes comuns e os crimes pol\u00edticos cometidos por Bolsonaro contra a institucionalidade democr\u00e1tica, como atuam diretamente na tentativa de desmoralizar o processo eleitoral no qual a democracia representativa vai colher legitimidade. No afan de melhor servir ao seu senhor se esmera o general ministro da defesa.<\/p>\n<p>As for\u00e7as armadas do Estado brasileiro s\u00e3o historicamente descomprometidas com a democracia, que seguidamente t\u00eam golpeado: 1937, 1954, 1955, 1961, 1964, 2016; os fardados criaram a candidatura do capit\u00e3o, ditaram-lhe o conte\u00fado, organizaram sua campanha inclusive nos quart\u00e9is, firmaram os contornos do governo e lhe d\u00e3o sustenta\u00e7\u00e3o, mesmo nas amea\u00e7as de insurrei\u00e7\u00e3o contra a ordem constitucional.<\/p>\n<p>Bolsonaro conta com o apoio de consider\u00e1vel parcela do empresariado, notadamente do grande capital financeiro, e ainda conta, o que \u00e9 pior, com significativo apoio popular, algo como 30% da popula\u00e7\u00e3o, nada obstante ser o respons\u00e1vel, com sua coorte de fardados, pelo pior governo conhecido pela Rep\u00fablica. Esta resili\u00eancia n\u00e3o pode ser subestimada, posto que, passadas as elei\u00e7\u00f5es, qualquer que seja o resultado, o bolsonarismo permanecer\u00e1 como ator destacado na fr\u00e1gil democracia representativa brasileira.<\/p>\n<p>O processo eleitoral, por\u00e9m pode ensejar, a um s\u00f3 tempo, tanto a constru\u00e7\u00e3o de uma barragem ao bolsonarismo (o nome fantasia do neofascismo caboclo) quanto, como sua primeira consequ\u00eancia, a desejada retomada do poder pol\u00edtico pelas for\u00e7as progressistas e de esquerda em necess\u00e1ria alian\u00e7a t\u00e1tica com setores da burguesia, de \u00faltimo comprometidos com a preserva\u00e7\u00e3o da institucionalidade democr\u00e1tica, amea\u00e7ada pelo presidente candidato \u00e0 reelei\u00e7\u00e3o e seus engalanados. Pode ser o retorno ao programa de reformas poss\u00edveis dentro do atual regime, mas dependentes de uma nova correla\u00e7\u00e3o de for\u00e7as, a se estabelecer na ordem pol\u00edtica e na sociedade civil. Dessa nova maioria \u2014 que alimentar\u00e1 a mobiliza\u00e7\u00e3o popular &#8211; depender\u00e1 o car\u00e1ter do governo de centro-esquerda com o qual nos acena a desejada elei\u00e7\u00e3o do ex-presidente Lula.<\/p>\n<p><strong>* Com a colabora\u00e7\u00e3o de Pedro Amaral<\/strong><\/p>\n","protected":false},"excerpt":{"rendered":"<p>A hist\u00f3ria brasileira presente est\u00e1 marcada pela emerg\u00eancia de uma forma\u00e7\u00e3o pol\u00edtico-ideol\u00f3gica de extrema-direita arrimada (eis o fato novo) em fortes bases populares, fen\u00f4meno impercebido pelos sism\u00f3grafos da esquerda organizada, mesmo ap\u00f3s os eventos de 2013. Encontravam-se ali, por\u00e9m, elementos anunciadores das dificuldades eleitorais de 2014 e do golpe de Estado parlamentar de 2016, a [&hellip;]<\/p>\n","protected":false},"author":2,"featured_media":255214,"comment_status":"closed","ping_status":"closed","sticky":false,"template":"","format":"standard","meta":{"_acf_changed":false,"footnotes":""},"categories":[26],"tags":[95],"class_list":["post-290071","post","type-post","status-publish","format-standard","has-post-thumbnail","hentry","category-eleicoes-2022","tag-capa"],"acf":[],"yoast_head":"<!-- This site is optimized with the Yoast SEO plugin v27.2 - https:\/\/yoast.com\/product\/yoast-seo-wordpress\/ -->\n<title>Sucesso do governo de Lula vai depender de reforma de centro - Notibras<\/title>\n<meta name=\"robots\" content=\"index, follow, max-snippet:-1, max-image-preview:large, max-video-preview:-1\" \/>\n<link rel=\"canonical\" href=\"https:\/\/www.notibras.com\/site\/sucesso-do-governo-de-lula-dependera-de-reformas-de-centro\/\" \/>\n<meta property=\"og:locale\" content=\"pt_BR\" \/>\n<meta property=\"og:type\" content=\"article\" \/>\n<meta property=\"og:title\" content=\"Sucesso do governo de Lula vai depender de reforma de centro - Notibras\" \/>\n<meta property=\"og:description\" content=\"A hist\u00f3ria brasileira presente est\u00e1 marcada pela emerg\u00eancia de uma forma\u00e7\u00e3o pol\u00edtico-ideol\u00f3gica de extrema-direita arrimada (eis o fato novo) em fortes bases populares, fen\u00f4meno impercebido pelos sism\u00f3grafos da esquerda organizada, mesmo ap\u00f3s os eventos de 2013. Encontravam-se ali, por\u00e9m, elementos anunciadores das dificuldades eleitorais de 2014 e do golpe de Estado parlamentar de 2016, a [&hellip;]\" \/>\n<meta property=\"og:url\" content=\"https:\/\/www.notibras.com\/site\/sucesso-do-governo-de-lula-dependera-de-reformas-de-centro\/\" \/>\n<meta property=\"og:site_name\" content=\"Notibras\" \/>\n<meta property=\"article:publisher\" content=\"https:\/\/www.facebook.com\/notibras\/\" \/>\n<meta property=\"article:published_time\" content=\"2022-08-07T12:06:47+00:00\" \/>\n<meta property=\"article:modified_time\" content=\"2022-08-07T15:33:32+00:00\" \/>\n<meta property=\"og:image\" content=\"https:\/\/www.notibras.com\/site\/wp-content\/uploads\/2021\/04\/Lula-La.jpeg\" \/>\n\t<meta property=\"og:image:width\" content=\"689\" \/>\n\t<meta property=\"og:image:height\" content=\"315\" \/>\n\t<meta property=\"og:image:type\" content=\"image\/jpeg\" \/>\n<meta name=\"author\" content=\"Reda\u00e7\u00e3o\" \/>\n<meta name=\"twitter:card\" content=\"summary_large_image\" \/>\n<meta name=\"twitter:creator\" content=\"@Notibras\" \/>\n<meta name=\"twitter:site\" content=\"@Notibras\" \/>\n<meta name=\"twitter:label1\" content=\"Escrito por\" \/>\n\t<meta name=\"twitter:data1\" content=\"Reda\u00e7\u00e3o\" \/>\n\t<meta name=\"twitter:label2\" content=\"Est. tempo de leitura\" \/>\n\t<meta name=\"twitter:data2\" content=\"7 minutos\" \/>\n<script type=\"application\/ld+json\" class=\"yoast-schema-graph\">{\"@context\":\"https:\/\/schema.org\",\"@graph\":[{\"@type\":\"Article\",\"@id\":\"https:\/\/www.notibras.com\/site\/sucesso-do-governo-de-lula-dependera-de-reformas-de-centro\/#article\",\"isPartOf\":{\"@id\":\"https:\/\/www.notibras.com\/site\/sucesso-do-governo-de-lula-dependera-de-reformas-de-centro\/\"},\"author\":{\"name\":\"Reda\u00e7\u00e3o\",\"@id\":\"https:\/\/www.notibras.com\/site\/#\/schema\/person\/36ab0979449956132d3e5b517ea76ac8\"},\"headline\":\"Sucesso do governo de Lula vai depender de reforma de centro\",\"datePublished\":\"2022-08-07T12:06:47+00:00\",\"dateModified\":\"2022-08-07T15:33:32+00:00\",\"mainEntityOfPage\":{\"@id\":\"https:\/\/www.notibras.com\/site\/sucesso-do-governo-de-lula-dependera-de-reformas-de-centro\/\"},\"wordCount\":1384,\"publisher\":{\"@id\":\"https:\/\/www.notibras.com\/site\/#organization\"},\"image\":{\"@id\":\"https:\/\/www.notibras.com\/site\/sucesso-do-governo-de-lula-dependera-de-reformas-de-centro\/#primaryimage\"},\"thumbnailUrl\":\"https:\/\/www.notibras.com\/site\/wp-content\/uploads\/2021\/04\/Lula-La.jpeg\",\"keywords\":[\"capa\"],\"articleSection\":[\"Elei\u00e7\u00f5es 2022\"],\"inLanguage\":\"pt-BR\"},{\"@type\":\"WebPage\",\"@id\":\"https:\/\/www.notibras.com\/site\/sucesso-do-governo-de-lula-dependera-de-reformas-de-centro\/\",\"url\":\"https:\/\/www.notibras.com\/site\/sucesso-do-governo-de-lula-dependera-de-reformas-de-centro\/\",\"name\":\"Sucesso do governo de Lula vai depender de reforma de centro - Notibras\",\"isPartOf\":{\"@id\":\"https:\/\/www.notibras.com\/site\/#website\"},\"primaryImageOfPage\":{\"@id\":\"https:\/\/www.notibras.com\/site\/sucesso-do-governo-de-lula-dependera-de-reformas-de-centro\/#primaryimage\"},\"image\":{\"@id\":\"https:\/\/www.notibras.com\/site\/sucesso-do-governo-de-lula-dependera-de-reformas-de-centro\/#primaryimage\"},\"thumbnailUrl\":\"https:\/\/www.notibras.com\/site\/wp-content\/uploads\/2021\/04\/Lula-La.jpeg\",\"datePublished\":\"2022-08-07T12:06:47+00:00\",\"dateModified\":\"2022-08-07T15:33:32+00:00\",\"breadcrumb\":{\"@id\":\"https:\/\/www.notibras.com\/site\/sucesso-do-governo-de-lula-dependera-de-reformas-de-centro\/#breadcrumb\"},\"inLanguage\":\"pt-BR\",\"potentialAction\":[{\"@type\":\"ReadAction\",\"target\":[\"https:\/\/www.notibras.com\/site\/sucesso-do-governo-de-lula-dependera-de-reformas-de-centro\/\"]}]},{\"@type\":\"ImageObject\",\"inLanguage\":\"pt-BR\",\"@id\":\"https:\/\/www.notibras.com\/site\/sucesso-do-governo-de-lula-dependera-de-reformas-de-centro\/#primaryimage\",\"url\":\"https:\/\/www.notibras.com\/site\/wp-content\/uploads\/2021\/04\/Lula-La.jpeg\",\"contentUrl\":\"https:\/\/www.notibras.com\/site\/wp-content\/uploads\/2021\/04\/Lula-La.jpeg\",\"width\":689,\"height\":315},{\"@type\":\"BreadcrumbList\",\"@id\":\"https:\/\/www.notibras.com\/site\/sucesso-do-governo-de-lula-dependera-de-reformas-de-centro\/#breadcrumb\",\"itemListElement\":[{\"@type\":\"ListItem\",\"position\":1,\"name\":\"In\u00edcio\",\"item\":\"https:\/\/www.notibras.com\/site\/\"},{\"@type\":\"ListItem\",\"position\":2,\"name\":\"Sucesso do governo de Lula vai depender de reforma de centro\"}]},{\"@type\":\"WebSite\",\"@id\":\"https:\/\/www.notibras.com\/site\/#website\",\"url\":\"https:\/\/www.notibras.com\/site\/\",\"name\":\"Notibras\",\"description\":\"Not\u00edcias de Bras\u00edlia, do Brasil e do Mundo\",\"publisher\":{\"@id\":\"https:\/\/www.notibras.com\/site\/#organization\"},\"potentialAction\":[{\"@type\":\"SearchAction\",\"target\":{\"@type\":\"EntryPoint\",\"urlTemplate\":\"https:\/\/www.notibras.com\/site\/?s={search_term_string}\"},\"query-input\":{\"@type\":\"PropertyValueSpecification\",\"valueRequired\":true,\"valueName\":\"search_term_string\"}}],\"inLanguage\":\"pt-BR\"},{\"@type\":\"Organization\",\"@id\":\"https:\/\/www.notibras.com\/site\/#organization\",\"name\":\"Grupo Notibras de Comunica\u00e7\u00e3o\",\"url\":\"https:\/\/www.notibras.com\/site\/\",\"logo\":{\"@type\":\"ImageObject\",\"inLanguage\":\"pt-BR\",\"@id\":\"https:\/\/www.notibras.com\/site\/#\/schema\/logo\/image\/\",\"url\":\"https:\/\/www.notibras.com\/site\/wp-content\/uploads\/2023\/01\/notibras23.png\",\"contentUrl\":\"https:\/\/www.notibras.com\/site\/wp-content\/uploads\/2023\/01\/notibras23.png\",\"width\":350,\"height\":87,\"caption\":\"Grupo Notibras de Comunica\u00e7\u00e3o\"},\"image\":{\"@id\":\"https:\/\/www.notibras.com\/site\/#\/schema\/logo\/image\/\"},\"sameAs\":[\"https:\/\/www.facebook.com\/notibras\/\",\"https:\/\/x.com\/Notibras\",\"https:\/\/www.instagram.com\/notibras\/\"]},{\"@type\":\"Person\",\"@id\":\"https:\/\/www.notibras.com\/site\/#\/schema\/person\/36ab0979449956132d3e5b517ea76ac8\",\"name\":\"Reda\u00e7\u00e3o\",\"image\":{\"@type\":\"ImageObject\",\"inLanguage\":\"pt-BR\",\"@id\":\"https:\/\/secure.gravatar.com\/avatar\/e0a867bdedb85fd243eadf09663511f96fc81e0720a4a42581f334ad4303aa6b?s=96&d=mm&r=g\",\"url\":\"https:\/\/secure.gravatar.com\/avatar\/e0a867bdedb85fd243eadf09663511f96fc81e0720a4a42581f334ad4303aa6b?s=96&d=mm&r=g\",\"contentUrl\":\"https:\/\/secure.gravatar.com\/avatar\/e0a867bdedb85fd243eadf09663511f96fc81e0720a4a42581f334ad4303aa6b?s=96&d=mm&r=g\",\"caption\":\"Reda\u00e7\u00e3o\"}}]}<\/script>\n<!-- \/ Yoast SEO plugin. -->","yoast_head_json":{"title":"Sucesso do governo de Lula vai depender de reforma de centro - Notibras","robots":{"index":"index","follow":"follow","max-snippet":"max-snippet:-1","max-image-preview":"max-image-preview:large","max-video-preview":"max-video-preview:-1"},"canonical":"https:\/\/www.notibras.com\/site\/sucesso-do-governo-de-lula-dependera-de-reformas-de-centro\/","og_locale":"pt_BR","og_type":"article","og_title":"Sucesso do governo de Lula vai depender de reforma de centro - Notibras","og_description":"A hist\u00f3ria brasileira presente est\u00e1 marcada pela emerg\u00eancia de uma forma\u00e7\u00e3o pol\u00edtico-ideol\u00f3gica de extrema-direita arrimada (eis o fato novo) em fortes bases populares, fen\u00f4meno impercebido pelos sism\u00f3grafos da esquerda organizada, mesmo ap\u00f3s os eventos de 2013. Encontravam-se ali, por\u00e9m, elementos anunciadores das dificuldades eleitorais de 2014 e do golpe de Estado parlamentar de 2016, a [&hellip;]","og_url":"https:\/\/www.notibras.com\/site\/sucesso-do-governo-de-lula-dependera-de-reformas-de-centro\/","og_site_name":"Notibras","article_publisher":"https:\/\/www.facebook.com\/notibras\/","article_published_time":"2022-08-07T12:06:47+00:00","article_modified_time":"2022-08-07T15:33:32+00:00","og_image":[{"width":689,"height":315,"url":"https:\/\/www.notibras.com\/site\/wp-content\/uploads\/2021\/04\/Lula-La.jpeg","type":"image\/jpeg"}],"author":"Reda\u00e7\u00e3o","twitter_card":"summary_large_image","twitter_creator":"@Notibras","twitter_site":"@Notibras","twitter_misc":{"Escrito por":"Reda\u00e7\u00e3o","Est. tempo de leitura":"7 minutos"},"schema":{"@context":"https:\/\/schema.org","@graph":[{"@type":"Article","@id":"https:\/\/www.notibras.com\/site\/sucesso-do-governo-de-lula-dependera-de-reformas-de-centro\/#article","isPartOf":{"@id":"https:\/\/www.notibras.com\/site\/sucesso-do-governo-de-lula-dependera-de-reformas-de-centro\/"},"author":{"name":"Reda\u00e7\u00e3o","@id":"https:\/\/www.notibras.com\/site\/#\/schema\/person\/36ab0979449956132d3e5b517ea76ac8"},"headline":"Sucesso do governo de Lula vai depender de reforma de centro","datePublished":"2022-08-07T12:06:47+00:00","dateModified":"2022-08-07T15:33:32+00:00","mainEntityOfPage":{"@id":"https:\/\/www.notibras.com\/site\/sucesso-do-governo-de-lula-dependera-de-reformas-de-centro\/"},"wordCount":1384,"publisher":{"@id":"https:\/\/www.notibras.com\/site\/#organization"},"image":{"@id":"https:\/\/www.notibras.com\/site\/sucesso-do-governo-de-lula-dependera-de-reformas-de-centro\/#primaryimage"},"thumbnailUrl":"https:\/\/www.notibras.com\/site\/wp-content\/uploads\/2021\/04\/Lula-La.jpeg","keywords":["capa"],"articleSection":["Elei\u00e7\u00f5es 2022"],"inLanguage":"pt-BR"},{"@type":"WebPage","@id":"https:\/\/www.notibras.com\/site\/sucesso-do-governo-de-lula-dependera-de-reformas-de-centro\/","url":"https:\/\/www.notibras.com\/site\/sucesso-do-governo-de-lula-dependera-de-reformas-de-centro\/","name":"Sucesso do governo de Lula vai depender de reforma de centro - Notibras","isPartOf":{"@id":"https:\/\/www.notibras.com\/site\/#website"},"primaryImageOfPage":{"@id":"https:\/\/www.notibras.com\/site\/sucesso-do-governo-de-lula-dependera-de-reformas-de-centro\/#primaryimage"},"image":{"@id":"https:\/\/www.notibras.com\/site\/sucesso-do-governo-de-lula-dependera-de-reformas-de-centro\/#primaryimage"},"thumbnailUrl":"https:\/\/www.notibras.com\/site\/wp-content\/uploads\/2021\/04\/Lula-La.jpeg","datePublished":"2022-08-07T12:06:47+00:00","dateModified":"2022-08-07T15:33:32+00:00","breadcrumb":{"@id":"https:\/\/www.notibras.com\/site\/sucesso-do-governo-de-lula-dependera-de-reformas-de-centro\/#breadcrumb"},"inLanguage":"pt-BR","potentialAction":[{"@type":"ReadAction","target":["https:\/\/www.notibras.com\/site\/sucesso-do-governo-de-lula-dependera-de-reformas-de-centro\/"]}]},{"@type":"ImageObject","inLanguage":"pt-BR","@id":"https:\/\/www.notibras.com\/site\/sucesso-do-governo-de-lula-dependera-de-reformas-de-centro\/#primaryimage","url":"https:\/\/www.notibras.com\/site\/wp-content\/uploads\/2021\/04\/Lula-La.jpeg","contentUrl":"https:\/\/www.notibras.com\/site\/wp-content\/uploads\/2021\/04\/Lula-La.jpeg","width":689,"height":315},{"@type":"BreadcrumbList","@id":"https:\/\/www.notibras.com\/site\/sucesso-do-governo-de-lula-dependera-de-reformas-de-centro\/#breadcrumb","itemListElement":[{"@type":"ListItem","position":1,"name":"In\u00edcio","item":"https:\/\/www.notibras.com\/site\/"},{"@type":"ListItem","position":2,"name":"Sucesso do governo de Lula vai depender de reforma de centro"}]},{"@type":"WebSite","@id":"https:\/\/www.notibras.com\/site\/#website","url":"https:\/\/www.notibras.com\/site\/","name":"Notibras","description":"Not\u00edcias de Bras\u00edlia, do Brasil e do Mundo","publisher":{"@id":"https:\/\/www.notibras.com\/site\/#organization"},"potentialAction":[{"@type":"SearchAction","target":{"@type":"EntryPoint","urlTemplate":"https:\/\/www.notibras.com\/site\/?s={search_term_string}"},"query-input":{"@type":"PropertyValueSpecification","valueRequired":true,"valueName":"search_term_string"}}],"inLanguage":"pt-BR"},{"@type":"Organization","@id":"https:\/\/www.notibras.com\/site\/#organization","name":"Grupo Notibras de Comunica\u00e7\u00e3o","url":"https:\/\/www.notibras.com\/site\/","logo":{"@type":"ImageObject","inLanguage":"pt-BR","@id":"https:\/\/www.notibras.com\/site\/#\/schema\/logo\/image\/","url":"https:\/\/www.notibras.com\/site\/wp-content\/uploads\/2023\/01\/notibras23.png","contentUrl":"https:\/\/www.notibras.com\/site\/wp-content\/uploads\/2023\/01\/notibras23.png","width":350,"height":87,"caption":"Grupo Notibras de Comunica\u00e7\u00e3o"},"image":{"@id":"https:\/\/www.notibras.com\/site\/#\/schema\/logo\/image\/"},"sameAs":["https:\/\/www.facebook.com\/notibras\/","https:\/\/x.com\/Notibras","https:\/\/www.instagram.com\/notibras\/"]},{"@type":"Person","@id":"https:\/\/www.notibras.com\/site\/#\/schema\/person\/36ab0979449956132d3e5b517ea76ac8","name":"Reda\u00e7\u00e3o","image":{"@type":"ImageObject","inLanguage":"pt-BR","@id":"https:\/\/secure.gravatar.com\/avatar\/e0a867bdedb85fd243eadf09663511f96fc81e0720a4a42581f334ad4303aa6b?s=96&d=mm&r=g","url":"https:\/\/secure.gravatar.com\/avatar\/e0a867bdedb85fd243eadf09663511f96fc81e0720a4a42581f334ad4303aa6b?s=96&d=mm&r=g","contentUrl":"https:\/\/secure.gravatar.com\/avatar\/e0a867bdedb85fd243eadf09663511f96fc81e0720a4a42581f334ad4303aa6b?s=96&d=mm&r=g","caption":"Reda\u00e7\u00e3o"}}]}},"amp_enabled":true,"_links":{"self":[{"href":"https:\/\/www.notibras.com\/site\/wp-json\/wp\/v2\/posts\/290071","targetHints":{"allow":["GET"]}}],"collection":[{"href":"https:\/\/www.notibras.com\/site\/wp-json\/wp\/v2\/posts"}],"about":[{"href":"https:\/\/www.notibras.com\/site\/wp-json\/wp\/v2\/types\/post"}],"author":[{"embeddable":true,"href":"https:\/\/www.notibras.com\/site\/wp-json\/wp\/v2\/users\/2"}],"replies":[{"embeddable":true,"href":"https:\/\/www.notibras.com\/site\/wp-json\/wp\/v2\/comments?post=290071"}],"version-history":[{"count":4,"href":"https:\/\/www.notibras.com\/site\/wp-json\/wp\/v2\/posts\/290071\/revisions"}],"predecessor-version":[{"id":290075,"href":"https:\/\/www.notibras.com\/site\/wp-json\/wp\/v2\/posts\/290071\/revisions\/290075"}],"wp:featuredmedia":[{"embeddable":true,"href":"https:\/\/www.notibras.com\/site\/wp-json\/wp\/v2\/media\/255214"}],"wp:attachment":[{"href":"https:\/\/www.notibras.com\/site\/wp-json\/wp\/v2\/media?parent=290071"}],"wp:term":[{"taxonomy":"category","embeddable":true,"href":"https:\/\/www.notibras.com\/site\/wp-json\/wp\/v2\/categories?post=290071"},{"taxonomy":"post_tag","embeddable":true,"href":"https:\/\/www.notibras.com\/site\/wp-json\/wp\/v2\/tags?post=290071"}],"curies":[{"name":"wp","href":"https:\/\/api.w.org\/{rel}","templated":true}]}}