{"id":290086,"date":"2022-08-08T07:40:46","date_gmt":"2022-08-08T10:40:46","guid":{"rendered":"https:\/\/www.notibras.com\/site\/?p=290086"},"modified":"2022-08-08T07:43:30","modified_gmt":"2022-08-08T10:43:30","slug":"debate-na-band-indica-acordo-para-desfazer-imagem-de-ibaneis","status":"publish","type":"post","link":"https:\/\/www.notibras.com\/site\/debate-na-band-indica-acordo-para-desfazer-imagem-de-ibaneis\/","title":{"rendered":"Debate na Band indica acordo para desfazer imagem de Ibaneis"},"content":{"rendered":"<p>H\u00e1 um pacto entre os candidatos de oposi\u00e7\u00e3o para desconstruir a imagem de Ibaneis Rocha (MDB), que tentar\u00e1, em outubro, seu segundo mandato \u00e0 frente do Pal\u00e1cio do Buriti. Com o governador fora do p\u00e1reo num eventual segundo turno, as farpas ser\u00e3o trocadas entre dois dos que estiveram presentes no primeiro debate promovido na noite deste domingo, 7, pela Band Bras\u00edlia. Todos erraram &#8211; o que \u00e9 normal num primeiro <em>t\u00eate-\u00e0-t\u00eate<\/em> para discutir propostas -, mas tamb\u00e9m houve acertos.<\/p>\n<p>O mais agressivo foi Leandro Grass, da Federa\u00e7\u00e3o PT-PV-PCdoB. O distrital perguntou por que cargas d&#8217;\u00e1gua o governador, usando dinheiro do famigerado or\u00e7amento secreto, desviou 7 milh\u00f5es de reais para uma regi\u00e3o no Piau\u00ed, onde Ibaneis tem propriedades rurais. O correto, disse Leandro, seria investir esse dinheiro em sa\u00fade, educa\u00e7\u00e3o, habita\u00e7\u00e3o e seguran\u00e7a, \u00e1reas que mais afligem o brasiliense. Ibaneis foi evasivo na resposta, lembrando que ss recursos (do or\u00e7amento secreto) s\u00e3o da Uni\u00e3o e o Piau\u00ed \u00e9 uma unidade federativa.<\/p>\n<p>O governador disse o que n\u00e3o devia sobre o empres\u00e1rio Paulo Octavio (PSD), supostamente seu maior tomador de votos, por trilharem num mesmo reduto eleitoral. Perguntou Ibaneis se seu opositor, em caso de sagrar-se vitorioso nas urnas, destinaria verbas p\u00fablicas de propaganda para seus ve\u00edculos de comunica\u00e7\u00e3o. P.O., dono da TV Bras\u00edlia, da GPS e de duas ou tr\u00eas emissoras de r\u00e1dio, respondeu com um sonoro n\u00e3o.<\/p>\n<p>O candidato n\u00e3o precisava responder assim. At\u00e9 porque, recebe hoje PI&#8217;s (pedidos de inser\u00e7\u00e3o) de publicidade oficial. Portanto, n\u00e3o seria incomum se, em caso de sagrar-se vitorioso, mantivesse proporcionalmente o dinheiro que o Buriti despeja nas suas empresas. At\u00e9 porque &#8211; e P.O. foi mal assessorado nesse quesito -, o governo investe fortunas em sites e blogs verdadeiramente alinhados ao Buriti, como \u00e9 o caso do Metr\u00f3poles, de propriedade do ex-senador Luiz Estev\u00e3o, que passou uma temporada preso por corrup\u00e7\u00e3o; e a um conglomerado de blogueiros que publicam fotos do governador almo\u00e7ando com garis em plena campanha pr\u00e9-eleitoral.<\/p>\n<p>Mas Paulo Oct\u00e1vio poderia ter dito tamb\u00e9m que o mesmo Ibaneis, via BRB, est\u00e1 salvando o Correio Brazilinse, alvo de uma malfadada opera\u00e7\u00e3o que pode deixar nas m\u00e3os de Luiz Estev\u00e3o, via opera\u00e7\u00f5es complexas envolvendo 75 milh\u00f5es de reais, a sede do mais antigo e prestigiado jornal da capital da Rep\u00fablica. Contudo, como \u00e9 u gentleman, Paulo Oct\u00e1vio preferiu falar de propostas completas, como construir, em parceria com o vizinho Estado de Goi\u00e1s, hospitais no entorno do Distrito Federal para desafogar o ca\u00f3tico quadro de sa\u00fade de Bras\u00edlia.<\/p>\n<p>Outros candidatos presentes ao debate, como Leila, Keka e Izalci, foram meros figurantes. Sem gosto, como chuchu no bafo sem sal, ou mudam o card\u00e1pio do repert\u00f3rio ou nem presen\u00e7a marcar\u00e3o nas urnas. Uma presen\u00e7a foi sentida, e elogiado pela maioria: o senador Ant\u00f4nio Reguffe, que, tra\u00eddo pelo UB, ficou fora da disputa. Se entrar na campanha de algu\u00e9m, ele, sim, ser\u00e1 o fiel da balan\u00e7a. E a turma da desconstru\u00e7\u00e3o da imagem e Ibaneis ganhar\u00e1, supostamente, um forte aliado.<\/p>\n","protected":false},"excerpt":{"rendered":"<p>H\u00e1 um pacto entre os candidatos de oposi\u00e7\u00e3o para desconstruir a imagem de Ibaneis Rocha (MDB), que tentar\u00e1, em outubro, seu segundo mandato \u00e0 frente do Pal\u00e1cio do Buriti. Com o governador fora do p\u00e1reo num eventual segundo turno, as farpas ser\u00e3o trocadas entre dois dos que estiveram presentes no primeiro debate promovido na noite [&hellip;]<\/p>\n","protected":false},"author":2,"featured_media":290087,"comment_status":"closed","ping_status":"closed","sticky":false,"template":"","format":"standard","meta":{"_acf_changed":false,"footnotes":""},"categories":[26],"tags":[95],"class_list":["post-290086","post","type-post","status-publish","format-standard","has-post-thumbnail","hentry","category-eleicoes-2022","tag-capa"],"acf":[],"yoast_head":"<!-- This site is optimized with the Yoast SEO plugin v27.2 - https:\/\/yoast.com\/product\/yoast-seo-wordpress\/ -->\n<title>Debate na Band indica acordo para desfazer imagem de Ibaneis - Notibras<\/title>\n<meta name=\"robots\" content=\"index, follow, max-snippet:-1, max-image-preview:large, max-video-preview:-1\" \/>\n<link rel=\"canonical\" href=\"https:\/\/www.notibras.com\/site\/debate-na-band-indica-acordo-para-desfazer-imagem-de-ibaneis\/\" \/>\n<meta property=\"og:locale\" content=\"pt_BR\" \/>\n<meta property=\"og:type\" content=\"article\" \/>\n<meta property=\"og:title\" content=\"Debate na Band indica acordo para desfazer imagem de Ibaneis - Notibras\" \/>\n<meta property=\"og:description\" content=\"H\u00e1 um pacto entre os candidatos de oposi\u00e7\u00e3o para desconstruir a imagem de Ibaneis Rocha (MDB), que tentar\u00e1, em outubro, seu segundo mandato \u00e0 frente do Pal\u00e1cio do Buriti. Com o governador fora do p\u00e1reo num eventual segundo turno, as farpas ser\u00e3o trocadas entre dois dos que estiveram presentes no primeiro debate promovido na noite [&hellip;]\" \/>\n<meta property=\"og:url\" content=\"https:\/\/www.notibras.com\/site\/debate-na-band-indica-acordo-para-desfazer-imagem-de-ibaneis\/\" \/>\n<meta property=\"og:site_name\" content=\"Notibras\" \/>\n<meta property=\"article:publisher\" content=\"https:\/\/www.facebook.com\/notibras\/\" \/>\n<meta property=\"article:published_time\" content=\"2022-08-08T10:40:46+00:00\" \/>\n<meta property=\"article:modified_time\" content=\"2022-08-08T10:43:30+00:00\" \/>\n<meta property=\"og:image\" content=\"https:\/\/www.notibras.com\/site\/wp-content\/uploads\/2022\/08\/Palacio-do-Buriti.jpg\" \/>\n\t<meta property=\"og:image:width\" content=\"2048\" \/>\n\t<meta property=\"og:image:height\" content=\"1365\" \/>\n\t<meta property=\"og:image:type\" content=\"image\/jpeg\" \/>\n<meta name=\"author\" content=\"Reda\u00e7\u00e3o\" \/>\n<meta name=\"twitter:card\" content=\"summary_large_image\" \/>\n<meta name=\"twitter:creator\" content=\"@Notibras\" \/>\n<meta name=\"twitter:site\" content=\"@Notibras\" \/>\n<meta name=\"twitter:label1\" content=\"Escrito por\" \/>\n\t<meta name=\"twitter:data1\" content=\"Reda\u00e7\u00e3o\" \/>\n\t<meta name=\"twitter:label2\" content=\"Est. tempo de leitura\" \/>\n\t<meta name=\"twitter:data2\" content=\"3 minutos\" \/>\n<script type=\"application\/ld+json\" class=\"yoast-schema-graph\">{\"@context\":\"https:\/\/schema.org\",\"@graph\":[{\"@type\":\"Article\",\"@id\":\"https:\/\/www.notibras.com\/site\/debate-na-band-indica-acordo-para-desfazer-imagem-de-ibaneis\/#article\",\"isPartOf\":{\"@id\":\"https:\/\/www.notibras.com\/site\/debate-na-band-indica-acordo-para-desfazer-imagem-de-ibaneis\/\"},\"author\":{\"name\":\"Reda\u00e7\u00e3o\",\"@id\":\"https:\/\/www.notibras.com\/site\/#\/schema\/person\/36ab0979449956132d3e5b517ea76ac8\"},\"headline\":\"Debate na Band indica acordo para desfazer imagem de Ibaneis\",\"datePublished\":\"2022-08-08T10:40:46+00:00\",\"dateModified\":\"2022-08-08T10:43:30+00:00\",\"mainEntityOfPage\":{\"@id\":\"https:\/\/www.notibras.com\/site\/debate-na-band-indica-acordo-para-desfazer-imagem-de-ibaneis\/\"},\"wordCount\":558,\"publisher\":{\"@id\":\"https:\/\/www.notibras.com\/site\/#organization\"},\"image\":{\"@id\":\"https:\/\/www.notibras.com\/site\/debate-na-band-indica-acordo-para-desfazer-imagem-de-ibaneis\/#primaryimage\"},\"thumbnailUrl\":\"https:\/\/www.notibras.com\/site\/wp-content\/uploads\/2022\/08\/Palacio-do-Buriti.jpg\",\"keywords\":[\"capa\"],\"articleSection\":[\"Elei\u00e7\u00f5es 2022\"],\"inLanguage\":\"pt-BR\"},{\"@type\":\"WebPage\",\"@id\":\"https:\/\/www.notibras.com\/site\/debate-na-band-indica-acordo-para-desfazer-imagem-de-ibaneis\/\",\"url\":\"https:\/\/www.notibras.com\/site\/debate-na-band-indica-acordo-para-desfazer-imagem-de-ibaneis\/\",\"name\":\"Debate na Band indica acordo para desfazer imagem de Ibaneis - Notibras\",\"isPartOf\":{\"@id\":\"https:\/\/www.notibras.com\/site\/#website\"},\"primaryImageOfPage\":{\"@id\":\"https:\/\/www.notibras.com\/site\/debate-na-band-indica-acordo-para-desfazer-imagem-de-ibaneis\/#primaryimage\"},\"image\":{\"@id\":\"https:\/\/www.notibras.com\/site\/debate-na-band-indica-acordo-para-desfazer-imagem-de-ibaneis\/#primaryimage\"},\"thumbnailUrl\":\"https:\/\/www.notibras.com\/site\/wp-content\/uploads\/2022\/08\/Palacio-do-Buriti.jpg\",\"datePublished\":\"2022-08-08T10:40:46+00:00\",\"dateModified\":\"2022-08-08T10:43:30+00:00\",\"breadcrumb\":{\"@id\":\"https:\/\/www.notibras.com\/site\/debate-na-band-indica-acordo-para-desfazer-imagem-de-ibaneis\/#breadcrumb\"},\"inLanguage\":\"pt-BR\",\"potentialAction\":[{\"@type\":\"ReadAction\",\"target\":[\"https:\/\/www.notibras.com\/site\/debate-na-band-indica-acordo-para-desfazer-imagem-de-ibaneis\/\"]}]},{\"@type\":\"ImageObject\",\"inLanguage\":\"pt-BR\",\"@id\":\"https:\/\/www.notibras.com\/site\/debate-na-band-indica-acordo-para-desfazer-imagem-de-ibaneis\/#primaryimage\",\"url\":\"https:\/\/www.notibras.com\/site\/wp-content\/uploads\/2022\/08\/Palacio-do-Buriti.jpg\",\"contentUrl\":\"https:\/\/www.notibras.com\/site\/wp-content\/uploads\/2022\/08\/Palacio-do-Buriti.jpg\",\"width\":2048,\"height\":1365},{\"@type\":\"BreadcrumbList\",\"@id\":\"https:\/\/www.notibras.com\/site\/debate-na-band-indica-acordo-para-desfazer-imagem-de-ibaneis\/#breadcrumb\",\"itemListElement\":[{\"@type\":\"ListItem\",\"position\":1,\"name\":\"In\u00edcio\",\"item\":\"https:\/\/www.notibras.com\/site\/\"},{\"@type\":\"ListItem\",\"position\":2,\"name\":\"Debate na Band indica acordo para desfazer imagem de Ibaneis\"}]},{\"@type\":\"WebSite\",\"@id\":\"https:\/\/www.notibras.com\/site\/#website\",\"url\":\"https:\/\/www.notibras.com\/site\/\",\"name\":\"Notibras\",\"description\":\"Not\u00edcias de Bras\u00edlia, do Brasil e do Mundo\",\"publisher\":{\"@id\":\"https:\/\/www.notibras.com\/site\/#organization\"},\"potentialAction\":[{\"@type\":\"SearchAction\",\"target\":{\"@type\":\"EntryPoint\",\"urlTemplate\":\"https:\/\/www.notibras.com\/site\/?s={search_term_string}\"},\"query-input\":{\"@type\":\"PropertyValueSpecification\",\"valueRequired\":true,\"valueName\":\"search_term_string\"}}],\"inLanguage\":\"pt-BR\"},{\"@type\":\"Organization\",\"@id\":\"https:\/\/www.notibras.com\/site\/#organization\",\"name\":\"Grupo Notibras de Comunica\u00e7\u00e3o\",\"url\":\"https:\/\/www.notibras.com\/site\/\",\"logo\":{\"@type\":\"ImageObject\",\"inLanguage\":\"pt-BR\",\"@id\":\"https:\/\/www.notibras.com\/site\/#\/schema\/logo\/image\/\",\"url\":\"https:\/\/www.notibras.com\/site\/wp-content\/uploads\/2023\/01\/notibras23.png\",\"contentUrl\":\"https:\/\/www.notibras.com\/site\/wp-content\/uploads\/2023\/01\/notibras23.png\",\"width\":350,\"height\":87,\"caption\":\"Grupo Notibras de Comunica\u00e7\u00e3o\"},\"image\":{\"@id\":\"https:\/\/www.notibras.com\/site\/#\/schema\/logo\/image\/\"},\"sameAs\":[\"https:\/\/www.facebook.com\/notibras\/\",\"https:\/\/x.com\/Notibras\",\"https:\/\/www.instagram.com\/notibras\/\"]},{\"@type\":\"Person\",\"@id\":\"https:\/\/www.notibras.com\/site\/#\/schema\/person\/36ab0979449956132d3e5b517ea76ac8\",\"name\":\"Reda\u00e7\u00e3o\",\"image\":{\"@type\":\"ImageObject\",\"inLanguage\":\"pt-BR\",\"@id\":\"https:\/\/secure.gravatar.com\/avatar\/e0a867bdedb85fd243eadf09663511f96fc81e0720a4a42581f334ad4303aa6b?s=96&d=mm&r=g\",\"url\":\"https:\/\/secure.gravatar.com\/avatar\/e0a867bdedb85fd243eadf09663511f96fc81e0720a4a42581f334ad4303aa6b?s=96&d=mm&r=g\",\"contentUrl\":\"https:\/\/secure.gravatar.com\/avatar\/e0a867bdedb85fd243eadf09663511f96fc81e0720a4a42581f334ad4303aa6b?s=96&d=mm&r=g\",\"caption\":\"Reda\u00e7\u00e3o\"}}]}<\/script>\n<!-- \/ Yoast SEO plugin. -->","yoast_head_json":{"title":"Debate na Band indica acordo para desfazer imagem de Ibaneis - Notibras","robots":{"index":"index","follow":"follow","max-snippet":"max-snippet:-1","max-image-preview":"max-image-preview:large","max-video-preview":"max-video-preview:-1"},"canonical":"https:\/\/www.notibras.com\/site\/debate-na-band-indica-acordo-para-desfazer-imagem-de-ibaneis\/","og_locale":"pt_BR","og_type":"article","og_title":"Debate na Band indica acordo para desfazer imagem de Ibaneis - Notibras","og_description":"H\u00e1 um pacto entre os candidatos de oposi\u00e7\u00e3o para desconstruir a imagem de Ibaneis Rocha (MDB), que tentar\u00e1, em outubro, seu segundo mandato \u00e0 frente do Pal\u00e1cio do Buriti. Com o governador fora do p\u00e1reo num eventual segundo turno, as farpas ser\u00e3o trocadas entre dois dos que estiveram presentes no primeiro debate promovido na noite [&hellip;]","og_url":"https:\/\/www.notibras.com\/site\/debate-na-band-indica-acordo-para-desfazer-imagem-de-ibaneis\/","og_site_name":"Notibras","article_publisher":"https:\/\/www.facebook.com\/notibras\/","article_published_time":"2022-08-08T10:40:46+00:00","article_modified_time":"2022-08-08T10:43:30+00:00","og_image":[{"width":2048,"height":1365,"url":"https:\/\/www.notibras.com\/site\/wp-content\/uploads\/2022\/08\/Palacio-do-Buriti.jpg","type":"image\/jpeg"}],"author":"Reda\u00e7\u00e3o","twitter_card":"summary_large_image","twitter_creator":"@Notibras","twitter_site":"@Notibras","twitter_misc":{"Escrito por":"Reda\u00e7\u00e3o","Est. tempo de leitura":"3 minutos"},"schema":{"@context":"https:\/\/schema.org","@graph":[{"@type":"Article","@id":"https:\/\/www.notibras.com\/site\/debate-na-band-indica-acordo-para-desfazer-imagem-de-ibaneis\/#article","isPartOf":{"@id":"https:\/\/www.notibras.com\/site\/debate-na-band-indica-acordo-para-desfazer-imagem-de-ibaneis\/"},"author":{"name":"Reda\u00e7\u00e3o","@id":"https:\/\/www.notibras.com\/site\/#\/schema\/person\/36ab0979449956132d3e5b517ea76ac8"},"headline":"Debate na Band indica acordo para desfazer imagem de Ibaneis","datePublished":"2022-08-08T10:40:46+00:00","dateModified":"2022-08-08T10:43:30+00:00","mainEntityOfPage":{"@id":"https:\/\/www.notibras.com\/site\/debate-na-band-indica-acordo-para-desfazer-imagem-de-ibaneis\/"},"wordCount":558,"publisher":{"@id":"https:\/\/www.notibras.com\/site\/#organization"},"image":{"@id":"https:\/\/www.notibras.com\/site\/debate-na-band-indica-acordo-para-desfazer-imagem-de-ibaneis\/#primaryimage"},"thumbnailUrl":"https:\/\/www.notibras.com\/site\/wp-content\/uploads\/2022\/08\/Palacio-do-Buriti.jpg","keywords":["capa"],"articleSection":["Elei\u00e7\u00f5es 2022"],"inLanguage":"pt-BR"},{"@type":"WebPage","@id":"https:\/\/www.notibras.com\/site\/debate-na-band-indica-acordo-para-desfazer-imagem-de-ibaneis\/","url":"https:\/\/www.notibras.com\/site\/debate-na-band-indica-acordo-para-desfazer-imagem-de-ibaneis\/","name":"Debate na Band indica acordo para desfazer imagem de Ibaneis - Notibras","isPartOf":{"@id":"https:\/\/www.notibras.com\/site\/#website"},"primaryImageOfPage":{"@id":"https:\/\/www.notibras.com\/site\/debate-na-band-indica-acordo-para-desfazer-imagem-de-ibaneis\/#primaryimage"},"image":{"@id":"https:\/\/www.notibras.com\/site\/debate-na-band-indica-acordo-para-desfazer-imagem-de-ibaneis\/#primaryimage"},"thumbnailUrl":"https:\/\/www.notibras.com\/site\/wp-content\/uploads\/2022\/08\/Palacio-do-Buriti.jpg","datePublished":"2022-08-08T10:40:46+00:00","dateModified":"2022-08-08T10:43:30+00:00","breadcrumb":{"@id":"https:\/\/www.notibras.com\/site\/debate-na-band-indica-acordo-para-desfazer-imagem-de-ibaneis\/#breadcrumb"},"inLanguage":"pt-BR","potentialAction":[{"@type":"ReadAction","target":["https:\/\/www.notibras.com\/site\/debate-na-band-indica-acordo-para-desfazer-imagem-de-ibaneis\/"]}]},{"@type":"ImageObject","inLanguage":"pt-BR","@id":"https:\/\/www.notibras.com\/site\/debate-na-band-indica-acordo-para-desfazer-imagem-de-ibaneis\/#primaryimage","url":"https:\/\/www.notibras.com\/site\/wp-content\/uploads\/2022\/08\/Palacio-do-Buriti.jpg","contentUrl":"https:\/\/www.notibras.com\/site\/wp-content\/uploads\/2022\/08\/Palacio-do-Buriti.jpg","width":2048,"height":1365},{"@type":"BreadcrumbList","@id":"https:\/\/www.notibras.com\/site\/debate-na-band-indica-acordo-para-desfazer-imagem-de-ibaneis\/#breadcrumb","itemListElement":[{"@type":"ListItem","position":1,"name":"In\u00edcio","item":"https:\/\/www.notibras.com\/site\/"},{"@type":"ListItem","position":2,"name":"Debate na Band indica acordo para desfazer imagem de Ibaneis"}]},{"@type":"WebSite","@id":"https:\/\/www.notibras.com\/site\/#website","url":"https:\/\/www.notibras.com\/site\/","name":"Notibras","description":"Not\u00edcias de Bras\u00edlia, do Brasil e do Mundo","publisher":{"@id":"https:\/\/www.notibras.com\/site\/#organization"},"potentialAction":[{"@type":"SearchAction","target":{"@type":"EntryPoint","urlTemplate":"https:\/\/www.notibras.com\/site\/?s={search_term_string}"},"query-input":{"@type":"PropertyValueSpecification","valueRequired":true,"valueName":"search_term_string"}}],"inLanguage":"pt-BR"},{"@type":"Organization","@id":"https:\/\/www.notibras.com\/site\/#organization","name":"Grupo Notibras de Comunica\u00e7\u00e3o","url":"https:\/\/www.notibras.com\/site\/","logo":{"@type":"ImageObject","inLanguage":"pt-BR","@id":"https:\/\/www.notibras.com\/site\/#\/schema\/logo\/image\/","url":"https:\/\/www.notibras.com\/site\/wp-content\/uploads\/2023\/01\/notibras23.png","contentUrl":"https:\/\/www.notibras.com\/site\/wp-content\/uploads\/2023\/01\/notibras23.png","width":350,"height":87,"caption":"Grupo Notibras de Comunica\u00e7\u00e3o"},"image":{"@id":"https:\/\/www.notibras.com\/site\/#\/schema\/logo\/image\/"},"sameAs":["https:\/\/www.facebook.com\/notibras\/","https:\/\/x.com\/Notibras","https:\/\/www.instagram.com\/notibras\/"]},{"@type":"Person","@id":"https:\/\/www.notibras.com\/site\/#\/schema\/person\/36ab0979449956132d3e5b517ea76ac8","name":"Reda\u00e7\u00e3o","image":{"@type":"ImageObject","inLanguage":"pt-BR","@id":"https:\/\/secure.gravatar.com\/avatar\/e0a867bdedb85fd243eadf09663511f96fc81e0720a4a42581f334ad4303aa6b?s=96&d=mm&r=g","url":"https:\/\/secure.gravatar.com\/avatar\/e0a867bdedb85fd243eadf09663511f96fc81e0720a4a42581f334ad4303aa6b?s=96&d=mm&r=g","contentUrl":"https:\/\/secure.gravatar.com\/avatar\/e0a867bdedb85fd243eadf09663511f96fc81e0720a4a42581f334ad4303aa6b?s=96&d=mm&r=g","caption":"Reda\u00e7\u00e3o"}}]}},"amp_enabled":true,"_links":{"self":[{"href":"https:\/\/www.notibras.com\/site\/wp-json\/wp\/v2\/posts\/290086","targetHints":{"allow":["GET"]}}],"collection":[{"href":"https:\/\/www.notibras.com\/site\/wp-json\/wp\/v2\/posts"}],"about":[{"href":"https:\/\/www.notibras.com\/site\/wp-json\/wp\/v2\/types\/post"}],"author":[{"embeddable":true,"href":"https:\/\/www.notibras.com\/site\/wp-json\/wp\/v2\/users\/2"}],"replies":[{"embeddable":true,"href":"https:\/\/www.notibras.com\/site\/wp-json\/wp\/v2\/comments?post=290086"}],"version-history":[{"count":3,"href":"https:\/\/www.notibras.com\/site\/wp-json\/wp\/v2\/posts\/290086\/revisions"}],"predecessor-version":[{"id":290090,"href":"https:\/\/www.notibras.com\/site\/wp-json\/wp\/v2\/posts\/290086\/revisions\/290090"}],"wp:featuredmedia":[{"embeddable":true,"href":"https:\/\/www.notibras.com\/site\/wp-json\/wp\/v2\/media\/290087"}],"wp:attachment":[{"href":"https:\/\/www.notibras.com\/site\/wp-json\/wp\/v2\/media?parent=290086"}],"wp:term":[{"taxonomy":"category","embeddable":true,"href":"https:\/\/www.notibras.com\/site\/wp-json\/wp\/v2\/categories?post=290086"},{"taxonomy":"post_tag","embeddable":true,"href":"https:\/\/www.notibras.com\/site\/wp-json\/wp\/v2\/tags?post=290086"}],"curies":[{"name":"wp","href":"https:\/\/api.w.org\/{rel}","templated":true}]}}