{"id":290091,"date":"2022-08-08T07:23:00","date_gmt":"2022-08-08T10:23:00","guid":{"rendered":"https:\/\/www.notibras.com\/site\/?p=290091"},"modified":"2022-08-08T08:32:45","modified_gmt":"2022-08-08T11:32:45","slug":"democracia-ou-autocracia-qual-o-melhor-caminho","status":"publish","type":"post","link":"https:\/\/www.notibras.com\/site\/democracia-ou-autocracia-qual-o-melhor-caminho\/","title":{"rendered":"Democracia ou autocracia, qual o melhor caminho?"},"content":{"rendered":"<p>Apesar de todas as minhas tentativas de entender o governo do presidente Jair Bolsonaro como algo pr\u00f3ximo da normalidade, sempre surge um fato novo capaz de me recolocar na esteira da realidade. Quando me imaginei livre da ladainha relativa ao questionamento do sistema eleitoral, eis que o ministro da Defesa resolve recorrer ao TSE com um pedido em car\u00e1ter de urg\u00eancia, mesmo com um m\u00eas de atraso. Certamente por recomenda\u00e7\u00e3o do chefe, ele quer acessar o c\u00f3digo-fonte das urnas eletr\u00f4nicas, cujos dados est\u00e3o franqueados para quem quiser desde outubro de 2021. Preocupado com outras quest\u00f5es mais s\u00e9rias, entre elas a log\u00edstica golpista do 7 de Setembro, o ministro talvez n\u00e3o tenha se apercebido do timing perdido.<\/p>\n<p>Apenas para lembr\u00e1-lo, enquanto procurava novas e fracassadas formas de desacreditar as elei\u00e7\u00f5es, dezenas de entidades cadastradas na Justi\u00e7a eleitoral , inclusive hackers profissionais, viravam o equipamento de ponta cabe\u00e7a. Sabe o que acharam? Nada que pudesse colocar sob suspeita as maquininhas de votar. E, por mais que tentem, n\u00e3o encontrar\u00e3o. Quanto ao ministro da Defesa, ele pr\u00f3prio sabe que n\u00e3o h\u00e1 hip\u00f3tese de fraude na vota\u00e7\u00e3o eletr\u00f4nica. Na verdade, tem certeza, pois h\u00e1 d\u00e9cadas s\u00e3o as For\u00e7as Armadas as respons\u00e1veis pela log\u00edstica de distribui\u00e7\u00e3o e seguran\u00e7a das urnas. Ent\u00e3o, nada mais a declarar. Certo? Errado, \u00e9 claro.<\/p>\n<p>Em sil\u00eancio e a despeito do desrespeito do governo federal, o comando do TSE se organiza contra os ataques ao sistema brasileiro. A \u00faltima a\u00e7\u00e3o foi um acordo com a Miss\u00e3o de Observa\u00e7\u00e3o Eleitoral da Uni\u00e3o Interamericana de Organismos Eleitorais (Uniore) para acompanhamento do pleito de outubro. Al\u00e9m da Uniore, tamb\u00e9m fecharam acordos com o TSE a Organiza\u00e7\u00e3o dos Estados Americanos (OEA) e o Parlamento do Merosul (Parlasul). Organismos confi\u00e1veis e com respaldo da comunidade internacional, essas entidades est\u00e3o aptas para provar, sem qualquer arrodeio, que as urnas s\u00e3o absolutamente confi\u00e1veis e que o golpe n\u00e3o consta mais do vocabul\u00e1rio do mundo moderno.<\/p>\n<p>Sem discurso e quase na lona, \u00e9 natural que o presidente e seus apoiadores tentem de tudo para melar a vit\u00f3ria do outro candidato. E n\u00e3o h\u00e1 meio termo, isto \u00e9, n\u00e3o poupam esfor\u00e7os para ganhar. O vale tudo inclui propostas terroristas, inven\u00e7\u00e3o de fraudes eleitorais, demoniza\u00e7\u00e3o da esquerda e negativas infantis da fome ou da morte de quase 700 mil pessoas por conta da Covid-19. Cansativas e esfarrapadas, essas tentativas deveriam estar enterradas. Seria muito mais bonito se os defensores da balb\u00fardia estivessem correndo democraticamente atr\u00e1s de votos.<\/p>\n<p>Entretanto, sabedores de que o \u00f3dio embrulhado em papel de p\u00e3o pode ser ampliado a qualquer momento, elas (as tentativas) fazem parte do dicion\u00e1rio daquelas pessoas que, travestidas de patriotas, teimam em conspirar contra as liberdades. Ao contr\u00e1rio do que afirmam brasileiros distantes da realidade, entre eles alguns militares com discursos misturando desespero e necessidade de vingan\u00e7a, democracia \u00e9 sim feita com o povo. O inverso \u00e9 a autocracia, cuja defini\u00e7\u00e3o \u00e9 a forma de governo centrada em um indiv\u00edduo com poderes absolutos e irrestritos.<\/p>\n<p>N\u00e3o \u00e9 o que queremos. Ser\u00e1 o fim se chegarmos a esse est\u00e1gio. A\u00ed a P\u00e1tria Amada estar\u00e1 oficializada como pa\u00eds da sacanagem. Hoje apenas impl\u00edcito, esse poder passar\u00e1 explicitamente \u00e0s m\u00e3os das classes privilegiadas, tamb\u00e9m conhecidas por endinheirados. Sobrar\u00e1 para a massa que produz e que movimenta a na\u00e7\u00e3o somente mais um fact\u00f3ide em forma de poesia inspirada na obra de C\u00e2mara Cascudo: o melhor do Brasil \u00e9 o brasileiro. Em s\u00edntese, pelo menos por mais quatro anos, manteremos o status quo que merecemos: o de lenda urbana.<\/p>\n<p><strong>*Mathuzal\u00e9m J\u00fanior \u00e9 jornalista profissional desde 1978<\/strong><\/p>\n","protected":false},"excerpt":{"rendered":"<p>Apesar de todas as minhas tentativas de entender o governo do presidente Jair Bolsonaro como algo pr\u00f3ximo da normalidade, sempre surge um fato novo capaz de me recolocar na esteira da realidade. Quando me imaginei livre da ladainha relativa ao questionamento do sistema eleitoral, eis que o ministro da Defesa resolve recorrer ao TSE com [&hellip;]<\/p>\n","protected":false},"author":2,"featured_media":290092,"comment_status":"closed","ping_status":"closed","sticky":false,"template":"","format":"standard","meta":{"_acf_changed":false,"footnotes":""},"categories":[26],"tags":[95],"class_list":["post-290091","post","type-post","status-publish","format-standard","has-post-thumbnail","hentry","category-eleicoes-2022","tag-capa"],"acf":[],"yoast_head":"<!-- This site is optimized with the Yoast SEO plugin v27.2 - https:\/\/yoast.com\/product\/yoast-seo-wordpress\/ -->\n<title>Democracia ou autocracia, qual o melhor caminho? - Notibras<\/title>\n<meta name=\"robots\" content=\"index, follow, max-snippet:-1, max-image-preview:large, max-video-preview:-1\" \/>\n<link rel=\"canonical\" href=\"https:\/\/www.notibras.com\/site\/democracia-ou-autocracia-qual-o-melhor-caminho\/\" \/>\n<meta property=\"og:locale\" content=\"pt_BR\" \/>\n<meta property=\"og:type\" content=\"article\" \/>\n<meta property=\"og:title\" content=\"Democracia ou autocracia, qual o melhor caminho? - Notibras\" \/>\n<meta property=\"og:description\" content=\"Apesar de todas as minhas tentativas de entender o governo do presidente Jair Bolsonaro como algo pr\u00f3ximo da normalidade, sempre surge um fato novo capaz de me recolocar na esteira da realidade. Quando me imaginei livre da ladainha relativa ao questionamento do sistema eleitoral, eis que o ministro da Defesa resolve recorrer ao TSE com [&hellip;]\" \/>\n<meta property=\"og:url\" content=\"https:\/\/www.notibras.com\/site\/democracia-ou-autocracia-qual-o-melhor-caminho\/\" \/>\n<meta property=\"og:site_name\" content=\"Notibras\" \/>\n<meta property=\"article:publisher\" content=\"https:\/\/www.facebook.com\/notibras\/\" \/>\n<meta property=\"article:published_time\" content=\"2022-08-08T10:23:00+00:00\" \/>\n<meta property=\"article:modified_time\" content=\"2022-08-08T11:32:45+00:00\" \/>\n<meta property=\"og:image\" content=\"https:\/\/www.notibras.com\/site\/wp-content\/uploads\/2022\/08\/50429036346_a9271a4327_o-2.jpg\" \/>\n\t<meta property=\"og:image:width\" content=\"1170\" \/>\n\t<meta property=\"og:image:height\" content=\"700\" \/>\n\t<meta property=\"og:image:type\" content=\"image\/jpeg\" \/>\n<meta name=\"author\" content=\"Reda\u00e7\u00e3o\" \/>\n<meta name=\"twitter:card\" content=\"summary_large_image\" \/>\n<meta name=\"twitter:creator\" content=\"@Notibras\" \/>\n<meta name=\"twitter:site\" content=\"@Notibras\" \/>\n<meta name=\"twitter:label1\" content=\"Escrito por\" \/>\n\t<meta name=\"twitter:data1\" content=\"Reda\u00e7\u00e3o\" \/>\n\t<meta name=\"twitter:label2\" content=\"Est. tempo de leitura\" \/>\n\t<meta name=\"twitter:data2\" content=\"4 minutos\" \/>\n<script type=\"application\/ld+json\" class=\"yoast-schema-graph\">{\"@context\":\"https:\/\/schema.org\",\"@graph\":[{\"@type\":\"Article\",\"@id\":\"https:\/\/www.notibras.com\/site\/democracia-ou-autocracia-qual-o-melhor-caminho\/#article\",\"isPartOf\":{\"@id\":\"https:\/\/www.notibras.com\/site\/democracia-ou-autocracia-qual-o-melhor-caminho\/\"},\"author\":{\"name\":\"Reda\u00e7\u00e3o\",\"@id\":\"https:\/\/www.notibras.com\/site\/#\/schema\/person\/36ab0979449956132d3e5b517ea76ac8\"},\"headline\":\"Democracia ou autocracia, qual o melhor caminho?\",\"datePublished\":\"2022-08-08T10:23:00+00:00\",\"dateModified\":\"2022-08-08T11:32:45+00:00\",\"mainEntityOfPage\":{\"@id\":\"https:\/\/www.notibras.com\/site\/democracia-ou-autocracia-qual-o-melhor-caminho\/\"},\"wordCount\":652,\"publisher\":{\"@id\":\"https:\/\/www.notibras.com\/site\/#organization\"},\"image\":{\"@id\":\"https:\/\/www.notibras.com\/site\/democracia-ou-autocracia-qual-o-melhor-caminho\/#primaryimage\"},\"thumbnailUrl\":\"https:\/\/www.notibras.com\/site\/wp-content\/uploads\/2022\/08\/50429036346_a9271a4327_o-2.jpg\",\"keywords\":[\"capa\"],\"articleSection\":[\"Elei\u00e7\u00f5es 2022\"],\"inLanguage\":\"pt-BR\"},{\"@type\":\"WebPage\",\"@id\":\"https:\/\/www.notibras.com\/site\/democracia-ou-autocracia-qual-o-melhor-caminho\/\",\"url\":\"https:\/\/www.notibras.com\/site\/democracia-ou-autocracia-qual-o-melhor-caminho\/\",\"name\":\"Democracia ou autocracia, qual o melhor caminho? - Notibras\",\"isPartOf\":{\"@id\":\"https:\/\/www.notibras.com\/site\/#website\"},\"primaryImageOfPage\":{\"@id\":\"https:\/\/www.notibras.com\/site\/democracia-ou-autocracia-qual-o-melhor-caminho\/#primaryimage\"},\"image\":{\"@id\":\"https:\/\/www.notibras.com\/site\/democracia-ou-autocracia-qual-o-melhor-caminho\/#primaryimage\"},\"thumbnailUrl\":\"https:\/\/www.notibras.com\/site\/wp-content\/uploads\/2022\/08\/50429036346_a9271a4327_o-2.jpg\",\"datePublished\":\"2022-08-08T10:23:00+00:00\",\"dateModified\":\"2022-08-08T11:32:45+00:00\",\"breadcrumb\":{\"@id\":\"https:\/\/www.notibras.com\/site\/democracia-ou-autocracia-qual-o-melhor-caminho\/#breadcrumb\"},\"inLanguage\":\"pt-BR\",\"potentialAction\":[{\"@type\":\"ReadAction\",\"target\":[\"https:\/\/www.notibras.com\/site\/democracia-ou-autocracia-qual-o-melhor-caminho\/\"]}]},{\"@type\":\"ImageObject\",\"inLanguage\":\"pt-BR\",\"@id\":\"https:\/\/www.notibras.com\/site\/democracia-ou-autocracia-qual-o-melhor-caminho\/#primaryimage\",\"url\":\"https:\/\/www.notibras.com\/site\/wp-content\/uploads\/2022\/08\/50429036346_a9271a4327_o-2.jpg\",\"contentUrl\":\"https:\/\/www.notibras.com\/site\/wp-content\/uploads\/2022\/08\/50429036346_a9271a4327_o-2.jpg\",\"width\":1170,\"height\":700,\"caption\":\"TSE - Tribunal Superior Eleitoral Urna eletr\u00f4nica\"},{\"@type\":\"BreadcrumbList\",\"@id\":\"https:\/\/www.notibras.com\/site\/democracia-ou-autocracia-qual-o-melhor-caminho\/#breadcrumb\",\"itemListElement\":[{\"@type\":\"ListItem\",\"position\":1,\"name\":\"In\u00edcio\",\"item\":\"https:\/\/www.notibras.com\/site\/\"},{\"@type\":\"ListItem\",\"position\":2,\"name\":\"Democracia ou autocracia, qual o melhor caminho?\"}]},{\"@type\":\"WebSite\",\"@id\":\"https:\/\/www.notibras.com\/site\/#website\",\"url\":\"https:\/\/www.notibras.com\/site\/\",\"name\":\"Notibras\",\"description\":\"Not\u00edcias de Bras\u00edlia, do Brasil e do Mundo\",\"publisher\":{\"@id\":\"https:\/\/www.notibras.com\/site\/#organization\"},\"potentialAction\":[{\"@type\":\"SearchAction\",\"target\":{\"@type\":\"EntryPoint\",\"urlTemplate\":\"https:\/\/www.notibras.com\/site\/?s={search_term_string}\"},\"query-input\":{\"@type\":\"PropertyValueSpecification\",\"valueRequired\":true,\"valueName\":\"search_term_string\"}}],\"inLanguage\":\"pt-BR\"},{\"@type\":\"Organization\",\"@id\":\"https:\/\/www.notibras.com\/site\/#organization\",\"name\":\"Grupo Notibras de Comunica\u00e7\u00e3o\",\"url\":\"https:\/\/www.notibras.com\/site\/\",\"logo\":{\"@type\":\"ImageObject\",\"inLanguage\":\"pt-BR\",\"@id\":\"https:\/\/www.notibras.com\/site\/#\/schema\/logo\/image\/\",\"url\":\"https:\/\/www.notibras.com\/site\/wp-content\/uploads\/2023\/01\/notibras23.png\",\"contentUrl\":\"https:\/\/www.notibras.com\/site\/wp-content\/uploads\/2023\/01\/notibras23.png\",\"width\":350,\"height\":87,\"caption\":\"Grupo Notibras de Comunica\u00e7\u00e3o\"},\"image\":{\"@id\":\"https:\/\/www.notibras.com\/site\/#\/schema\/logo\/image\/\"},\"sameAs\":[\"https:\/\/www.facebook.com\/notibras\/\",\"https:\/\/x.com\/Notibras\",\"https:\/\/www.instagram.com\/notibras\/\"]},{\"@type\":\"Person\",\"@id\":\"https:\/\/www.notibras.com\/site\/#\/schema\/person\/36ab0979449956132d3e5b517ea76ac8\",\"name\":\"Reda\u00e7\u00e3o\",\"image\":{\"@type\":\"ImageObject\",\"inLanguage\":\"pt-BR\",\"@id\":\"https:\/\/secure.gravatar.com\/avatar\/e0a867bdedb85fd243eadf09663511f96fc81e0720a4a42581f334ad4303aa6b?s=96&d=mm&r=g\",\"url\":\"https:\/\/secure.gravatar.com\/avatar\/e0a867bdedb85fd243eadf09663511f96fc81e0720a4a42581f334ad4303aa6b?s=96&d=mm&r=g\",\"contentUrl\":\"https:\/\/secure.gravatar.com\/avatar\/e0a867bdedb85fd243eadf09663511f96fc81e0720a4a42581f334ad4303aa6b?s=96&d=mm&r=g\",\"caption\":\"Reda\u00e7\u00e3o\"}}]}<\/script>\n<!-- \/ Yoast SEO plugin. -->","yoast_head_json":{"title":"Democracia ou autocracia, qual o melhor caminho? - Notibras","robots":{"index":"index","follow":"follow","max-snippet":"max-snippet:-1","max-image-preview":"max-image-preview:large","max-video-preview":"max-video-preview:-1"},"canonical":"https:\/\/www.notibras.com\/site\/democracia-ou-autocracia-qual-o-melhor-caminho\/","og_locale":"pt_BR","og_type":"article","og_title":"Democracia ou autocracia, qual o melhor caminho? - Notibras","og_description":"Apesar de todas as minhas tentativas de entender o governo do presidente Jair Bolsonaro como algo pr\u00f3ximo da normalidade, sempre surge um fato novo capaz de me recolocar na esteira da realidade. Quando me imaginei livre da ladainha relativa ao questionamento do sistema eleitoral, eis que o ministro da Defesa resolve recorrer ao TSE com [&hellip;]","og_url":"https:\/\/www.notibras.com\/site\/democracia-ou-autocracia-qual-o-melhor-caminho\/","og_site_name":"Notibras","article_publisher":"https:\/\/www.facebook.com\/notibras\/","article_published_time":"2022-08-08T10:23:00+00:00","article_modified_time":"2022-08-08T11:32:45+00:00","og_image":[{"width":1170,"height":700,"url":"https:\/\/www.notibras.com\/site\/wp-content\/uploads\/2022\/08\/50429036346_a9271a4327_o-2.jpg","type":"image\/jpeg"}],"author":"Reda\u00e7\u00e3o","twitter_card":"summary_large_image","twitter_creator":"@Notibras","twitter_site":"@Notibras","twitter_misc":{"Escrito por":"Reda\u00e7\u00e3o","Est. tempo de leitura":"4 minutos"},"schema":{"@context":"https:\/\/schema.org","@graph":[{"@type":"Article","@id":"https:\/\/www.notibras.com\/site\/democracia-ou-autocracia-qual-o-melhor-caminho\/#article","isPartOf":{"@id":"https:\/\/www.notibras.com\/site\/democracia-ou-autocracia-qual-o-melhor-caminho\/"},"author":{"name":"Reda\u00e7\u00e3o","@id":"https:\/\/www.notibras.com\/site\/#\/schema\/person\/36ab0979449956132d3e5b517ea76ac8"},"headline":"Democracia ou autocracia, qual o melhor caminho?","datePublished":"2022-08-08T10:23:00+00:00","dateModified":"2022-08-08T11:32:45+00:00","mainEntityOfPage":{"@id":"https:\/\/www.notibras.com\/site\/democracia-ou-autocracia-qual-o-melhor-caminho\/"},"wordCount":652,"publisher":{"@id":"https:\/\/www.notibras.com\/site\/#organization"},"image":{"@id":"https:\/\/www.notibras.com\/site\/democracia-ou-autocracia-qual-o-melhor-caminho\/#primaryimage"},"thumbnailUrl":"https:\/\/www.notibras.com\/site\/wp-content\/uploads\/2022\/08\/50429036346_a9271a4327_o-2.jpg","keywords":["capa"],"articleSection":["Elei\u00e7\u00f5es 2022"],"inLanguage":"pt-BR"},{"@type":"WebPage","@id":"https:\/\/www.notibras.com\/site\/democracia-ou-autocracia-qual-o-melhor-caminho\/","url":"https:\/\/www.notibras.com\/site\/democracia-ou-autocracia-qual-o-melhor-caminho\/","name":"Democracia ou autocracia, qual o melhor caminho? - Notibras","isPartOf":{"@id":"https:\/\/www.notibras.com\/site\/#website"},"primaryImageOfPage":{"@id":"https:\/\/www.notibras.com\/site\/democracia-ou-autocracia-qual-o-melhor-caminho\/#primaryimage"},"image":{"@id":"https:\/\/www.notibras.com\/site\/democracia-ou-autocracia-qual-o-melhor-caminho\/#primaryimage"},"thumbnailUrl":"https:\/\/www.notibras.com\/site\/wp-content\/uploads\/2022\/08\/50429036346_a9271a4327_o-2.jpg","datePublished":"2022-08-08T10:23:00+00:00","dateModified":"2022-08-08T11:32:45+00:00","breadcrumb":{"@id":"https:\/\/www.notibras.com\/site\/democracia-ou-autocracia-qual-o-melhor-caminho\/#breadcrumb"},"inLanguage":"pt-BR","potentialAction":[{"@type":"ReadAction","target":["https:\/\/www.notibras.com\/site\/democracia-ou-autocracia-qual-o-melhor-caminho\/"]}]},{"@type":"ImageObject","inLanguage":"pt-BR","@id":"https:\/\/www.notibras.com\/site\/democracia-ou-autocracia-qual-o-melhor-caminho\/#primaryimage","url":"https:\/\/www.notibras.com\/site\/wp-content\/uploads\/2022\/08\/50429036346_a9271a4327_o-2.jpg","contentUrl":"https:\/\/www.notibras.com\/site\/wp-content\/uploads\/2022\/08\/50429036346_a9271a4327_o-2.jpg","width":1170,"height":700,"caption":"TSE - Tribunal Superior Eleitoral Urna eletr\u00f4nica"},{"@type":"BreadcrumbList","@id":"https:\/\/www.notibras.com\/site\/democracia-ou-autocracia-qual-o-melhor-caminho\/#breadcrumb","itemListElement":[{"@type":"ListItem","position":1,"name":"In\u00edcio","item":"https:\/\/www.notibras.com\/site\/"},{"@type":"ListItem","position":2,"name":"Democracia ou autocracia, qual o melhor caminho?"}]},{"@type":"WebSite","@id":"https:\/\/www.notibras.com\/site\/#website","url":"https:\/\/www.notibras.com\/site\/","name":"Notibras","description":"Not\u00edcias de Bras\u00edlia, do Brasil e do Mundo","publisher":{"@id":"https:\/\/www.notibras.com\/site\/#organization"},"potentialAction":[{"@type":"SearchAction","target":{"@type":"EntryPoint","urlTemplate":"https:\/\/www.notibras.com\/site\/?s={search_term_string}"},"query-input":{"@type":"PropertyValueSpecification","valueRequired":true,"valueName":"search_term_string"}}],"inLanguage":"pt-BR"},{"@type":"Organization","@id":"https:\/\/www.notibras.com\/site\/#organization","name":"Grupo Notibras de Comunica\u00e7\u00e3o","url":"https:\/\/www.notibras.com\/site\/","logo":{"@type":"ImageObject","inLanguage":"pt-BR","@id":"https:\/\/www.notibras.com\/site\/#\/schema\/logo\/image\/","url":"https:\/\/www.notibras.com\/site\/wp-content\/uploads\/2023\/01\/notibras23.png","contentUrl":"https:\/\/www.notibras.com\/site\/wp-content\/uploads\/2023\/01\/notibras23.png","width":350,"height":87,"caption":"Grupo Notibras de Comunica\u00e7\u00e3o"},"image":{"@id":"https:\/\/www.notibras.com\/site\/#\/schema\/logo\/image\/"},"sameAs":["https:\/\/www.facebook.com\/notibras\/","https:\/\/x.com\/Notibras","https:\/\/www.instagram.com\/notibras\/"]},{"@type":"Person","@id":"https:\/\/www.notibras.com\/site\/#\/schema\/person\/36ab0979449956132d3e5b517ea76ac8","name":"Reda\u00e7\u00e3o","image":{"@type":"ImageObject","inLanguage":"pt-BR","@id":"https:\/\/secure.gravatar.com\/avatar\/e0a867bdedb85fd243eadf09663511f96fc81e0720a4a42581f334ad4303aa6b?s=96&d=mm&r=g","url":"https:\/\/secure.gravatar.com\/avatar\/e0a867bdedb85fd243eadf09663511f96fc81e0720a4a42581f334ad4303aa6b?s=96&d=mm&r=g","contentUrl":"https:\/\/secure.gravatar.com\/avatar\/e0a867bdedb85fd243eadf09663511f96fc81e0720a4a42581f334ad4303aa6b?s=96&d=mm&r=g","caption":"Reda\u00e7\u00e3o"}}]}},"amp_enabled":true,"_links":{"self":[{"href":"https:\/\/www.notibras.com\/site\/wp-json\/wp\/v2\/posts\/290091","targetHints":{"allow":["GET"]}}],"collection":[{"href":"https:\/\/www.notibras.com\/site\/wp-json\/wp\/v2\/posts"}],"about":[{"href":"https:\/\/www.notibras.com\/site\/wp-json\/wp\/v2\/types\/post"}],"author":[{"embeddable":true,"href":"https:\/\/www.notibras.com\/site\/wp-json\/wp\/v2\/users\/2"}],"replies":[{"embeddable":true,"href":"https:\/\/www.notibras.com\/site\/wp-json\/wp\/v2\/comments?post=290091"}],"version-history":[{"count":1,"href":"https:\/\/www.notibras.com\/site\/wp-json\/wp\/v2\/posts\/290091\/revisions"}],"predecessor-version":[{"id":290093,"href":"https:\/\/www.notibras.com\/site\/wp-json\/wp\/v2\/posts\/290091\/revisions\/290093"}],"wp:featuredmedia":[{"embeddable":true,"href":"https:\/\/www.notibras.com\/site\/wp-json\/wp\/v2\/media\/290092"}],"wp:attachment":[{"href":"https:\/\/www.notibras.com\/site\/wp-json\/wp\/v2\/media?parent=290091"}],"wp:term":[{"taxonomy":"category","embeddable":true,"href":"https:\/\/www.notibras.com\/site\/wp-json\/wp\/v2\/categories?post=290091"},{"taxonomy":"post_tag","embeddable":true,"href":"https:\/\/www.notibras.com\/site\/wp-json\/wp\/v2\/tags?post=290091"}],"curies":[{"name":"wp","href":"https:\/\/api.w.org\/{rel}","templated":true}]}}