{"id":290143,"date":"2022-08-09T08:02:19","date_gmt":"2022-08-09T11:02:19","guid":{"rendered":"https:\/\/www.notibras.com\/site\/?p=290143"},"modified":"2022-08-09T07:55:59","modified_gmt":"2022-08-09T10:55:59","slug":"pais-da-ilegalidade-por-quanto-tempo-dura-uma-lei-no-brasil","status":"publish","type":"post","link":"https:\/\/www.notibras.com\/site\/pais-da-ilegalidade-por-quanto-tempo-dura-uma-lei-no-brasil\/","title":{"rendered":"Pa\u00eds da ilegalidade, por quanto tempo dura uma lei no Brasil?"},"content":{"rendered":"<p>Norma escrita e emanada do poder competente, a lei \u00e9 o pronunciamento solene do direito. De acordo com o artigo 5, inciso II, da Constitui\u00e7\u00e3o federal, ningu\u00e9m pode ser obrigado a fazer ou a deixar de fazer alguma coisa, sen\u00e3o em virtude da lei. Lindo e quase po\u00e9tico, o enunciado, no entanto, foi elaborado para ingl\u00eas ver. \u00c9 mais uma das numerosas lendas urbanas que empurram na popula\u00e7\u00e3o da Terra Brasilis. Na verdade, na popula\u00e7\u00e3o carente da Terra de Vera Cruz. Com a naturalidade de uma crian\u00e7a rec\u00e9m-sa\u00edda das fraldas, os abastados saltam diariamente sobre as leis como se fossem um monte de bosta. Que atire a primeira pedra quem achar que estou narrando alguma bobagem.<\/p>\n<p>Como acreditar na seriedade de um pa\u00eds em que poucos respeitam as leis? Como enaltecer uma na\u00e7\u00e3o onde leis s\u00e3o criadas para acabar com leis existentes? Como respeitar um povo cuja maioria prefere ser fora da lei? Enfim, parece que as leis no Brasil deixam de valer rapidamente porque incomodam e prejudicam os poderosos. Coitadinhos!!! Por isso, elas s\u00e3o desacreditadas. Antes que elas maculem a imagem de corruptos e bandidos de colarinho branco, melhor jog\u00e1-las na lixeira mais profunda. Infelizmente, leis de qualquer tipo s\u00f3 alcan\u00e7am pobres e negros. Estes s\u00e3o diferenciados. Quando n\u00e3o morrem de inani\u00e7\u00e3o ou por bala perdida, s\u00e3o tratados a ferro e fogo pela classe dominante e pelo Estado.<\/p>\n<p>No vale tudo do pa\u00eds do arremedo de leis, violam impunemente teto de gastos para garantir elei\u00e7\u00e3o ou reelei\u00e7\u00e3o, retiram recursos de pesquisas para financiar compras eleitoreiras, anulam condena\u00e7\u00e3o de envolvidos nas mortes de 242 pessoas (caso da Boate Kiss), retroagem a Lei de Improbidade para beneficiar candidatos do esquem\u00e3o, amea\u00e7am institui\u00e7\u00f5es, absolvem r\u00e9us confessos por filigranas subjetivas da lei, b\u00eabados matam diariamente no tr\u00e2nsito. E ningu\u00e9m \u00e9 punido ou preso por isso. Provas s\u00e3o entendidas como ind\u00edcios e, no fim e ao cabo, fica o dito pelo n\u00e3o dito. Alguns desses r\u00e9us acabam recebendo medalhas de Honra ao M\u00e9rito das entidades que desonraram, do tribunal que deveria mant\u00ea-los recolhidos e at\u00e9 dos governos que pilharam. \u00c9 a invers\u00e3o mais absoluta de valores.<\/p>\n<p>Recolhimento no Brasil \u00e9 para desempregados que n\u00e3o conseguem pagar pens\u00e3o aliment\u00edcia ou para pais de fam\u00edlia que eventualmente roubam o que comer. Por exemplo, quais dos envolvidos no Mensal\u00e3o permanecem preso? Nenhum. E da Lava Jato? Tamb\u00e9m nenhum. S\u00f3 para ilustrar, de tristes lembran\u00e7as para o pa\u00eds, os ex-deputados federais Roberto Jefferson e Eduardo Cunha foram cassados, mas, pelo bem da pobre na\u00e7\u00e3o, circulam por sal\u00f5es nobres e s\u00e3o candidatos. Em pris\u00e3o domiciliar, o primeiro disputar\u00e1 a Presid\u00eancia da Rep\u00fablica com o argumento de que sua postula\u00e7\u00e3o \u00e9 necess\u00e1ria para convencer a direita a votar no dia 2 de outubro. Cunha tentar\u00e1 voltar \u00e0 C\u00e2mara por S\u00e3o Paulo.<\/p>\n<p>E n\u00f3s? \u00c9 cr\u00e9u e mais cr\u00e9u no caneco. S\u00e3o as nossas idiossincrasias. Antes de ser assassinado em 1973, um importante l\u00edder sul-americano disse que n\u00e3o basta que todos sejam iguais perante a lei. Segundo ele, \u00e9 preciso que a lei seja igual perante a todos. Bobagem imaginar que um dia atingiremos esse patamar. Nossa realidade \u00e9 dura, curta e grossa. Por aqui, as leis foram criadas para proteger direitos de grupos dominantes. Para assegurar os direitos da elite, a lei da for\u00e7a. J\u00e1 para garantir os deveres das minorias, a for\u00e7a da lei. Simples assim. Eleitos pelo povo, os fazedores de lei normalmente recebem o santo errado quando legislam. Destinado a julgar, de acordo com a lei, os conflitos da sociedade, o Poder Judici\u00e1rio interpreta e aplica o direito com varia\u00e7\u00f5es interessantes.<\/p>\n<p>Pode n\u00e3o ser comum, mas, por vezes, essas varia\u00e7\u00f5es s\u00e3o bastante duvidosas, isto \u00e9, brotam ao sabor dos casos apresentados e do poder de persuas\u00e3o do tribuno. Baseados na caduquice das leis e com crit\u00e9rios pra l\u00e1 de subjetivos, o Judici\u00e1rio que condena \u00e9 o mesmo que absolve. A impress\u00e3o \u00e9 que o entendimento varia segundo o humor do julgador e, principalmente, conforme a inst\u00e2ncia. Prova disso \u00e9 que causas id\u00eanticas nem sempre t\u00eam argumentos e resultados convergentes. Pior s\u00e3o os posicionamentos conflitantes de um mesmo magistrado em colegiados distintos. A realidade \u00e9 que, interpretativo at\u00e9 a \u00faltima gota, o direito tem poucas nuances favor\u00e1veis \u00e0s massas. S\u00e9rio e de complicada solu\u00e7\u00e3o, o problema \u00e9 do povo pagador de impostos e tem muito a ver com nosso eterno sil\u00eancio. Est\u00e1 provado que, quando os bons se calam, os maus se fortalecem.<\/p>\n","protected":false},"excerpt":{"rendered":"<p>Norma escrita e emanada do poder competente, a lei \u00e9 o pronunciamento solene do direito. De acordo com o artigo 5, inciso II, da Constitui\u00e7\u00e3o federal, ningu\u00e9m pode ser obrigado a fazer ou a deixar de fazer alguma coisa, sen\u00e3o em virtude da lei. Lindo e quase po\u00e9tico, o enunciado, no entanto, foi elaborado para [&hellip;]<\/p>\n","protected":false},"author":2,"featured_media":290144,"comment_status":"closed","ping_status":"closed","sticky":false,"template":"","format":"standard","meta":{"_acf_changed":false,"footnotes":""},"categories":[26],"tags":[95],"class_list":["post-290143","post","type-post","status-publish","format-standard","has-post-thumbnail","hentry","category-eleicoes-2022","tag-capa"],"acf":[],"yoast_head":"<!-- This site is optimized with the Yoast SEO plugin v27.2 - https:\/\/yoast.com\/product\/yoast-seo-wordpress\/ -->\n<title>Pa\u00eds da ilegalidade, por quanto tempo dura uma lei no Brasil? - Notibras<\/title>\n<meta name=\"robots\" content=\"index, follow, max-snippet:-1, max-image-preview:large, max-video-preview:-1\" \/>\n<link rel=\"canonical\" href=\"https:\/\/www.notibras.com\/site\/pais-da-ilegalidade-por-quanto-tempo-dura-uma-lei-no-brasil\/\" \/>\n<meta property=\"og:locale\" content=\"pt_BR\" \/>\n<meta property=\"og:type\" content=\"article\" \/>\n<meta property=\"og:title\" content=\"Pa\u00eds da ilegalidade, por quanto tempo dura uma lei no Brasil? - Notibras\" \/>\n<meta property=\"og:description\" content=\"Norma escrita e emanada do poder competente, a lei \u00e9 o pronunciamento solene do direito. De acordo com o artigo 5, inciso II, da Constitui\u00e7\u00e3o federal, ningu\u00e9m pode ser obrigado a fazer ou a deixar de fazer alguma coisa, sen\u00e3o em virtude da lei. Lindo e quase po\u00e9tico, o enunciado, no entanto, foi elaborado para [&hellip;]\" \/>\n<meta property=\"og:url\" content=\"https:\/\/www.notibras.com\/site\/pais-da-ilegalidade-por-quanto-tempo-dura-uma-lei-no-brasil\/\" \/>\n<meta property=\"og:site_name\" content=\"Notibras\" \/>\n<meta property=\"article:publisher\" content=\"https:\/\/www.facebook.com\/notibras\/\" \/>\n<meta property=\"article:published_time\" content=\"2022-08-09T11:02:19+00:00\" \/>\n<meta property=\"og:image\" content=\"https:\/\/www.notibras.com\/site\/wp-content\/uploads\/2022\/08\/abr00047604foto0003.jpg\" \/>\n\t<meta property=\"og:image:width\" content=\"770\" \/>\n\t<meta property=\"og:image:height\" content=\"510\" \/>\n\t<meta property=\"og:image:type\" content=\"image\/jpeg\" \/>\n<meta name=\"author\" content=\"Reda\u00e7\u00e3o\" \/>\n<meta name=\"twitter:card\" content=\"summary_large_image\" \/>\n<meta name=\"twitter:creator\" content=\"@Notibras\" \/>\n<meta name=\"twitter:site\" content=\"@Notibras\" \/>\n<meta name=\"twitter:label1\" content=\"Escrito por\" \/>\n\t<meta name=\"twitter:data1\" content=\"Reda\u00e7\u00e3o\" \/>\n\t<meta name=\"twitter:label2\" content=\"Est. tempo de leitura\" \/>\n\t<meta name=\"twitter:data2\" content=\"5 minutos\" \/>\n<script type=\"application\/ld+json\" class=\"yoast-schema-graph\">{\"@context\":\"https:\/\/schema.org\",\"@graph\":[{\"@type\":\"Article\",\"@id\":\"https:\/\/www.notibras.com\/site\/pais-da-ilegalidade-por-quanto-tempo-dura-uma-lei-no-brasil\/#article\",\"isPartOf\":{\"@id\":\"https:\/\/www.notibras.com\/site\/pais-da-ilegalidade-por-quanto-tempo-dura-uma-lei-no-brasil\/\"},\"author\":{\"name\":\"Reda\u00e7\u00e3o\",\"@id\":\"https:\/\/www.notibras.com\/site\/#\/schema\/person\/36ab0979449956132d3e5b517ea76ac8\"},\"headline\":\"Pa\u00eds da ilegalidade, por quanto tempo dura uma lei no Brasil?\",\"datePublished\":\"2022-08-09T11:02:19+00:00\",\"mainEntityOfPage\":{\"@id\":\"https:\/\/www.notibras.com\/site\/pais-da-ilegalidade-por-quanto-tempo-dura-uma-lei-no-brasil\/\"},\"wordCount\":808,\"publisher\":{\"@id\":\"https:\/\/www.notibras.com\/site\/#organization\"},\"image\":{\"@id\":\"https:\/\/www.notibras.com\/site\/pais-da-ilegalidade-por-quanto-tempo-dura-uma-lei-no-brasil\/#primaryimage\"},\"thumbnailUrl\":\"https:\/\/www.notibras.com\/site\/wp-content\/uploads\/2022\/08\/abr00047604foto0003.jpg\",\"keywords\":[\"capa\"],\"articleSection\":[\"Elei\u00e7\u00f5es 2022\"],\"inLanguage\":\"pt-BR\"},{\"@type\":\"WebPage\",\"@id\":\"https:\/\/www.notibras.com\/site\/pais-da-ilegalidade-por-quanto-tempo-dura-uma-lei-no-brasil\/\",\"url\":\"https:\/\/www.notibras.com\/site\/pais-da-ilegalidade-por-quanto-tempo-dura-uma-lei-no-brasil\/\",\"name\":\"Pa\u00eds da ilegalidade, por quanto tempo dura uma lei no Brasil? - Notibras\",\"isPartOf\":{\"@id\":\"https:\/\/www.notibras.com\/site\/#website\"},\"primaryImageOfPage\":{\"@id\":\"https:\/\/www.notibras.com\/site\/pais-da-ilegalidade-por-quanto-tempo-dura-uma-lei-no-brasil\/#primaryimage\"},\"image\":{\"@id\":\"https:\/\/www.notibras.com\/site\/pais-da-ilegalidade-por-quanto-tempo-dura-uma-lei-no-brasil\/#primaryimage\"},\"thumbnailUrl\":\"https:\/\/www.notibras.com\/site\/wp-content\/uploads\/2022\/08\/abr00047604foto0003.jpg\",\"datePublished\":\"2022-08-09T11:02:19+00:00\",\"breadcrumb\":{\"@id\":\"https:\/\/www.notibras.com\/site\/pais-da-ilegalidade-por-quanto-tempo-dura-uma-lei-no-brasil\/#breadcrumb\"},\"inLanguage\":\"pt-BR\",\"potentialAction\":[{\"@type\":\"ReadAction\",\"target\":[\"https:\/\/www.notibras.com\/site\/pais-da-ilegalidade-por-quanto-tempo-dura-uma-lei-no-brasil\/\"]}]},{\"@type\":\"ImageObject\",\"inLanguage\":\"pt-BR\",\"@id\":\"https:\/\/www.notibras.com\/site\/pais-da-ilegalidade-por-quanto-tempo-dura-uma-lei-no-brasil\/#primaryimage\",\"url\":\"https:\/\/www.notibras.com\/site\/wp-content\/uploads\/2022\/08\/abr00047604foto0003.jpg\",\"contentUrl\":\"https:\/\/www.notibras.com\/site\/wp-content\/uploads\/2022\/08\/abr00047604foto0003.jpg\",\"width\":770,\"height\":510,\"caption\":\"\u201cDeclaro promulgado o documento da liberdade, da democracia e da justi\u00e7a social do Brasil\u201d, disse o ent\u00e3o presidente da Assembleia Nacional Constituinte, Ulysses Guimar\u00e3es, ao promulgar a nova Constitui\u00e7\u00e3o Federal de 1988.\"},{\"@type\":\"BreadcrumbList\",\"@id\":\"https:\/\/www.notibras.com\/site\/pais-da-ilegalidade-por-quanto-tempo-dura-uma-lei-no-brasil\/#breadcrumb\",\"itemListElement\":[{\"@type\":\"ListItem\",\"position\":1,\"name\":\"In\u00edcio\",\"item\":\"https:\/\/www.notibras.com\/site\/\"},{\"@type\":\"ListItem\",\"position\":2,\"name\":\"Pa\u00eds da ilegalidade, por quanto tempo dura uma lei no Brasil?\"}]},{\"@type\":\"WebSite\",\"@id\":\"https:\/\/www.notibras.com\/site\/#website\",\"url\":\"https:\/\/www.notibras.com\/site\/\",\"name\":\"Notibras\",\"description\":\"Not\u00edcias de Bras\u00edlia, do Brasil e do Mundo\",\"publisher\":{\"@id\":\"https:\/\/www.notibras.com\/site\/#organization\"},\"potentialAction\":[{\"@type\":\"SearchAction\",\"target\":{\"@type\":\"EntryPoint\",\"urlTemplate\":\"https:\/\/www.notibras.com\/site\/?s={search_term_string}\"},\"query-input\":{\"@type\":\"PropertyValueSpecification\",\"valueRequired\":true,\"valueName\":\"search_term_string\"}}],\"inLanguage\":\"pt-BR\"},{\"@type\":\"Organization\",\"@id\":\"https:\/\/www.notibras.com\/site\/#organization\",\"name\":\"Grupo Notibras de Comunica\u00e7\u00e3o\",\"url\":\"https:\/\/www.notibras.com\/site\/\",\"logo\":{\"@type\":\"ImageObject\",\"inLanguage\":\"pt-BR\",\"@id\":\"https:\/\/www.notibras.com\/site\/#\/schema\/logo\/image\/\",\"url\":\"https:\/\/www.notibras.com\/site\/wp-content\/uploads\/2023\/01\/notibras23.png\",\"contentUrl\":\"https:\/\/www.notibras.com\/site\/wp-content\/uploads\/2023\/01\/notibras23.png\",\"width\":350,\"height\":87,\"caption\":\"Grupo Notibras de Comunica\u00e7\u00e3o\"},\"image\":{\"@id\":\"https:\/\/www.notibras.com\/site\/#\/schema\/logo\/image\/\"},\"sameAs\":[\"https:\/\/www.facebook.com\/notibras\/\",\"https:\/\/x.com\/Notibras\",\"https:\/\/www.instagram.com\/notibras\/\"]},{\"@type\":\"Person\",\"@id\":\"https:\/\/www.notibras.com\/site\/#\/schema\/person\/36ab0979449956132d3e5b517ea76ac8\",\"name\":\"Reda\u00e7\u00e3o\",\"image\":{\"@type\":\"ImageObject\",\"inLanguage\":\"pt-BR\",\"@id\":\"https:\/\/secure.gravatar.com\/avatar\/e0a867bdedb85fd243eadf09663511f96fc81e0720a4a42581f334ad4303aa6b?s=96&d=mm&r=g\",\"url\":\"https:\/\/secure.gravatar.com\/avatar\/e0a867bdedb85fd243eadf09663511f96fc81e0720a4a42581f334ad4303aa6b?s=96&d=mm&r=g\",\"contentUrl\":\"https:\/\/secure.gravatar.com\/avatar\/e0a867bdedb85fd243eadf09663511f96fc81e0720a4a42581f334ad4303aa6b?s=96&d=mm&r=g\",\"caption\":\"Reda\u00e7\u00e3o\"}}]}<\/script>\n<!-- \/ Yoast SEO plugin. -->","yoast_head_json":{"title":"Pa\u00eds da ilegalidade, por quanto tempo dura uma lei no Brasil? - Notibras","robots":{"index":"index","follow":"follow","max-snippet":"max-snippet:-1","max-image-preview":"max-image-preview:large","max-video-preview":"max-video-preview:-1"},"canonical":"https:\/\/www.notibras.com\/site\/pais-da-ilegalidade-por-quanto-tempo-dura-uma-lei-no-brasil\/","og_locale":"pt_BR","og_type":"article","og_title":"Pa\u00eds da ilegalidade, por quanto tempo dura uma lei no Brasil? - Notibras","og_description":"Norma escrita e emanada do poder competente, a lei \u00e9 o pronunciamento solene do direito. De acordo com o artigo 5, inciso II, da Constitui\u00e7\u00e3o federal, ningu\u00e9m pode ser obrigado a fazer ou a deixar de fazer alguma coisa, sen\u00e3o em virtude da lei. Lindo e quase po\u00e9tico, o enunciado, no entanto, foi elaborado para [&hellip;]","og_url":"https:\/\/www.notibras.com\/site\/pais-da-ilegalidade-por-quanto-tempo-dura-uma-lei-no-brasil\/","og_site_name":"Notibras","article_publisher":"https:\/\/www.facebook.com\/notibras\/","article_published_time":"2022-08-09T11:02:19+00:00","og_image":[{"width":770,"height":510,"url":"https:\/\/www.notibras.com\/site\/wp-content\/uploads\/2022\/08\/abr00047604foto0003.jpg","type":"image\/jpeg"}],"author":"Reda\u00e7\u00e3o","twitter_card":"summary_large_image","twitter_creator":"@Notibras","twitter_site":"@Notibras","twitter_misc":{"Escrito por":"Reda\u00e7\u00e3o","Est. tempo de leitura":"5 minutos"},"schema":{"@context":"https:\/\/schema.org","@graph":[{"@type":"Article","@id":"https:\/\/www.notibras.com\/site\/pais-da-ilegalidade-por-quanto-tempo-dura-uma-lei-no-brasil\/#article","isPartOf":{"@id":"https:\/\/www.notibras.com\/site\/pais-da-ilegalidade-por-quanto-tempo-dura-uma-lei-no-brasil\/"},"author":{"name":"Reda\u00e7\u00e3o","@id":"https:\/\/www.notibras.com\/site\/#\/schema\/person\/36ab0979449956132d3e5b517ea76ac8"},"headline":"Pa\u00eds da ilegalidade, por quanto tempo dura uma lei no Brasil?","datePublished":"2022-08-09T11:02:19+00:00","mainEntityOfPage":{"@id":"https:\/\/www.notibras.com\/site\/pais-da-ilegalidade-por-quanto-tempo-dura-uma-lei-no-brasil\/"},"wordCount":808,"publisher":{"@id":"https:\/\/www.notibras.com\/site\/#organization"},"image":{"@id":"https:\/\/www.notibras.com\/site\/pais-da-ilegalidade-por-quanto-tempo-dura-uma-lei-no-brasil\/#primaryimage"},"thumbnailUrl":"https:\/\/www.notibras.com\/site\/wp-content\/uploads\/2022\/08\/abr00047604foto0003.jpg","keywords":["capa"],"articleSection":["Elei\u00e7\u00f5es 2022"],"inLanguage":"pt-BR"},{"@type":"WebPage","@id":"https:\/\/www.notibras.com\/site\/pais-da-ilegalidade-por-quanto-tempo-dura-uma-lei-no-brasil\/","url":"https:\/\/www.notibras.com\/site\/pais-da-ilegalidade-por-quanto-tempo-dura-uma-lei-no-brasil\/","name":"Pa\u00eds da ilegalidade, por quanto tempo dura uma lei no Brasil? - Notibras","isPartOf":{"@id":"https:\/\/www.notibras.com\/site\/#website"},"primaryImageOfPage":{"@id":"https:\/\/www.notibras.com\/site\/pais-da-ilegalidade-por-quanto-tempo-dura-uma-lei-no-brasil\/#primaryimage"},"image":{"@id":"https:\/\/www.notibras.com\/site\/pais-da-ilegalidade-por-quanto-tempo-dura-uma-lei-no-brasil\/#primaryimage"},"thumbnailUrl":"https:\/\/www.notibras.com\/site\/wp-content\/uploads\/2022\/08\/abr00047604foto0003.jpg","datePublished":"2022-08-09T11:02:19+00:00","breadcrumb":{"@id":"https:\/\/www.notibras.com\/site\/pais-da-ilegalidade-por-quanto-tempo-dura-uma-lei-no-brasil\/#breadcrumb"},"inLanguage":"pt-BR","potentialAction":[{"@type":"ReadAction","target":["https:\/\/www.notibras.com\/site\/pais-da-ilegalidade-por-quanto-tempo-dura-uma-lei-no-brasil\/"]}]},{"@type":"ImageObject","inLanguage":"pt-BR","@id":"https:\/\/www.notibras.com\/site\/pais-da-ilegalidade-por-quanto-tempo-dura-uma-lei-no-brasil\/#primaryimage","url":"https:\/\/www.notibras.com\/site\/wp-content\/uploads\/2022\/08\/abr00047604foto0003.jpg","contentUrl":"https:\/\/www.notibras.com\/site\/wp-content\/uploads\/2022\/08\/abr00047604foto0003.jpg","width":770,"height":510,"caption":"\u201cDeclaro promulgado o documento da liberdade, da democracia e da justi\u00e7a social do Brasil\u201d, disse o ent\u00e3o presidente da Assembleia Nacional Constituinte, Ulysses Guimar\u00e3es, ao promulgar a nova Constitui\u00e7\u00e3o Federal de 1988."},{"@type":"BreadcrumbList","@id":"https:\/\/www.notibras.com\/site\/pais-da-ilegalidade-por-quanto-tempo-dura-uma-lei-no-brasil\/#breadcrumb","itemListElement":[{"@type":"ListItem","position":1,"name":"In\u00edcio","item":"https:\/\/www.notibras.com\/site\/"},{"@type":"ListItem","position":2,"name":"Pa\u00eds da ilegalidade, por quanto tempo dura uma lei no Brasil?"}]},{"@type":"WebSite","@id":"https:\/\/www.notibras.com\/site\/#website","url":"https:\/\/www.notibras.com\/site\/","name":"Notibras","description":"Not\u00edcias de Bras\u00edlia, do Brasil e do Mundo","publisher":{"@id":"https:\/\/www.notibras.com\/site\/#organization"},"potentialAction":[{"@type":"SearchAction","target":{"@type":"EntryPoint","urlTemplate":"https:\/\/www.notibras.com\/site\/?s={search_term_string}"},"query-input":{"@type":"PropertyValueSpecification","valueRequired":true,"valueName":"search_term_string"}}],"inLanguage":"pt-BR"},{"@type":"Organization","@id":"https:\/\/www.notibras.com\/site\/#organization","name":"Grupo Notibras de Comunica\u00e7\u00e3o","url":"https:\/\/www.notibras.com\/site\/","logo":{"@type":"ImageObject","inLanguage":"pt-BR","@id":"https:\/\/www.notibras.com\/site\/#\/schema\/logo\/image\/","url":"https:\/\/www.notibras.com\/site\/wp-content\/uploads\/2023\/01\/notibras23.png","contentUrl":"https:\/\/www.notibras.com\/site\/wp-content\/uploads\/2023\/01\/notibras23.png","width":350,"height":87,"caption":"Grupo Notibras de Comunica\u00e7\u00e3o"},"image":{"@id":"https:\/\/www.notibras.com\/site\/#\/schema\/logo\/image\/"},"sameAs":["https:\/\/www.facebook.com\/notibras\/","https:\/\/x.com\/Notibras","https:\/\/www.instagram.com\/notibras\/"]},{"@type":"Person","@id":"https:\/\/www.notibras.com\/site\/#\/schema\/person\/36ab0979449956132d3e5b517ea76ac8","name":"Reda\u00e7\u00e3o","image":{"@type":"ImageObject","inLanguage":"pt-BR","@id":"https:\/\/secure.gravatar.com\/avatar\/e0a867bdedb85fd243eadf09663511f96fc81e0720a4a42581f334ad4303aa6b?s=96&d=mm&r=g","url":"https:\/\/secure.gravatar.com\/avatar\/e0a867bdedb85fd243eadf09663511f96fc81e0720a4a42581f334ad4303aa6b?s=96&d=mm&r=g","contentUrl":"https:\/\/secure.gravatar.com\/avatar\/e0a867bdedb85fd243eadf09663511f96fc81e0720a4a42581f334ad4303aa6b?s=96&d=mm&r=g","caption":"Reda\u00e7\u00e3o"}}]}},"amp_enabled":true,"_links":{"self":[{"href":"https:\/\/www.notibras.com\/site\/wp-json\/wp\/v2\/posts\/290143","targetHints":{"allow":["GET"]}}],"collection":[{"href":"https:\/\/www.notibras.com\/site\/wp-json\/wp\/v2\/posts"}],"about":[{"href":"https:\/\/www.notibras.com\/site\/wp-json\/wp\/v2\/types\/post"}],"author":[{"embeddable":true,"href":"https:\/\/www.notibras.com\/site\/wp-json\/wp\/v2\/users\/2"}],"replies":[{"embeddable":true,"href":"https:\/\/www.notibras.com\/site\/wp-json\/wp\/v2\/comments?post=290143"}],"version-history":[{"count":2,"href":"https:\/\/www.notibras.com\/site\/wp-json\/wp\/v2\/posts\/290143\/revisions"}],"predecessor-version":[{"id":290146,"href":"https:\/\/www.notibras.com\/site\/wp-json\/wp\/v2\/posts\/290143\/revisions\/290146"}],"wp:featuredmedia":[{"embeddable":true,"href":"https:\/\/www.notibras.com\/site\/wp-json\/wp\/v2\/media\/290144"}],"wp:attachment":[{"href":"https:\/\/www.notibras.com\/site\/wp-json\/wp\/v2\/media?parent=290143"}],"wp:term":[{"taxonomy":"category","embeddable":true,"href":"https:\/\/www.notibras.com\/site\/wp-json\/wp\/v2\/categories?post=290143"},{"taxonomy":"post_tag","embeddable":true,"href":"https:\/\/www.notibras.com\/site\/wp-json\/wp\/v2\/tags?post=290143"}],"curies":[{"name":"wp","href":"https:\/\/api.w.org\/{rel}","templated":true}]}}