{"id":29029,"date":"2014-11-20T23:33:07","date_gmt":"2014-11-21T02:33:07","guid":{"rendered":"http:\/\/www.notibras.com\/site\/?p=29029"},"modified":"2014-11-20T23:33:07","modified_gmt":"2014-11-21T02:33:07","slug":"dilma-deve-a-opiniao-publica-um-processo-exemplar-contra-veja","status":"publish","type":"post","link":"https:\/\/www.notibras.com\/site\/dilma-deve-a-opiniao-publica-um-processo-exemplar-contra-veja\/","title":{"rendered":"Dilma deve \u00e0 opini\u00e3o p\u00fablica um processo exemplar contra Veja"},"content":{"rendered":"<p>Estamos em tempos de hip\u00e9rboles: depois que \u201cVeja\u201d declarou o \u201cmensal\u00e3o\u201d como o maior esc\u00e2ndalo da hist\u00f3ria, o esc\u00e2ndalo da Petrobras deve ser declarado o maior do universo. Entretanto, para que a opini\u00e3o p\u00fablica n\u00e3o seja levada pela mistifica\u00e7\u00e3o midi\u00e1tica, conv\u00e9m estabelecer uma distin\u00e7\u00e3o fundamental: enquanto o \u201cmensal\u00e3o\u201d foi uma narrativa inventada no Judici\u00e1rio para ter efeito pol\u00edtico, o esc\u00e2ndalo da Petrobras \u00e9 uma devassa pol\u00edtico-administrativa que tem uma consider\u00e1vel dimens\u00e3o financeira, e imenso efeito moral.<\/p>\n<p>Repassemos inicialmente a narrativa judicial do \u201cmensal\u00e3o\u201d. Havia tr\u00eas n\u00facleos \u2013 pol\u00edtico, publicit\u00e1rio e financeiro &#8211; operando articuladamente para comprar votos de parlamentares em projetos de interesse do Governo. O dinheiro viria da Visanet, um fundo supostamente do Banco do Brasil para divulgar o cart\u00e3o Visa, e de dois empr\u00e9stimos ao PT do Banco Rural e do BMG, creio que de pouco mais de R$ 3 milh\u00f5es, supostamente em troca de facilidades no Governo que seriam articuladas por Jos\u00e9 Dirceu. Marcos Val\u00e9rio era o operador.<\/p>\n<p>Essa narrativa parece muito convincente, exceto por um detalhe: n\u00e3o existe nela nada de verdadeiro. Visanet n\u00e3o \u00e9 do Banco do Brasil, e os R$ 74 milh\u00f5es que teriam sido desviados dela para o esquema do \u201cmensal\u00e3o\u201d na verdade tiveram destina\u00e7\u00e3o, comprovada em auditoria, para pagamento de publicidade. Os empr\u00e9stimos dos bancos eram opera\u00e7\u00f5es de financiamento ao PT legais. Portanto, n\u00e3o houve desvio de recursos p\u00fablicos. Houve, sim, caixa dois privada. Mas caixa dois privada \u00e9 irregularidade eleitoral \u00e0 altura de qualquer tucano, n\u00e3o crime tipificado no C\u00f3digo Penal &#8211; algo que s\u00f3 agora a Presidenta Dilma est\u00e1 propondo.<\/p>\n<p>A alega\u00e7\u00e3o de compra de votos de deputados do PT pela dire\u00e7\u00e3o do PT beira o surrealismo. A rela\u00e7\u00e3o que os procuradores do \u201cmensal\u00e3o\u201d estabeleceram entre saques de parlamentares autorizados pelo tesoureiro do PT (isso seria o \u201cmensal\u00e3o\u201d) e a vota\u00e7\u00e3o de alguns projetos de interesse do Governo na C\u00e2mara \u00e9 um construto absurdo a partir de uma correla\u00e7\u00e3o esp\u00faria. N\u00e3o tendo havido corrup\u00e7\u00e3o ativa, tamb\u00e9m n\u00e3o pode ter havido corrup\u00e7\u00e3o passiva. N\u00e3o tendo havido envolvimento de dinheiro p\u00fablico, n\u00e3o pode ter havido peculato. O \u201cmensal\u00e3o\u201d, segundo a voz autorizada de Roberto Jefferson, n\u00e3o existiu. Eram saques isolados para pagar restos de despesas de campanha de alguns parlamentares do PT e aliados.<\/p>\n<blockquote><p>O c\u00famulo da degrada\u00e7\u00e3o do processo judicial do \u201cmensal\u00e3o\u201d foi a condena\u00e7\u00e3o de Jos\u00e9 Dirceu segundo um princ\u00edpio jur\u00eddico truncado, \u201co dom\u00ednio do fato\u201d. Por esse princ\u00edpio, o chefe \u00e9 pessoalmente respons\u00e1vel pelo ato praticado pelo subordinado. N\u00e3o sei qual a rela\u00e7\u00e3o de hierarquia que havia entre o Chefe da Casa Civil e os supostos operadores partid\u00e1rios do \u201cmensal\u00e3o\u201d. Mas ouvi uma das ministras do Supremo dizer: N\u00e3o posso conceber que Dirceu n\u00e3o soubesse&#8230; Assim, condenou o r\u00e9u na base do achismo. Entretanto, n\u00e3o basta ser chefe, conforme explicou o jurista alem\u00e3o especialista no tema que esteve no Brasil durante o processo. \u00c9 necess\u00e1rio ter prova da participa\u00e7\u00e3o efetiva no crime, conforme esclareceu o colunista J\u00e2nio de Freitas. Aqui o STF se dispensou da tarefa de encontrar provas contra Dirceu. Condenou-o por achismo e por ser Chefe da Casa Civil, mesmo porque o tr\u00e1fico de influ\u00eancia de que foi acusado n\u00e3o teve objeto.<\/p><\/blockquote>\n<p>N\u00e3o vi uma rebeli\u00e3o da opini\u00e3o p\u00fablica brasileira em face desse estupro da Justi\u00e7a. O pr\u00f3prio PT ficou intimidado e quieto. As consequ\u00eancias agora s\u00e3o evidentes no caso do esc\u00e2ndalo da Petrobr\u00e1s. Os donos das grandes empreiteiras est\u00e3o sendo presos e ser\u00e3o processados. Se o que o Supremo fez com Dirceu \u00e9 um precedente a ser seguido, todos ser\u00e3o condenados, mesmo que n\u00e3o tenham rela\u00e7\u00e3o direta com os crimes praticados na sua empresa. No limite, ningu\u00e9m com responsabilidade de chefia no Brasil escapar\u00e1 do risco de ser condenado por eventuais crimes, ou supostos crimes de seus subordinados. Esse \u00e9 o principal legado do mensal\u00e3o, uma jurisprud\u00eancia de ditadura.<\/p>\n<p>Quando falo sobre isso as pessoas se espantam. Primeiro, perguntam o que me leva a questionar uma decis\u00e3o t\u00e3o \u201ctransparente\u201d do Supremo Tribunal, constru\u00edda ao longo de quatro meses diante de c\u00e2maras de televis\u00e3o e de toda a imprensa escrita do pa\u00eds? \u00c9 justamente por isso, respondo. Se n\u00e3o houvesse televis\u00e3o os rumos do processo seriam outros. Assistimos a um espet\u00e1culo de extrema vaidade, o procurador e os ministros travestidos de astros de televis\u00e3o, falando n\u00e3o dos autos ou para os autos, mas para a plateia nacional. A maioria \u2013 a maioria que condenou \u2013 n\u00e3o quis perder a oportunidade de ser \u201cduro\u201d para com os grandes, ou seja, contra a \u201carrogante\u201d c\u00fapula do principal partido do Governo. A boca pequena dizia-se que Dirceu era arrogante. Acontece que arrog\u00e2ncia n\u00e3o est\u00e1 capitulada no C\u00f3digo Penal.<\/p>\n<p>A outra raz\u00e3o pela qual me incomodei com esse processo \u00e9 que perten\u00e7o a uma tradi\u00e7\u00e3o de jornalistas que n\u00e3o se conforma com o massacre de seres humanos cuja inoc\u00eancia \u00e9 negada por simples manipula\u00e7\u00e3o orquestrada da opini\u00e3o p\u00fablica com recurso a t\u00e9cnicas nazistas. N\u00e3o estou sozinho. \u00c9 dessa tradi\u00e7\u00e3o jornalistas como Lu\u00eds Nassif, J\u00e2nio de Freitas, Paulo Henrique Amorim, Raimundo Pereira, Maria In\u00eas Nassif, entre outros. Nenhum de n\u00f3s tem partido e nenhum de n\u00f3s tem simpatia especial pelo PT. Mas nossa caracter\u00edstica comum \u00e9 n\u00e3o nos comportarmos como manada buscando, no limite do poss\u00edvel, algum grau de imparcialidade na not\u00edcia e na opini\u00e3o.<\/p>\n<p>Se o \u201cmensal\u00e3o\u201d n\u00e3o existiu, o esc\u00e2ndalo da Petrobras \u00e9 um excesso. N\u00e3o \u00e9 um crime qualquer. A Petrobras \u00e9 um \u00edcone da brasilidade. Nada se lhe compara nesse ponto. \u00c9 parte de nosso orgulho nacional. N\u00e3o s\u00f3 por ter-se tornado grande, a maior empresa da Am\u00e9rica Latina, uma das maiores do mundo, mas porque est\u00e1 na fronteira da tecnologia em pesquisa de petr\u00f3leo em \u00e1guas profundas, o que tra\u00e7a um v\u00ednculo entre o presente e o futuro da empresa nesse campo. O que aconteceu na Petrobras \u00e9 um crime de lesa-p\u00e1tria. O que era um elemento central de nossa vaidade tornou-se fonte de nossa vergonha. Este, sim, \u00e9 o maior esc\u00e2ndalo de nossa hist\u00f3ria, n\u00e3o pelo dinheiro envolvido (est\u00e3o refazendo as contas e j\u00e1 n\u00e3o se fala em bilh\u00e3o, mas milh\u00f5es) mas pelo efeito moral.<\/p>\n<p>Entretanto, o tamanho incompar\u00e1vel desse esc\u00e2ndalo n\u00e3o autorizaria promotores e policiais federais a us\u00e1-lo, em conluio com \u201cVeja\u201d, como instrumento pol\u00edtico contra a Presidenta Dilma e o ex-Presidente Lula. Nesse aspecto, tivemos uma reprodu\u00e7\u00e3o do \u201cmensal\u00e3o\u201d. A mesma t\u00e9cnica nazista de distorcer fatos e repeti-los \u00e0 saciedade at\u00e9 que a opini\u00e3o p\u00fablica, encharcada pela manipula\u00e7\u00e3o, deixa de pensar nos fatos em si e capitulem \u00e0 vers\u00e3o. A Presidenta teve uma justa rea\u00e7\u00e3o ao anunciar que processaria \u201cVeja\u201d pela capa sinistra \u00e0s v\u00e9speras da elei\u00e7\u00e3o sustentando que ela e Lula sabiam dos crimes na Petrobras. A opini\u00e3o p\u00fablica brasileira espera que a Presidenta lave sua honra num processo exemplar. Se n\u00e3o cumprir o que prometeu ela estar\u00e1 coonestando a inf\u00e2mia.<\/p>\n<p><strong>Jos\u00e9 Carlos de Assis<\/strong><\/p>\n","protected":false},"excerpt":{"rendered":"<p>Estamos em tempos de hip\u00e9rboles: depois que \u201cVeja\u201d declarou o \u201cmensal\u00e3o\u201d como o maior esc\u00e2ndalo da hist\u00f3ria, o esc\u00e2ndalo da Petrobras deve ser declarado o maior do universo. Entretanto, para que a opini\u00e3o p\u00fablica n\u00e3o seja levada pela mistifica\u00e7\u00e3o midi\u00e1tica, conv\u00e9m estabelecer uma distin\u00e7\u00e3o fundamental: enquanto o \u201cmensal\u00e3o\u201d foi uma narrativa inventada no Judici\u00e1rio para [&hellip;]<\/p>\n","protected":false},"author":2,"featured_media":29030,"comment_status":"open","ping_status":"closed","sticky":false,"template":"","format":"standard","meta":{"_acf_changed":false,"footnotes":""},"categories":[25],"tags":[],"class_list":["post-29029","post","type-post","status-publish","format-standard","has-post-thumbnail","hentry","category-opina-ai"],"acf":[],"yoast_head":"<!-- This site is optimized with the Yoast SEO plugin v27.2 - https:\/\/yoast.com\/product\/yoast-seo-wordpress\/ -->\n<title>Dilma deve \u00e0 opini\u00e3o p\u00fablica um processo exemplar contra Veja - Notibras<\/title>\n<meta name=\"robots\" content=\"index, follow, max-snippet:-1, max-image-preview:large, max-video-preview:-1\" \/>\n<link rel=\"canonical\" href=\"https:\/\/www.notibras.com\/site\/dilma-deve-a-opiniao-publica-um-processo-exemplar-contra-veja\/\" \/>\n<meta property=\"og:locale\" content=\"pt_BR\" \/>\n<meta property=\"og:type\" content=\"article\" \/>\n<meta property=\"og:title\" content=\"Dilma deve \u00e0 opini\u00e3o p\u00fablica um processo exemplar contra Veja - Notibras\" \/>\n<meta property=\"og:description\" content=\"Estamos em tempos de hip\u00e9rboles: depois que \u201cVeja\u201d declarou o \u201cmensal\u00e3o\u201d como o maior esc\u00e2ndalo da hist\u00f3ria, o esc\u00e2ndalo da Petrobras deve ser declarado o maior do universo. Entretanto, para que a opini\u00e3o p\u00fablica n\u00e3o seja levada pela mistifica\u00e7\u00e3o midi\u00e1tica, conv\u00e9m estabelecer uma distin\u00e7\u00e3o fundamental: enquanto o \u201cmensal\u00e3o\u201d foi uma narrativa inventada no Judici\u00e1rio para [&hellip;]\" \/>\n<meta property=\"og:url\" content=\"https:\/\/www.notibras.com\/site\/dilma-deve-a-opiniao-publica-um-processo-exemplar-contra-veja\/\" \/>\n<meta property=\"og:site_name\" content=\"Notibras\" \/>\n<meta property=\"article:publisher\" content=\"https:\/\/www.facebook.com\/notibras\/\" \/>\n<meta property=\"article:published_time\" content=\"2014-11-21T02:33:07+00:00\" \/>\n<meta property=\"og:image\" content=\"https:\/\/www.notibras.com\/site\/wp-content\/uploads\/2014\/11\/FOTO2-335884-2014-10-24-17-29.jpg\" \/>\n\t<meta property=\"og:image:width\" content=\"500\" \/>\n\t<meta property=\"og:image:height\" content=\"375\" \/>\n\t<meta property=\"og:image:type\" content=\"image\/jpeg\" \/>\n<meta name=\"author\" content=\"Reda\u00e7\u00e3o\" \/>\n<meta name=\"twitter:card\" content=\"summary_large_image\" \/>\n<meta name=\"twitter:creator\" content=\"@Notibras\" \/>\n<meta name=\"twitter:site\" content=\"@Notibras\" \/>\n<meta name=\"twitter:label1\" content=\"Escrito por\" \/>\n\t<meta name=\"twitter:data1\" content=\"Reda\u00e7\u00e3o\" \/>\n\t<meta name=\"twitter:label2\" content=\"Est. tempo de leitura\" \/>\n\t<meta name=\"twitter:data2\" content=\"6 minutos\" \/>\n<script type=\"application\/ld+json\" class=\"yoast-schema-graph\">{\"@context\":\"https:\/\/schema.org\",\"@graph\":[{\"@type\":\"Article\",\"@id\":\"https:\/\/www.notibras.com\/site\/dilma-deve-a-opiniao-publica-um-processo-exemplar-contra-veja\/#article\",\"isPartOf\":{\"@id\":\"https:\/\/www.notibras.com\/site\/dilma-deve-a-opiniao-publica-um-processo-exemplar-contra-veja\/\"},\"author\":{\"name\":\"Reda\u00e7\u00e3o\",\"@id\":\"https:\/\/www.notibras.com\/site\/#\/schema\/person\/36ab0979449956132d3e5b517ea76ac8\"},\"headline\":\"Dilma deve \u00e0 opini\u00e3o p\u00fablica um processo exemplar contra Veja\",\"datePublished\":\"2014-11-21T02:33:07+00:00\",\"mainEntityOfPage\":{\"@id\":\"https:\/\/www.notibras.com\/site\/dilma-deve-a-opiniao-publica-um-processo-exemplar-contra-veja\/\"},\"wordCount\":1289,\"commentCount\":0,\"publisher\":{\"@id\":\"https:\/\/www.notibras.com\/site\/#organization\"},\"image\":{\"@id\":\"https:\/\/www.notibras.com\/site\/dilma-deve-a-opiniao-publica-um-processo-exemplar-contra-veja\/#primaryimage\"},\"thumbnailUrl\":\"https:\/\/www.notibras.com\/site\/wp-content\/uploads\/2014\/11\/FOTO2-335884-2014-10-24-17-29.jpg\",\"articleSection\":[\"Opina a\u00ed\"],\"inLanguage\":\"pt-BR\",\"potentialAction\":[{\"@type\":\"CommentAction\",\"name\":\"Comment\",\"target\":[\"https:\/\/www.notibras.com\/site\/dilma-deve-a-opiniao-publica-um-processo-exemplar-contra-veja\/#respond\"]}]},{\"@type\":\"WebPage\",\"@id\":\"https:\/\/www.notibras.com\/site\/dilma-deve-a-opiniao-publica-um-processo-exemplar-contra-veja\/\",\"url\":\"https:\/\/www.notibras.com\/site\/dilma-deve-a-opiniao-publica-um-processo-exemplar-contra-veja\/\",\"name\":\"Dilma deve \u00e0 opini\u00e3o p\u00fablica um processo exemplar contra Veja - Notibras\",\"isPartOf\":{\"@id\":\"https:\/\/www.notibras.com\/site\/#website\"},\"primaryImageOfPage\":{\"@id\":\"https:\/\/www.notibras.com\/site\/dilma-deve-a-opiniao-publica-um-processo-exemplar-contra-veja\/#primaryimage\"},\"image\":{\"@id\":\"https:\/\/www.notibras.com\/site\/dilma-deve-a-opiniao-publica-um-processo-exemplar-contra-veja\/#primaryimage\"},\"thumbnailUrl\":\"https:\/\/www.notibras.com\/site\/wp-content\/uploads\/2014\/11\/FOTO2-335884-2014-10-24-17-29.jpg\",\"datePublished\":\"2014-11-21T02:33:07+00:00\",\"breadcrumb\":{\"@id\":\"https:\/\/www.notibras.com\/site\/dilma-deve-a-opiniao-publica-um-processo-exemplar-contra-veja\/#breadcrumb\"},\"inLanguage\":\"pt-BR\",\"potentialAction\":[{\"@type\":\"ReadAction\",\"target\":[\"https:\/\/www.notibras.com\/site\/dilma-deve-a-opiniao-publica-um-processo-exemplar-contra-veja\/\"]}]},{\"@type\":\"ImageObject\",\"inLanguage\":\"pt-BR\",\"@id\":\"https:\/\/www.notibras.com\/site\/dilma-deve-a-opiniao-publica-um-processo-exemplar-contra-veja\/#primaryimage\",\"url\":\"https:\/\/www.notibras.com\/site\/wp-content\/uploads\/2014\/11\/FOTO2-335884-2014-10-24-17-29.jpg\",\"contentUrl\":\"https:\/\/www.notibras.com\/site\/wp-content\/uploads\/2014\/11\/FOTO2-335884-2014-10-24-17-29.jpg\",\"width\":500,\"height\":375},{\"@type\":\"BreadcrumbList\",\"@id\":\"https:\/\/www.notibras.com\/site\/dilma-deve-a-opiniao-publica-um-processo-exemplar-contra-veja\/#breadcrumb\",\"itemListElement\":[{\"@type\":\"ListItem\",\"position\":1,\"name\":\"In\u00edcio\",\"item\":\"https:\/\/www.notibras.com\/site\/\"},{\"@type\":\"ListItem\",\"position\":2,\"name\":\"Dilma deve \u00e0 opini\u00e3o p\u00fablica um processo exemplar contra Veja\"}]},{\"@type\":\"WebSite\",\"@id\":\"https:\/\/www.notibras.com\/site\/#website\",\"url\":\"https:\/\/www.notibras.com\/site\/\",\"name\":\"Notibras\",\"description\":\"Not\u00edcias de Bras\u00edlia, do Brasil e do Mundo\",\"publisher\":{\"@id\":\"https:\/\/www.notibras.com\/site\/#organization\"},\"potentialAction\":[{\"@type\":\"SearchAction\",\"target\":{\"@type\":\"EntryPoint\",\"urlTemplate\":\"https:\/\/www.notibras.com\/site\/?s={search_term_string}\"},\"query-input\":{\"@type\":\"PropertyValueSpecification\",\"valueRequired\":true,\"valueName\":\"search_term_string\"}}],\"inLanguage\":\"pt-BR\"},{\"@type\":\"Organization\",\"@id\":\"https:\/\/www.notibras.com\/site\/#organization\",\"name\":\"Grupo Notibras de Comunica\u00e7\u00e3o\",\"url\":\"https:\/\/www.notibras.com\/site\/\",\"logo\":{\"@type\":\"ImageObject\",\"inLanguage\":\"pt-BR\",\"@id\":\"https:\/\/www.notibras.com\/site\/#\/schema\/logo\/image\/\",\"url\":\"https:\/\/www.notibras.com\/site\/wp-content\/uploads\/2023\/01\/notibras23.png\",\"contentUrl\":\"https:\/\/www.notibras.com\/site\/wp-content\/uploads\/2023\/01\/notibras23.png\",\"width\":350,\"height\":87,\"caption\":\"Grupo Notibras de Comunica\u00e7\u00e3o\"},\"image\":{\"@id\":\"https:\/\/www.notibras.com\/site\/#\/schema\/logo\/image\/\"},\"sameAs\":[\"https:\/\/www.facebook.com\/notibras\/\",\"https:\/\/x.com\/Notibras\",\"https:\/\/www.instagram.com\/notibras\/\"]},{\"@type\":\"Person\",\"@id\":\"https:\/\/www.notibras.com\/site\/#\/schema\/person\/36ab0979449956132d3e5b517ea76ac8\",\"name\":\"Reda\u00e7\u00e3o\",\"image\":{\"@type\":\"ImageObject\",\"inLanguage\":\"pt-BR\",\"@id\":\"https:\/\/secure.gravatar.com\/avatar\/e0a867bdedb85fd243eadf09663511f96fc81e0720a4a42581f334ad4303aa6b?s=96&d=mm&r=g\",\"url\":\"https:\/\/secure.gravatar.com\/avatar\/e0a867bdedb85fd243eadf09663511f96fc81e0720a4a42581f334ad4303aa6b?s=96&d=mm&r=g\",\"contentUrl\":\"https:\/\/secure.gravatar.com\/avatar\/e0a867bdedb85fd243eadf09663511f96fc81e0720a4a42581f334ad4303aa6b?s=96&d=mm&r=g\",\"caption\":\"Reda\u00e7\u00e3o\"}}]}<\/script>\n<!-- \/ Yoast SEO plugin. -->","yoast_head_json":{"title":"Dilma deve \u00e0 opini\u00e3o p\u00fablica um processo exemplar contra Veja - Notibras","robots":{"index":"index","follow":"follow","max-snippet":"max-snippet:-1","max-image-preview":"max-image-preview:large","max-video-preview":"max-video-preview:-1"},"canonical":"https:\/\/www.notibras.com\/site\/dilma-deve-a-opiniao-publica-um-processo-exemplar-contra-veja\/","og_locale":"pt_BR","og_type":"article","og_title":"Dilma deve \u00e0 opini\u00e3o p\u00fablica um processo exemplar contra Veja - Notibras","og_description":"Estamos em tempos de hip\u00e9rboles: depois que \u201cVeja\u201d declarou o \u201cmensal\u00e3o\u201d como o maior esc\u00e2ndalo da hist\u00f3ria, o esc\u00e2ndalo da Petrobras deve ser declarado o maior do universo. Entretanto, para que a opini\u00e3o p\u00fablica n\u00e3o seja levada pela mistifica\u00e7\u00e3o midi\u00e1tica, conv\u00e9m estabelecer uma distin\u00e7\u00e3o fundamental: enquanto o \u201cmensal\u00e3o\u201d foi uma narrativa inventada no Judici\u00e1rio para [&hellip;]","og_url":"https:\/\/www.notibras.com\/site\/dilma-deve-a-opiniao-publica-um-processo-exemplar-contra-veja\/","og_site_name":"Notibras","article_publisher":"https:\/\/www.facebook.com\/notibras\/","article_published_time":"2014-11-21T02:33:07+00:00","og_image":[{"width":500,"height":375,"url":"https:\/\/www.notibras.com\/site\/wp-content\/uploads\/2014\/11\/FOTO2-335884-2014-10-24-17-29.jpg","type":"image\/jpeg"}],"author":"Reda\u00e7\u00e3o","twitter_card":"summary_large_image","twitter_creator":"@Notibras","twitter_site":"@Notibras","twitter_misc":{"Escrito por":"Reda\u00e7\u00e3o","Est. tempo de leitura":"6 minutos"},"schema":{"@context":"https:\/\/schema.org","@graph":[{"@type":"Article","@id":"https:\/\/www.notibras.com\/site\/dilma-deve-a-opiniao-publica-um-processo-exemplar-contra-veja\/#article","isPartOf":{"@id":"https:\/\/www.notibras.com\/site\/dilma-deve-a-opiniao-publica-um-processo-exemplar-contra-veja\/"},"author":{"name":"Reda\u00e7\u00e3o","@id":"https:\/\/www.notibras.com\/site\/#\/schema\/person\/36ab0979449956132d3e5b517ea76ac8"},"headline":"Dilma deve \u00e0 opini\u00e3o p\u00fablica um processo exemplar contra Veja","datePublished":"2014-11-21T02:33:07+00:00","mainEntityOfPage":{"@id":"https:\/\/www.notibras.com\/site\/dilma-deve-a-opiniao-publica-um-processo-exemplar-contra-veja\/"},"wordCount":1289,"commentCount":0,"publisher":{"@id":"https:\/\/www.notibras.com\/site\/#organization"},"image":{"@id":"https:\/\/www.notibras.com\/site\/dilma-deve-a-opiniao-publica-um-processo-exemplar-contra-veja\/#primaryimage"},"thumbnailUrl":"https:\/\/www.notibras.com\/site\/wp-content\/uploads\/2014\/11\/FOTO2-335884-2014-10-24-17-29.jpg","articleSection":["Opina a\u00ed"],"inLanguage":"pt-BR","potentialAction":[{"@type":"CommentAction","name":"Comment","target":["https:\/\/www.notibras.com\/site\/dilma-deve-a-opiniao-publica-um-processo-exemplar-contra-veja\/#respond"]}]},{"@type":"WebPage","@id":"https:\/\/www.notibras.com\/site\/dilma-deve-a-opiniao-publica-um-processo-exemplar-contra-veja\/","url":"https:\/\/www.notibras.com\/site\/dilma-deve-a-opiniao-publica-um-processo-exemplar-contra-veja\/","name":"Dilma deve \u00e0 opini\u00e3o p\u00fablica um processo exemplar contra Veja - Notibras","isPartOf":{"@id":"https:\/\/www.notibras.com\/site\/#website"},"primaryImageOfPage":{"@id":"https:\/\/www.notibras.com\/site\/dilma-deve-a-opiniao-publica-um-processo-exemplar-contra-veja\/#primaryimage"},"image":{"@id":"https:\/\/www.notibras.com\/site\/dilma-deve-a-opiniao-publica-um-processo-exemplar-contra-veja\/#primaryimage"},"thumbnailUrl":"https:\/\/www.notibras.com\/site\/wp-content\/uploads\/2014\/11\/FOTO2-335884-2014-10-24-17-29.jpg","datePublished":"2014-11-21T02:33:07+00:00","breadcrumb":{"@id":"https:\/\/www.notibras.com\/site\/dilma-deve-a-opiniao-publica-um-processo-exemplar-contra-veja\/#breadcrumb"},"inLanguage":"pt-BR","potentialAction":[{"@type":"ReadAction","target":["https:\/\/www.notibras.com\/site\/dilma-deve-a-opiniao-publica-um-processo-exemplar-contra-veja\/"]}]},{"@type":"ImageObject","inLanguage":"pt-BR","@id":"https:\/\/www.notibras.com\/site\/dilma-deve-a-opiniao-publica-um-processo-exemplar-contra-veja\/#primaryimage","url":"https:\/\/www.notibras.com\/site\/wp-content\/uploads\/2014\/11\/FOTO2-335884-2014-10-24-17-29.jpg","contentUrl":"https:\/\/www.notibras.com\/site\/wp-content\/uploads\/2014\/11\/FOTO2-335884-2014-10-24-17-29.jpg","width":500,"height":375},{"@type":"BreadcrumbList","@id":"https:\/\/www.notibras.com\/site\/dilma-deve-a-opiniao-publica-um-processo-exemplar-contra-veja\/#breadcrumb","itemListElement":[{"@type":"ListItem","position":1,"name":"In\u00edcio","item":"https:\/\/www.notibras.com\/site\/"},{"@type":"ListItem","position":2,"name":"Dilma deve \u00e0 opini\u00e3o p\u00fablica um processo exemplar contra Veja"}]},{"@type":"WebSite","@id":"https:\/\/www.notibras.com\/site\/#website","url":"https:\/\/www.notibras.com\/site\/","name":"Notibras","description":"Not\u00edcias de Bras\u00edlia, do Brasil e do Mundo","publisher":{"@id":"https:\/\/www.notibras.com\/site\/#organization"},"potentialAction":[{"@type":"SearchAction","target":{"@type":"EntryPoint","urlTemplate":"https:\/\/www.notibras.com\/site\/?s={search_term_string}"},"query-input":{"@type":"PropertyValueSpecification","valueRequired":true,"valueName":"search_term_string"}}],"inLanguage":"pt-BR"},{"@type":"Organization","@id":"https:\/\/www.notibras.com\/site\/#organization","name":"Grupo Notibras de Comunica\u00e7\u00e3o","url":"https:\/\/www.notibras.com\/site\/","logo":{"@type":"ImageObject","inLanguage":"pt-BR","@id":"https:\/\/www.notibras.com\/site\/#\/schema\/logo\/image\/","url":"https:\/\/www.notibras.com\/site\/wp-content\/uploads\/2023\/01\/notibras23.png","contentUrl":"https:\/\/www.notibras.com\/site\/wp-content\/uploads\/2023\/01\/notibras23.png","width":350,"height":87,"caption":"Grupo Notibras de Comunica\u00e7\u00e3o"},"image":{"@id":"https:\/\/www.notibras.com\/site\/#\/schema\/logo\/image\/"},"sameAs":["https:\/\/www.facebook.com\/notibras\/","https:\/\/x.com\/Notibras","https:\/\/www.instagram.com\/notibras\/"]},{"@type":"Person","@id":"https:\/\/www.notibras.com\/site\/#\/schema\/person\/36ab0979449956132d3e5b517ea76ac8","name":"Reda\u00e7\u00e3o","image":{"@type":"ImageObject","inLanguage":"pt-BR","@id":"https:\/\/secure.gravatar.com\/avatar\/e0a867bdedb85fd243eadf09663511f96fc81e0720a4a42581f334ad4303aa6b?s=96&d=mm&r=g","url":"https:\/\/secure.gravatar.com\/avatar\/e0a867bdedb85fd243eadf09663511f96fc81e0720a4a42581f334ad4303aa6b?s=96&d=mm&r=g","contentUrl":"https:\/\/secure.gravatar.com\/avatar\/e0a867bdedb85fd243eadf09663511f96fc81e0720a4a42581f334ad4303aa6b?s=96&d=mm&r=g","caption":"Reda\u00e7\u00e3o"}}]}},"amp_enabled":true,"_links":{"self":[{"href":"https:\/\/www.notibras.com\/site\/wp-json\/wp\/v2\/posts\/29029","targetHints":{"allow":["GET"]}}],"collection":[{"href":"https:\/\/www.notibras.com\/site\/wp-json\/wp\/v2\/posts"}],"about":[{"href":"https:\/\/www.notibras.com\/site\/wp-json\/wp\/v2\/types\/post"}],"author":[{"embeddable":true,"href":"https:\/\/www.notibras.com\/site\/wp-json\/wp\/v2\/users\/2"}],"replies":[{"embeddable":true,"href":"https:\/\/www.notibras.com\/site\/wp-json\/wp\/v2\/comments?post=29029"}],"version-history":[{"count":0,"href":"https:\/\/www.notibras.com\/site\/wp-json\/wp\/v2\/posts\/29029\/revisions"}],"wp:featuredmedia":[{"embeddable":true,"href":"https:\/\/www.notibras.com\/site\/wp-json\/wp\/v2\/media\/29030"}],"wp:attachment":[{"href":"https:\/\/www.notibras.com\/site\/wp-json\/wp\/v2\/media?parent=29029"}],"wp:term":[{"taxonomy":"category","embeddable":true,"href":"https:\/\/www.notibras.com\/site\/wp-json\/wp\/v2\/categories?post=29029"},{"taxonomy":"post_tag","embeddable":true,"href":"https:\/\/www.notibras.com\/site\/wp-json\/wp\/v2\/tags?post=29029"}],"curies":[{"name":"wp","href":"https:\/\/api.w.org\/{rel}","templated":true}]}}