{"id":290312,"date":"2022-08-15T04:57:07","date_gmt":"2022-08-15T07:57:07","guid":{"rendered":"https:\/\/www.notibras.com\/site\/?p=290312"},"modified":"2022-08-15T05:02:31","modified_gmt":"2022-08-15T08:02:31","slug":"pequim-avisa-a-washington-que-esta-perdendo-a-paciencia","status":"publish","type":"post","link":"https:\/\/www.notibras.com\/site\/pequim-avisa-a-washington-que-esta-perdendo-a-paciencia\/","title":{"rendered":"Pequim avisa a Washington que est\u00e1 perdendo a paci\u00eancia"},"content":{"rendered":"<p>O Minist\u00e9rio da Defesa chin\u00eas criticou a visita de novos congressistas dos EUA a Taiwan no domingo, 14, como mais uma viola\u00e7\u00e3o da soberania e integridade territorial da Rep\u00fablica Popular da China. Na semana passada, Nancy Pelosi, presidente da C\u00e2mara dos Estados Unidos, esteve na ilha, reacendendo a ira de Pequim.<\/p>\n<p>&#8220;Esta [visita] viola seriamente o princ\u00edpio &#8216;Uma S\u00f3 China&#8217; e as disposi\u00e7\u00f5es dos tr\u00eas comunicados conjuntos China-EUA, viola a soberania e a integridade territorial da China, envia o sinal errado \u00e0s for\u00e7as separatistas que defendem a independ\u00eancia de Taiwan, exp\u00f5e completamente a face da os Estados Unidos como o destruidor da paz e da estabilidade no Estreito de Taiwan&#8221;, disse o porta-voz oficial do Minist\u00e9rio da Defesa, Wu Qian nesta segunda, 15.<\/p>\n<p>O Ex\u00e9rcito de Liberta\u00e7\u00e3o Popular da China organizou exerc\u00edcios de combate conjuntos e patrulhas em torno de Taiwan em resposta ao \u201cconluio\u201d entre Taipei e Washington, destacou Wu Qian na conta oficial do WeChat. Pequim tamb\u00e9m alertou Washington e Taipei de que as tentativas de usar a ilha para \u201ccontrolar a China\u201d estavam fadadas ao fracasso.<\/p>\n<p>Uma delega\u00e7\u00e3o de legisladores dos EUA chegou a Taiwan no domingo para uma visita de dois dias, liderada pelo senador democrata Ed Markey e pelos deputados Alan Lowenthal, Don Beyer e Aumua Amata.<\/p>\n<p>A delega\u00e7\u00e3o estava programada para se encontrar com o presidente taiwan\u00eas Tsai Ing-wen, o ministro das Rela\u00e7\u00f5es Exteriores Joseph Wu e legisladores locais, de acordo com um comunicado do Minist\u00e9rio das Rela\u00e7\u00f5es Exteriores.<\/p>\n<p>O Instituto Americano em Taiwan indicou que a visita fazia parte da viagem mais ampla dos legisladores \u00e0 \u00c1sia, com Markey e seus colegas previstos para discutir os la\u00e7os EUA-Taiwan, seguran\u00e7a, com\u00e9rcio e investimento, cadeias de suprimentos globais, clima e outros assuntos.<\/p>\n<p>A Rep\u00fablica Popular da China considera Taiwan &#8211; governada de forma independente desde a separa\u00e7\u00e3o da China continental em 1949 &#8211; seu territ\u00f3rio soberano, destinado \u00e0 reunifica\u00e7\u00e3o formal com o continente sob o modelo &#8220;Um Pa\u00eds &#8211; Dois Sistemas&#8221;.<\/p>\n<p>Assim, quaisquer tentativas de figuras pol\u00edticas dos EUA de se reunir com autoridades de Taiwan s\u00e3o consideradas por Pequim como uma viola\u00e7\u00e3o da Pol\u00edtica de Uma S\u00f3 China que sustenta as rela\u00e7\u00f5es China-EUA, que exige que Washington se abstenha de reconhecer o status de autogoverno da ilha.<\/p>\n<p>No entanto, no que foi criticado por Pequim como um movimento provocativo, no in\u00edcio de agosto, a presidente da C\u00e2mara dos Deputados dos EUA, Nancy Pelosi, visitou Taipei nos dias 2 e 3, durante sua turn\u00ea asi\u00e1tica. Ela se tornou a primeira oficial americana de alto escal\u00e3o a visitar a ilha em 25 anos.<\/p>\n","protected":false},"excerpt":{"rendered":"<p>O Minist\u00e9rio da Defesa chin\u00eas criticou a visita de novos congressistas dos EUA a Taiwan no domingo, 14, como mais uma viola\u00e7\u00e3o da soberania e integridade territorial da Rep\u00fablica Popular da China. Na semana passada, Nancy Pelosi, presidente da C\u00e2mara dos Estados Unidos, esteve na ilha, reacendendo a ira de Pequim. &#8220;Esta [visita] viola seriamente [&hellip;]<\/p>\n","protected":false},"author":2,"featured_media":290313,"comment_status":"closed","ping_status":"closed","sticky":false,"template":"","format":"standard","meta":{"_acf_changed":false,"footnotes":""},"categories":[159],"tags":[95],"class_list":["post-290312","post","type-post","status-publish","format-standard","has-post-thumbnail","hentry","category-apocalipse","tag-capa"],"acf":[],"yoast_head":"<!-- This site is optimized with the Yoast SEO plugin v27.2 - https:\/\/yoast.com\/product\/yoast-seo-wordpress\/ -->\n<title>Pequim avisa a Washington que est\u00e1 perdendo a paci\u00eancia - Notibras<\/title>\n<meta name=\"robots\" content=\"index, follow, max-snippet:-1, max-image-preview:large, max-video-preview:-1\" \/>\n<link rel=\"canonical\" href=\"https:\/\/www.notibras.com\/site\/pequim-avisa-a-washington-que-esta-perdendo-a-paciencia\/\" \/>\n<meta property=\"og:locale\" content=\"pt_BR\" \/>\n<meta property=\"og:type\" content=\"article\" \/>\n<meta property=\"og:title\" content=\"Pequim avisa a Washington que est\u00e1 perdendo a paci\u00eancia - Notibras\" \/>\n<meta property=\"og:description\" content=\"O Minist\u00e9rio da Defesa chin\u00eas criticou a visita de novos congressistas dos EUA a Taiwan no domingo, 14, como mais uma viola\u00e7\u00e3o da soberania e integridade territorial da Rep\u00fablica Popular da China. Na semana passada, Nancy Pelosi, presidente da C\u00e2mara dos Estados Unidos, esteve na ilha, reacendendo a ira de Pequim. &#8220;Esta [visita] viola seriamente [&hellip;]\" \/>\n<meta property=\"og:url\" content=\"https:\/\/www.notibras.com\/site\/pequim-avisa-a-washington-que-esta-perdendo-a-paciencia\/\" \/>\n<meta property=\"og:site_name\" content=\"Notibras\" \/>\n<meta property=\"article:publisher\" content=\"https:\/\/www.facebook.com\/notibras\/\" \/>\n<meta property=\"article:published_time\" content=\"2022-08-15T07:57:07+00:00\" \/>\n<meta property=\"article:modified_time\" content=\"2022-08-15T08:02:31+00:00\" \/>\n<meta property=\"og:image\" content=\"https:\/\/www.notibras.com\/site\/wp-content\/uploads\/2022\/08\/china.reage_.webp\" \/>\n\t<meta property=\"og:image:width\" content=\"1920\" \/>\n\t<meta property=\"og:image:height\" content=\"1079\" \/>\n\t<meta property=\"og:image:type\" content=\"image\/webp\" \/>\n<meta name=\"author\" content=\"Reda\u00e7\u00e3o\" \/>\n<meta name=\"twitter:card\" content=\"summary_large_image\" \/>\n<meta name=\"twitter:creator\" content=\"@Notibras\" \/>\n<meta name=\"twitter:site\" content=\"@Notibras\" \/>\n<meta name=\"twitter:label1\" content=\"Escrito por\" \/>\n\t<meta name=\"twitter:data1\" content=\"Reda\u00e7\u00e3o\" \/>\n\t<meta name=\"twitter:label2\" content=\"Est. tempo de leitura\" \/>\n\t<meta name=\"twitter:data2\" content=\"3 minutos\" \/>\n<script type=\"application\/ld+json\" class=\"yoast-schema-graph\">{\"@context\":\"https:\/\/schema.org\",\"@graph\":[{\"@type\":\"Article\",\"@id\":\"https:\/\/www.notibras.com\/site\/pequim-avisa-a-washington-que-esta-perdendo-a-paciencia\/#article\",\"isPartOf\":{\"@id\":\"https:\/\/www.notibras.com\/site\/pequim-avisa-a-washington-que-esta-perdendo-a-paciencia\/\"},\"author\":{\"name\":\"Reda\u00e7\u00e3o\",\"@id\":\"https:\/\/www.notibras.com\/site\/#\/schema\/person\/36ab0979449956132d3e5b517ea76ac8\"},\"headline\":\"Pequim avisa a Washington que est\u00e1 perdendo a paci\u00eancia\",\"datePublished\":\"2022-08-15T07:57:07+00:00\",\"dateModified\":\"2022-08-15T08:02:31+00:00\",\"mainEntityOfPage\":{\"@id\":\"https:\/\/www.notibras.com\/site\/pequim-avisa-a-washington-que-esta-perdendo-a-paciencia\/\"},\"wordCount\":468,\"publisher\":{\"@id\":\"https:\/\/www.notibras.com\/site\/#organization\"},\"image\":{\"@id\":\"https:\/\/www.notibras.com\/site\/pequim-avisa-a-washington-que-esta-perdendo-a-paciencia\/#primaryimage\"},\"thumbnailUrl\":\"https:\/\/www.notibras.com\/site\/wp-content\/uploads\/2022\/08\/china.reage_.webp\",\"keywords\":[\"capa\"],\"articleSection\":[\"Apocalipse\"],\"inLanguage\":\"pt-BR\"},{\"@type\":\"WebPage\",\"@id\":\"https:\/\/www.notibras.com\/site\/pequim-avisa-a-washington-que-esta-perdendo-a-paciencia\/\",\"url\":\"https:\/\/www.notibras.com\/site\/pequim-avisa-a-washington-que-esta-perdendo-a-paciencia\/\",\"name\":\"Pequim avisa a Washington que est\u00e1 perdendo a paci\u00eancia - Notibras\",\"isPartOf\":{\"@id\":\"https:\/\/www.notibras.com\/site\/#website\"},\"primaryImageOfPage\":{\"@id\":\"https:\/\/www.notibras.com\/site\/pequim-avisa-a-washington-que-esta-perdendo-a-paciencia\/#primaryimage\"},\"image\":{\"@id\":\"https:\/\/www.notibras.com\/site\/pequim-avisa-a-washington-que-esta-perdendo-a-paciencia\/#primaryimage\"},\"thumbnailUrl\":\"https:\/\/www.notibras.com\/site\/wp-content\/uploads\/2022\/08\/china.reage_.webp\",\"datePublished\":\"2022-08-15T07:57:07+00:00\",\"dateModified\":\"2022-08-15T08:02:31+00:00\",\"breadcrumb\":{\"@id\":\"https:\/\/www.notibras.com\/site\/pequim-avisa-a-washington-que-esta-perdendo-a-paciencia\/#breadcrumb\"},\"inLanguage\":\"pt-BR\",\"potentialAction\":[{\"@type\":\"ReadAction\",\"target\":[\"https:\/\/www.notibras.com\/site\/pequim-avisa-a-washington-que-esta-perdendo-a-paciencia\/\"]}]},{\"@type\":\"ImageObject\",\"inLanguage\":\"pt-BR\",\"@id\":\"https:\/\/www.notibras.com\/site\/pequim-avisa-a-washington-que-esta-perdendo-a-paciencia\/#primaryimage\",\"url\":\"https:\/\/www.notibras.com\/site\/wp-content\/uploads\/2022\/08\/china.reage_.webp\",\"contentUrl\":\"https:\/\/www.notibras.com\/site\/wp-content\/uploads\/2022\/08\/china.reage_.webp\",\"width\":1920,\"height\":1079},{\"@type\":\"BreadcrumbList\",\"@id\":\"https:\/\/www.notibras.com\/site\/pequim-avisa-a-washington-que-esta-perdendo-a-paciencia\/#breadcrumb\",\"itemListElement\":[{\"@type\":\"ListItem\",\"position\":1,\"name\":\"In\u00edcio\",\"item\":\"https:\/\/www.notibras.com\/site\/\"},{\"@type\":\"ListItem\",\"position\":2,\"name\":\"Pequim avisa a Washington que est\u00e1 perdendo a paci\u00eancia\"}]},{\"@type\":\"WebSite\",\"@id\":\"https:\/\/www.notibras.com\/site\/#website\",\"url\":\"https:\/\/www.notibras.com\/site\/\",\"name\":\"Notibras\",\"description\":\"Not\u00edcias de Bras\u00edlia, do Brasil e do Mundo\",\"publisher\":{\"@id\":\"https:\/\/www.notibras.com\/site\/#organization\"},\"potentialAction\":[{\"@type\":\"SearchAction\",\"target\":{\"@type\":\"EntryPoint\",\"urlTemplate\":\"https:\/\/www.notibras.com\/site\/?s={search_term_string}\"},\"query-input\":{\"@type\":\"PropertyValueSpecification\",\"valueRequired\":true,\"valueName\":\"search_term_string\"}}],\"inLanguage\":\"pt-BR\"},{\"@type\":\"Organization\",\"@id\":\"https:\/\/www.notibras.com\/site\/#organization\",\"name\":\"Grupo Notibras de Comunica\u00e7\u00e3o\",\"url\":\"https:\/\/www.notibras.com\/site\/\",\"logo\":{\"@type\":\"ImageObject\",\"inLanguage\":\"pt-BR\",\"@id\":\"https:\/\/www.notibras.com\/site\/#\/schema\/logo\/image\/\",\"url\":\"https:\/\/www.notibras.com\/site\/wp-content\/uploads\/2023\/01\/notibras23.png\",\"contentUrl\":\"https:\/\/www.notibras.com\/site\/wp-content\/uploads\/2023\/01\/notibras23.png\",\"width\":350,\"height\":87,\"caption\":\"Grupo Notibras de Comunica\u00e7\u00e3o\"},\"image\":{\"@id\":\"https:\/\/www.notibras.com\/site\/#\/schema\/logo\/image\/\"},\"sameAs\":[\"https:\/\/www.facebook.com\/notibras\/\",\"https:\/\/x.com\/Notibras\",\"https:\/\/www.instagram.com\/notibras\/\"]},{\"@type\":\"Person\",\"@id\":\"https:\/\/www.notibras.com\/site\/#\/schema\/person\/36ab0979449956132d3e5b517ea76ac8\",\"name\":\"Reda\u00e7\u00e3o\",\"image\":{\"@type\":\"ImageObject\",\"inLanguage\":\"pt-BR\",\"@id\":\"https:\/\/secure.gravatar.com\/avatar\/e0a867bdedb85fd243eadf09663511f96fc81e0720a4a42581f334ad4303aa6b?s=96&d=mm&r=g\",\"url\":\"https:\/\/secure.gravatar.com\/avatar\/e0a867bdedb85fd243eadf09663511f96fc81e0720a4a42581f334ad4303aa6b?s=96&d=mm&r=g\",\"contentUrl\":\"https:\/\/secure.gravatar.com\/avatar\/e0a867bdedb85fd243eadf09663511f96fc81e0720a4a42581f334ad4303aa6b?s=96&d=mm&r=g\",\"caption\":\"Reda\u00e7\u00e3o\"}}]}<\/script>\n<!-- \/ Yoast SEO plugin. -->","yoast_head_json":{"title":"Pequim avisa a Washington que est\u00e1 perdendo a paci\u00eancia - Notibras","robots":{"index":"index","follow":"follow","max-snippet":"max-snippet:-1","max-image-preview":"max-image-preview:large","max-video-preview":"max-video-preview:-1"},"canonical":"https:\/\/www.notibras.com\/site\/pequim-avisa-a-washington-que-esta-perdendo-a-paciencia\/","og_locale":"pt_BR","og_type":"article","og_title":"Pequim avisa a Washington que est\u00e1 perdendo a paci\u00eancia - Notibras","og_description":"O Minist\u00e9rio da Defesa chin\u00eas criticou a visita de novos congressistas dos EUA a Taiwan no domingo, 14, como mais uma viola\u00e7\u00e3o da soberania e integridade territorial da Rep\u00fablica Popular da China. Na semana passada, Nancy Pelosi, presidente da C\u00e2mara dos Estados Unidos, esteve na ilha, reacendendo a ira de Pequim. &#8220;Esta [visita] viola seriamente [&hellip;]","og_url":"https:\/\/www.notibras.com\/site\/pequim-avisa-a-washington-que-esta-perdendo-a-paciencia\/","og_site_name":"Notibras","article_publisher":"https:\/\/www.facebook.com\/notibras\/","article_published_time":"2022-08-15T07:57:07+00:00","article_modified_time":"2022-08-15T08:02:31+00:00","og_image":[{"width":1920,"height":1079,"url":"https:\/\/www.notibras.com\/site\/wp-content\/uploads\/2022\/08\/china.reage_.webp","type":"image\/webp"}],"author":"Reda\u00e7\u00e3o","twitter_card":"summary_large_image","twitter_creator":"@Notibras","twitter_site":"@Notibras","twitter_misc":{"Escrito por":"Reda\u00e7\u00e3o","Est. tempo de leitura":"3 minutos"},"schema":{"@context":"https:\/\/schema.org","@graph":[{"@type":"Article","@id":"https:\/\/www.notibras.com\/site\/pequim-avisa-a-washington-que-esta-perdendo-a-paciencia\/#article","isPartOf":{"@id":"https:\/\/www.notibras.com\/site\/pequim-avisa-a-washington-que-esta-perdendo-a-paciencia\/"},"author":{"name":"Reda\u00e7\u00e3o","@id":"https:\/\/www.notibras.com\/site\/#\/schema\/person\/36ab0979449956132d3e5b517ea76ac8"},"headline":"Pequim avisa a Washington que est\u00e1 perdendo a paci\u00eancia","datePublished":"2022-08-15T07:57:07+00:00","dateModified":"2022-08-15T08:02:31+00:00","mainEntityOfPage":{"@id":"https:\/\/www.notibras.com\/site\/pequim-avisa-a-washington-que-esta-perdendo-a-paciencia\/"},"wordCount":468,"publisher":{"@id":"https:\/\/www.notibras.com\/site\/#organization"},"image":{"@id":"https:\/\/www.notibras.com\/site\/pequim-avisa-a-washington-que-esta-perdendo-a-paciencia\/#primaryimage"},"thumbnailUrl":"https:\/\/www.notibras.com\/site\/wp-content\/uploads\/2022\/08\/china.reage_.webp","keywords":["capa"],"articleSection":["Apocalipse"],"inLanguage":"pt-BR"},{"@type":"WebPage","@id":"https:\/\/www.notibras.com\/site\/pequim-avisa-a-washington-que-esta-perdendo-a-paciencia\/","url":"https:\/\/www.notibras.com\/site\/pequim-avisa-a-washington-que-esta-perdendo-a-paciencia\/","name":"Pequim avisa a Washington que est\u00e1 perdendo a paci\u00eancia - Notibras","isPartOf":{"@id":"https:\/\/www.notibras.com\/site\/#website"},"primaryImageOfPage":{"@id":"https:\/\/www.notibras.com\/site\/pequim-avisa-a-washington-que-esta-perdendo-a-paciencia\/#primaryimage"},"image":{"@id":"https:\/\/www.notibras.com\/site\/pequim-avisa-a-washington-que-esta-perdendo-a-paciencia\/#primaryimage"},"thumbnailUrl":"https:\/\/www.notibras.com\/site\/wp-content\/uploads\/2022\/08\/china.reage_.webp","datePublished":"2022-08-15T07:57:07+00:00","dateModified":"2022-08-15T08:02:31+00:00","breadcrumb":{"@id":"https:\/\/www.notibras.com\/site\/pequim-avisa-a-washington-que-esta-perdendo-a-paciencia\/#breadcrumb"},"inLanguage":"pt-BR","potentialAction":[{"@type":"ReadAction","target":["https:\/\/www.notibras.com\/site\/pequim-avisa-a-washington-que-esta-perdendo-a-paciencia\/"]}]},{"@type":"ImageObject","inLanguage":"pt-BR","@id":"https:\/\/www.notibras.com\/site\/pequim-avisa-a-washington-que-esta-perdendo-a-paciencia\/#primaryimage","url":"https:\/\/www.notibras.com\/site\/wp-content\/uploads\/2022\/08\/china.reage_.webp","contentUrl":"https:\/\/www.notibras.com\/site\/wp-content\/uploads\/2022\/08\/china.reage_.webp","width":1920,"height":1079},{"@type":"BreadcrumbList","@id":"https:\/\/www.notibras.com\/site\/pequim-avisa-a-washington-que-esta-perdendo-a-paciencia\/#breadcrumb","itemListElement":[{"@type":"ListItem","position":1,"name":"In\u00edcio","item":"https:\/\/www.notibras.com\/site\/"},{"@type":"ListItem","position":2,"name":"Pequim avisa a Washington que est\u00e1 perdendo a paci\u00eancia"}]},{"@type":"WebSite","@id":"https:\/\/www.notibras.com\/site\/#website","url":"https:\/\/www.notibras.com\/site\/","name":"Notibras","description":"Not\u00edcias de Bras\u00edlia, do Brasil e do Mundo","publisher":{"@id":"https:\/\/www.notibras.com\/site\/#organization"},"potentialAction":[{"@type":"SearchAction","target":{"@type":"EntryPoint","urlTemplate":"https:\/\/www.notibras.com\/site\/?s={search_term_string}"},"query-input":{"@type":"PropertyValueSpecification","valueRequired":true,"valueName":"search_term_string"}}],"inLanguage":"pt-BR"},{"@type":"Organization","@id":"https:\/\/www.notibras.com\/site\/#organization","name":"Grupo Notibras de Comunica\u00e7\u00e3o","url":"https:\/\/www.notibras.com\/site\/","logo":{"@type":"ImageObject","inLanguage":"pt-BR","@id":"https:\/\/www.notibras.com\/site\/#\/schema\/logo\/image\/","url":"https:\/\/www.notibras.com\/site\/wp-content\/uploads\/2023\/01\/notibras23.png","contentUrl":"https:\/\/www.notibras.com\/site\/wp-content\/uploads\/2023\/01\/notibras23.png","width":350,"height":87,"caption":"Grupo Notibras de Comunica\u00e7\u00e3o"},"image":{"@id":"https:\/\/www.notibras.com\/site\/#\/schema\/logo\/image\/"},"sameAs":["https:\/\/www.facebook.com\/notibras\/","https:\/\/x.com\/Notibras","https:\/\/www.instagram.com\/notibras\/"]},{"@type":"Person","@id":"https:\/\/www.notibras.com\/site\/#\/schema\/person\/36ab0979449956132d3e5b517ea76ac8","name":"Reda\u00e7\u00e3o","image":{"@type":"ImageObject","inLanguage":"pt-BR","@id":"https:\/\/secure.gravatar.com\/avatar\/e0a867bdedb85fd243eadf09663511f96fc81e0720a4a42581f334ad4303aa6b?s=96&d=mm&r=g","url":"https:\/\/secure.gravatar.com\/avatar\/e0a867bdedb85fd243eadf09663511f96fc81e0720a4a42581f334ad4303aa6b?s=96&d=mm&r=g","contentUrl":"https:\/\/secure.gravatar.com\/avatar\/e0a867bdedb85fd243eadf09663511f96fc81e0720a4a42581f334ad4303aa6b?s=96&d=mm&r=g","caption":"Reda\u00e7\u00e3o"}}]}},"amp_enabled":true,"_links":{"self":[{"href":"https:\/\/www.notibras.com\/site\/wp-json\/wp\/v2\/posts\/290312","targetHints":{"allow":["GET"]}}],"collection":[{"href":"https:\/\/www.notibras.com\/site\/wp-json\/wp\/v2\/posts"}],"about":[{"href":"https:\/\/www.notibras.com\/site\/wp-json\/wp\/v2\/types\/post"}],"author":[{"embeddable":true,"href":"https:\/\/www.notibras.com\/site\/wp-json\/wp\/v2\/users\/2"}],"replies":[{"embeddable":true,"href":"https:\/\/www.notibras.com\/site\/wp-json\/wp\/v2\/comments?post=290312"}],"version-history":[{"count":1,"href":"https:\/\/www.notibras.com\/site\/wp-json\/wp\/v2\/posts\/290312\/revisions"}],"predecessor-version":[{"id":290314,"href":"https:\/\/www.notibras.com\/site\/wp-json\/wp\/v2\/posts\/290312\/revisions\/290314"}],"wp:featuredmedia":[{"embeddable":true,"href":"https:\/\/www.notibras.com\/site\/wp-json\/wp\/v2\/media\/290313"}],"wp:attachment":[{"href":"https:\/\/www.notibras.com\/site\/wp-json\/wp\/v2\/media?parent=290312"}],"wp:term":[{"taxonomy":"category","embeddable":true,"href":"https:\/\/www.notibras.com\/site\/wp-json\/wp\/v2\/categories?post=290312"},{"taxonomy":"post_tag","embeddable":true,"href":"https:\/\/www.notibras.com\/site\/wp-json\/wp\/v2\/tags?post=290312"}],"curies":[{"name":"wp","href":"https:\/\/api.w.org\/{rel}","templated":true}]}}