{"id":290322,"date":"2022-08-15T04:32:21","date_gmt":"2022-08-15T07:32:21","guid":{"rendered":"https:\/\/www.notibras.com\/site\/?p=290322"},"modified":"2022-08-15T06:08:26","modified_gmt":"2022-08-15T09:08:26","slug":"matar-chefe-da-al-qaeda-nao-acaba-terrorismo-advertem-russos","status":"publish","type":"post","link":"https:\/\/www.notibras.com\/site\/matar-chefe-da-al-qaeda-nao-acaba-terrorismo-advertem-russos\/","title":{"rendered":"Matar chefe da Al-Qaeda n\u00e3o acaba terrorismo, advertem russos"},"content":{"rendered":"<p>O problema do terrorismo no Afeganist\u00e3o n\u00e3o pode ser resolvido com meios como a elimina\u00e7\u00e3o do chefe da Al-Qaeda, j\u00e1 que os radicais provavelmente se juntar\u00e3o a outros grupos terroristas, como o Estado Isl\u00e2mico, disse o embaixador russo no Afeganist\u00e3o, Dmitry Zhirnov.<\/p>\n<p>&#8220;O problema \u00e9 muito complexo para ser resolvido, por exemplo, por a\u00e7\u00f5es como a elimina\u00e7\u00e3o do l\u00edder da Al-Qaeda usando um drone americano. Tal opera\u00e7\u00e3o foi anunciada recentemente pelo [presidente dos EUA Joe] Biden&#8221;, disse Zhirnov.<\/p>\n<p>Biden anunciou em 1\u00ba de agosto que o l\u00edder da Al-Qaeda, Ayman al-Zawahiri, foi morto em um ataque de drone dos EUA no Afeganist\u00e3o em 31 de julho. sua suposta estada em Cabul.<\/p>\n<p>&#8220;Se essa [elimina\u00e7\u00e3o de al-Zawahiri] foi o caso, ent\u00e3o nas condi\u00e7\u00f5es em que o Afeganist\u00e3o foi colocado pela guerra de 20 anos com os Estados Unidos, os radicais da Al-Qaeda provavelmente se juntar\u00e3o a outros grupos&#8230; o fato de que a viola\u00e7\u00e3o agressiva do espa\u00e7o a\u00e9reo do Afeganist\u00e3o pelos americanos n\u00e3o aumentar\u00e1 a confian\u00e7a do Talib\u00e3 nos Estados Unidos na luta contra o terrorismo&#8221;, acentuou.<\/p>\n<p>O vice-diretor do Departamento de Informa\u00e7\u00e3o e Imprensa do Minist\u00e9rio das Rela\u00e7\u00f5es Exteriores da R\u00fassia, Ivan Nechaev, disse por sua vez que Moscou ainda n\u00e3o confirmou a exatid\u00e3o das declara\u00e7\u00f5es de Washington sobre a elimina\u00e7\u00e3o de al-Zawahiri, j\u00e1 que nenhuma evid\u00eancia foi fornecida para provar as alega\u00e7\u00f5es dos EUA de que o l\u00edder da Al-Qaeda tinha sido neutralizado por dois m\u00edsseis Hellfire disparados de um drone.<\/p>\n","protected":false},"excerpt":{"rendered":"<p>O problema do terrorismo no Afeganist\u00e3o n\u00e3o pode ser resolvido com meios como a elimina\u00e7\u00e3o do chefe da Al-Qaeda, j\u00e1 que os radicais provavelmente se juntar\u00e3o a outros grupos terroristas, como o Estado Isl\u00e2mico, disse o embaixador russo no Afeganist\u00e3o, Dmitry Zhirnov. &#8220;O problema \u00e9 muito complexo para ser resolvido, por exemplo, por a\u00e7\u00f5es como [&hellip;]<\/p>\n","protected":false},"author":2,"featured_media":290323,"comment_status":"closed","ping_status":"closed","sticky":false,"template":"","format":"standard","meta":{"_acf_changed":false,"footnotes":""},"categories":[159],"tags":[95],"class_list":["post-290322","post","type-post","status-publish","format-standard","has-post-thumbnail","hentry","category-apocalipse","tag-capa"],"acf":[],"yoast_head":"<!-- This site is optimized with the Yoast SEO plugin v27.2 - https:\/\/yoast.com\/product\/yoast-seo-wordpress\/ -->\n<title>Matar chefe da Al-Qaeda n\u00e3o acaba terrorismo, advertem russos - Notibras<\/title>\n<meta name=\"robots\" content=\"index, follow, max-snippet:-1, max-image-preview:large, max-video-preview:-1\" \/>\n<link rel=\"canonical\" href=\"https:\/\/www.notibras.com\/site\/matar-chefe-da-al-qaeda-nao-acaba-terrorismo-advertem-russos\/\" \/>\n<meta property=\"og:locale\" content=\"pt_BR\" \/>\n<meta property=\"og:type\" content=\"article\" \/>\n<meta property=\"og:title\" content=\"Matar chefe da Al-Qaeda n\u00e3o acaba terrorismo, advertem russos - Notibras\" \/>\n<meta property=\"og:description\" content=\"O problema do terrorismo no Afeganist\u00e3o n\u00e3o pode ser resolvido com meios como a elimina\u00e7\u00e3o do chefe da Al-Qaeda, j\u00e1 que os radicais provavelmente se juntar\u00e3o a outros grupos terroristas, como o Estado Isl\u00e2mico, disse o embaixador russo no Afeganist\u00e3o, Dmitry Zhirnov. &#8220;O problema \u00e9 muito complexo para ser resolvido, por exemplo, por a\u00e7\u00f5es como [&hellip;]\" \/>\n<meta property=\"og:url\" content=\"https:\/\/www.notibras.com\/site\/matar-chefe-da-al-qaeda-nao-acaba-terrorismo-advertem-russos\/\" \/>\n<meta property=\"og:site_name\" content=\"Notibras\" \/>\n<meta property=\"article:publisher\" content=\"https:\/\/www.facebook.com\/notibras\/\" \/>\n<meta property=\"article:published_time\" content=\"2022-08-15T07:32:21+00:00\" \/>\n<meta property=\"article:modified_time\" content=\"2022-08-15T09:08:26+00:00\" \/>\n<meta property=\"og:image\" content=\"https:\/\/www.notibras.com\/site\/wp-content\/uploads\/2022\/08\/al.webp\" \/>\n\t<meta property=\"og:image:width\" content=\"1920\" \/>\n\t<meta property=\"og:image:height\" content=\"1080\" \/>\n\t<meta property=\"og:image:type\" content=\"image\/webp\" \/>\n<meta name=\"author\" content=\"Reda\u00e7\u00e3o\" \/>\n<meta name=\"twitter:card\" content=\"summary_large_image\" \/>\n<meta name=\"twitter:creator\" content=\"@Notibras\" \/>\n<meta name=\"twitter:site\" content=\"@Notibras\" \/>\n<meta name=\"twitter:label1\" content=\"Escrito por\" \/>\n\t<meta name=\"twitter:data1\" content=\"Reda\u00e7\u00e3o\" \/>\n\t<meta name=\"twitter:label2\" content=\"Est. tempo de leitura\" \/>\n\t<meta name=\"twitter:data2\" content=\"2 minutos\" \/>\n<script type=\"application\/ld+json\" class=\"yoast-schema-graph\">{\"@context\":\"https:\/\/schema.org\",\"@graph\":[{\"@type\":\"Article\",\"@id\":\"https:\/\/www.notibras.com\/site\/matar-chefe-da-al-qaeda-nao-acaba-terrorismo-advertem-russos\/#article\",\"isPartOf\":{\"@id\":\"https:\/\/www.notibras.com\/site\/matar-chefe-da-al-qaeda-nao-acaba-terrorismo-advertem-russos\/\"},\"author\":{\"name\":\"Reda\u00e7\u00e3o\",\"@id\":\"https:\/\/www.notibras.com\/site\/#\/schema\/person\/36ab0979449956132d3e5b517ea76ac8\"},\"headline\":\"Matar chefe da Al-Qaeda n\u00e3o acaba terrorismo, advertem russos\",\"datePublished\":\"2022-08-15T07:32:21+00:00\",\"dateModified\":\"2022-08-15T09:08:26+00:00\",\"mainEntityOfPage\":{\"@id\":\"https:\/\/www.notibras.com\/site\/matar-chefe-da-al-qaeda-nao-acaba-terrorismo-advertem-russos\/\"},\"wordCount\":283,\"publisher\":{\"@id\":\"https:\/\/www.notibras.com\/site\/#organization\"},\"image\":{\"@id\":\"https:\/\/www.notibras.com\/site\/matar-chefe-da-al-qaeda-nao-acaba-terrorismo-advertem-russos\/#primaryimage\"},\"thumbnailUrl\":\"https:\/\/www.notibras.com\/site\/wp-content\/uploads\/2022\/08\/al.webp\",\"keywords\":[\"capa\"],\"articleSection\":[\"Apocalipse\"],\"inLanguage\":\"pt-BR\"},{\"@type\":\"WebPage\",\"@id\":\"https:\/\/www.notibras.com\/site\/matar-chefe-da-al-qaeda-nao-acaba-terrorismo-advertem-russos\/\",\"url\":\"https:\/\/www.notibras.com\/site\/matar-chefe-da-al-qaeda-nao-acaba-terrorismo-advertem-russos\/\",\"name\":\"Matar chefe da Al-Qaeda n\u00e3o acaba terrorismo, advertem russos - Notibras\",\"isPartOf\":{\"@id\":\"https:\/\/www.notibras.com\/site\/#website\"},\"primaryImageOfPage\":{\"@id\":\"https:\/\/www.notibras.com\/site\/matar-chefe-da-al-qaeda-nao-acaba-terrorismo-advertem-russos\/#primaryimage\"},\"image\":{\"@id\":\"https:\/\/www.notibras.com\/site\/matar-chefe-da-al-qaeda-nao-acaba-terrorismo-advertem-russos\/#primaryimage\"},\"thumbnailUrl\":\"https:\/\/www.notibras.com\/site\/wp-content\/uploads\/2022\/08\/al.webp\",\"datePublished\":\"2022-08-15T07:32:21+00:00\",\"dateModified\":\"2022-08-15T09:08:26+00:00\",\"breadcrumb\":{\"@id\":\"https:\/\/www.notibras.com\/site\/matar-chefe-da-al-qaeda-nao-acaba-terrorismo-advertem-russos\/#breadcrumb\"},\"inLanguage\":\"pt-BR\",\"potentialAction\":[{\"@type\":\"ReadAction\",\"target\":[\"https:\/\/www.notibras.com\/site\/matar-chefe-da-al-qaeda-nao-acaba-terrorismo-advertem-russos\/\"]}]},{\"@type\":\"ImageObject\",\"inLanguage\":\"pt-BR\",\"@id\":\"https:\/\/www.notibras.com\/site\/matar-chefe-da-al-qaeda-nao-acaba-terrorismo-advertem-russos\/#primaryimage\",\"url\":\"https:\/\/www.notibras.com\/site\/wp-content\/uploads\/2022\/08\/al.webp\",\"contentUrl\":\"https:\/\/www.notibras.com\/site\/wp-content\/uploads\/2022\/08\/al.webp\",\"width\":1920,\"height\":1080},{\"@type\":\"BreadcrumbList\",\"@id\":\"https:\/\/www.notibras.com\/site\/matar-chefe-da-al-qaeda-nao-acaba-terrorismo-advertem-russos\/#breadcrumb\",\"itemListElement\":[{\"@type\":\"ListItem\",\"position\":1,\"name\":\"In\u00edcio\",\"item\":\"https:\/\/www.notibras.com\/site\/\"},{\"@type\":\"ListItem\",\"position\":2,\"name\":\"Matar chefe da Al-Qaeda n\u00e3o acaba terrorismo, advertem russos\"}]},{\"@type\":\"WebSite\",\"@id\":\"https:\/\/www.notibras.com\/site\/#website\",\"url\":\"https:\/\/www.notibras.com\/site\/\",\"name\":\"Notibras\",\"description\":\"Not\u00edcias de Bras\u00edlia, do Brasil e do Mundo\",\"publisher\":{\"@id\":\"https:\/\/www.notibras.com\/site\/#organization\"},\"potentialAction\":[{\"@type\":\"SearchAction\",\"target\":{\"@type\":\"EntryPoint\",\"urlTemplate\":\"https:\/\/www.notibras.com\/site\/?s={search_term_string}\"},\"query-input\":{\"@type\":\"PropertyValueSpecification\",\"valueRequired\":true,\"valueName\":\"search_term_string\"}}],\"inLanguage\":\"pt-BR\"},{\"@type\":\"Organization\",\"@id\":\"https:\/\/www.notibras.com\/site\/#organization\",\"name\":\"Grupo Notibras de Comunica\u00e7\u00e3o\",\"url\":\"https:\/\/www.notibras.com\/site\/\",\"logo\":{\"@type\":\"ImageObject\",\"inLanguage\":\"pt-BR\",\"@id\":\"https:\/\/www.notibras.com\/site\/#\/schema\/logo\/image\/\",\"url\":\"https:\/\/www.notibras.com\/site\/wp-content\/uploads\/2023\/01\/notibras23.png\",\"contentUrl\":\"https:\/\/www.notibras.com\/site\/wp-content\/uploads\/2023\/01\/notibras23.png\",\"width\":350,\"height\":87,\"caption\":\"Grupo Notibras de Comunica\u00e7\u00e3o\"},\"image\":{\"@id\":\"https:\/\/www.notibras.com\/site\/#\/schema\/logo\/image\/\"},\"sameAs\":[\"https:\/\/www.facebook.com\/notibras\/\",\"https:\/\/x.com\/Notibras\",\"https:\/\/www.instagram.com\/notibras\/\"]},{\"@type\":\"Person\",\"@id\":\"https:\/\/www.notibras.com\/site\/#\/schema\/person\/36ab0979449956132d3e5b517ea76ac8\",\"name\":\"Reda\u00e7\u00e3o\",\"image\":{\"@type\":\"ImageObject\",\"inLanguage\":\"pt-BR\",\"@id\":\"https:\/\/secure.gravatar.com\/avatar\/e0a867bdedb85fd243eadf09663511f96fc81e0720a4a42581f334ad4303aa6b?s=96&d=mm&r=g\",\"url\":\"https:\/\/secure.gravatar.com\/avatar\/e0a867bdedb85fd243eadf09663511f96fc81e0720a4a42581f334ad4303aa6b?s=96&d=mm&r=g\",\"contentUrl\":\"https:\/\/secure.gravatar.com\/avatar\/e0a867bdedb85fd243eadf09663511f96fc81e0720a4a42581f334ad4303aa6b?s=96&d=mm&r=g\",\"caption\":\"Reda\u00e7\u00e3o\"}}]}<\/script>\n<!-- \/ Yoast SEO plugin. -->","yoast_head_json":{"title":"Matar chefe da Al-Qaeda n\u00e3o acaba terrorismo, advertem russos - Notibras","robots":{"index":"index","follow":"follow","max-snippet":"max-snippet:-1","max-image-preview":"max-image-preview:large","max-video-preview":"max-video-preview:-1"},"canonical":"https:\/\/www.notibras.com\/site\/matar-chefe-da-al-qaeda-nao-acaba-terrorismo-advertem-russos\/","og_locale":"pt_BR","og_type":"article","og_title":"Matar chefe da Al-Qaeda n\u00e3o acaba terrorismo, advertem russos - Notibras","og_description":"O problema do terrorismo no Afeganist\u00e3o n\u00e3o pode ser resolvido com meios como a elimina\u00e7\u00e3o do chefe da Al-Qaeda, j\u00e1 que os radicais provavelmente se juntar\u00e3o a outros grupos terroristas, como o Estado Isl\u00e2mico, disse o embaixador russo no Afeganist\u00e3o, Dmitry Zhirnov. &#8220;O problema \u00e9 muito complexo para ser resolvido, por exemplo, por a\u00e7\u00f5es como [&hellip;]","og_url":"https:\/\/www.notibras.com\/site\/matar-chefe-da-al-qaeda-nao-acaba-terrorismo-advertem-russos\/","og_site_name":"Notibras","article_publisher":"https:\/\/www.facebook.com\/notibras\/","article_published_time":"2022-08-15T07:32:21+00:00","article_modified_time":"2022-08-15T09:08:26+00:00","og_image":[{"width":1920,"height":1080,"url":"https:\/\/www.notibras.com\/site\/wp-content\/uploads\/2022\/08\/al.webp","type":"image\/webp"}],"author":"Reda\u00e7\u00e3o","twitter_card":"summary_large_image","twitter_creator":"@Notibras","twitter_site":"@Notibras","twitter_misc":{"Escrito por":"Reda\u00e7\u00e3o","Est. tempo de leitura":"2 minutos"},"schema":{"@context":"https:\/\/schema.org","@graph":[{"@type":"Article","@id":"https:\/\/www.notibras.com\/site\/matar-chefe-da-al-qaeda-nao-acaba-terrorismo-advertem-russos\/#article","isPartOf":{"@id":"https:\/\/www.notibras.com\/site\/matar-chefe-da-al-qaeda-nao-acaba-terrorismo-advertem-russos\/"},"author":{"name":"Reda\u00e7\u00e3o","@id":"https:\/\/www.notibras.com\/site\/#\/schema\/person\/36ab0979449956132d3e5b517ea76ac8"},"headline":"Matar chefe da Al-Qaeda n\u00e3o acaba terrorismo, advertem russos","datePublished":"2022-08-15T07:32:21+00:00","dateModified":"2022-08-15T09:08:26+00:00","mainEntityOfPage":{"@id":"https:\/\/www.notibras.com\/site\/matar-chefe-da-al-qaeda-nao-acaba-terrorismo-advertem-russos\/"},"wordCount":283,"publisher":{"@id":"https:\/\/www.notibras.com\/site\/#organization"},"image":{"@id":"https:\/\/www.notibras.com\/site\/matar-chefe-da-al-qaeda-nao-acaba-terrorismo-advertem-russos\/#primaryimage"},"thumbnailUrl":"https:\/\/www.notibras.com\/site\/wp-content\/uploads\/2022\/08\/al.webp","keywords":["capa"],"articleSection":["Apocalipse"],"inLanguage":"pt-BR"},{"@type":"WebPage","@id":"https:\/\/www.notibras.com\/site\/matar-chefe-da-al-qaeda-nao-acaba-terrorismo-advertem-russos\/","url":"https:\/\/www.notibras.com\/site\/matar-chefe-da-al-qaeda-nao-acaba-terrorismo-advertem-russos\/","name":"Matar chefe da Al-Qaeda n\u00e3o acaba terrorismo, advertem russos - Notibras","isPartOf":{"@id":"https:\/\/www.notibras.com\/site\/#website"},"primaryImageOfPage":{"@id":"https:\/\/www.notibras.com\/site\/matar-chefe-da-al-qaeda-nao-acaba-terrorismo-advertem-russos\/#primaryimage"},"image":{"@id":"https:\/\/www.notibras.com\/site\/matar-chefe-da-al-qaeda-nao-acaba-terrorismo-advertem-russos\/#primaryimage"},"thumbnailUrl":"https:\/\/www.notibras.com\/site\/wp-content\/uploads\/2022\/08\/al.webp","datePublished":"2022-08-15T07:32:21+00:00","dateModified":"2022-08-15T09:08:26+00:00","breadcrumb":{"@id":"https:\/\/www.notibras.com\/site\/matar-chefe-da-al-qaeda-nao-acaba-terrorismo-advertem-russos\/#breadcrumb"},"inLanguage":"pt-BR","potentialAction":[{"@type":"ReadAction","target":["https:\/\/www.notibras.com\/site\/matar-chefe-da-al-qaeda-nao-acaba-terrorismo-advertem-russos\/"]}]},{"@type":"ImageObject","inLanguage":"pt-BR","@id":"https:\/\/www.notibras.com\/site\/matar-chefe-da-al-qaeda-nao-acaba-terrorismo-advertem-russos\/#primaryimage","url":"https:\/\/www.notibras.com\/site\/wp-content\/uploads\/2022\/08\/al.webp","contentUrl":"https:\/\/www.notibras.com\/site\/wp-content\/uploads\/2022\/08\/al.webp","width":1920,"height":1080},{"@type":"BreadcrumbList","@id":"https:\/\/www.notibras.com\/site\/matar-chefe-da-al-qaeda-nao-acaba-terrorismo-advertem-russos\/#breadcrumb","itemListElement":[{"@type":"ListItem","position":1,"name":"In\u00edcio","item":"https:\/\/www.notibras.com\/site\/"},{"@type":"ListItem","position":2,"name":"Matar chefe da Al-Qaeda n\u00e3o acaba terrorismo, advertem russos"}]},{"@type":"WebSite","@id":"https:\/\/www.notibras.com\/site\/#website","url":"https:\/\/www.notibras.com\/site\/","name":"Notibras","description":"Not\u00edcias de Bras\u00edlia, do Brasil e do Mundo","publisher":{"@id":"https:\/\/www.notibras.com\/site\/#organization"},"potentialAction":[{"@type":"SearchAction","target":{"@type":"EntryPoint","urlTemplate":"https:\/\/www.notibras.com\/site\/?s={search_term_string}"},"query-input":{"@type":"PropertyValueSpecification","valueRequired":true,"valueName":"search_term_string"}}],"inLanguage":"pt-BR"},{"@type":"Organization","@id":"https:\/\/www.notibras.com\/site\/#organization","name":"Grupo Notibras de Comunica\u00e7\u00e3o","url":"https:\/\/www.notibras.com\/site\/","logo":{"@type":"ImageObject","inLanguage":"pt-BR","@id":"https:\/\/www.notibras.com\/site\/#\/schema\/logo\/image\/","url":"https:\/\/www.notibras.com\/site\/wp-content\/uploads\/2023\/01\/notibras23.png","contentUrl":"https:\/\/www.notibras.com\/site\/wp-content\/uploads\/2023\/01\/notibras23.png","width":350,"height":87,"caption":"Grupo Notibras de Comunica\u00e7\u00e3o"},"image":{"@id":"https:\/\/www.notibras.com\/site\/#\/schema\/logo\/image\/"},"sameAs":["https:\/\/www.facebook.com\/notibras\/","https:\/\/x.com\/Notibras","https:\/\/www.instagram.com\/notibras\/"]},{"@type":"Person","@id":"https:\/\/www.notibras.com\/site\/#\/schema\/person\/36ab0979449956132d3e5b517ea76ac8","name":"Reda\u00e7\u00e3o","image":{"@type":"ImageObject","inLanguage":"pt-BR","@id":"https:\/\/secure.gravatar.com\/avatar\/e0a867bdedb85fd243eadf09663511f96fc81e0720a4a42581f334ad4303aa6b?s=96&d=mm&r=g","url":"https:\/\/secure.gravatar.com\/avatar\/e0a867bdedb85fd243eadf09663511f96fc81e0720a4a42581f334ad4303aa6b?s=96&d=mm&r=g","contentUrl":"https:\/\/secure.gravatar.com\/avatar\/e0a867bdedb85fd243eadf09663511f96fc81e0720a4a42581f334ad4303aa6b?s=96&d=mm&r=g","caption":"Reda\u00e7\u00e3o"}}]}},"amp_enabled":true,"_links":{"self":[{"href":"https:\/\/www.notibras.com\/site\/wp-json\/wp\/v2\/posts\/290322","targetHints":{"allow":["GET"]}}],"collection":[{"href":"https:\/\/www.notibras.com\/site\/wp-json\/wp\/v2\/posts"}],"about":[{"href":"https:\/\/www.notibras.com\/site\/wp-json\/wp\/v2\/types\/post"}],"author":[{"embeddable":true,"href":"https:\/\/www.notibras.com\/site\/wp-json\/wp\/v2\/users\/2"}],"replies":[{"embeddable":true,"href":"https:\/\/www.notibras.com\/site\/wp-json\/wp\/v2\/comments?post=290322"}],"version-history":[{"count":1,"href":"https:\/\/www.notibras.com\/site\/wp-json\/wp\/v2\/posts\/290322\/revisions"}],"predecessor-version":[{"id":290324,"href":"https:\/\/www.notibras.com\/site\/wp-json\/wp\/v2\/posts\/290322\/revisions\/290324"}],"wp:featuredmedia":[{"embeddable":true,"href":"https:\/\/www.notibras.com\/site\/wp-json\/wp\/v2\/media\/290323"}],"wp:attachment":[{"href":"https:\/\/www.notibras.com\/site\/wp-json\/wp\/v2\/media?parent=290322"}],"wp:term":[{"taxonomy":"category","embeddable":true,"href":"https:\/\/www.notibras.com\/site\/wp-json\/wp\/v2\/categories?post=290322"},{"taxonomy":"post_tag","embeddable":true,"href":"https:\/\/www.notibras.com\/site\/wp-json\/wp\/v2\/tags?post=290322"}],"curies":[{"name":"wp","href":"https:\/\/api.w.org\/{rel}","templated":true}]}}