{"id":290611,"date":"2022-08-21T05:10:05","date_gmt":"2022-08-21T08:10:05","guid":{"rendered":"https:\/\/www.notibras.com\/site\/?p=290611"},"modified":"2022-08-21T05:28:11","modified_gmt":"2022-08-21T08:28:11","slug":"filha-de-assessor-de-putin-morre-em-atentado-terrorista","status":"publish","type":"post","link":"https:\/\/www.notibras.com\/site\/filha-de-assessor-de-putin-morre-em-atentado-terrorista\/","title":{"rendered":"Filha de assessor de Putin morre em atentado terrorista"},"content":{"rendered":"<p>Um caso de suposto atentado foi aberto por investigadores depois que Daria Dugina, filha de Alexander Dugin, fil\u00f3sofo e analista pol\u00edtico russo, ligado ao presidente Vladimir Putin, foi morta em um acidente de carro em Moscou, disse o Comit\u00ea de Investiga\u00e7\u00e3o da R\u00fassia.<\/p>\n<p>&#8220;As autoridades investigadoras&#8230; abriram um processo criminal sobre o fato de assassinato&#8230; cometido de maneira geralmente perigosa&#8221;, disse o Comit\u00ea de Investiga\u00e7\u00e3o em um comunicado no Telegram neste domingo, hor\u00e1rio local.<\/p>\n<p>De acordo com os investigadores, um dispositivo explosivo instalado em um ve\u00edculo Toyota Land Cruiser detonou no s\u00e1bado, 20 de agosto, por volta das 21:00 hora local (18:00 GMT) no distrito de Odintsovsky, na regi\u00e3o de Moscou, enquanto o carro viajava em alta velocidade.<\/p>\n<p>O carro pegou fogo e o motorista e a jornalista Daria Dugina morreram.<\/p>\n<p>A m\u00eddia russa informou que a filha de Alexander Dugin, fil\u00f3sofo pol\u00edtico russo e defensor das cren\u00e7as tradicionalistas, foi morta no que teria sio um atentado terrorista.<\/p>\n<p>O chefe da Rep\u00fablica Popular de Donetsk (DPR), Denis Pushilin, disse no Telegram que &#8220;terroristas do regime ucraniano, tentando eliminar Alexander Dugin, explodiram sua filha&#8230; em um carro&#8221;.<\/p>\n<p>Daria Dugina foi inclu\u00edda nas listas de san\u00e7\u00f5es do Reino Unido em julho. O pr\u00f3prio Dugin foi sancionado pela UE, EUA e Canad\u00e1 em 2014 e 2015.<\/p>\n","protected":false},"excerpt":{"rendered":"<p>Um caso de suposto atentado foi aberto por investigadores depois que Daria Dugina, filha de Alexander Dugin, fil\u00f3sofo e analista pol\u00edtico russo, ligado ao presidente Vladimir Putin, foi morta em um acidente de carro em Moscou, disse o Comit\u00ea de Investiga\u00e7\u00e3o da R\u00fassia. &#8220;As autoridades investigadoras&#8230; abriram um processo criminal sobre o fato de assassinato&#8230; [&hellip;]<\/p>\n","protected":false},"author":2,"featured_media":290612,"comment_status":"closed","ping_status":"closed","sticky":false,"template":"","format":"standard","meta":{"_acf_changed":false,"footnotes":""},"categories":[159],"tags":[95],"class_list":["post-290611","post","type-post","status-publish","format-standard","has-post-thumbnail","hentry","category-apocalipse","tag-capa"],"acf":[],"yoast_head":"<!-- This site is optimized with the Yoast SEO plugin v27.2 - https:\/\/yoast.com\/product\/yoast-seo-wordpress\/ -->\n<title>Filha de assessor de Putin morre em atentado terrorista - Notibras<\/title>\n<meta name=\"robots\" content=\"index, follow, max-snippet:-1, max-image-preview:large, max-video-preview:-1\" \/>\n<link rel=\"canonical\" href=\"https:\/\/www.notibras.com\/site\/filha-de-assessor-de-putin-morre-em-atentado-terrorista\/\" \/>\n<meta property=\"og:locale\" content=\"pt_BR\" \/>\n<meta property=\"og:type\" content=\"article\" \/>\n<meta property=\"og:title\" content=\"Filha de assessor de Putin morre em atentado terrorista - Notibras\" \/>\n<meta property=\"og:description\" content=\"Um caso de suposto atentado foi aberto por investigadores depois que Daria Dugina, filha de Alexander Dugin, fil\u00f3sofo e analista pol\u00edtico russo, ligado ao presidente Vladimir Putin, foi morta em um acidente de carro em Moscou, disse o Comit\u00ea de Investiga\u00e7\u00e3o da R\u00fassia. &#8220;As autoridades investigadoras&#8230; abriram um processo criminal sobre o fato de assassinato&#8230; [&hellip;]\" \/>\n<meta property=\"og:url\" content=\"https:\/\/www.notibras.com\/site\/filha-de-assessor-de-putin-morre-em-atentado-terrorista\/\" \/>\n<meta property=\"og:site_name\" content=\"Notibras\" \/>\n<meta property=\"article:publisher\" content=\"https:\/\/www.facebook.com\/notibras\/\" \/>\n<meta property=\"article:published_time\" content=\"2022-08-21T08:10:05+00:00\" \/>\n<meta property=\"article:modified_time\" content=\"2022-08-21T08:28:11+00:00\" \/>\n<meta property=\"og:image\" content=\"https:\/\/www.notibras.com\/site\/wp-content\/uploads\/2022\/08\/ogin.webp\" \/>\n\t<meta property=\"og:image:width\" content=\"1920\" \/>\n\t<meta property=\"og:image:height\" content=\"1080\" \/>\n\t<meta property=\"og:image:type\" content=\"image\/webp\" \/>\n<meta name=\"author\" content=\"Reda\u00e7\u00e3o\" \/>\n<meta name=\"twitter:card\" content=\"summary_large_image\" \/>\n<meta name=\"twitter:creator\" content=\"@Notibras\" \/>\n<meta name=\"twitter:site\" content=\"@Notibras\" \/>\n<meta name=\"twitter:label1\" content=\"Escrito por\" \/>\n\t<meta name=\"twitter:data1\" content=\"Reda\u00e7\u00e3o\" \/>\n\t<meta name=\"twitter:label2\" content=\"Est. tempo de leitura\" \/>\n\t<meta name=\"twitter:data2\" content=\"2 minutos\" \/>\n<script type=\"application\/ld+json\" class=\"yoast-schema-graph\">{\"@context\":\"https:\/\/schema.org\",\"@graph\":[{\"@type\":\"Article\",\"@id\":\"https:\/\/www.notibras.com\/site\/filha-de-assessor-de-putin-morre-em-atentado-terrorista\/#article\",\"isPartOf\":{\"@id\":\"https:\/\/www.notibras.com\/site\/filha-de-assessor-de-putin-morre-em-atentado-terrorista\/\"},\"author\":{\"name\":\"Reda\u00e7\u00e3o\",\"@id\":\"https:\/\/www.notibras.com\/site\/#\/schema\/person\/36ab0979449956132d3e5b517ea76ac8\"},\"headline\":\"Filha de assessor de Putin morre em atentado terrorista\",\"datePublished\":\"2022-08-21T08:10:05+00:00\",\"dateModified\":\"2022-08-21T08:28:11+00:00\",\"mainEntityOfPage\":{\"@id\":\"https:\/\/www.notibras.com\/site\/filha-de-assessor-de-putin-morre-em-atentado-terrorista\/\"},\"wordCount\":234,\"publisher\":{\"@id\":\"https:\/\/www.notibras.com\/site\/#organization\"},\"image\":{\"@id\":\"https:\/\/www.notibras.com\/site\/filha-de-assessor-de-putin-morre-em-atentado-terrorista\/#primaryimage\"},\"thumbnailUrl\":\"https:\/\/www.notibras.com\/site\/wp-content\/uploads\/2022\/08\/ogin.webp\",\"keywords\":[\"capa\"],\"articleSection\":[\"Apocalipse\"],\"inLanguage\":\"pt-BR\"},{\"@type\":\"WebPage\",\"@id\":\"https:\/\/www.notibras.com\/site\/filha-de-assessor-de-putin-morre-em-atentado-terrorista\/\",\"url\":\"https:\/\/www.notibras.com\/site\/filha-de-assessor-de-putin-morre-em-atentado-terrorista\/\",\"name\":\"Filha de assessor de Putin morre em atentado terrorista - Notibras\",\"isPartOf\":{\"@id\":\"https:\/\/www.notibras.com\/site\/#website\"},\"primaryImageOfPage\":{\"@id\":\"https:\/\/www.notibras.com\/site\/filha-de-assessor-de-putin-morre-em-atentado-terrorista\/#primaryimage\"},\"image\":{\"@id\":\"https:\/\/www.notibras.com\/site\/filha-de-assessor-de-putin-morre-em-atentado-terrorista\/#primaryimage\"},\"thumbnailUrl\":\"https:\/\/www.notibras.com\/site\/wp-content\/uploads\/2022\/08\/ogin.webp\",\"datePublished\":\"2022-08-21T08:10:05+00:00\",\"dateModified\":\"2022-08-21T08:28:11+00:00\",\"breadcrumb\":{\"@id\":\"https:\/\/www.notibras.com\/site\/filha-de-assessor-de-putin-morre-em-atentado-terrorista\/#breadcrumb\"},\"inLanguage\":\"pt-BR\",\"potentialAction\":[{\"@type\":\"ReadAction\",\"target\":[\"https:\/\/www.notibras.com\/site\/filha-de-assessor-de-putin-morre-em-atentado-terrorista\/\"]}]},{\"@type\":\"ImageObject\",\"inLanguage\":\"pt-BR\",\"@id\":\"https:\/\/www.notibras.com\/site\/filha-de-assessor-de-putin-morre-em-atentado-terrorista\/#primaryimage\",\"url\":\"https:\/\/www.notibras.com\/site\/wp-content\/uploads\/2022\/08\/ogin.webp\",\"contentUrl\":\"https:\/\/www.notibras.com\/site\/wp-content\/uploads\/2022\/08\/ogin.webp\",\"width\":1920,\"height\":1080},{\"@type\":\"BreadcrumbList\",\"@id\":\"https:\/\/www.notibras.com\/site\/filha-de-assessor-de-putin-morre-em-atentado-terrorista\/#breadcrumb\",\"itemListElement\":[{\"@type\":\"ListItem\",\"position\":1,\"name\":\"In\u00edcio\",\"item\":\"https:\/\/www.notibras.com\/site\/\"},{\"@type\":\"ListItem\",\"position\":2,\"name\":\"Filha de assessor de Putin morre em atentado terrorista\"}]},{\"@type\":\"WebSite\",\"@id\":\"https:\/\/www.notibras.com\/site\/#website\",\"url\":\"https:\/\/www.notibras.com\/site\/\",\"name\":\"Notibras\",\"description\":\"Not\u00edcias de Bras\u00edlia, do Brasil e do Mundo\",\"publisher\":{\"@id\":\"https:\/\/www.notibras.com\/site\/#organization\"},\"potentialAction\":[{\"@type\":\"SearchAction\",\"target\":{\"@type\":\"EntryPoint\",\"urlTemplate\":\"https:\/\/www.notibras.com\/site\/?s={search_term_string}\"},\"query-input\":{\"@type\":\"PropertyValueSpecification\",\"valueRequired\":true,\"valueName\":\"search_term_string\"}}],\"inLanguage\":\"pt-BR\"},{\"@type\":\"Organization\",\"@id\":\"https:\/\/www.notibras.com\/site\/#organization\",\"name\":\"Grupo Notibras de Comunica\u00e7\u00e3o\",\"url\":\"https:\/\/www.notibras.com\/site\/\",\"logo\":{\"@type\":\"ImageObject\",\"inLanguage\":\"pt-BR\",\"@id\":\"https:\/\/www.notibras.com\/site\/#\/schema\/logo\/image\/\",\"url\":\"https:\/\/www.notibras.com\/site\/wp-content\/uploads\/2023\/01\/notibras23.png\",\"contentUrl\":\"https:\/\/www.notibras.com\/site\/wp-content\/uploads\/2023\/01\/notibras23.png\",\"width\":350,\"height\":87,\"caption\":\"Grupo Notibras de Comunica\u00e7\u00e3o\"},\"image\":{\"@id\":\"https:\/\/www.notibras.com\/site\/#\/schema\/logo\/image\/\"},\"sameAs\":[\"https:\/\/www.facebook.com\/notibras\/\",\"https:\/\/x.com\/Notibras\",\"https:\/\/www.instagram.com\/notibras\/\"]},{\"@type\":\"Person\",\"@id\":\"https:\/\/www.notibras.com\/site\/#\/schema\/person\/36ab0979449956132d3e5b517ea76ac8\",\"name\":\"Reda\u00e7\u00e3o\",\"image\":{\"@type\":\"ImageObject\",\"inLanguage\":\"pt-BR\",\"@id\":\"https:\/\/secure.gravatar.com\/avatar\/e0a867bdedb85fd243eadf09663511f96fc81e0720a4a42581f334ad4303aa6b?s=96&d=mm&r=g\",\"url\":\"https:\/\/secure.gravatar.com\/avatar\/e0a867bdedb85fd243eadf09663511f96fc81e0720a4a42581f334ad4303aa6b?s=96&d=mm&r=g\",\"contentUrl\":\"https:\/\/secure.gravatar.com\/avatar\/e0a867bdedb85fd243eadf09663511f96fc81e0720a4a42581f334ad4303aa6b?s=96&d=mm&r=g\",\"caption\":\"Reda\u00e7\u00e3o\"}}]}<\/script>\n<!-- \/ Yoast SEO plugin. -->","yoast_head_json":{"title":"Filha de assessor de Putin morre em atentado terrorista - Notibras","robots":{"index":"index","follow":"follow","max-snippet":"max-snippet:-1","max-image-preview":"max-image-preview:large","max-video-preview":"max-video-preview:-1"},"canonical":"https:\/\/www.notibras.com\/site\/filha-de-assessor-de-putin-morre-em-atentado-terrorista\/","og_locale":"pt_BR","og_type":"article","og_title":"Filha de assessor de Putin morre em atentado terrorista - Notibras","og_description":"Um caso de suposto atentado foi aberto por investigadores depois que Daria Dugina, filha de Alexander Dugin, fil\u00f3sofo e analista pol\u00edtico russo, ligado ao presidente Vladimir Putin, foi morta em um acidente de carro em Moscou, disse o Comit\u00ea de Investiga\u00e7\u00e3o da R\u00fassia. &#8220;As autoridades investigadoras&#8230; abriram um processo criminal sobre o fato de assassinato&#8230; [&hellip;]","og_url":"https:\/\/www.notibras.com\/site\/filha-de-assessor-de-putin-morre-em-atentado-terrorista\/","og_site_name":"Notibras","article_publisher":"https:\/\/www.facebook.com\/notibras\/","article_published_time":"2022-08-21T08:10:05+00:00","article_modified_time":"2022-08-21T08:28:11+00:00","og_image":[{"width":1920,"height":1080,"url":"https:\/\/www.notibras.com\/site\/wp-content\/uploads\/2022\/08\/ogin.webp","type":"image\/webp"}],"author":"Reda\u00e7\u00e3o","twitter_card":"summary_large_image","twitter_creator":"@Notibras","twitter_site":"@Notibras","twitter_misc":{"Escrito por":"Reda\u00e7\u00e3o","Est. tempo de leitura":"2 minutos"},"schema":{"@context":"https:\/\/schema.org","@graph":[{"@type":"Article","@id":"https:\/\/www.notibras.com\/site\/filha-de-assessor-de-putin-morre-em-atentado-terrorista\/#article","isPartOf":{"@id":"https:\/\/www.notibras.com\/site\/filha-de-assessor-de-putin-morre-em-atentado-terrorista\/"},"author":{"name":"Reda\u00e7\u00e3o","@id":"https:\/\/www.notibras.com\/site\/#\/schema\/person\/36ab0979449956132d3e5b517ea76ac8"},"headline":"Filha de assessor de Putin morre em atentado terrorista","datePublished":"2022-08-21T08:10:05+00:00","dateModified":"2022-08-21T08:28:11+00:00","mainEntityOfPage":{"@id":"https:\/\/www.notibras.com\/site\/filha-de-assessor-de-putin-morre-em-atentado-terrorista\/"},"wordCount":234,"publisher":{"@id":"https:\/\/www.notibras.com\/site\/#organization"},"image":{"@id":"https:\/\/www.notibras.com\/site\/filha-de-assessor-de-putin-morre-em-atentado-terrorista\/#primaryimage"},"thumbnailUrl":"https:\/\/www.notibras.com\/site\/wp-content\/uploads\/2022\/08\/ogin.webp","keywords":["capa"],"articleSection":["Apocalipse"],"inLanguage":"pt-BR"},{"@type":"WebPage","@id":"https:\/\/www.notibras.com\/site\/filha-de-assessor-de-putin-morre-em-atentado-terrorista\/","url":"https:\/\/www.notibras.com\/site\/filha-de-assessor-de-putin-morre-em-atentado-terrorista\/","name":"Filha de assessor de Putin morre em atentado terrorista - Notibras","isPartOf":{"@id":"https:\/\/www.notibras.com\/site\/#website"},"primaryImageOfPage":{"@id":"https:\/\/www.notibras.com\/site\/filha-de-assessor-de-putin-morre-em-atentado-terrorista\/#primaryimage"},"image":{"@id":"https:\/\/www.notibras.com\/site\/filha-de-assessor-de-putin-morre-em-atentado-terrorista\/#primaryimage"},"thumbnailUrl":"https:\/\/www.notibras.com\/site\/wp-content\/uploads\/2022\/08\/ogin.webp","datePublished":"2022-08-21T08:10:05+00:00","dateModified":"2022-08-21T08:28:11+00:00","breadcrumb":{"@id":"https:\/\/www.notibras.com\/site\/filha-de-assessor-de-putin-morre-em-atentado-terrorista\/#breadcrumb"},"inLanguage":"pt-BR","potentialAction":[{"@type":"ReadAction","target":["https:\/\/www.notibras.com\/site\/filha-de-assessor-de-putin-morre-em-atentado-terrorista\/"]}]},{"@type":"ImageObject","inLanguage":"pt-BR","@id":"https:\/\/www.notibras.com\/site\/filha-de-assessor-de-putin-morre-em-atentado-terrorista\/#primaryimage","url":"https:\/\/www.notibras.com\/site\/wp-content\/uploads\/2022\/08\/ogin.webp","contentUrl":"https:\/\/www.notibras.com\/site\/wp-content\/uploads\/2022\/08\/ogin.webp","width":1920,"height":1080},{"@type":"BreadcrumbList","@id":"https:\/\/www.notibras.com\/site\/filha-de-assessor-de-putin-morre-em-atentado-terrorista\/#breadcrumb","itemListElement":[{"@type":"ListItem","position":1,"name":"In\u00edcio","item":"https:\/\/www.notibras.com\/site\/"},{"@type":"ListItem","position":2,"name":"Filha de assessor de Putin morre em atentado terrorista"}]},{"@type":"WebSite","@id":"https:\/\/www.notibras.com\/site\/#website","url":"https:\/\/www.notibras.com\/site\/","name":"Notibras","description":"Not\u00edcias de Bras\u00edlia, do Brasil e do Mundo","publisher":{"@id":"https:\/\/www.notibras.com\/site\/#organization"},"potentialAction":[{"@type":"SearchAction","target":{"@type":"EntryPoint","urlTemplate":"https:\/\/www.notibras.com\/site\/?s={search_term_string}"},"query-input":{"@type":"PropertyValueSpecification","valueRequired":true,"valueName":"search_term_string"}}],"inLanguage":"pt-BR"},{"@type":"Organization","@id":"https:\/\/www.notibras.com\/site\/#organization","name":"Grupo Notibras de Comunica\u00e7\u00e3o","url":"https:\/\/www.notibras.com\/site\/","logo":{"@type":"ImageObject","inLanguage":"pt-BR","@id":"https:\/\/www.notibras.com\/site\/#\/schema\/logo\/image\/","url":"https:\/\/www.notibras.com\/site\/wp-content\/uploads\/2023\/01\/notibras23.png","contentUrl":"https:\/\/www.notibras.com\/site\/wp-content\/uploads\/2023\/01\/notibras23.png","width":350,"height":87,"caption":"Grupo Notibras de Comunica\u00e7\u00e3o"},"image":{"@id":"https:\/\/www.notibras.com\/site\/#\/schema\/logo\/image\/"},"sameAs":["https:\/\/www.facebook.com\/notibras\/","https:\/\/x.com\/Notibras","https:\/\/www.instagram.com\/notibras\/"]},{"@type":"Person","@id":"https:\/\/www.notibras.com\/site\/#\/schema\/person\/36ab0979449956132d3e5b517ea76ac8","name":"Reda\u00e7\u00e3o","image":{"@type":"ImageObject","inLanguage":"pt-BR","@id":"https:\/\/secure.gravatar.com\/avatar\/e0a867bdedb85fd243eadf09663511f96fc81e0720a4a42581f334ad4303aa6b?s=96&d=mm&r=g","url":"https:\/\/secure.gravatar.com\/avatar\/e0a867bdedb85fd243eadf09663511f96fc81e0720a4a42581f334ad4303aa6b?s=96&d=mm&r=g","contentUrl":"https:\/\/secure.gravatar.com\/avatar\/e0a867bdedb85fd243eadf09663511f96fc81e0720a4a42581f334ad4303aa6b?s=96&d=mm&r=g","caption":"Reda\u00e7\u00e3o"}}]}},"amp_enabled":true,"_links":{"self":[{"href":"https:\/\/www.notibras.com\/site\/wp-json\/wp\/v2\/posts\/290611","targetHints":{"allow":["GET"]}}],"collection":[{"href":"https:\/\/www.notibras.com\/site\/wp-json\/wp\/v2\/posts"}],"about":[{"href":"https:\/\/www.notibras.com\/site\/wp-json\/wp\/v2\/types\/post"}],"author":[{"embeddable":true,"href":"https:\/\/www.notibras.com\/site\/wp-json\/wp\/v2\/users\/2"}],"replies":[{"embeddable":true,"href":"https:\/\/www.notibras.com\/site\/wp-json\/wp\/v2\/comments?post=290611"}],"version-history":[{"count":1,"href":"https:\/\/www.notibras.com\/site\/wp-json\/wp\/v2\/posts\/290611\/revisions"}],"predecessor-version":[{"id":290613,"href":"https:\/\/www.notibras.com\/site\/wp-json\/wp\/v2\/posts\/290611\/revisions\/290613"}],"wp:featuredmedia":[{"embeddable":true,"href":"https:\/\/www.notibras.com\/site\/wp-json\/wp\/v2\/media\/290612"}],"wp:attachment":[{"href":"https:\/\/www.notibras.com\/site\/wp-json\/wp\/v2\/media?parent=290611"}],"wp:term":[{"taxonomy":"category","embeddable":true,"href":"https:\/\/www.notibras.com\/site\/wp-json\/wp\/v2\/categories?post=290611"},{"taxonomy":"post_tag","embeddable":true,"href":"https:\/\/www.notibras.com\/site\/wp-json\/wp\/v2\/tags?post=290611"}],"curies":[{"name":"wp","href":"https:\/\/api.w.org\/{rel}","templated":true}]}}