{"id":290638,"date":"2022-08-21T00:27:43","date_gmt":"2022-08-21T03:27:43","guid":{"rendered":"https:\/\/www.notibras.com\/site\/?p=290638"},"modified":"2022-08-21T07:36:21","modified_gmt":"2022-08-21T10:36:21","slug":"base-naval-russa-e-tacada-por-misseis-ucranianos","status":"publish","type":"post","link":"https:\/\/www.notibras.com\/site\/base-naval-russa-e-tacada-por-misseis-ucranianos\/","title":{"rendered":"Base naval russa \u00e9 atacada por m\u00edsseis ucranianos"},"content":{"rendered":"<p>Um drone atingiu neste s\u00e1bado, 20, a sede da frota naval russa no Mar Negro, na cidade de Sevastopol. O ataque ucraniano ao cora\u00e7\u00e3o do poder mar\u00edtimo russo na Crimeia, pen\u00ednsula anexada pelo Kremlin em 2014, \u00e9 mais um desdobramento da contraofensiva das tropas de Kiev. Na sexta-feira, houve disparos no leste, atr\u00e1s das linhas russas no front.<\/p>\n<p>Autoridades russas n\u00e3o divulgaram a extens\u00e3o do dano provocado pelo drone, mas imagens divulgadas nas redes sociais mostraram o local atingido envolto em fuma\u00e7a. N\u00e3o se sabe se o drone foi abatido ou a atingiu diretamente o edif\u00edcio. Moradores da regi\u00e3o foram orientados a ficar em casa.<\/p>\n<p>Por meio de nota, o governo ucraniano declarou que coordena uma opera\u00e7\u00e3o contra alvos russos na pen\u00ednsula, que, nos \u00faltimos oito anos tem sido cada vez mais militarizada.<\/p>\n<p>A recente campanha de ataques da Ucr\u00e2nia atr\u00e1s das linhas russas tem levado os habitantes da Crimeia nos \u00faltimos dias a uma crescente sensa\u00e7\u00e3o de inseguran\u00e7a. O primeiro deles ocorreu em 9 de agosto, num bombardeio \u00e0 base a\u00e9rea de Saki em que oito ca\u00e7as foram destru\u00eddos.<\/p>\n<p>Para Paula J. Dobriansky, uma ex-diplomata americana especializada em assuntos militares, ao amea\u00e7ar as linhas de suprimentos russas e enfatizar o controle t\u00eanue de Moscou sobre a Crimeia, os ataques tiveram import\u00e2ncia log\u00edstica e simb\u00f3lica.<\/p>\n<p>\u201cOs ataques tamb\u00e9m podem representar uma estrat\u00e9gia para n\u00e3o apenas interromper a log\u00edstica e as linhas de suprimentos russas, mas tamb\u00e9m colocar a guerra de volta na agenda pol\u00edtica dom\u00e9stica russa\u201d, disse Christopher Miller, professor associado de hist\u00f3ria internacional da Universidade Tufts.<\/p>\n<p>Em um reflexo dos desafios que Moscou enfrenta, a m\u00eddia estatal russa informou que o Kremlin substituiu o comandante da Frota do Mar Negro ap\u00f3s uma s\u00e9rie de contratempos, incluindo a perda de seu navio principal, o Moskva, em abril.<\/p>\n<p>Mas mesmo enquanto a R\u00fassia enfrenta ataques longe da linha de frente, suas for\u00e7as continuam tendo a vantagem militar e lan\u00e7ando ataques em toda a Ucr\u00e2nia. Alarmes de ataque a\u00e9reo soaram em toda a Ucr\u00e2nia, e m\u00edsseis ca\u00edram sobre a cidade portu\u00e1ria de Mykolaiv, um alvo frequente de ataques russos, no sul, ferindo 12 pessoas. Os m\u00edsseis foram disparados do sistema russo de m\u00edsseis terra-ar de longo alcance S-300.<\/p>\n<p>Voznesensk, com cerca de 30 mil habitantes, fica a aproximadamente 20 quil\u00f4metros da usina nuclear de Pivdennoukrainsk, a segunda mais poderosa da Ucr\u00e2nia, que possui um total de quatro usinas at\u00f4micas. O bombardeio atingiu um pr\u00e9dio residencial e v\u00e1rias casas, especificou o servi\u00e7o estatal para situa\u00e7\u00f5es de emerg\u00eancia no Facebook.<\/p>\n<p>A regi\u00e3o de Mykolaiv, que sofre regularmente com violentos bombardeios russos, faz fronteira com Kherson, quase inteiramente ocupada por tropas de Moscou desde o in\u00edcio da invas\u00e3o russa da Ucr\u00e2nia em 24 de fevereiro.<\/p>\n<p>O Ex\u00e9rcito ucraniano, por sua vez, indicou no Telegram que derrubou quatro m\u00edsseis de cruzeiro russos do tipo Kalibr perto da cidade de Dnipro. Em Melitopol ocupada pelos russos, o prefeito exilado Ivan Fedorov relatou no Telegram que os ucranianos haviam bombardeado uma base militar russa.<\/p>\n","protected":false},"excerpt":{"rendered":"<p>Um drone atingiu neste s\u00e1bado, 20, a sede da frota naval russa no Mar Negro, na cidade de Sevastopol. O ataque ucraniano ao cora\u00e7\u00e3o do poder mar\u00edtimo russo na Crimeia, pen\u00ednsula anexada pelo Kremlin em 2014, \u00e9 mais um desdobramento da contraofensiva das tropas de Kiev. Na sexta-feira, houve disparos no leste, atr\u00e1s das linhas [&hellip;]<\/p>\n","protected":false},"author":2,"featured_media":290640,"comment_status":"closed","ping_status":"closed","sticky":false,"template":"","format":"standard","meta":{"_acf_changed":false,"footnotes":""},"categories":[159],"tags":[],"class_list":["post-290638","post","type-post","status-publish","format-standard","has-post-thumbnail","hentry","category-apocalipse"],"acf":[],"yoast_head":"<!-- This site is optimized with the Yoast SEO plugin v27.2 - https:\/\/yoast.com\/product\/yoast-seo-wordpress\/ -->\n<title>Base naval russa \u00e9 atacada por m\u00edsseis ucranianos - Notibras<\/title>\n<meta name=\"robots\" content=\"index, follow, max-snippet:-1, max-image-preview:large, max-video-preview:-1\" \/>\n<link rel=\"canonical\" href=\"https:\/\/www.notibras.com\/site\/base-naval-russa-e-tacada-por-misseis-ucranianos\/\" \/>\n<meta property=\"og:locale\" content=\"pt_BR\" \/>\n<meta property=\"og:type\" content=\"article\" \/>\n<meta property=\"og:title\" content=\"Base naval russa \u00e9 atacada por m\u00edsseis ucranianos - Notibras\" \/>\n<meta property=\"og:description\" content=\"Um drone atingiu neste s\u00e1bado, 20, a sede da frota naval russa no Mar Negro, na cidade de Sevastopol. O ataque ucraniano ao cora\u00e7\u00e3o do poder mar\u00edtimo russo na Crimeia, pen\u00ednsula anexada pelo Kremlin em 2014, \u00e9 mais um desdobramento da contraofensiva das tropas de Kiev. Na sexta-feira, houve disparos no leste, atr\u00e1s das linhas [&hellip;]\" \/>\n<meta property=\"og:url\" content=\"https:\/\/www.notibras.com\/site\/base-naval-russa-e-tacada-por-misseis-ucranianos\/\" \/>\n<meta property=\"og:site_name\" content=\"Notibras\" \/>\n<meta property=\"article:publisher\" content=\"https:\/\/www.facebook.com\/notibras\/\" \/>\n<meta property=\"article:published_time\" content=\"2022-08-21T03:27:43+00:00\" \/>\n<meta property=\"article:modified_time\" content=\"2022-08-21T10:36:21+00:00\" \/>\n<meta property=\"og:image\" content=\"https:\/\/www.notibras.com\/site\/wp-content\/uploads\/2022\/08\/PPI4NZ7ZXFARVIQF7PNCMXOAJQ.jpg\" \/>\n\t<meta property=\"og:image:width\" content=\"936\" \/>\n\t<meta property=\"og:image:height\" content=\"623\" \/>\n\t<meta property=\"og:image:type\" content=\"image\/jpeg\" \/>\n<meta name=\"author\" content=\"Reda\u00e7\u00e3o\" \/>\n<meta name=\"twitter:card\" content=\"summary_large_image\" \/>\n<meta name=\"twitter:creator\" content=\"@Notibras\" \/>\n<meta name=\"twitter:site\" content=\"@Notibras\" \/>\n<meta name=\"twitter:label1\" content=\"Escrito por\" \/>\n\t<meta name=\"twitter:data1\" content=\"Reda\u00e7\u00e3o\" \/>\n\t<meta name=\"twitter:label2\" content=\"Est. tempo de leitura\" \/>\n\t<meta name=\"twitter:data2\" content=\"3 minutos\" \/>\n<script type=\"application\/ld+json\" class=\"yoast-schema-graph\">{\"@context\":\"https:\/\/schema.org\",\"@graph\":[{\"@type\":\"Article\",\"@id\":\"https:\/\/www.notibras.com\/site\/base-naval-russa-e-tacada-por-misseis-ucranianos\/#article\",\"isPartOf\":{\"@id\":\"https:\/\/www.notibras.com\/site\/base-naval-russa-e-tacada-por-misseis-ucranianos\/\"},\"author\":{\"name\":\"Reda\u00e7\u00e3o\",\"@id\":\"https:\/\/www.notibras.com\/site\/#\/schema\/person\/36ab0979449956132d3e5b517ea76ac8\"},\"headline\":\"Base naval russa \u00e9 atacada por m\u00edsseis ucranianos\",\"datePublished\":\"2022-08-21T03:27:43+00:00\",\"dateModified\":\"2022-08-21T10:36:21+00:00\",\"mainEntityOfPage\":{\"@id\":\"https:\/\/www.notibras.com\/site\/base-naval-russa-e-tacada-por-misseis-ucranianos\/\"},\"wordCount\":556,\"publisher\":{\"@id\":\"https:\/\/www.notibras.com\/site\/#organization\"},\"image\":{\"@id\":\"https:\/\/www.notibras.com\/site\/base-naval-russa-e-tacada-por-misseis-ucranianos\/#primaryimage\"},\"thumbnailUrl\":\"https:\/\/www.notibras.com\/site\/wp-content\/uploads\/2022\/08\/PPI4NZ7ZXFARVIQF7PNCMXOAJQ.jpg\",\"articleSection\":[\"Apocalipse\"],\"inLanguage\":\"pt-BR\"},{\"@type\":\"WebPage\",\"@id\":\"https:\/\/www.notibras.com\/site\/base-naval-russa-e-tacada-por-misseis-ucranianos\/\",\"url\":\"https:\/\/www.notibras.com\/site\/base-naval-russa-e-tacada-por-misseis-ucranianos\/\",\"name\":\"Base naval russa \u00e9 atacada por m\u00edsseis ucranianos - Notibras\",\"isPartOf\":{\"@id\":\"https:\/\/www.notibras.com\/site\/#website\"},\"primaryImageOfPage\":{\"@id\":\"https:\/\/www.notibras.com\/site\/base-naval-russa-e-tacada-por-misseis-ucranianos\/#primaryimage\"},\"image\":{\"@id\":\"https:\/\/www.notibras.com\/site\/base-naval-russa-e-tacada-por-misseis-ucranianos\/#primaryimage\"},\"thumbnailUrl\":\"https:\/\/www.notibras.com\/site\/wp-content\/uploads\/2022\/08\/PPI4NZ7ZXFARVIQF7PNCMXOAJQ.jpg\",\"datePublished\":\"2022-08-21T03:27:43+00:00\",\"dateModified\":\"2022-08-21T10:36:21+00:00\",\"breadcrumb\":{\"@id\":\"https:\/\/www.notibras.com\/site\/base-naval-russa-e-tacada-por-misseis-ucranianos\/#breadcrumb\"},\"inLanguage\":\"pt-BR\",\"potentialAction\":[{\"@type\":\"ReadAction\",\"target\":[\"https:\/\/www.notibras.com\/site\/base-naval-russa-e-tacada-por-misseis-ucranianos\/\"]}]},{\"@type\":\"ImageObject\",\"inLanguage\":\"pt-BR\",\"@id\":\"https:\/\/www.notibras.com\/site\/base-naval-russa-e-tacada-por-misseis-ucranianos\/#primaryimage\",\"url\":\"https:\/\/www.notibras.com\/site\/wp-content\/uploads\/2022\/08\/PPI4NZ7ZXFARVIQF7PNCMXOAJQ.jpg\",\"contentUrl\":\"https:\/\/www.notibras.com\/site\/wp-content\/uploads\/2022\/08\/PPI4NZ7ZXFARVIQF7PNCMXOAJQ.jpg\",\"width\":936,\"height\":623},{\"@type\":\"BreadcrumbList\",\"@id\":\"https:\/\/www.notibras.com\/site\/base-naval-russa-e-tacada-por-misseis-ucranianos\/#breadcrumb\",\"itemListElement\":[{\"@type\":\"ListItem\",\"position\":1,\"name\":\"In\u00edcio\",\"item\":\"https:\/\/www.notibras.com\/site\/\"},{\"@type\":\"ListItem\",\"position\":2,\"name\":\"Base naval russa \u00e9 atacada por m\u00edsseis ucranianos\"}]},{\"@type\":\"WebSite\",\"@id\":\"https:\/\/www.notibras.com\/site\/#website\",\"url\":\"https:\/\/www.notibras.com\/site\/\",\"name\":\"Notibras\",\"description\":\"Not\u00edcias de Bras\u00edlia, do Brasil e do Mundo\",\"publisher\":{\"@id\":\"https:\/\/www.notibras.com\/site\/#organization\"},\"potentialAction\":[{\"@type\":\"SearchAction\",\"target\":{\"@type\":\"EntryPoint\",\"urlTemplate\":\"https:\/\/www.notibras.com\/site\/?s={search_term_string}\"},\"query-input\":{\"@type\":\"PropertyValueSpecification\",\"valueRequired\":true,\"valueName\":\"search_term_string\"}}],\"inLanguage\":\"pt-BR\"},{\"@type\":\"Organization\",\"@id\":\"https:\/\/www.notibras.com\/site\/#organization\",\"name\":\"Grupo Notibras de Comunica\u00e7\u00e3o\",\"url\":\"https:\/\/www.notibras.com\/site\/\",\"logo\":{\"@type\":\"ImageObject\",\"inLanguage\":\"pt-BR\",\"@id\":\"https:\/\/www.notibras.com\/site\/#\/schema\/logo\/image\/\",\"url\":\"https:\/\/www.notibras.com\/site\/wp-content\/uploads\/2023\/01\/notibras23.png\",\"contentUrl\":\"https:\/\/www.notibras.com\/site\/wp-content\/uploads\/2023\/01\/notibras23.png\",\"width\":350,\"height\":87,\"caption\":\"Grupo Notibras de Comunica\u00e7\u00e3o\"},\"image\":{\"@id\":\"https:\/\/www.notibras.com\/site\/#\/schema\/logo\/image\/\"},\"sameAs\":[\"https:\/\/www.facebook.com\/notibras\/\",\"https:\/\/x.com\/Notibras\",\"https:\/\/www.instagram.com\/notibras\/\"]},{\"@type\":\"Person\",\"@id\":\"https:\/\/www.notibras.com\/site\/#\/schema\/person\/36ab0979449956132d3e5b517ea76ac8\",\"name\":\"Reda\u00e7\u00e3o\",\"image\":{\"@type\":\"ImageObject\",\"inLanguage\":\"pt-BR\",\"@id\":\"https:\/\/secure.gravatar.com\/avatar\/e0a867bdedb85fd243eadf09663511f96fc81e0720a4a42581f334ad4303aa6b?s=96&d=mm&r=g\",\"url\":\"https:\/\/secure.gravatar.com\/avatar\/e0a867bdedb85fd243eadf09663511f96fc81e0720a4a42581f334ad4303aa6b?s=96&d=mm&r=g\",\"contentUrl\":\"https:\/\/secure.gravatar.com\/avatar\/e0a867bdedb85fd243eadf09663511f96fc81e0720a4a42581f334ad4303aa6b?s=96&d=mm&r=g\",\"caption\":\"Reda\u00e7\u00e3o\"}}]}<\/script>\n<!-- \/ Yoast SEO plugin. -->","yoast_head_json":{"title":"Base naval russa \u00e9 atacada por m\u00edsseis ucranianos - Notibras","robots":{"index":"index","follow":"follow","max-snippet":"max-snippet:-1","max-image-preview":"max-image-preview:large","max-video-preview":"max-video-preview:-1"},"canonical":"https:\/\/www.notibras.com\/site\/base-naval-russa-e-tacada-por-misseis-ucranianos\/","og_locale":"pt_BR","og_type":"article","og_title":"Base naval russa \u00e9 atacada por m\u00edsseis ucranianos - Notibras","og_description":"Um drone atingiu neste s\u00e1bado, 20, a sede da frota naval russa no Mar Negro, na cidade de Sevastopol. O ataque ucraniano ao cora\u00e7\u00e3o do poder mar\u00edtimo russo na Crimeia, pen\u00ednsula anexada pelo Kremlin em 2014, \u00e9 mais um desdobramento da contraofensiva das tropas de Kiev. Na sexta-feira, houve disparos no leste, atr\u00e1s das linhas [&hellip;]","og_url":"https:\/\/www.notibras.com\/site\/base-naval-russa-e-tacada-por-misseis-ucranianos\/","og_site_name":"Notibras","article_publisher":"https:\/\/www.facebook.com\/notibras\/","article_published_time":"2022-08-21T03:27:43+00:00","article_modified_time":"2022-08-21T10:36:21+00:00","og_image":[{"width":936,"height":623,"url":"https:\/\/www.notibras.com\/site\/wp-content\/uploads\/2022\/08\/PPI4NZ7ZXFARVIQF7PNCMXOAJQ.jpg","type":"image\/jpeg"}],"author":"Reda\u00e7\u00e3o","twitter_card":"summary_large_image","twitter_creator":"@Notibras","twitter_site":"@Notibras","twitter_misc":{"Escrito por":"Reda\u00e7\u00e3o","Est. tempo de leitura":"3 minutos"},"schema":{"@context":"https:\/\/schema.org","@graph":[{"@type":"Article","@id":"https:\/\/www.notibras.com\/site\/base-naval-russa-e-tacada-por-misseis-ucranianos\/#article","isPartOf":{"@id":"https:\/\/www.notibras.com\/site\/base-naval-russa-e-tacada-por-misseis-ucranianos\/"},"author":{"name":"Reda\u00e7\u00e3o","@id":"https:\/\/www.notibras.com\/site\/#\/schema\/person\/36ab0979449956132d3e5b517ea76ac8"},"headline":"Base naval russa \u00e9 atacada por m\u00edsseis ucranianos","datePublished":"2022-08-21T03:27:43+00:00","dateModified":"2022-08-21T10:36:21+00:00","mainEntityOfPage":{"@id":"https:\/\/www.notibras.com\/site\/base-naval-russa-e-tacada-por-misseis-ucranianos\/"},"wordCount":556,"publisher":{"@id":"https:\/\/www.notibras.com\/site\/#organization"},"image":{"@id":"https:\/\/www.notibras.com\/site\/base-naval-russa-e-tacada-por-misseis-ucranianos\/#primaryimage"},"thumbnailUrl":"https:\/\/www.notibras.com\/site\/wp-content\/uploads\/2022\/08\/PPI4NZ7ZXFARVIQF7PNCMXOAJQ.jpg","articleSection":["Apocalipse"],"inLanguage":"pt-BR"},{"@type":"WebPage","@id":"https:\/\/www.notibras.com\/site\/base-naval-russa-e-tacada-por-misseis-ucranianos\/","url":"https:\/\/www.notibras.com\/site\/base-naval-russa-e-tacada-por-misseis-ucranianos\/","name":"Base naval russa \u00e9 atacada por m\u00edsseis ucranianos - Notibras","isPartOf":{"@id":"https:\/\/www.notibras.com\/site\/#website"},"primaryImageOfPage":{"@id":"https:\/\/www.notibras.com\/site\/base-naval-russa-e-tacada-por-misseis-ucranianos\/#primaryimage"},"image":{"@id":"https:\/\/www.notibras.com\/site\/base-naval-russa-e-tacada-por-misseis-ucranianos\/#primaryimage"},"thumbnailUrl":"https:\/\/www.notibras.com\/site\/wp-content\/uploads\/2022\/08\/PPI4NZ7ZXFARVIQF7PNCMXOAJQ.jpg","datePublished":"2022-08-21T03:27:43+00:00","dateModified":"2022-08-21T10:36:21+00:00","breadcrumb":{"@id":"https:\/\/www.notibras.com\/site\/base-naval-russa-e-tacada-por-misseis-ucranianos\/#breadcrumb"},"inLanguage":"pt-BR","potentialAction":[{"@type":"ReadAction","target":["https:\/\/www.notibras.com\/site\/base-naval-russa-e-tacada-por-misseis-ucranianos\/"]}]},{"@type":"ImageObject","inLanguage":"pt-BR","@id":"https:\/\/www.notibras.com\/site\/base-naval-russa-e-tacada-por-misseis-ucranianos\/#primaryimage","url":"https:\/\/www.notibras.com\/site\/wp-content\/uploads\/2022\/08\/PPI4NZ7ZXFARVIQF7PNCMXOAJQ.jpg","contentUrl":"https:\/\/www.notibras.com\/site\/wp-content\/uploads\/2022\/08\/PPI4NZ7ZXFARVIQF7PNCMXOAJQ.jpg","width":936,"height":623},{"@type":"BreadcrumbList","@id":"https:\/\/www.notibras.com\/site\/base-naval-russa-e-tacada-por-misseis-ucranianos\/#breadcrumb","itemListElement":[{"@type":"ListItem","position":1,"name":"In\u00edcio","item":"https:\/\/www.notibras.com\/site\/"},{"@type":"ListItem","position":2,"name":"Base naval russa \u00e9 atacada por m\u00edsseis ucranianos"}]},{"@type":"WebSite","@id":"https:\/\/www.notibras.com\/site\/#website","url":"https:\/\/www.notibras.com\/site\/","name":"Notibras","description":"Not\u00edcias de Bras\u00edlia, do Brasil e do Mundo","publisher":{"@id":"https:\/\/www.notibras.com\/site\/#organization"},"potentialAction":[{"@type":"SearchAction","target":{"@type":"EntryPoint","urlTemplate":"https:\/\/www.notibras.com\/site\/?s={search_term_string}"},"query-input":{"@type":"PropertyValueSpecification","valueRequired":true,"valueName":"search_term_string"}}],"inLanguage":"pt-BR"},{"@type":"Organization","@id":"https:\/\/www.notibras.com\/site\/#organization","name":"Grupo Notibras de Comunica\u00e7\u00e3o","url":"https:\/\/www.notibras.com\/site\/","logo":{"@type":"ImageObject","inLanguage":"pt-BR","@id":"https:\/\/www.notibras.com\/site\/#\/schema\/logo\/image\/","url":"https:\/\/www.notibras.com\/site\/wp-content\/uploads\/2023\/01\/notibras23.png","contentUrl":"https:\/\/www.notibras.com\/site\/wp-content\/uploads\/2023\/01\/notibras23.png","width":350,"height":87,"caption":"Grupo Notibras de Comunica\u00e7\u00e3o"},"image":{"@id":"https:\/\/www.notibras.com\/site\/#\/schema\/logo\/image\/"},"sameAs":["https:\/\/www.facebook.com\/notibras\/","https:\/\/x.com\/Notibras","https:\/\/www.instagram.com\/notibras\/"]},{"@type":"Person","@id":"https:\/\/www.notibras.com\/site\/#\/schema\/person\/36ab0979449956132d3e5b517ea76ac8","name":"Reda\u00e7\u00e3o","image":{"@type":"ImageObject","inLanguage":"pt-BR","@id":"https:\/\/secure.gravatar.com\/avatar\/e0a867bdedb85fd243eadf09663511f96fc81e0720a4a42581f334ad4303aa6b?s=96&d=mm&r=g","url":"https:\/\/secure.gravatar.com\/avatar\/e0a867bdedb85fd243eadf09663511f96fc81e0720a4a42581f334ad4303aa6b?s=96&d=mm&r=g","contentUrl":"https:\/\/secure.gravatar.com\/avatar\/e0a867bdedb85fd243eadf09663511f96fc81e0720a4a42581f334ad4303aa6b?s=96&d=mm&r=g","caption":"Reda\u00e7\u00e3o"}}]}},"amp_enabled":true,"_links":{"self":[{"href":"https:\/\/www.notibras.com\/site\/wp-json\/wp\/v2\/posts\/290638","targetHints":{"allow":["GET"]}}],"collection":[{"href":"https:\/\/www.notibras.com\/site\/wp-json\/wp\/v2\/posts"}],"about":[{"href":"https:\/\/www.notibras.com\/site\/wp-json\/wp\/v2\/types\/post"}],"author":[{"embeddable":true,"href":"https:\/\/www.notibras.com\/site\/wp-json\/wp\/v2\/users\/2"}],"replies":[{"embeddable":true,"href":"https:\/\/www.notibras.com\/site\/wp-json\/wp\/v2\/comments?post=290638"}],"version-history":[{"count":2,"href":"https:\/\/www.notibras.com\/site\/wp-json\/wp\/v2\/posts\/290638\/revisions"}],"predecessor-version":[{"id":290642,"href":"https:\/\/www.notibras.com\/site\/wp-json\/wp\/v2\/posts\/290638\/revisions\/290642"}],"wp:featuredmedia":[{"embeddable":true,"href":"https:\/\/www.notibras.com\/site\/wp-json\/wp\/v2\/media\/290640"}],"wp:attachment":[{"href":"https:\/\/www.notibras.com\/site\/wp-json\/wp\/v2\/media?parent=290638"}],"wp:term":[{"taxonomy":"category","embeddable":true,"href":"https:\/\/www.notibras.com\/site\/wp-json\/wp\/v2\/categories?post=290638"},{"taxonomy":"post_tag","embeddable":true,"href":"https:\/\/www.notibras.com\/site\/wp-json\/wp\/v2\/tags?post=290638"}],"curies":[{"name":"wp","href":"https:\/\/api.w.org\/{rel}","templated":true}]}}