{"id":29067,"date":"2014-11-21T13:20:21","date_gmt":"2014-11-21T16:20:21","guid":{"rendered":"http:\/\/www.notibras.com\/site\/?p=29067"},"modified":"2014-11-21T13:20:21","modified_gmt":"2014-11-21T16:20:21","slug":"hamilton-lidera-treino-mais-uma-vez-comandado-pelas-mercedes","status":"publish","type":"post","link":"https:\/\/www.notibras.com\/site\/hamilton-lidera-treino-mais-uma-vez-comandado-pelas-mercedes\/","title":{"rendered":"Hamilton lidera treino mais uma vez comandado pelas Mercedes"},"content":{"rendered":"<p>Os treinos livres do Grande Pr\u00eamio de Abu Dhabi j\u00e1 deixaram pelo menos duas certezas: a Mercedes est\u00e1 com uma diferen\u00e7a ainda maior para as outras equipes; e a diferen\u00e7a entre Lewis Hamilton e Nico Rosberg est\u00e1 muito pequena, o que esquenta a disputa dos dois pelo t\u00edtulo. Mas o ingl\u00eas \u00e9 favorito e liderou o treino livre desta tarde.<\/p>\n<p>O treino aconteceu no anoitecer de Abu Dhabi, como ser\u00e1 na corrida deste domingo. Portanto, era uma atividade importante para testar os carros em ritmo de corrida. Rosberg at\u00e9 ficou na frente de Hamilton no in\u00edcio, mas logo foi superado por 0s083. No final do treino os carros correram com combust\u00edvel cheio, j\u00e1 testando os desgastes dos pneus.<\/p>\n<blockquote><p>Aconteceram apenas dois momentos inesperados no treino: primeiro Alonso sofreu com um problema no motor, apesar de ter ficado em 3\u00ba lugar no primeiro treino livre; e Kevin Magnussen surpreendeu com a posi\u00e7\u00e3o final, em 3\u00ba lugar, provando que a McLaren pode ter bom desempenho na corrida, pois seu outro piloto, Jenson Button, terminou em oitavo.<\/p><\/blockquote>\n<p>J\u00e1 o brasileiro Felipe Massa fez outro treino bastante discreto. No primeiro tinha ficado em 13\u00ba. Desta vez terminou em 10\u00ba. Em ambos casos ficou atr\u00e1s do seu companheiros Valtteri Bottas.<\/p>\n<p>&nbsp;<\/p>\n","protected":false},"excerpt":{"rendered":"<p>Os treinos livres do Grande Pr\u00eamio de Abu Dhabi j\u00e1 deixaram pelo menos duas certezas: a Mercedes est\u00e1 com uma diferen\u00e7a ainda maior para as outras equipes; e a diferen\u00e7a entre Lewis Hamilton e Nico Rosberg est\u00e1 muito pequena, o que esquenta a disputa dos dois pelo t\u00edtulo. Mas o ingl\u00eas \u00e9 favorito e liderou [&hellip;]<\/p>\n","protected":false},"author":2,"featured_media":29068,"comment_status":"open","ping_status":"closed","sticky":false,"template":"","format":"standard","meta":{"_acf_changed":false,"footnotes":""},"categories":[27,19],"tags":[],"class_list":["post-29067","post","type-post","status-publish","format-standard","has-post-thumbnail","hentry","category-automobilismo","category-esportes"],"acf":[],"yoast_head":"<!-- This site is optimized with the Yoast SEO plugin v27.2 - https:\/\/yoast.com\/product\/yoast-seo-wordpress\/ -->\n<title>Hamilton lidera treino mais uma vez comandado pelas Mercedes - Notibras<\/title>\n<meta name=\"robots\" content=\"index, follow, max-snippet:-1, max-image-preview:large, max-video-preview:-1\" \/>\n<link rel=\"canonical\" href=\"https:\/\/www.notibras.com\/site\/hamilton-lidera-treino-mais-uma-vez-comandado-pelas-mercedes\/\" \/>\n<meta property=\"og:locale\" content=\"pt_BR\" \/>\n<meta property=\"og:type\" content=\"article\" \/>\n<meta property=\"og:title\" content=\"Hamilton lidera treino mais uma vez comandado pelas Mercedes - Notibras\" \/>\n<meta property=\"og:description\" content=\"Os treinos livres do Grande Pr\u00eamio de Abu Dhabi j\u00e1 deixaram pelo menos duas certezas: a Mercedes est\u00e1 com uma diferen\u00e7a ainda maior para as outras equipes; e a diferen\u00e7a entre Lewis Hamilton e Nico Rosberg est\u00e1 muito pequena, o que esquenta a disputa dos dois pelo t\u00edtulo. Mas o ingl\u00eas \u00e9 favorito e liderou [&hellip;]\" \/>\n<meta property=\"og:url\" content=\"https:\/\/www.notibras.com\/site\/hamilton-lidera-treino-mais-uma-vez-comandado-pelas-mercedes\/\" \/>\n<meta property=\"og:site_name\" content=\"Notibras\" \/>\n<meta property=\"article:publisher\" content=\"https:\/\/www.facebook.com\/notibras\/\" \/>\n<meta property=\"article:published_time\" content=\"2014-11-21T16:20:21+00:00\" \/>\n<meta property=\"og:image\" content=\"https:\/\/www.notibras.com\/site\/wp-content\/uploads\/2014\/11\/hamilton-clive-mason-getty.jpg\" \/>\n\t<meta property=\"og:image:width\" content=\"460\" \/>\n\t<meta property=\"og:image:height\" content=\"340\" \/>\n\t<meta property=\"og:image:type\" content=\"image\/jpeg\" \/>\n<meta name=\"author\" content=\"Reda\u00e7\u00e3o\" \/>\n<meta name=\"twitter:card\" content=\"summary_large_image\" \/>\n<meta name=\"twitter:creator\" content=\"@Notibras\" \/>\n<meta name=\"twitter:site\" content=\"@Notibras\" \/>\n<meta name=\"twitter:label1\" content=\"Escrito por\" \/>\n\t<meta name=\"twitter:data1\" content=\"Reda\u00e7\u00e3o\" \/>\n\t<meta name=\"twitter:label2\" content=\"Est. tempo de leitura\" \/>\n\t<meta name=\"twitter:data2\" content=\"1 minuto\" \/>\n<script type=\"application\/ld+json\" class=\"yoast-schema-graph\">{\"@context\":\"https:\/\/schema.org\",\"@graph\":[{\"@type\":\"Article\",\"@id\":\"https:\/\/www.notibras.com\/site\/hamilton-lidera-treino-mais-uma-vez-comandado-pelas-mercedes\/#article\",\"isPartOf\":{\"@id\":\"https:\/\/www.notibras.com\/site\/hamilton-lidera-treino-mais-uma-vez-comandado-pelas-mercedes\/\"},\"author\":{\"name\":\"Reda\u00e7\u00e3o\",\"@id\":\"https:\/\/www.notibras.com\/site\/#\/schema\/person\/36ab0979449956132d3e5b517ea76ac8\"},\"headline\":\"Hamilton lidera treino mais uma vez comandado pelas Mercedes\",\"datePublished\":\"2014-11-21T16:20:21+00:00\",\"mainEntityOfPage\":{\"@id\":\"https:\/\/www.notibras.com\/site\/hamilton-lidera-treino-mais-uma-vez-comandado-pelas-mercedes\/\"},\"wordCount\":219,\"commentCount\":0,\"publisher\":{\"@id\":\"https:\/\/www.notibras.com\/site\/#organization\"},\"image\":{\"@id\":\"https:\/\/www.notibras.com\/site\/hamilton-lidera-treino-mais-uma-vez-comandado-pelas-mercedes\/#primaryimage\"},\"thumbnailUrl\":\"https:\/\/www.notibras.com\/site\/wp-content\/uploads\/2014\/11\/hamilton-clive-mason-getty.jpg\",\"articleSection\":[\"Automobilismo\",\"Esportes\"],\"inLanguage\":\"pt-BR\",\"potentialAction\":[{\"@type\":\"CommentAction\",\"name\":\"Comment\",\"target\":[\"https:\/\/www.notibras.com\/site\/hamilton-lidera-treino-mais-uma-vez-comandado-pelas-mercedes\/#respond\"]}]},{\"@type\":\"WebPage\",\"@id\":\"https:\/\/www.notibras.com\/site\/hamilton-lidera-treino-mais-uma-vez-comandado-pelas-mercedes\/\",\"url\":\"https:\/\/www.notibras.com\/site\/hamilton-lidera-treino-mais-uma-vez-comandado-pelas-mercedes\/\",\"name\":\"Hamilton lidera treino mais uma vez comandado pelas Mercedes - Notibras\",\"isPartOf\":{\"@id\":\"https:\/\/www.notibras.com\/site\/#website\"},\"primaryImageOfPage\":{\"@id\":\"https:\/\/www.notibras.com\/site\/hamilton-lidera-treino-mais-uma-vez-comandado-pelas-mercedes\/#primaryimage\"},\"image\":{\"@id\":\"https:\/\/www.notibras.com\/site\/hamilton-lidera-treino-mais-uma-vez-comandado-pelas-mercedes\/#primaryimage\"},\"thumbnailUrl\":\"https:\/\/www.notibras.com\/site\/wp-content\/uploads\/2014\/11\/hamilton-clive-mason-getty.jpg\",\"datePublished\":\"2014-11-21T16:20:21+00:00\",\"breadcrumb\":{\"@id\":\"https:\/\/www.notibras.com\/site\/hamilton-lidera-treino-mais-uma-vez-comandado-pelas-mercedes\/#breadcrumb\"},\"inLanguage\":\"pt-BR\",\"potentialAction\":[{\"@type\":\"ReadAction\",\"target\":[\"https:\/\/www.notibras.com\/site\/hamilton-lidera-treino-mais-uma-vez-comandado-pelas-mercedes\/\"]}]},{\"@type\":\"ImageObject\",\"inLanguage\":\"pt-BR\",\"@id\":\"https:\/\/www.notibras.com\/site\/hamilton-lidera-treino-mais-uma-vez-comandado-pelas-mercedes\/#primaryimage\",\"url\":\"https:\/\/www.notibras.com\/site\/wp-content\/uploads\/2014\/11\/hamilton-clive-mason-getty.jpg\",\"contentUrl\":\"https:\/\/www.notibras.com\/site\/wp-content\/uploads\/2014\/11\/hamilton-clive-mason-getty.jpg\",\"width\":460,\"height\":340},{\"@type\":\"BreadcrumbList\",\"@id\":\"https:\/\/www.notibras.com\/site\/hamilton-lidera-treino-mais-uma-vez-comandado-pelas-mercedes\/#breadcrumb\",\"itemListElement\":[{\"@type\":\"ListItem\",\"position\":1,\"name\":\"In\u00edcio\",\"item\":\"https:\/\/www.notibras.com\/site\/\"},{\"@type\":\"ListItem\",\"position\":2,\"name\":\"Hamilton lidera treino mais uma vez comandado pelas Mercedes\"}]},{\"@type\":\"WebSite\",\"@id\":\"https:\/\/www.notibras.com\/site\/#website\",\"url\":\"https:\/\/www.notibras.com\/site\/\",\"name\":\"Notibras\",\"description\":\"Not\u00edcias de Bras\u00edlia, do Brasil e do Mundo\",\"publisher\":{\"@id\":\"https:\/\/www.notibras.com\/site\/#organization\"},\"potentialAction\":[{\"@type\":\"SearchAction\",\"target\":{\"@type\":\"EntryPoint\",\"urlTemplate\":\"https:\/\/www.notibras.com\/site\/?s={search_term_string}\"},\"query-input\":{\"@type\":\"PropertyValueSpecification\",\"valueRequired\":true,\"valueName\":\"search_term_string\"}}],\"inLanguage\":\"pt-BR\"},{\"@type\":\"Organization\",\"@id\":\"https:\/\/www.notibras.com\/site\/#organization\",\"name\":\"Grupo Notibras de Comunica\u00e7\u00e3o\",\"url\":\"https:\/\/www.notibras.com\/site\/\",\"logo\":{\"@type\":\"ImageObject\",\"inLanguage\":\"pt-BR\",\"@id\":\"https:\/\/www.notibras.com\/site\/#\/schema\/logo\/image\/\",\"url\":\"https:\/\/www.notibras.com\/site\/wp-content\/uploads\/2023\/01\/notibras23.png\",\"contentUrl\":\"https:\/\/www.notibras.com\/site\/wp-content\/uploads\/2023\/01\/notibras23.png\",\"width\":350,\"height\":87,\"caption\":\"Grupo Notibras de Comunica\u00e7\u00e3o\"},\"image\":{\"@id\":\"https:\/\/www.notibras.com\/site\/#\/schema\/logo\/image\/\"},\"sameAs\":[\"https:\/\/www.facebook.com\/notibras\/\",\"https:\/\/x.com\/Notibras\",\"https:\/\/www.instagram.com\/notibras\/\"]},{\"@type\":\"Person\",\"@id\":\"https:\/\/www.notibras.com\/site\/#\/schema\/person\/36ab0979449956132d3e5b517ea76ac8\",\"name\":\"Reda\u00e7\u00e3o\",\"image\":{\"@type\":\"ImageObject\",\"inLanguage\":\"pt-BR\",\"@id\":\"https:\/\/secure.gravatar.com\/avatar\/e0a867bdedb85fd243eadf09663511f96fc81e0720a4a42581f334ad4303aa6b?s=96&d=mm&r=g\",\"url\":\"https:\/\/secure.gravatar.com\/avatar\/e0a867bdedb85fd243eadf09663511f96fc81e0720a4a42581f334ad4303aa6b?s=96&d=mm&r=g\",\"contentUrl\":\"https:\/\/secure.gravatar.com\/avatar\/e0a867bdedb85fd243eadf09663511f96fc81e0720a4a42581f334ad4303aa6b?s=96&d=mm&r=g\",\"caption\":\"Reda\u00e7\u00e3o\"}}]}<\/script>\n<!-- \/ Yoast SEO plugin. -->","yoast_head_json":{"title":"Hamilton lidera treino mais uma vez comandado pelas Mercedes - Notibras","robots":{"index":"index","follow":"follow","max-snippet":"max-snippet:-1","max-image-preview":"max-image-preview:large","max-video-preview":"max-video-preview:-1"},"canonical":"https:\/\/www.notibras.com\/site\/hamilton-lidera-treino-mais-uma-vez-comandado-pelas-mercedes\/","og_locale":"pt_BR","og_type":"article","og_title":"Hamilton lidera treino mais uma vez comandado pelas Mercedes - Notibras","og_description":"Os treinos livres do Grande Pr\u00eamio de Abu Dhabi j\u00e1 deixaram pelo menos duas certezas: a Mercedes est\u00e1 com uma diferen\u00e7a ainda maior para as outras equipes; e a diferen\u00e7a entre Lewis Hamilton e Nico Rosberg est\u00e1 muito pequena, o que esquenta a disputa dos dois pelo t\u00edtulo. Mas o ingl\u00eas \u00e9 favorito e liderou [&hellip;]","og_url":"https:\/\/www.notibras.com\/site\/hamilton-lidera-treino-mais-uma-vez-comandado-pelas-mercedes\/","og_site_name":"Notibras","article_publisher":"https:\/\/www.facebook.com\/notibras\/","article_published_time":"2014-11-21T16:20:21+00:00","og_image":[{"width":460,"height":340,"url":"https:\/\/www.notibras.com\/site\/wp-content\/uploads\/2014\/11\/hamilton-clive-mason-getty.jpg","type":"image\/jpeg"}],"author":"Reda\u00e7\u00e3o","twitter_card":"summary_large_image","twitter_creator":"@Notibras","twitter_site":"@Notibras","twitter_misc":{"Escrito por":"Reda\u00e7\u00e3o","Est. tempo de leitura":"1 minuto"},"schema":{"@context":"https:\/\/schema.org","@graph":[{"@type":"Article","@id":"https:\/\/www.notibras.com\/site\/hamilton-lidera-treino-mais-uma-vez-comandado-pelas-mercedes\/#article","isPartOf":{"@id":"https:\/\/www.notibras.com\/site\/hamilton-lidera-treino-mais-uma-vez-comandado-pelas-mercedes\/"},"author":{"name":"Reda\u00e7\u00e3o","@id":"https:\/\/www.notibras.com\/site\/#\/schema\/person\/36ab0979449956132d3e5b517ea76ac8"},"headline":"Hamilton lidera treino mais uma vez comandado pelas Mercedes","datePublished":"2014-11-21T16:20:21+00:00","mainEntityOfPage":{"@id":"https:\/\/www.notibras.com\/site\/hamilton-lidera-treino-mais-uma-vez-comandado-pelas-mercedes\/"},"wordCount":219,"commentCount":0,"publisher":{"@id":"https:\/\/www.notibras.com\/site\/#organization"},"image":{"@id":"https:\/\/www.notibras.com\/site\/hamilton-lidera-treino-mais-uma-vez-comandado-pelas-mercedes\/#primaryimage"},"thumbnailUrl":"https:\/\/www.notibras.com\/site\/wp-content\/uploads\/2014\/11\/hamilton-clive-mason-getty.jpg","articleSection":["Automobilismo","Esportes"],"inLanguage":"pt-BR","potentialAction":[{"@type":"CommentAction","name":"Comment","target":["https:\/\/www.notibras.com\/site\/hamilton-lidera-treino-mais-uma-vez-comandado-pelas-mercedes\/#respond"]}]},{"@type":"WebPage","@id":"https:\/\/www.notibras.com\/site\/hamilton-lidera-treino-mais-uma-vez-comandado-pelas-mercedes\/","url":"https:\/\/www.notibras.com\/site\/hamilton-lidera-treino-mais-uma-vez-comandado-pelas-mercedes\/","name":"Hamilton lidera treino mais uma vez comandado pelas Mercedes - Notibras","isPartOf":{"@id":"https:\/\/www.notibras.com\/site\/#website"},"primaryImageOfPage":{"@id":"https:\/\/www.notibras.com\/site\/hamilton-lidera-treino-mais-uma-vez-comandado-pelas-mercedes\/#primaryimage"},"image":{"@id":"https:\/\/www.notibras.com\/site\/hamilton-lidera-treino-mais-uma-vez-comandado-pelas-mercedes\/#primaryimage"},"thumbnailUrl":"https:\/\/www.notibras.com\/site\/wp-content\/uploads\/2014\/11\/hamilton-clive-mason-getty.jpg","datePublished":"2014-11-21T16:20:21+00:00","breadcrumb":{"@id":"https:\/\/www.notibras.com\/site\/hamilton-lidera-treino-mais-uma-vez-comandado-pelas-mercedes\/#breadcrumb"},"inLanguage":"pt-BR","potentialAction":[{"@type":"ReadAction","target":["https:\/\/www.notibras.com\/site\/hamilton-lidera-treino-mais-uma-vez-comandado-pelas-mercedes\/"]}]},{"@type":"ImageObject","inLanguage":"pt-BR","@id":"https:\/\/www.notibras.com\/site\/hamilton-lidera-treino-mais-uma-vez-comandado-pelas-mercedes\/#primaryimage","url":"https:\/\/www.notibras.com\/site\/wp-content\/uploads\/2014\/11\/hamilton-clive-mason-getty.jpg","contentUrl":"https:\/\/www.notibras.com\/site\/wp-content\/uploads\/2014\/11\/hamilton-clive-mason-getty.jpg","width":460,"height":340},{"@type":"BreadcrumbList","@id":"https:\/\/www.notibras.com\/site\/hamilton-lidera-treino-mais-uma-vez-comandado-pelas-mercedes\/#breadcrumb","itemListElement":[{"@type":"ListItem","position":1,"name":"In\u00edcio","item":"https:\/\/www.notibras.com\/site\/"},{"@type":"ListItem","position":2,"name":"Hamilton lidera treino mais uma vez comandado pelas Mercedes"}]},{"@type":"WebSite","@id":"https:\/\/www.notibras.com\/site\/#website","url":"https:\/\/www.notibras.com\/site\/","name":"Notibras","description":"Not\u00edcias de Bras\u00edlia, do Brasil e do Mundo","publisher":{"@id":"https:\/\/www.notibras.com\/site\/#organization"},"potentialAction":[{"@type":"SearchAction","target":{"@type":"EntryPoint","urlTemplate":"https:\/\/www.notibras.com\/site\/?s={search_term_string}"},"query-input":{"@type":"PropertyValueSpecification","valueRequired":true,"valueName":"search_term_string"}}],"inLanguage":"pt-BR"},{"@type":"Organization","@id":"https:\/\/www.notibras.com\/site\/#organization","name":"Grupo Notibras de Comunica\u00e7\u00e3o","url":"https:\/\/www.notibras.com\/site\/","logo":{"@type":"ImageObject","inLanguage":"pt-BR","@id":"https:\/\/www.notibras.com\/site\/#\/schema\/logo\/image\/","url":"https:\/\/www.notibras.com\/site\/wp-content\/uploads\/2023\/01\/notibras23.png","contentUrl":"https:\/\/www.notibras.com\/site\/wp-content\/uploads\/2023\/01\/notibras23.png","width":350,"height":87,"caption":"Grupo Notibras de Comunica\u00e7\u00e3o"},"image":{"@id":"https:\/\/www.notibras.com\/site\/#\/schema\/logo\/image\/"},"sameAs":["https:\/\/www.facebook.com\/notibras\/","https:\/\/x.com\/Notibras","https:\/\/www.instagram.com\/notibras\/"]},{"@type":"Person","@id":"https:\/\/www.notibras.com\/site\/#\/schema\/person\/36ab0979449956132d3e5b517ea76ac8","name":"Reda\u00e7\u00e3o","image":{"@type":"ImageObject","inLanguage":"pt-BR","@id":"https:\/\/secure.gravatar.com\/avatar\/e0a867bdedb85fd243eadf09663511f96fc81e0720a4a42581f334ad4303aa6b?s=96&d=mm&r=g","url":"https:\/\/secure.gravatar.com\/avatar\/e0a867bdedb85fd243eadf09663511f96fc81e0720a4a42581f334ad4303aa6b?s=96&d=mm&r=g","contentUrl":"https:\/\/secure.gravatar.com\/avatar\/e0a867bdedb85fd243eadf09663511f96fc81e0720a4a42581f334ad4303aa6b?s=96&d=mm&r=g","caption":"Reda\u00e7\u00e3o"}}]}},"amp_enabled":true,"_links":{"self":[{"href":"https:\/\/www.notibras.com\/site\/wp-json\/wp\/v2\/posts\/29067","targetHints":{"allow":["GET"]}}],"collection":[{"href":"https:\/\/www.notibras.com\/site\/wp-json\/wp\/v2\/posts"}],"about":[{"href":"https:\/\/www.notibras.com\/site\/wp-json\/wp\/v2\/types\/post"}],"author":[{"embeddable":true,"href":"https:\/\/www.notibras.com\/site\/wp-json\/wp\/v2\/users\/2"}],"replies":[{"embeddable":true,"href":"https:\/\/www.notibras.com\/site\/wp-json\/wp\/v2\/comments?post=29067"}],"version-history":[{"count":0,"href":"https:\/\/www.notibras.com\/site\/wp-json\/wp\/v2\/posts\/29067\/revisions"}],"wp:featuredmedia":[{"embeddable":true,"href":"https:\/\/www.notibras.com\/site\/wp-json\/wp\/v2\/media\/29068"}],"wp:attachment":[{"href":"https:\/\/www.notibras.com\/site\/wp-json\/wp\/v2\/media?parent=29067"}],"wp:term":[{"taxonomy":"category","embeddable":true,"href":"https:\/\/www.notibras.com\/site\/wp-json\/wp\/v2\/categories?post=29067"},{"taxonomy":"post_tag","embeddable":true,"href":"https:\/\/www.notibras.com\/site\/wp-json\/wp\/v2\/tags?post=29067"}],"curies":[{"name":"wp","href":"https:\/\/api.w.org\/{rel}","templated":true}]}}