{"id":290742,"date":"2022-08-23T16:31:01","date_gmt":"2022-08-23T19:31:01","guid":{"rendered":"https:\/\/www.notibras.com\/site\/?p=290742"},"modified":"2022-08-23T16:29:50","modified_gmt":"2022-08-23T19:29:50","slug":"novos-passos-na-ucrania-vao-levar-o-mundo-para-a-3a-guerra","status":"publish","type":"post","link":"https:\/\/www.notibras.com\/site\/novos-passos-na-ucrania-vao-levar-o-mundo-para-a-3a-guerra\/","title":{"rendered":"Novos passos na Ucr\u00e2nia v\u00e3o levar o mundo para a 3\u00aa Guerra"},"content":{"rendered":"<p>O fato de a Otan estar intensificando seu apoio de combate aos militares ucranianos tanto na Gr\u00e3-Bretanha como em territ\u00f3rios de outros Estados \u00e9 uma prova clara de que o eixo liderado pelos Estados Unidos est\u00e1 em guerra com a R\u00fassia. J\u00e1 n\u00e3o se trata de uma guerra por procura\u00e7\u00e3o, mas sim de uma guerra multin\u00edvel em grande escala.<\/p>\n<p>\u201cN\u00e3o lutaremos numa guerra contra a R\u00fassia na Ucr\u00e2nia\u201d. Assim disse o presidente Joe Biden em mar\u00e7o deste ano, ao mesmo tempo que se gabava de encher a Ucr\u00e2nia com armas letais a fim de assegurar que o regime de Kiev apoiado pela Otan n\u00e3o fosse derrotado.<\/p>\n<p>O discurso de Biden \u00e0 na\u00e7\u00e3o foi de um tom agourento: \u201cUm confronto direto entre a Otan e a R\u00fassia \u00e9 a Terceira Guerra Mundial, algo que temos de nos esfor\u00e7ar por evitar\u201d.<\/p>\n<p>Dever\u00edamos ter esperado que essa terr\u00edvel e insensata contradi\u00e7\u00e3o mais cedo ou mais tarde se tornasse manifestamente insustent\u00e1vel. Na verdade, o povo americano e o mundo foram enganados por um fantoche belicista na Casa Branca.<\/p>\n<p>Na realidade, parece que a administra\u00e7\u00e3o Biden e os seus parceiros europeus tudo fizeram para que a guerra contra a R\u00fassia acontecesse. As palavras deste presidente americano (como as dos seus antecessores) n\u00e3o t\u00eam credibilidade. Apesar da sua aparente grave advert\u00eancia sobre a preven\u00e7\u00e3o da Terceira Guerra Mundial, o manequim na Casa Branca facilitou este mesmo resultado ao servi\u00e7o abjeto dos interesses imperialistas dos EUA.<\/p>\n<p>Biden tem sido um servidor leal do belicismo americano h\u00e1 mais de 50 anos, apoiando todas as guerras criminosas que o imperialismo tem travado. Contudo, \u00e9 um erro culpar pessoalmente Biden, um assim chamado democrata. Ele \u00e9 apenas a figura de proa de um sistema que precisa da guerra para funcionar. Se por acaso Donald Trump ou algum outro pol\u00edtico republicano estivesse na Casa Branca, ver\u00edamos sem d\u00favida o mesmo dilema desprez\u00edvel.<\/p>\n<p>Relatos de ataques militares \u00e0 Crimeia e outras partes da Federa\u00e7\u00e3o Russa est\u00e3o aumentando. A Regi\u00e3o de Belgorod, vizinha da Ucr\u00e2nia, foi bombardeada v\u00e1rias vezes com evacua\u00e7\u00e3o de aldeias. Um drone ucranianos tamb\u00e9m tentou atacar a Ponte de Kerch que liga o continente russo com a Crimeia. A ponte de 19 quil\u00f4metros foi inaugurada em maio de 2018 pelo presidente russo, Vladimir Putin, e teve um custo de 3 bilh\u00f5es de d\u00f3lares.<\/p>\n<p>Ainda n\u00e3o est\u00e1 claro quais s\u00e3o as causas exatas destas explos\u00f5es. Inicialmente, autoridades russas afirmaram que foram inc\u00eandios acidentais, mas agora admitem que foram cometidos atos de sabotagem. Relatos da m\u00eddia ocidental afirmam que m\u00edsseis ou drones dos EUA e da Otan est\u00e3o envolvidos.<\/p>\n<p>Os Estados Unidos est\u00e3o aumentando seus fornecimentos de armas ofensivas de grande alcance bem como de explosivos C-4 para opera\u00e7\u00f5es de sabotagem. Muni\u00e7\u00f5es no valor de at\u00e9 US$ 40 bilh\u00f5es foram prometidas pelos EUA, Gr\u00e3-Bretanha, Pol\u00f3nia, Alemanha e outras pot\u00eancias da Otan para apoiar o regime de Kiev infestado de nazis na sua guerra contra a R\u00fassia. A Ucr\u00e2nia entrou numa orgia de militarismo ocidental.<\/p>\n<p>A conduta militar do regime de Kiev \u00e9 supervisionada pela intelig\u00eancia americana e brit\u00e2nica. Ataques \u00e0 Crimeia e presumivelmente a outras partes da Federa\u00e7\u00e3o Russa s\u00e3o aprovados por Washington e Londres.<\/p>\n<p>Para al\u00e9m de uma inunda\u00e7\u00e3o sem precedentes de armas da Otan na Ucr\u00e2nia, \u00e9 cada vez mais evidente que o eixo liderado pelos Estados Unidos est\u00e1 treinando as for\u00e7as ucranianas.<\/p>\n<p>Esta semana, foi noticiado que soldados ucranianos est\u00e3o sendo treinados na Gr\u00e3-Bretanha para irem combater. Numa confer\u00eancia em Copenhagen, na semana passada, os programas brit\u00e2nicos de recrutamento e treino para a Ucr\u00e2nia foram apoiados por outros membros da Otan, incluindo a Dinamarca, Canad\u00e1, Pol\u00f3nia e os estados B\u00e1lticos.<\/p>\n<p>Os Estados Unidos e os seus aliados t\u00eam realizado treino de combate na Ucr\u00e2nia h\u00e1 anos. Esta foi em parte a raz\u00e3o pela qual as for\u00e7as russas entraram na Ucr\u00e2nia em fevereiro deste ano a fim de neutralizar uma amea\u00e7a crescente \u00e0 seguran\u00e7a nacional.<\/p>\n<p>Outro desenvolvimento sinistro foi o envio de bombardeiros de longo alcance americanos B-52 para a Su\u00e9cia esta semana. O pa\u00eds n\u00f3rdico est\u00e1 virando um novo membro da Otan, juntamente com a Finl\u00e2ndia. O movimento combinado pretende ser uma amea\u00e7a calculada para a regi\u00e3o \u00c1rtica da R\u00fassia. H\u00e1 muito que o \u00c1rtico tem visto for\u00e7as crescentes da Otan a amea\u00e7arem a R\u00fassia, mas o primeiro destacamento de bombardeiros B-52 com capacidade nuclear para a Su\u00e9cia \u00e9 um \u201csinal importante\u201d, como se vangloria o ministro da Defesa sueco, Peter Hultqvist.<\/p>\n<p>Tudo isto mostra uma l\u00f3gica hedionda e implac\u00e1vel para a guerra. Os temores p\u00fablicos de Biden acerca da Terceira Guerra Mundial eram apenas uma asneira desprez\u00edvel. Os Estados Unidos est\u00e3o se preparando para hostilidades contra a R\u00fassia desde pelo menos o golpe de Estado da CIA em Kiev, em 2014.<\/p>\n<p>N\u00e3o importa realmente quem se senta na Casa Branca. Obama, Trump, Biden, como outros antes deles, s\u00e3o todos boys para o imperialismo estadunidense. O regime dominante americano tem um v\u00edcio desesperado para a guerra a fim de reavivar o seu poder global decrescente e uma economia capitalista falida. \u00c9 por isso que Washington est\u00e1 inflexivelmente alimentando de modo imprudente tens\u00f5es perigosas com a R\u00fassia e a China, como assinalou Putin esta semana.<\/p>\n<p>O simples conjunto do envolvimento militar na Ucr\u00e2nia e a nova e perigosa fase de ataque ao territ\u00f3rio russo significa que o eixo da Otan liderado pelos EUA est\u00e1 de fato em guerra contra a R\u00fassia. O eixo consiste em 30 na\u00e7\u00f5es (n\u00e3o incluindo a Su\u00e9cia e a Finl\u00e2ndia) mais outros aliados n\u00e3o pertencentes \u00e0 Otan, tais como a Austr\u00e1lia e a Nova Zel\u00e2ndia. Armas de longo alcance de capacidade ofensiva crescente, bem como o treino de for\u00e7as militares, est\u00e3o\u00a0 fluindo para a Ucr\u00e2nia a partir de todas estas na\u00e7\u00f5es lideradas pelos Estados Unidos.<\/p>\n<p>Em dezembro \u00faltimo a R\u00fassia apelou a uma resolu\u00e7\u00e3o diplom\u00e1tica acerca de antigas preocupa\u00e7\u00f5es estrat\u00e9gicas quanto \u00e0 Otan e \u00e0 Ucr\u00e2nia. Aqueles apelos foram arrogantemente afastados por Washington e seus vassalos. Anteriormente, reservas aparentes entre membros da Otan acerca do envio de armas letais para a Ucr\u00e2nia tamb\u00e9m foram descartadas. Evidentemente, tamb\u00e9m foram abandonadas as reservas anteriores acerca do in\u00edcio de um conflito internacional.<\/p>\n<p>Os Estados Unidos, a Gr\u00e3-Bretanha e outras pot\u00eancias imperialistas est\u00e3o deliberadamente abrindo as torneiras para provocar um banho de sangue na Ucr\u00e2nia. O regime fascista que eles est\u00e3o apoiando em Kiev est\u00e1 perversamente utilizando o terrorismo nuclear ao atacar a maior central nuclear da Europa em Zaporozhye. E ainda assim os patrocinadores ocidentais continuam duplicando provoca\u00e7\u00f5es \u00e0 R\u00fassia, provoca\u00e7\u00f5es essas que agora parecem incluir ataques ao territ\u00f3rio soberano russo.<\/p>\n<p>Moscou tem advertido reiteradamente que \u201ccentros de tomada de decis\u00e3o\u201d ser\u00e3o alvejados se o seu territ\u00f3rio for atacado. Esta advert\u00eancia implica que as capitais ocidentais s\u00e3o vulner\u00e1veis. A R\u00fassia tamb\u00e9m advertiu que se a sua seguran\u00e7a nacional for amea\u00e7ada reserva-se ent\u00e3o o direito de utilizar armas nucleares para a defesa. O impens\u00e1vel est\u00e1 se tornando pens\u00e1vel. Os estados ocidentais est\u00e3o sob o dom\u00ednio de uma agenda belicista e a m\u00eddia atua como um minist\u00e9rio da propaganda para a guerra. Vergonhosamente, h\u00e1 escassas vozes pol\u00edticas no Ocidente pedindo negocia\u00e7\u00f5es diplom\u00e1ticas para a paz.<\/p>\n<p>As impulsivas pot\u00eancias ocidentais lideradas pelos EUA n\u00e3o parecem reconhecer quaisquer limites. Todo o conflito sobre a Ucr\u00e2nia demonstra a implac\u00e1vel l\u00f3gica de beliger\u00e2ncia em dire\u00e7\u00e3o \u00e0 R\u00fassia em que os regimes dominantes no Ocidente est\u00e3o viciados, do mesmo modo como est\u00e3o em rela\u00e7\u00e3o a qualquer outra na\u00e7\u00e3o que seja percebida como um obst\u00e1culo \u00e0s suas ambi\u00e7\u00f5es de poder global.<\/p>\n<p>Os regimes ocidentais agem de modo impotente e irremediavelmente destinados \u00e0 guerra, pouco lhes importando os interesses democr\u00e1ticos e vontade das suas popula\u00e7\u00f5es ou os constrangimentos do direito internacional. L\u00e1 se foi a ordem baseada em regras. Os governantes ocidentais e seus fantoches est\u00e3o conduzindo seus povos e o resto do mundo para o abismo.<\/p>\n<p>De modo incr\u00edvel, parece que as mesmas vis for\u00e7as pol\u00edticas e econ\u00f4micas que criaram as duas guerras mundiais anteriores est\u00e3o salivando outra vez. E elas est\u00e3o desencadeando os seus desejos apocal\u00edpticos com as mesmas mentiras e enganos farisaicos.<\/p>\n","protected":false},"excerpt":{"rendered":"<p>O fato de a Otan estar intensificando seu apoio de combate aos militares ucranianos tanto na Gr\u00e3-Bretanha como em territ\u00f3rios de outros Estados \u00e9 uma prova clara de que o eixo liderado pelos Estados Unidos est\u00e1 em guerra com a R\u00fassia. J\u00e1 n\u00e3o se trata de uma guerra por procura\u00e7\u00e3o, mas sim de uma guerra [&hellip;]<\/p>\n","protected":false},"author":2,"featured_media":290743,"comment_status":"closed","ping_status":"closed","sticky":false,"template":"","format":"standard","meta":{"_acf_changed":false,"footnotes":""},"categories":[159],"tags":[95],"class_list":["post-290742","post","type-post","status-publish","format-standard","has-post-thumbnail","hentry","category-apocalipse","tag-capa"],"acf":[],"yoast_head":"<!-- This site is optimized with the Yoast SEO plugin v27.2 - https:\/\/yoast.com\/product\/yoast-seo-wordpress\/ -->\n<title>Novos passos na Ucr\u00e2nia v\u00e3o levar o mundo para a 3\u00aa Guerra - Notibras<\/title>\n<meta name=\"robots\" content=\"index, follow, max-snippet:-1, max-image-preview:large, max-video-preview:-1\" \/>\n<link rel=\"canonical\" href=\"https:\/\/www.notibras.com\/site\/novos-passos-na-ucrania-vao-levar-o-mundo-para-a-3a-guerra\/\" \/>\n<meta property=\"og:locale\" content=\"pt_BR\" \/>\n<meta property=\"og:type\" content=\"article\" \/>\n<meta property=\"og:title\" content=\"Novos passos na Ucr\u00e2nia v\u00e3o levar o mundo para a 3\u00aa Guerra - Notibras\" \/>\n<meta property=\"og:description\" content=\"O fato de a Otan estar intensificando seu apoio de combate aos militares ucranianos tanto na Gr\u00e3-Bretanha como em territ\u00f3rios de outros Estados \u00e9 uma prova clara de que o eixo liderado pelos Estados Unidos est\u00e1 em guerra com a R\u00fassia. J\u00e1 n\u00e3o se trata de uma guerra por procura\u00e7\u00e3o, mas sim de uma guerra [&hellip;]\" \/>\n<meta property=\"og:url\" content=\"https:\/\/www.notibras.com\/site\/novos-passos-na-ucrania-vao-levar-o-mundo-para-a-3a-guerra\/\" \/>\n<meta property=\"og:site_name\" content=\"Notibras\" \/>\n<meta property=\"article:publisher\" content=\"https:\/\/www.facebook.com\/notibras\/\" \/>\n<meta property=\"article:published_time\" content=\"2022-08-23T19:31:01+00:00\" \/>\n<meta property=\"og:image\" content=\"https:\/\/www.notibras.com\/site\/wp-content\/uploads\/2022\/08\/a-2-5.jpg\" \/>\n\t<meta property=\"og:image:width\" content=\"960\" \/>\n\t<meta property=\"og:image:height\" content=\"640\" \/>\n\t<meta property=\"og:image:type\" content=\"image\/jpeg\" \/>\n<meta name=\"author\" content=\"Reda\u00e7\u00e3o\" \/>\n<meta name=\"twitter:card\" content=\"summary_large_image\" \/>\n<meta name=\"twitter:creator\" content=\"@Notibras\" \/>\n<meta name=\"twitter:site\" content=\"@Notibras\" \/>\n<meta name=\"twitter:label1\" content=\"Escrito por\" \/>\n\t<meta name=\"twitter:data1\" content=\"Reda\u00e7\u00e3o\" \/>\n\t<meta name=\"twitter:label2\" content=\"Est. tempo de leitura\" \/>\n\t<meta name=\"twitter:data2\" content=\"8 minutos\" \/>\n<script type=\"application\/ld+json\" class=\"yoast-schema-graph\">{\"@context\":\"https:\/\/schema.org\",\"@graph\":[{\"@type\":\"Article\",\"@id\":\"https:\/\/www.notibras.com\/site\/novos-passos-na-ucrania-vao-levar-o-mundo-para-a-3a-guerra\/#article\",\"isPartOf\":{\"@id\":\"https:\/\/www.notibras.com\/site\/novos-passos-na-ucrania-vao-levar-o-mundo-para-a-3a-guerra\/\"},\"author\":{\"name\":\"Reda\u00e7\u00e3o\",\"@id\":\"https:\/\/www.notibras.com\/site\/#\/schema\/person\/36ab0979449956132d3e5b517ea76ac8\"},\"headline\":\"Novos passos na Ucr\u00e2nia v\u00e3o levar o mundo para a 3\u00aa Guerra\",\"datePublished\":\"2022-08-23T19:31:01+00:00\",\"mainEntityOfPage\":{\"@id\":\"https:\/\/www.notibras.com\/site\/novos-passos-na-ucrania-vao-levar-o-mundo-para-a-3a-guerra\/\"},\"wordCount\":1492,\"publisher\":{\"@id\":\"https:\/\/www.notibras.com\/site\/#organization\"},\"image\":{\"@id\":\"https:\/\/www.notibras.com\/site\/novos-passos-na-ucrania-vao-levar-o-mundo-para-a-3a-guerra\/#primaryimage\"},\"thumbnailUrl\":\"https:\/\/www.notibras.com\/site\/wp-content\/uploads\/2022\/08\/a-2-5.jpg\",\"keywords\":[\"capa\"],\"articleSection\":[\"Apocalipse\"],\"inLanguage\":\"pt-BR\"},{\"@type\":\"WebPage\",\"@id\":\"https:\/\/www.notibras.com\/site\/novos-passos-na-ucrania-vao-levar-o-mundo-para-a-3a-guerra\/\",\"url\":\"https:\/\/www.notibras.com\/site\/novos-passos-na-ucrania-vao-levar-o-mundo-para-a-3a-guerra\/\",\"name\":\"Novos passos na Ucr\u00e2nia v\u00e3o levar o mundo para a 3\u00aa Guerra - Notibras\",\"isPartOf\":{\"@id\":\"https:\/\/www.notibras.com\/site\/#website\"},\"primaryImageOfPage\":{\"@id\":\"https:\/\/www.notibras.com\/site\/novos-passos-na-ucrania-vao-levar-o-mundo-para-a-3a-guerra\/#primaryimage\"},\"image\":{\"@id\":\"https:\/\/www.notibras.com\/site\/novos-passos-na-ucrania-vao-levar-o-mundo-para-a-3a-guerra\/#primaryimage\"},\"thumbnailUrl\":\"https:\/\/www.notibras.com\/site\/wp-content\/uploads\/2022\/08\/a-2-5.jpg\",\"datePublished\":\"2022-08-23T19:31:01+00:00\",\"breadcrumb\":{\"@id\":\"https:\/\/www.notibras.com\/site\/novos-passos-na-ucrania-vao-levar-o-mundo-para-a-3a-guerra\/#breadcrumb\"},\"inLanguage\":\"pt-BR\",\"potentialAction\":[{\"@type\":\"ReadAction\",\"target\":[\"https:\/\/www.notibras.com\/site\/novos-passos-na-ucrania-vao-levar-o-mundo-para-a-3a-guerra\/\"]}]},{\"@type\":\"ImageObject\",\"inLanguage\":\"pt-BR\",\"@id\":\"https:\/\/www.notibras.com\/site\/novos-passos-na-ucrania-vao-levar-o-mundo-para-a-3a-guerra\/#primaryimage\",\"url\":\"https:\/\/www.notibras.com\/site\/wp-content\/uploads\/2022\/08\/a-2-5.jpg\",\"contentUrl\":\"https:\/\/www.notibras.com\/site\/wp-content\/uploads\/2022\/08\/a-2-5.jpg\",\"width\":960,\"height\":640},{\"@type\":\"BreadcrumbList\",\"@id\":\"https:\/\/www.notibras.com\/site\/novos-passos-na-ucrania-vao-levar-o-mundo-para-a-3a-guerra\/#breadcrumb\",\"itemListElement\":[{\"@type\":\"ListItem\",\"position\":1,\"name\":\"In\u00edcio\",\"item\":\"https:\/\/www.notibras.com\/site\/\"},{\"@type\":\"ListItem\",\"position\":2,\"name\":\"Novos passos na Ucr\u00e2nia v\u00e3o levar o mundo para a 3\u00aa Guerra\"}]},{\"@type\":\"WebSite\",\"@id\":\"https:\/\/www.notibras.com\/site\/#website\",\"url\":\"https:\/\/www.notibras.com\/site\/\",\"name\":\"Notibras\",\"description\":\"Not\u00edcias de Bras\u00edlia, do Brasil e do Mundo\",\"publisher\":{\"@id\":\"https:\/\/www.notibras.com\/site\/#organization\"},\"potentialAction\":[{\"@type\":\"SearchAction\",\"target\":{\"@type\":\"EntryPoint\",\"urlTemplate\":\"https:\/\/www.notibras.com\/site\/?s={search_term_string}\"},\"query-input\":{\"@type\":\"PropertyValueSpecification\",\"valueRequired\":true,\"valueName\":\"search_term_string\"}}],\"inLanguage\":\"pt-BR\"},{\"@type\":\"Organization\",\"@id\":\"https:\/\/www.notibras.com\/site\/#organization\",\"name\":\"Grupo Notibras de Comunica\u00e7\u00e3o\",\"url\":\"https:\/\/www.notibras.com\/site\/\",\"logo\":{\"@type\":\"ImageObject\",\"inLanguage\":\"pt-BR\",\"@id\":\"https:\/\/www.notibras.com\/site\/#\/schema\/logo\/image\/\",\"url\":\"https:\/\/www.notibras.com\/site\/wp-content\/uploads\/2023\/01\/notibras23.png\",\"contentUrl\":\"https:\/\/www.notibras.com\/site\/wp-content\/uploads\/2023\/01\/notibras23.png\",\"width\":350,\"height\":87,\"caption\":\"Grupo Notibras de Comunica\u00e7\u00e3o\"},\"image\":{\"@id\":\"https:\/\/www.notibras.com\/site\/#\/schema\/logo\/image\/\"},\"sameAs\":[\"https:\/\/www.facebook.com\/notibras\/\",\"https:\/\/x.com\/Notibras\",\"https:\/\/www.instagram.com\/notibras\/\"]},{\"@type\":\"Person\",\"@id\":\"https:\/\/www.notibras.com\/site\/#\/schema\/person\/36ab0979449956132d3e5b517ea76ac8\",\"name\":\"Reda\u00e7\u00e3o\",\"image\":{\"@type\":\"ImageObject\",\"inLanguage\":\"pt-BR\",\"@id\":\"https:\/\/secure.gravatar.com\/avatar\/e0a867bdedb85fd243eadf09663511f96fc81e0720a4a42581f334ad4303aa6b?s=96&d=mm&r=g\",\"url\":\"https:\/\/secure.gravatar.com\/avatar\/e0a867bdedb85fd243eadf09663511f96fc81e0720a4a42581f334ad4303aa6b?s=96&d=mm&r=g\",\"contentUrl\":\"https:\/\/secure.gravatar.com\/avatar\/e0a867bdedb85fd243eadf09663511f96fc81e0720a4a42581f334ad4303aa6b?s=96&d=mm&r=g\",\"caption\":\"Reda\u00e7\u00e3o\"}}]}<\/script>\n<!-- \/ Yoast SEO plugin. -->","yoast_head_json":{"title":"Novos passos na Ucr\u00e2nia v\u00e3o levar o mundo para a 3\u00aa Guerra - Notibras","robots":{"index":"index","follow":"follow","max-snippet":"max-snippet:-1","max-image-preview":"max-image-preview:large","max-video-preview":"max-video-preview:-1"},"canonical":"https:\/\/www.notibras.com\/site\/novos-passos-na-ucrania-vao-levar-o-mundo-para-a-3a-guerra\/","og_locale":"pt_BR","og_type":"article","og_title":"Novos passos na Ucr\u00e2nia v\u00e3o levar o mundo para a 3\u00aa Guerra - Notibras","og_description":"O fato de a Otan estar intensificando seu apoio de combate aos militares ucranianos tanto na Gr\u00e3-Bretanha como em territ\u00f3rios de outros Estados \u00e9 uma prova clara de que o eixo liderado pelos Estados Unidos est\u00e1 em guerra com a R\u00fassia. J\u00e1 n\u00e3o se trata de uma guerra por procura\u00e7\u00e3o, mas sim de uma guerra [&hellip;]","og_url":"https:\/\/www.notibras.com\/site\/novos-passos-na-ucrania-vao-levar-o-mundo-para-a-3a-guerra\/","og_site_name":"Notibras","article_publisher":"https:\/\/www.facebook.com\/notibras\/","article_published_time":"2022-08-23T19:31:01+00:00","og_image":[{"width":960,"height":640,"url":"https:\/\/www.notibras.com\/site\/wp-content\/uploads\/2022\/08\/a-2-5.jpg","type":"image\/jpeg"}],"author":"Reda\u00e7\u00e3o","twitter_card":"summary_large_image","twitter_creator":"@Notibras","twitter_site":"@Notibras","twitter_misc":{"Escrito por":"Reda\u00e7\u00e3o","Est. tempo de leitura":"8 minutos"},"schema":{"@context":"https:\/\/schema.org","@graph":[{"@type":"Article","@id":"https:\/\/www.notibras.com\/site\/novos-passos-na-ucrania-vao-levar-o-mundo-para-a-3a-guerra\/#article","isPartOf":{"@id":"https:\/\/www.notibras.com\/site\/novos-passos-na-ucrania-vao-levar-o-mundo-para-a-3a-guerra\/"},"author":{"name":"Reda\u00e7\u00e3o","@id":"https:\/\/www.notibras.com\/site\/#\/schema\/person\/36ab0979449956132d3e5b517ea76ac8"},"headline":"Novos passos na Ucr\u00e2nia v\u00e3o levar o mundo para a 3\u00aa Guerra","datePublished":"2022-08-23T19:31:01+00:00","mainEntityOfPage":{"@id":"https:\/\/www.notibras.com\/site\/novos-passos-na-ucrania-vao-levar-o-mundo-para-a-3a-guerra\/"},"wordCount":1492,"publisher":{"@id":"https:\/\/www.notibras.com\/site\/#organization"},"image":{"@id":"https:\/\/www.notibras.com\/site\/novos-passos-na-ucrania-vao-levar-o-mundo-para-a-3a-guerra\/#primaryimage"},"thumbnailUrl":"https:\/\/www.notibras.com\/site\/wp-content\/uploads\/2022\/08\/a-2-5.jpg","keywords":["capa"],"articleSection":["Apocalipse"],"inLanguage":"pt-BR"},{"@type":"WebPage","@id":"https:\/\/www.notibras.com\/site\/novos-passos-na-ucrania-vao-levar-o-mundo-para-a-3a-guerra\/","url":"https:\/\/www.notibras.com\/site\/novos-passos-na-ucrania-vao-levar-o-mundo-para-a-3a-guerra\/","name":"Novos passos na Ucr\u00e2nia v\u00e3o levar o mundo para a 3\u00aa Guerra - Notibras","isPartOf":{"@id":"https:\/\/www.notibras.com\/site\/#website"},"primaryImageOfPage":{"@id":"https:\/\/www.notibras.com\/site\/novos-passos-na-ucrania-vao-levar-o-mundo-para-a-3a-guerra\/#primaryimage"},"image":{"@id":"https:\/\/www.notibras.com\/site\/novos-passos-na-ucrania-vao-levar-o-mundo-para-a-3a-guerra\/#primaryimage"},"thumbnailUrl":"https:\/\/www.notibras.com\/site\/wp-content\/uploads\/2022\/08\/a-2-5.jpg","datePublished":"2022-08-23T19:31:01+00:00","breadcrumb":{"@id":"https:\/\/www.notibras.com\/site\/novos-passos-na-ucrania-vao-levar-o-mundo-para-a-3a-guerra\/#breadcrumb"},"inLanguage":"pt-BR","potentialAction":[{"@type":"ReadAction","target":["https:\/\/www.notibras.com\/site\/novos-passos-na-ucrania-vao-levar-o-mundo-para-a-3a-guerra\/"]}]},{"@type":"ImageObject","inLanguage":"pt-BR","@id":"https:\/\/www.notibras.com\/site\/novos-passos-na-ucrania-vao-levar-o-mundo-para-a-3a-guerra\/#primaryimage","url":"https:\/\/www.notibras.com\/site\/wp-content\/uploads\/2022\/08\/a-2-5.jpg","contentUrl":"https:\/\/www.notibras.com\/site\/wp-content\/uploads\/2022\/08\/a-2-5.jpg","width":960,"height":640},{"@type":"BreadcrumbList","@id":"https:\/\/www.notibras.com\/site\/novos-passos-na-ucrania-vao-levar-o-mundo-para-a-3a-guerra\/#breadcrumb","itemListElement":[{"@type":"ListItem","position":1,"name":"In\u00edcio","item":"https:\/\/www.notibras.com\/site\/"},{"@type":"ListItem","position":2,"name":"Novos passos na Ucr\u00e2nia v\u00e3o levar o mundo para a 3\u00aa Guerra"}]},{"@type":"WebSite","@id":"https:\/\/www.notibras.com\/site\/#website","url":"https:\/\/www.notibras.com\/site\/","name":"Notibras","description":"Not\u00edcias de Bras\u00edlia, do Brasil e do Mundo","publisher":{"@id":"https:\/\/www.notibras.com\/site\/#organization"},"potentialAction":[{"@type":"SearchAction","target":{"@type":"EntryPoint","urlTemplate":"https:\/\/www.notibras.com\/site\/?s={search_term_string}"},"query-input":{"@type":"PropertyValueSpecification","valueRequired":true,"valueName":"search_term_string"}}],"inLanguage":"pt-BR"},{"@type":"Organization","@id":"https:\/\/www.notibras.com\/site\/#organization","name":"Grupo Notibras de Comunica\u00e7\u00e3o","url":"https:\/\/www.notibras.com\/site\/","logo":{"@type":"ImageObject","inLanguage":"pt-BR","@id":"https:\/\/www.notibras.com\/site\/#\/schema\/logo\/image\/","url":"https:\/\/www.notibras.com\/site\/wp-content\/uploads\/2023\/01\/notibras23.png","contentUrl":"https:\/\/www.notibras.com\/site\/wp-content\/uploads\/2023\/01\/notibras23.png","width":350,"height":87,"caption":"Grupo Notibras de Comunica\u00e7\u00e3o"},"image":{"@id":"https:\/\/www.notibras.com\/site\/#\/schema\/logo\/image\/"},"sameAs":["https:\/\/www.facebook.com\/notibras\/","https:\/\/x.com\/Notibras","https:\/\/www.instagram.com\/notibras\/"]},{"@type":"Person","@id":"https:\/\/www.notibras.com\/site\/#\/schema\/person\/36ab0979449956132d3e5b517ea76ac8","name":"Reda\u00e7\u00e3o","image":{"@type":"ImageObject","inLanguage":"pt-BR","@id":"https:\/\/secure.gravatar.com\/avatar\/e0a867bdedb85fd243eadf09663511f96fc81e0720a4a42581f334ad4303aa6b?s=96&d=mm&r=g","url":"https:\/\/secure.gravatar.com\/avatar\/e0a867bdedb85fd243eadf09663511f96fc81e0720a4a42581f334ad4303aa6b?s=96&d=mm&r=g","contentUrl":"https:\/\/secure.gravatar.com\/avatar\/e0a867bdedb85fd243eadf09663511f96fc81e0720a4a42581f334ad4303aa6b?s=96&d=mm&r=g","caption":"Reda\u00e7\u00e3o"}}]}},"amp_enabled":true,"_links":{"self":[{"href":"https:\/\/www.notibras.com\/site\/wp-json\/wp\/v2\/posts\/290742","targetHints":{"allow":["GET"]}}],"collection":[{"href":"https:\/\/www.notibras.com\/site\/wp-json\/wp\/v2\/posts"}],"about":[{"href":"https:\/\/www.notibras.com\/site\/wp-json\/wp\/v2\/types\/post"}],"author":[{"embeddable":true,"href":"https:\/\/www.notibras.com\/site\/wp-json\/wp\/v2\/users\/2"}],"replies":[{"embeddable":true,"href":"https:\/\/www.notibras.com\/site\/wp-json\/wp\/v2\/comments?post=290742"}],"version-history":[{"count":3,"href":"https:\/\/www.notibras.com\/site\/wp-json\/wp\/v2\/posts\/290742\/revisions"}],"predecessor-version":[{"id":290746,"href":"https:\/\/www.notibras.com\/site\/wp-json\/wp\/v2\/posts\/290742\/revisions\/290746"}],"wp:featuredmedia":[{"embeddable":true,"href":"https:\/\/www.notibras.com\/site\/wp-json\/wp\/v2\/media\/290743"}],"wp:attachment":[{"href":"https:\/\/www.notibras.com\/site\/wp-json\/wp\/v2\/media?parent=290742"}],"wp:term":[{"taxonomy":"category","embeddable":true,"href":"https:\/\/www.notibras.com\/site\/wp-json\/wp\/v2\/categories?post=290742"},{"taxonomy":"post_tag","embeddable":true,"href":"https:\/\/www.notibras.com\/site\/wp-json\/wp\/v2\/tags?post=290742"}],"curies":[{"name":"wp","href":"https:\/\/api.w.org\/{rel}","templated":true}]}}