{"id":290759,"date":"2022-08-24T03:10:07","date_gmt":"2022-08-24T06:10:07","guid":{"rendered":"https:\/\/www.notibras.com\/site\/?p=290759"},"modified":"2022-08-24T03:03:36","modified_gmt":"2022-08-24T06:03:36","slug":"depois-de-paulo-octavio-izalci-vira-a-bola-da-vez-da-impugnacao","status":"publish","type":"post","link":"https:\/\/www.notibras.com\/site\/depois-de-paulo-octavio-izalci-vira-a-bola-da-vez-da-impugnacao\/","title":{"rendered":"Depois de Paulo Oct\u00e1vio, Izalci vira a bola da vez da impugna\u00e7\u00e3o"},"content":{"rendered":"<p>Depois do empres\u00e1rio Paulo Oct\u00e1vio (PSD), mais um candidato pode ser impedido de disputar o Pal\u00e1cio do Buriti em outubro. A bola da vez \u00e9 o senador Izalci Lucas (PSDB), que teve o pedido de impugna\u00e7\u00e3o da candidatura apresentado \u00e0 Justi\u00e7a Eleitoral por Emiline Nascimento de Oliveira, (Cidadania). Ela vai disputar uma das 24 cadeiras da C\u00e2mara Legislativa.<\/p>\n<p>Sem consenso na federa\u00e7\u00e3o PSDB-Cidadania, o tucano, segundo a candidata, teria ignorado a conven\u00e7\u00e3o que ele mesmo convocou e realizado uma reuni\u00e3o \u00e0 revelia dos integrantes do Cidadania. Emiline tamb\u00e9m sustenta que a dissolu\u00e7\u00e3o do diret\u00f3rio regional da federa\u00e7\u00e3o PSDB-Cidadania teria sido um ato sem validade.<\/p>\n<p>Para ter aval e realizar a conven\u00e7\u00e3o que sacramentou a candidatura, Izalci teria se valido de um documento expedido pelo presidente nacional do PSDB, Bruno Ara\u00fajo. No dia 29 de julho, a Executiva Nacional redigiu uma resolu\u00e7\u00e3o que dissolvia o colegiado constitu\u00eddo no Distrito Federal, com maioria do Cidadania. O ato teria violado o estatuto da federa\u00e7\u00e3o.<\/p>\n<p>\u201c(Izalci, o agora quase impugnado) escorou seu pedido de registro de candidatura em ato nulo, n\u00e3o tem como prevalecer sua pretens\u00e3o, devendo, como fica sendo, merecer a devida impugna\u00e7\u00e3o e rejei\u00e7\u00e3o, para que prevale\u00e7a a decis\u00e3o do Colegiado Distrital, regularmente convocado e com conven\u00e7\u00e3o realizada de acordo com os ditames legais e estatut\u00e1rios\u201d, diz trecho do pedido de impugna\u00e7\u00e3o&#8221;, afirma trecho da a\u00e7\u00e3o..<\/p>\n<p>&#8220;J\u00e1 que a conven\u00e7\u00e3o do dia 31 de julho n\u00e3o havia sido desconvocada, os integrantes do Cidadania realizaram a reuni\u00e3o na porta da sede do PSDB-DF. O grupo do senador Izalci promoveu uma outra conven\u00e7\u00e3o, de forma on-line, no dia 5 de agosto, que acabou por avalizar seu nome&#8221;, diz Emiline, &#8220;em total desacordo com a legisla\u00e7\u00e3o eleitoral&#8221;.<\/p>\n","protected":false},"excerpt":{"rendered":"<p>Depois do empres\u00e1rio Paulo Oct\u00e1vio (PSD), mais um candidato pode ser impedido de disputar o Pal\u00e1cio do Buriti em outubro. A bola da vez \u00e9 o senador Izalci Lucas (PSDB), que teve o pedido de impugna\u00e7\u00e3o da candidatura apresentado \u00e0 Justi\u00e7a Eleitoral por Emiline Nascimento de Oliveira, (Cidadania). Ela vai disputar uma das 24 cadeiras [&hellip;]<\/p>\n","protected":false},"author":2,"featured_media":290760,"comment_status":"closed","ping_status":"closed","sticky":false,"template":"","format":"standard","meta":{"_acf_changed":false,"footnotes":""},"categories":[26],"tags":[95],"class_list":["post-290759","post","type-post","status-publish","format-standard","has-post-thumbnail","hentry","category-eleicoes-2022","tag-capa"],"acf":[],"_links":{"self":[{"href":"https:\/\/www.notibras.com\/site\/wp-json\/wp\/v2\/posts\/290759","targetHints":{"allow":["GET"]}}],"collection":[{"href":"https:\/\/www.notibras.com\/site\/wp-json\/wp\/v2\/posts"}],"about":[{"href":"https:\/\/www.notibras.com\/site\/wp-json\/wp\/v2\/types\/post"}],"author":[{"embeddable":true,"href":"https:\/\/www.notibras.com\/site\/wp-json\/wp\/v2\/users\/2"}],"replies":[{"embeddable":true,"href":"https:\/\/www.notibras.com\/site\/wp-json\/wp\/v2\/comments?post=290759"}],"version-history":[{"count":1,"href":"https:\/\/www.notibras.com\/site\/wp-json\/wp\/v2\/posts\/290759\/revisions"}],"predecessor-version":[{"id":290761,"href":"https:\/\/www.notibras.com\/site\/wp-json\/wp\/v2\/posts\/290759\/revisions\/290761"}],"wp:featuredmedia":[{"embeddable":true,"href":"https:\/\/www.notibras.com\/site\/wp-json\/wp\/v2\/media\/290760"}],"wp:attachment":[{"href":"https:\/\/www.notibras.com\/site\/wp-json\/wp\/v2\/media?parent=290759"}],"wp:term":[{"taxonomy":"category","embeddable":true,"href":"https:\/\/www.notibras.com\/site\/wp-json\/wp\/v2\/categories?post=290759"},{"taxonomy":"post_tag","embeddable":true,"href":"https:\/\/www.notibras.com\/site\/wp-json\/wp\/v2\/tags?post=290759"}],"curies":[{"name":"wp","href":"https:\/\/api.w.org\/{rel}","templated":true}]}}