{"id":290795,"date":"2022-08-24T19:09:57","date_gmt":"2022-08-24T22:09:57","guid":{"rendered":"https:\/\/www.notibras.com\/site\/?p=290795"},"modified":"2022-08-25T09:02:15","modified_gmt":"2022-08-25T12:02:15","slug":"ala-do-pt-rifa-leandro-grass-e-apoia-a-reeleicao-de-ibaneis","status":"publish","type":"post","link":"https:\/\/www.notibras.com\/site\/ala-do-pt-rifa-leandro-grass-e-apoia-a-reeleicao-de-ibaneis\/","title":{"rendered":"Ala do PT rifa Leandro e apoia a reelei\u00e7\u00e3o de Ibaneis"},"content":{"rendered":"<p>A trai\u00e7\u00e3o pol\u00edtica ressurge em Bras\u00edlia como uma F\u00eanix do Planalto. Vejamos: Valter Soares Leite \u00e9 coordenador da campanha a deputado distrital do petista Ricardo Vale. A esposa dele, Patty Vanessa, \u00e9 irm\u00e3 de Fernando Madeira, administrador da Fercal, indicado pelo deputado Rob\u00e9rio Negreiros (PSD).<\/p>\n<p>Ricardo Vale \u00e9 irm\u00e3o de Paulo Tadeu, conselheiro do Tribunal de Contas do Distrito Federal. Valtinho, como \u00e9 conhecido nos c\u00edrculos do PT, \u00e9 assessor em cargo de confian\u00e7a do conselheiro, que julga as contas do governador Ibaneis Rocha (MDB). Paulo Tadeu tem muitos correligion\u00e1rios ocupando cargos de dire\u00e7\u00e3o em empresas p\u00fablicas de Bras\u00edlia.<\/p>\n<p><img loading=\"lazy\" decoding=\"async\" class=\"wp-image-290806 aligncenter\" src=\"https:\/\/www.notibras.com\/site\/wp-content\/uploads\/2022\/08\/c785f67a-bf52-4ef9-b24d-e78a46b8559b-1-152x300.jpg\" alt=\"\" width=\"247\" height=\"487\" srcset=\"https:\/\/www.notibras.com\/site\/wp-content\/uploads\/2022\/08\/c785f67a-bf52-4ef9-b24d-e78a46b8559b-1-152x300.jpg 152w, https:\/\/www.notibras.com\/site\/wp-content\/uploads\/2022\/08\/c785f67a-bf52-4ef9-b24d-e78a46b8559b-1-520x1024.jpg 520w, https:\/\/www.notibras.com\/site\/wp-content\/uploads\/2022\/08\/c785f67a-bf52-4ef9-b24d-e78a46b8559b-1.jpg 540w\" sizes=\"auto, (max-width: 247px) 100vw, 247px\" \/><\/p>\n<p>&nbsp;<\/p>\n<p>Ricardo Vale vai disputar uma cadeira na C\u00e2mara Legislativa pela Federa\u00e7\u00e3o PT-PV-PCdoB. Ele vai inaugurar seu comit\u00ea na sexta, 26. A Federa\u00e7\u00e3o tem como candidato ao Pal\u00e1cio do Buriti, com o aval de Lula, o deputado distrital Leandro Grass (PV), que \u00e9 ignorado por Ricardo.<\/p>\n<p>J\u00e1 Patty, esposa do Valtinho assessor do conselheiro, faz campanha pela reelei\u00e7\u00e3o de Ibaneis. Seu irm\u00e3o Fernando, que costuma ter \u00f3leo de peroba ao alcance da m\u00e3o, quer ver como pr\u00f3ximo governador Paulo Oct\u00e1vio, que comanda a legenda de Rob\u00e9rio Negreiros.<\/p>\n<p><img loading=\"lazy\" decoding=\"async\" class=\"wp-image-290798 aligncenter\" src=\"https:\/\/www.notibras.com\/site\/wp-content\/uploads\/2022\/08\/ricardo-federal-138x300.jpg\" alt=\"\" width=\"252\" height=\"548\" srcset=\"https:\/\/www.notibras.com\/site\/wp-content\/uploads\/2022\/08\/ricardo-federal-138x300.jpg 138w, https:\/\/www.notibras.com\/site\/wp-content\/uploads\/2022\/08\/ricardo-federal-472x1024.jpg 472w, https:\/\/www.notibras.com\/site\/wp-content\/uploads\/2022\/08\/ricardo-federal-708x1536.jpg 708w\" sizes=\"auto, (max-width: 252px) 100vw, 252px\" \/><\/p>\n<p>Como se v\u00ea, uma ala do PT est\u00e1 rifando Leandro, como Ibaneis rifou Simone Tebet (MDB) ao decidir apoiar a reelei\u00e7\u00e3o de Bolsonaro (PL) . Faz lembrar verso de Chico Buarque, em <em>Quadrilha<\/em>: &#8220;Neste ano, como (a cada quatro anos) tem quadrilha no arraial&#8230; E neste ano, como sempre, salvo chuva e salvo engano, a satisfa\u00e7\u00e3o \u00e9 geral&#8230; N\u00e3o me leve a mal, n\u00e3o me leve a mal&#8230;&#8221;<\/p>\n","protected":false},"excerpt":{"rendered":"<p>A trai\u00e7\u00e3o pol\u00edtica ressurge em Bras\u00edlia como uma F\u00eanix do Planalto. Vejamos: Valter Soares Leite \u00e9 coordenador da campanha a deputado distrital do petista Ricardo Vale. A esposa dele, Patty Vanessa, \u00e9 irm\u00e3 de Fernando Madeira, administrador da Fercal, indicado pelo deputado Rob\u00e9rio Negreiros (PSD). Ricardo Vale \u00e9 irm\u00e3o de Paulo Tadeu, conselheiro do Tribunal [&hellip;]<\/p>\n","protected":false},"author":2,"featured_media":290796,"comment_status":"closed","ping_status":"closed","sticky":false,"template":"","format":"standard","meta":{"_acf_changed":false,"footnotes":""},"categories":[26],"tags":[95],"class_list":["post-290795","post","type-post","status-publish","format-standard","has-post-thumbnail","hentry","category-eleicoes-2022","tag-capa"],"acf":[],"_links":{"self":[{"href":"https:\/\/www.notibras.com\/site\/wp-json\/wp\/v2\/posts\/290795","targetHints":{"allow":["GET"]}}],"collection":[{"href":"https:\/\/www.notibras.com\/site\/wp-json\/wp\/v2\/posts"}],"about":[{"href":"https:\/\/www.notibras.com\/site\/wp-json\/wp\/v2\/types\/post"}],"author":[{"embeddable":true,"href":"https:\/\/www.notibras.com\/site\/wp-json\/wp\/v2\/users\/2"}],"replies":[{"embeddable":true,"href":"https:\/\/www.notibras.com\/site\/wp-json\/wp\/v2\/comments?post=290795"}],"version-history":[{"count":5,"href":"https:\/\/www.notibras.com\/site\/wp-json\/wp\/v2\/posts\/290795\/revisions"}],"predecessor-version":[{"id":290826,"href":"https:\/\/www.notibras.com\/site\/wp-json\/wp\/v2\/posts\/290795\/revisions\/290826"}],"wp:featuredmedia":[{"embeddable":true,"href":"https:\/\/www.notibras.com\/site\/wp-json\/wp\/v2\/media\/290796"}],"wp:attachment":[{"href":"https:\/\/www.notibras.com\/site\/wp-json\/wp\/v2\/media?parent=290795"}],"wp:term":[{"taxonomy":"category","embeddable":true,"href":"https:\/\/www.notibras.com\/site\/wp-json\/wp\/v2\/categories?post=290795"},{"taxonomy":"post_tag","embeddable":true,"href":"https:\/\/www.notibras.com\/site\/wp-json\/wp\/v2\/tags?post=290795"}],"curies":[{"name":"wp","href":"https:\/\/api.w.org\/{rel}","templated":true}]}}