{"id":29083,"date":"2014-11-21T18:38:43","date_gmt":"2014-11-21T21:38:43","guid":{"rendered":"http:\/\/www.notibras.com\/site\/?p=29083"},"modified":"2014-11-22T18:27:48","modified_gmt":"2014-11-22T21:27:48","slug":"vendaval-da-reeleicao-continua-oposicao-cobra-punicao-a-dados-mascarados","status":"publish","type":"post","link":"https:\/\/www.notibras.com\/site\/vendaval-da-reeleicao-continua-oposicao-cobra-punicao-a-dados-mascarados\/","title":{"rendered":"Oposi\u00e7\u00e3o v\u00ea dados estranhos e vendaval da urna continua"},"content":{"rendered":"<div class=\"entry-inner\">\n<p>O vendaval da sucess\u00e3o presidencial ainda n\u00e3o acabou. H\u00e1 muitas suspeitas no ar, como a maquiagem de dados (e outros mascarados) que teriam supostamente ajudado a manter a presidente Dilma Rousseff por mais quatro anos no Pal\u00e1cio do Planalto. Esse \u00e9 o principal argumento da oposi\u00e7\u00e3o, que decidiu entrar com representa\u00e7\u00e3o na Procuradoria-Geral da Rep\u00fablica contra dez autoridades.<\/p>\n<p>Os alvos s\u00e3o assessores diretos e indiretos do governo Dilma Rousseff, afirma o l\u00edder da oposi\u00e7\u00e3o no Congresso, deputado Ronaldo Caiado (DEM-GO). A acusa\u00e7\u00e3o \u00e9 de crime de responsabilidade e improbidade administrativa. A den\u00fancia, afirma Caiado, envolve atraso na divulga\u00e7\u00e3o de dados oficiais e ado\u00e7\u00e3o de medidas econ\u00f4micas durante o per\u00edodo eleitoral.<\/p>\n<p>Caiado lista uma s\u00e9rie de descumprimentos de cronogramas oficiais, balan\u00e7os e divulga\u00e7\u00e3o de estat\u00edsticas que, em sua opini\u00e3o, serviram para mascarar a \u201creal situa\u00e7\u00e3o do pa\u00eds\u201d com vistas \u00e0 reelei\u00e7\u00e3o da presidenta Dilma Rousseff. Entre as a\u00e7\u00f5es premeditadas para n\u00e3o interferir o processo eleitoral, aponta o deputado, est\u00e3o os registros de aumento da mis\u00e9ria absoluta, o avan\u00e7o do desmatamento na Amaz\u00f4nia e a queda na arrecada\u00e7\u00e3o de tributos.<\/p>\n<p>\u201cDe todas as atrocidades cometidas nesta elei\u00e7\u00e3o, a mais vexat\u00f3ria, sem d\u00favida, foi o governo impondo a \u00f3rg\u00e3os t\u00e9cnicos uma morda\u00e7a para que a popula\u00e7\u00e3o n\u00e3o soubesse a real situa\u00e7\u00e3o do pa\u00eds. Mais do que ningu\u00e9m, eles sabiam como estavam fazendo um mau governo e como isso n\u00e3o podia ser revelado durante as elei\u00e7\u00f5es\u201d, declara o l\u00edder oposicionista.<\/p>\n<blockquote><p>Entre os denunciados por Caiado est\u00e3o os ministros Guido Mantega (Fazenda), Edison Lob\u00e3o (Minas e Energia), Izabella Teixeira (Meio Ambiente) e Cl\u00e9lio Campolina Diniz (Ci\u00eancia, Tecnologia e Inova\u00e7\u00e3o), al\u00e9m do chefe da Secretaria Especial para Assuntos Estrat\u00e9gicos, Marcelo C\u00f4rtes. Tamb\u00e9m s\u00e3o acusados presidentes e diretores de ag\u00eancias: os presidentes do Banco Central, Alexandre Tombini, do Instituto Brasileiro do Meio Ambiente (Ibama), Volney Zanardi J\u00fanior, e do Instituto de Pesquisa Econ\u00f4mica Aplicada (Ipea), Suarez Soares; e os diretores do Instituto Nacional de Pesquisas Espaciais (Inpe), Leonel Fernando Perondi, e da Ag\u00eancia Nacional de Energia El\u00e9trica (Aneel), Romeu Rufino.<\/p><\/blockquote>\n<p>Segundo Caiado, as informa\u00e7\u00f5es oficiais foram divulgadas com atraso propositadamente, em at\u00e9 duas semanas depois do segundo turno das elei\u00e7\u00f5es (26 de outubro). O parlamentar aponta a ado\u00e7\u00e3o de medidas econ\u00f4micas \u201cimpopulares\u201d, por parte do governo, apenas depois do fim do pleito, todas \u201cnecess\u00e1rias para tentar conter a estagna\u00e7\u00e3o econ\u00f4mica que afeta o pa\u00eds\u201d. Entre elas, o aumento da taxa b\u00e1sica de juros (Selic) para 11,25%, pelo Comit\u00ea de Pol\u00edtica Monet\u00e1ria (Copom), s\u00f3 depois da corrida eleitoral, quando o correto, segundo Caiado, seria faz\u00ea-lo meses atr\u00e1s, para que o pa\u00eds n\u00e3o ficasse todo esse tempo \u201csem amparo governamental \u00e0 economia\u201d.<\/p>\n<p>\u201cPassaram a campanha fazendo terrorismo eleitoral relacionando alta dos juros como o vil\u00e3o do trabalhador. E o que fizeram uma semana depois? Foram na contram\u00e3o de sua propaganda populista e adotaram a medida necess\u00e1ria\u201d, fustigou Caiado.<\/p>\n<p>Outra medida atrasada de prop\u00f3sito, lembra ainda o deputado, foi o represamente do pre\u00e7o dos combust\u00edveis, levando a Petrobras a perdas de receita. O objetivo, diz o deputado, foi camuflar o efeito da \u201cinfla\u00e7\u00e3o descontrolada\u201d na economia popular. \u201cQuebraram a Petrobras, por um lado, com a corrup\u00e7\u00e3o. E, por outro, sacrificando a empresa. Fizeram da estatal um cabo eleitoral de campanha. Foi ela que absorveu todo o preju\u00edzo com o congelamento do pre\u00e7o da gasolina\u201d, acrescentou.<\/p>\n<p><strong>Publicado originalmente em <a href=\"http:\/\/www.naredecomjoseseabra.com.br\" target=\"_blank\">naredecomjoseseabra.com.br<\/a><\/strong><\/p>\n<\/div>\n","protected":false},"excerpt":{"rendered":"<p>O vendaval da sucess\u00e3o presidencial ainda n\u00e3o acabou. H\u00e1 muitas suspeitas no ar, como a maquiagem de dados (e outros mascarados) que teriam supostamente ajudado a manter a presidente Dilma Rousseff por mais quatro anos no Pal\u00e1cio do Planalto. Esse \u00e9 o principal argumento da oposi\u00e7\u00e3o, que decidiu entrar com representa\u00e7\u00e3o na Procuradoria-Geral da Rep\u00fablica [&hellip;]<\/p>\n","protected":false},"author":2,"featured_media":29084,"comment_status":"open","ping_status":"closed","sticky":false,"template":"","format":"standard","meta":{"_acf_changed":false,"footnotes":""},"categories":[16],"tags":[],"class_list":["post-29083","post","type-post","status-publish","format-standard","has-post-thumbnail","hentry","category-brasil"],"acf":[],"yoast_head":"<!-- This site is optimized with the Yoast SEO plugin v27.2 - https:\/\/yoast.com\/product\/yoast-seo-wordpress\/ -->\n<title>Oposi\u00e7\u00e3o v\u00ea dados estranhos e vendaval da urna continua - Notibras<\/title>\n<meta name=\"robots\" content=\"index, follow, max-snippet:-1, max-image-preview:large, max-video-preview:-1\" \/>\n<link rel=\"canonical\" href=\"https:\/\/www.notibras.com\/site\/vendaval-da-reeleicao-continua-oposicao-cobra-punicao-a-dados-mascarados\/\" \/>\n<meta property=\"og:locale\" content=\"pt_BR\" \/>\n<meta property=\"og:type\" content=\"article\" \/>\n<meta property=\"og:title\" content=\"Oposi\u00e7\u00e3o v\u00ea dados estranhos e vendaval da urna continua - Notibras\" \/>\n<meta property=\"og:description\" content=\"O vendaval da sucess\u00e3o presidencial ainda n\u00e3o acabou. H\u00e1 muitas suspeitas no ar, como a maquiagem de dados (e outros mascarados) que teriam supostamente ajudado a manter a presidente Dilma Rousseff por mais quatro anos no Pal\u00e1cio do Planalto. Esse \u00e9 o principal argumento da oposi\u00e7\u00e3o, que decidiu entrar com representa\u00e7\u00e3o na Procuradoria-Geral da Rep\u00fablica [&hellip;]\" \/>\n<meta property=\"og:url\" content=\"https:\/\/www.notibras.com\/site\/vendaval-da-reeleicao-continua-oposicao-cobra-punicao-a-dados-mascarados\/\" \/>\n<meta property=\"og:site_name\" content=\"Notibras\" \/>\n<meta property=\"article:publisher\" content=\"https:\/\/www.facebook.com\/notibras\/\" \/>\n<meta property=\"article:published_time\" content=\"2014-11-21T21:38:43+00:00\" \/>\n<meta property=\"article:modified_time\" content=\"2014-11-22T21:27:48+00:00\" \/>\n<meta property=\"og:image\" content=\"https:\/\/www.notibras.com\/site\/wp-content\/uploads\/2014\/11\/ronaldo-caiado1-620x450.jpg\" \/>\n\t<meta property=\"og:image:width\" content=\"620\" \/>\n\t<meta property=\"og:image:height\" content=\"450\" \/>\n\t<meta property=\"og:image:type\" content=\"image\/jpeg\" \/>\n<meta name=\"author\" content=\"Reda\u00e7\u00e3o\" \/>\n<meta name=\"twitter:card\" content=\"summary_large_image\" \/>\n<meta name=\"twitter:creator\" content=\"@Notibras\" \/>\n<meta name=\"twitter:site\" content=\"@Notibras\" \/>\n<meta name=\"twitter:label1\" content=\"Escrito por\" \/>\n\t<meta name=\"twitter:data1\" content=\"Reda\u00e7\u00e3o\" \/>\n\t<meta name=\"twitter:label2\" content=\"Est. tempo de leitura\" \/>\n\t<meta name=\"twitter:data2\" content=\"3 minutos\" \/>\n<script type=\"application\/ld+json\" class=\"yoast-schema-graph\">{\"@context\":\"https:\/\/schema.org\",\"@graph\":[{\"@type\":\"Article\",\"@id\":\"https:\/\/www.notibras.com\/site\/vendaval-da-reeleicao-continua-oposicao-cobra-punicao-a-dados-mascarados\/#article\",\"isPartOf\":{\"@id\":\"https:\/\/www.notibras.com\/site\/vendaval-da-reeleicao-continua-oposicao-cobra-punicao-a-dados-mascarados\/\"},\"author\":{\"name\":\"Reda\u00e7\u00e3o\",\"@id\":\"https:\/\/www.notibras.com\/site\/#\/schema\/person\/36ab0979449956132d3e5b517ea76ac8\"},\"headline\":\"Oposi\u00e7\u00e3o v\u00ea dados estranhos e vendaval da urna continua\",\"datePublished\":\"2014-11-21T21:38:43+00:00\",\"dateModified\":\"2014-11-22T21:27:48+00:00\",\"mainEntityOfPage\":{\"@id\":\"https:\/\/www.notibras.com\/site\/vendaval-da-reeleicao-continua-oposicao-cobra-punicao-a-dados-mascarados\/\"},\"wordCount\":639,\"commentCount\":0,\"publisher\":{\"@id\":\"https:\/\/www.notibras.com\/site\/#organization\"},\"image\":{\"@id\":\"https:\/\/www.notibras.com\/site\/vendaval-da-reeleicao-continua-oposicao-cobra-punicao-a-dados-mascarados\/#primaryimage\"},\"thumbnailUrl\":\"https:\/\/www.notibras.com\/site\/wp-content\/uploads\/2014\/11\/ronaldo-caiado1-620x450.jpg\",\"articleSection\":[\"Brasil\"],\"inLanguage\":\"pt-BR\",\"potentialAction\":[{\"@type\":\"CommentAction\",\"name\":\"Comment\",\"target\":[\"https:\/\/www.notibras.com\/site\/vendaval-da-reeleicao-continua-oposicao-cobra-punicao-a-dados-mascarados\/#respond\"]}]},{\"@type\":\"WebPage\",\"@id\":\"https:\/\/www.notibras.com\/site\/vendaval-da-reeleicao-continua-oposicao-cobra-punicao-a-dados-mascarados\/\",\"url\":\"https:\/\/www.notibras.com\/site\/vendaval-da-reeleicao-continua-oposicao-cobra-punicao-a-dados-mascarados\/\",\"name\":\"Oposi\u00e7\u00e3o v\u00ea dados estranhos e vendaval da urna continua - Notibras\",\"isPartOf\":{\"@id\":\"https:\/\/www.notibras.com\/site\/#website\"},\"primaryImageOfPage\":{\"@id\":\"https:\/\/www.notibras.com\/site\/vendaval-da-reeleicao-continua-oposicao-cobra-punicao-a-dados-mascarados\/#primaryimage\"},\"image\":{\"@id\":\"https:\/\/www.notibras.com\/site\/vendaval-da-reeleicao-continua-oposicao-cobra-punicao-a-dados-mascarados\/#primaryimage\"},\"thumbnailUrl\":\"https:\/\/www.notibras.com\/site\/wp-content\/uploads\/2014\/11\/ronaldo-caiado1-620x450.jpg\",\"datePublished\":\"2014-11-21T21:38:43+00:00\",\"dateModified\":\"2014-11-22T21:27:48+00:00\",\"breadcrumb\":{\"@id\":\"https:\/\/www.notibras.com\/site\/vendaval-da-reeleicao-continua-oposicao-cobra-punicao-a-dados-mascarados\/#breadcrumb\"},\"inLanguage\":\"pt-BR\",\"potentialAction\":[{\"@type\":\"ReadAction\",\"target\":[\"https:\/\/www.notibras.com\/site\/vendaval-da-reeleicao-continua-oposicao-cobra-punicao-a-dados-mascarados\/\"]}]},{\"@type\":\"ImageObject\",\"inLanguage\":\"pt-BR\",\"@id\":\"https:\/\/www.notibras.com\/site\/vendaval-da-reeleicao-continua-oposicao-cobra-punicao-a-dados-mascarados\/#primaryimage\",\"url\":\"https:\/\/www.notibras.com\/site\/wp-content\/uploads\/2014\/11\/ronaldo-caiado1-620x450.jpg\",\"contentUrl\":\"https:\/\/www.notibras.com\/site\/wp-content\/uploads\/2014\/11\/ronaldo-caiado1-620x450.jpg\",\"width\":620,\"height\":450},{\"@type\":\"BreadcrumbList\",\"@id\":\"https:\/\/www.notibras.com\/site\/vendaval-da-reeleicao-continua-oposicao-cobra-punicao-a-dados-mascarados\/#breadcrumb\",\"itemListElement\":[{\"@type\":\"ListItem\",\"position\":1,\"name\":\"In\u00edcio\",\"item\":\"https:\/\/www.notibras.com\/site\/\"},{\"@type\":\"ListItem\",\"position\":2,\"name\":\"Oposi\u00e7\u00e3o v\u00ea dados estranhos e vendaval da urna continua\"}]},{\"@type\":\"WebSite\",\"@id\":\"https:\/\/www.notibras.com\/site\/#website\",\"url\":\"https:\/\/www.notibras.com\/site\/\",\"name\":\"Notibras\",\"description\":\"Not\u00edcias de Bras\u00edlia, do Brasil e do Mundo\",\"publisher\":{\"@id\":\"https:\/\/www.notibras.com\/site\/#organization\"},\"potentialAction\":[{\"@type\":\"SearchAction\",\"target\":{\"@type\":\"EntryPoint\",\"urlTemplate\":\"https:\/\/www.notibras.com\/site\/?s={search_term_string}\"},\"query-input\":{\"@type\":\"PropertyValueSpecification\",\"valueRequired\":true,\"valueName\":\"search_term_string\"}}],\"inLanguage\":\"pt-BR\"},{\"@type\":\"Organization\",\"@id\":\"https:\/\/www.notibras.com\/site\/#organization\",\"name\":\"Grupo Notibras de Comunica\u00e7\u00e3o\",\"url\":\"https:\/\/www.notibras.com\/site\/\",\"logo\":{\"@type\":\"ImageObject\",\"inLanguage\":\"pt-BR\",\"@id\":\"https:\/\/www.notibras.com\/site\/#\/schema\/logo\/image\/\",\"url\":\"https:\/\/www.notibras.com\/site\/wp-content\/uploads\/2023\/01\/notibras23.png\",\"contentUrl\":\"https:\/\/www.notibras.com\/site\/wp-content\/uploads\/2023\/01\/notibras23.png\",\"width\":350,\"height\":87,\"caption\":\"Grupo Notibras de Comunica\u00e7\u00e3o\"},\"image\":{\"@id\":\"https:\/\/www.notibras.com\/site\/#\/schema\/logo\/image\/\"},\"sameAs\":[\"https:\/\/www.facebook.com\/notibras\/\",\"https:\/\/x.com\/Notibras\",\"https:\/\/www.instagram.com\/notibras\/\"]},{\"@type\":\"Person\",\"@id\":\"https:\/\/www.notibras.com\/site\/#\/schema\/person\/36ab0979449956132d3e5b517ea76ac8\",\"name\":\"Reda\u00e7\u00e3o\",\"image\":{\"@type\":\"ImageObject\",\"inLanguage\":\"pt-BR\",\"@id\":\"https:\/\/secure.gravatar.com\/avatar\/e0a867bdedb85fd243eadf09663511f96fc81e0720a4a42581f334ad4303aa6b?s=96&d=mm&r=g\",\"url\":\"https:\/\/secure.gravatar.com\/avatar\/e0a867bdedb85fd243eadf09663511f96fc81e0720a4a42581f334ad4303aa6b?s=96&d=mm&r=g\",\"contentUrl\":\"https:\/\/secure.gravatar.com\/avatar\/e0a867bdedb85fd243eadf09663511f96fc81e0720a4a42581f334ad4303aa6b?s=96&d=mm&r=g\",\"caption\":\"Reda\u00e7\u00e3o\"}}]}<\/script>\n<!-- \/ Yoast SEO plugin. -->","yoast_head_json":{"title":"Oposi\u00e7\u00e3o v\u00ea dados estranhos e vendaval da urna continua - Notibras","robots":{"index":"index","follow":"follow","max-snippet":"max-snippet:-1","max-image-preview":"max-image-preview:large","max-video-preview":"max-video-preview:-1"},"canonical":"https:\/\/www.notibras.com\/site\/vendaval-da-reeleicao-continua-oposicao-cobra-punicao-a-dados-mascarados\/","og_locale":"pt_BR","og_type":"article","og_title":"Oposi\u00e7\u00e3o v\u00ea dados estranhos e vendaval da urna continua - Notibras","og_description":"O vendaval da sucess\u00e3o presidencial ainda n\u00e3o acabou. H\u00e1 muitas suspeitas no ar, como a maquiagem de dados (e outros mascarados) que teriam supostamente ajudado a manter a presidente Dilma Rousseff por mais quatro anos no Pal\u00e1cio do Planalto. Esse \u00e9 o principal argumento da oposi\u00e7\u00e3o, que decidiu entrar com representa\u00e7\u00e3o na Procuradoria-Geral da Rep\u00fablica [&hellip;]","og_url":"https:\/\/www.notibras.com\/site\/vendaval-da-reeleicao-continua-oposicao-cobra-punicao-a-dados-mascarados\/","og_site_name":"Notibras","article_publisher":"https:\/\/www.facebook.com\/notibras\/","article_published_time":"2014-11-21T21:38:43+00:00","article_modified_time":"2014-11-22T21:27:48+00:00","og_image":[{"width":620,"height":450,"url":"https:\/\/www.notibras.com\/site\/wp-content\/uploads\/2014\/11\/ronaldo-caiado1-620x450.jpg","type":"image\/jpeg"}],"author":"Reda\u00e7\u00e3o","twitter_card":"summary_large_image","twitter_creator":"@Notibras","twitter_site":"@Notibras","twitter_misc":{"Escrito por":"Reda\u00e7\u00e3o","Est. tempo de leitura":"3 minutos"},"schema":{"@context":"https:\/\/schema.org","@graph":[{"@type":"Article","@id":"https:\/\/www.notibras.com\/site\/vendaval-da-reeleicao-continua-oposicao-cobra-punicao-a-dados-mascarados\/#article","isPartOf":{"@id":"https:\/\/www.notibras.com\/site\/vendaval-da-reeleicao-continua-oposicao-cobra-punicao-a-dados-mascarados\/"},"author":{"name":"Reda\u00e7\u00e3o","@id":"https:\/\/www.notibras.com\/site\/#\/schema\/person\/36ab0979449956132d3e5b517ea76ac8"},"headline":"Oposi\u00e7\u00e3o v\u00ea dados estranhos e vendaval da urna continua","datePublished":"2014-11-21T21:38:43+00:00","dateModified":"2014-11-22T21:27:48+00:00","mainEntityOfPage":{"@id":"https:\/\/www.notibras.com\/site\/vendaval-da-reeleicao-continua-oposicao-cobra-punicao-a-dados-mascarados\/"},"wordCount":639,"commentCount":0,"publisher":{"@id":"https:\/\/www.notibras.com\/site\/#organization"},"image":{"@id":"https:\/\/www.notibras.com\/site\/vendaval-da-reeleicao-continua-oposicao-cobra-punicao-a-dados-mascarados\/#primaryimage"},"thumbnailUrl":"https:\/\/www.notibras.com\/site\/wp-content\/uploads\/2014\/11\/ronaldo-caiado1-620x450.jpg","articleSection":["Brasil"],"inLanguage":"pt-BR","potentialAction":[{"@type":"CommentAction","name":"Comment","target":["https:\/\/www.notibras.com\/site\/vendaval-da-reeleicao-continua-oposicao-cobra-punicao-a-dados-mascarados\/#respond"]}]},{"@type":"WebPage","@id":"https:\/\/www.notibras.com\/site\/vendaval-da-reeleicao-continua-oposicao-cobra-punicao-a-dados-mascarados\/","url":"https:\/\/www.notibras.com\/site\/vendaval-da-reeleicao-continua-oposicao-cobra-punicao-a-dados-mascarados\/","name":"Oposi\u00e7\u00e3o v\u00ea dados estranhos e vendaval da urna continua - Notibras","isPartOf":{"@id":"https:\/\/www.notibras.com\/site\/#website"},"primaryImageOfPage":{"@id":"https:\/\/www.notibras.com\/site\/vendaval-da-reeleicao-continua-oposicao-cobra-punicao-a-dados-mascarados\/#primaryimage"},"image":{"@id":"https:\/\/www.notibras.com\/site\/vendaval-da-reeleicao-continua-oposicao-cobra-punicao-a-dados-mascarados\/#primaryimage"},"thumbnailUrl":"https:\/\/www.notibras.com\/site\/wp-content\/uploads\/2014\/11\/ronaldo-caiado1-620x450.jpg","datePublished":"2014-11-21T21:38:43+00:00","dateModified":"2014-11-22T21:27:48+00:00","breadcrumb":{"@id":"https:\/\/www.notibras.com\/site\/vendaval-da-reeleicao-continua-oposicao-cobra-punicao-a-dados-mascarados\/#breadcrumb"},"inLanguage":"pt-BR","potentialAction":[{"@type":"ReadAction","target":["https:\/\/www.notibras.com\/site\/vendaval-da-reeleicao-continua-oposicao-cobra-punicao-a-dados-mascarados\/"]}]},{"@type":"ImageObject","inLanguage":"pt-BR","@id":"https:\/\/www.notibras.com\/site\/vendaval-da-reeleicao-continua-oposicao-cobra-punicao-a-dados-mascarados\/#primaryimage","url":"https:\/\/www.notibras.com\/site\/wp-content\/uploads\/2014\/11\/ronaldo-caiado1-620x450.jpg","contentUrl":"https:\/\/www.notibras.com\/site\/wp-content\/uploads\/2014\/11\/ronaldo-caiado1-620x450.jpg","width":620,"height":450},{"@type":"BreadcrumbList","@id":"https:\/\/www.notibras.com\/site\/vendaval-da-reeleicao-continua-oposicao-cobra-punicao-a-dados-mascarados\/#breadcrumb","itemListElement":[{"@type":"ListItem","position":1,"name":"In\u00edcio","item":"https:\/\/www.notibras.com\/site\/"},{"@type":"ListItem","position":2,"name":"Oposi\u00e7\u00e3o v\u00ea dados estranhos e vendaval da urna continua"}]},{"@type":"WebSite","@id":"https:\/\/www.notibras.com\/site\/#website","url":"https:\/\/www.notibras.com\/site\/","name":"Notibras","description":"Not\u00edcias de Bras\u00edlia, do Brasil e do Mundo","publisher":{"@id":"https:\/\/www.notibras.com\/site\/#organization"},"potentialAction":[{"@type":"SearchAction","target":{"@type":"EntryPoint","urlTemplate":"https:\/\/www.notibras.com\/site\/?s={search_term_string}"},"query-input":{"@type":"PropertyValueSpecification","valueRequired":true,"valueName":"search_term_string"}}],"inLanguage":"pt-BR"},{"@type":"Organization","@id":"https:\/\/www.notibras.com\/site\/#organization","name":"Grupo Notibras de Comunica\u00e7\u00e3o","url":"https:\/\/www.notibras.com\/site\/","logo":{"@type":"ImageObject","inLanguage":"pt-BR","@id":"https:\/\/www.notibras.com\/site\/#\/schema\/logo\/image\/","url":"https:\/\/www.notibras.com\/site\/wp-content\/uploads\/2023\/01\/notibras23.png","contentUrl":"https:\/\/www.notibras.com\/site\/wp-content\/uploads\/2023\/01\/notibras23.png","width":350,"height":87,"caption":"Grupo Notibras de Comunica\u00e7\u00e3o"},"image":{"@id":"https:\/\/www.notibras.com\/site\/#\/schema\/logo\/image\/"},"sameAs":["https:\/\/www.facebook.com\/notibras\/","https:\/\/x.com\/Notibras","https:\/\/www.instagram.com\/notibras\/"]},{"@type":"Person","@id":"https:\/\/www.notibras.com\/site\/#\/schema\/person\/36ab0979449956132d3e5b517ea76ac8","name":"Reda\u00e7\u00e3o","image":{"@type":"ImageObject","inLanguage":"pt-BR","@id":"https:\/\/secure.gravatar.com\/avatar\/e0a867bdedb85fd243eadf09663511f96fc81e0720a4a42581f334ad4303aa6b?s=96&d=mm&r=g","url":"https:\/\/secure.gravatar.com\/avatar\/e0a867bdedb85fd243eadf09663511f96fc81e0720a4a42581f334ad4303aa6b?s=96&d=mm&r=g","contentUrl":"https:\/\/secure.gravatar.com\/avatar\/e0a867bdedb85fd243eadf09663511f96fc81e0720a4a42581f334ad4303aa6b?s=96&d=mm&r=g","caption":"Reda\u00e7\u00e3o"}}]}},"amp_enabled":true,"_links":{"self":[{"href":"https:\/\/www.notibras.com\/site\/wp-json\/wp\/v2\/posts\/29083","targetHints":{"allow":["GET"]}}],"collection":[{"href":"https:\/\/www.notibras.com\/site\/wp-json\/wp\/v2\/posts"}],"about":[{"href":"https:\/\/www.notibras.com\/site\/wp-json\/wp\/v2\/types\/post"}],"author":[{"embeddable":true,"href":"https:\/\/www.notibras.com\/site\/wp-json\/wp\/v2\/users\/2"}],"replies":[{"embeddable":true,"href":"https:\/\/www.notibras.com\/site\/wp-json\/wp\/v2\/comments?post=29083"}],"version-history":[{"count":0,"href":"https:\/\/www.notibras.com\/site\/wp-json\/wp\/v2\/posts\/29083\/revisions"}],"wp:featuredmedia":[{"embeddable":true,"href":"https:\/\/www.notibras.com\/site\/wp-json\/wp\/v2\/media\/29084"}],"wp:attachment":[{"href":"https:\/\/www.notibras.com\/site\/wp-json\/wp\/v2\/media?parent=29083"}],"wp:term":[{"taxonomy":"category","embeddable":true,"href":"https:\/\/www.notibras.com\/site\/wp-json\/wp\/v2\/categories?post=29083"},{"taxonomy":"post_tag","embeddable":true,"href":"https:\/\/www.notibras.com\/site\/wp-json\/wp\/v2\/tags?post=29083"}],"curies":[{"name":"wp","href":"https:\/\/api.w.org\/{rel}","templated":true}]}}