{"id":290838,"date":"2022-08-26T08:36:28","date_gmt":"2022-08-26T11:36:28","guid":{"rendered":"https:\/\/www.notibras.com\/site\/?p=290838"},"modified":"2022-08-26T20:00:47","modified_gmt":"2022-08-26T23:00:47","slug":"lula-leva-vene-na-mao-e-eleicao-na-paraiba-vira-favas-contadas","status":"publish","type":"post","link":"https:\/\/www.notibras.com\/site\/lula-leva-vene-na-mao-e-eleicao-na-paraiba-vira-favas-contadas\/","title":{"rendered":"Lula leva Ven\u00e9 na m\u00e3o e elei\u00e7\u00e3o na Para\u00edba vira favas contadas"},"content":{"rendered":"<p>\u00c0 medida em que Lula cresce em inten\u00e7\u00e3o de voto no Nordeste (65% dos votos v\u00e1lidos contra apenas 35% para Bolsonaro, segundo a m\u00e9dia dos \u00faltimos levantamentos dos institutos de pesquisa), crescem juntos seus aliados aos governos estaduais. \u00c9 o caso da Para\u00edba, onde o presidenci\u00e1vel do PT manifestou publicamente (veja v\u00eddeo abaixo) apoio a Veneziano (MDB).<\/p>\n<p>Com esse apoio, e o simples fato de os petistas abra\u00e7arem Vev\u00e9, ao lado de Ricardo Coutinho (PT) que lidera com folga a corrida ao Senado, fica claro que Veneziano est\u00e1 com um p\u00e9 no segundo turno. Depois, \u00e9 s\u00f3 dar mais alguns passos para assumir o Pal\u00e1cio da Reden\u00e7\u00e3o no dia primeiro de janeiro de 2023.<\/p>\n<p>Como \u00e9 sabido entre os eleitores, Vev\u00e9 tornou-se a grande aposta do ex-presidente Luiz In\u00e1cio Lula da Silva para assumir o comando do Estado nos pr\u00f3ximos quatro anos. A escolha foi explicitada pelo pr\u00f3prio Lula. Segundo ele, o atual senador \u00e9 uma figura simb\u00f3lica de tudo o que a Para\u00edba representa no contexto pol\u00edtico nacional.<\/p>\n<p>A Para\u00edba, \u00e9 bom lembrar, \u00e9 historicamente conhecida por seu posicionamento progressista, cuja bandeira rubro negra \u00e9 representativa de toda a irrever\u00eancia e posicionamento questionador e tra\u00e7os marcantes do Estado.<\/p>\n<p>As pesquisas indicam, por si s\u00f3, que o candidato aliado a Lula ter\u00e1 vota\u00e7\u00e3o expressiva. Desde o in\u00edcio da campanha eleitoral, h\u00e1 uma semana, revela, por exemplo, o Instituto Real Time Big Data, Vev\u00e9 saltou de 14% para 29%, deixando seus advers\u00e1rios para tr\u00e1s, a come\u00e7ar por Jo\u00e3o Azev\u00eado (PSB), que tenta a reelei\u00e7\u00e3o, que caiu para 25%. Em seguida aparece, embolado com o governador, Nilvan Ferreira (PL) com 23%. Na rabeira, est\u00e1 Pedro Cunha Lima (PSDB) com meros 12%.<\/p>\n<p>Diante desse quadro, analistas pol\u00edticos avaliam que se Veneziano subir proporcionalmente o que conseguiu na \u00faltima semana, chegar\u00e1 no dia 2 de outubro bem acima do candidato \u00e0 reelei\u00e7\u00e3o. \u00c9 prematuro dizer, embora n\u00e3o esteja descartado, enfatizam esses analistas, que Vev\u00e9 levar\u00e1 no primeiro turno, numa arrancada final que est\u00e1 deixando os advers\u00e1rios desesperados. Mas, com a for\u00e7a de Lula e o carisma de Veneziano, n\u00e3o ser\u00e1 surpresa se o povo paraibano gritar, no primeiro turno, que resgatou &#8216;sua reden\u00e7\u00e3o&#8221;.<\/p>\n<p><strong>Veja o v\u00eddeo<\/strong><\/p>\n<div style=\"width: 640px;\" class=\"wp-video\"><video class=\"wp-video-shortcode\" id=\"video-290838-1\" width=\"640\" height=\"360\" preload=\"metadata\" controls=\"controls\"><source type=\"video\/mp4\" src=\"https:\/\/www.notibras.com\/LulaPB.mp4?_=1\" \/><a href=\"https:\/\/www.notibras.com\/LulaPB.mp4\">https:\/\/www.notibras.com\/LulaPB.mp4<\/a><\/video><\/div>\n","protected":false},"excerpt":{"rendered":"<p>\u00c0 medida em que Lula cresce em inten\u00e7\u00e3o de voto no Nordeste (65% dos votos v\u00e1lidos contra apenas 35% para Bolsonaro, segundo a m\u00e9dia dos \u00faltimos levantamentos dos institutos de pesquisa), crescem juntos seus aliados aos governos estaduais. \u00c9 o caso da Para\u00edba, onde o presidenci\u00e1vel do PT manifestou publicamente (veja v\u00eddeo abaixo) apoio a [&hellip;]<\/p>\n","protected":false},"author":2,"featured_media":290859,"comment_status":"closed","ping_status":"closed","sticky":false,"template":"","format":"standard","meta":{"_acf_changed":false,"footnotes":""},"categories":[26],"tags":[95],"class_list":["post-290838","post","type-post","status-publish","format-standard","has-post-thumbnail","hentry","category-eleicoes-2022","tag-capa"],"acf":[],"_links":{"self":[{"href":"https:\/\/www.notibras.com\/site\/wp-json\/wp\/v2\/posts\/290838","targetHints":{"allow":["GET"]}}],"collection":[{"href":"https:\/\/www.notibras.com\/site\/wp-json\/wp\/v2\/posts"}],"about":[{"href":"https:\/\/www.notibras.com\/site\/wp-json\/wp\/v2\/types\/post"}],"author":[{"embeddable":true,"href":"https:\/\/www.notibras.com\/site\/wp-json\/wp\/v2\/users\/2"}],"replies":[{"embeddable":true,"href":"https:\/\/www.notibras.com\/site\/wp-json\/wp\/v2\/comments?post=290838"}],"version-history":[{"count":7,"href":"https:\/\/www.notibras.com\/site\/wp-json\/wp\/v2\/posts\/290838\/revisions"}],"predecessor-version":[{"id":290864,"href":"https:\/\/www.notibras.com\/site\/wp-json\/wp\/v2\/posts\/290838\/revisions\/290864"}],"wp:featuredmedia":[{"embeddable":true,"href":"https:\/\/www.notibras.com\/site\/wp-json\/wp\/v2\/media\/290859"}],"wp:attachment":[{"href":"https:\/\/www.notibras.com\/site\/wp-json\/wp\/v2\/media?parent=290838"}],"wp:term":[{"taxonomy":"category","embeddable":true,"href":"https:\/\/www.notibras.com\/site\/wp-json\/wp\/v2\/categories?post=290838"},{"taxonomy":"post_tag","embeddable":true,"href":"https:\/\/www.notibras.com\/site\/wp-json\/wp\/v2\/tags?post=290838"}],"curies":[{"name":"wp","href":"https:\/\/api.w.org\/{rel}","templated":true}]}}