{"id":290844,"date":"2022-08-25T22:10:00","date_gmt":"2022-08-26T01:10:00","guid":{"rendered":"https:\/\/www.notibras.com\/site\/?p=290844"},"modified":"2022-08-25T22:09:11","modified_gmt":"2022-08-26T01:09:11","slug":"militares-resgatam-credibilidade-na-corrida-as-urnas-eletronicas","status":"publish","type":"post","link":"https:\/\/www.notibras.com\/site\/militares-resgatam-credibilidade-na-corrida-as-urnas-eletronicas\/","title":{"rendered":"Militares resgatam credibilidade na corrida \u00e0s urnas eletr\u00f4nicas"},"content":{"rendered":"<p>Analistas pol\u00edticos t\u00eam detectado nas elei\u00e7\u00f5es de 2022 no Brasil um fen\u00f4meno novo, que nunca havia sido percebido antes na hist\u00f3ria da Rep\u00fablica: uma s\u00fabita e in\u00e9dita eleva\u00e7\u00e3o no n\u00famero de candidaturas de militares, das mais diferentes tend\u00eancias pol\u00edticas. Por certo, um dos motivos \u00e9 a credibilidade que essa categoria &#8211; sejam as For\u00e7as Armadas, sejam as for\u00e7as auxiliares &#8211;\u00a0 det\u00e9m sobre a sociedade, independente de ideologia.<\/p>\n<p>O fen\u00f4meno \u00e9 atribu\u00eddo tamb\u00e9m \u00e0 edi\u00e7\u00e3o da Emenda Constitucional 111\/21, que conferiu maior peso aos votos de candidaturas femininas e de pessoas negras no c\u00e1lculo da divis\u00e3o do fundo partid\u00e1rio e do fundo eleitoral, al\u00e9m \u2013 \u00e9 claro \u2013 da san\u00e7\u00e3o da Lei 14.208\/21, que instituiu as federa\u00e7\u00f5es partid\u00e1rias, que constituem associa\u00e7\u00f5es entre dois ou mais partidos por um per\u00edodo m\u00ednimo de quatro anos.<\/p>\n<p>Na avalia\u00e7\u00e3o desses analistas, o objetivo de tais medidas \u00e9 evitar a cria\u00e7\u00e3o de &#8216;coliga\u00e7\u00f5es eleitoreiras&#8217; e reduzir a fragmenta\u00e7\u00e3o partid\u00e1ria, fatos verificados at\u00e9 as elei\u00e7\u00f5es de 2018, al\u00e9m de propiciar o aumento da diversidade racial e de g\u00eanero dos eleitos. Com isso, houve a eleva\u00e7\u00e3o da cl\u00e1usula de desempenho, que se refere ao m\u00ednimo de votos necess\u00e1rios para se ter acesso ao fundo partid\u00e1rio e ao hor\u00e1rio gratuito de r\u00e1dio e televis\u00e3o.<\/p>\n<p>Todavia, com a implementa\u00e7\u00e3o de tais medidas, ocorreu tamb\u00e9m uma redu\u00e7\u00e3o acentuada do interesse de civis em concorrer \u00e0s elei\u00e7\u00f5es. Assim, com menos civis se candidatando, uma vez que muitos n\u00e3o se enquadram nos novos crit\u00e9rios, h\u00e1 menos acesso ao fundo eleitoral pelos partidos, raz\u00e3o pela qual as legendas partid\u00e1rias come\u00e7aram a procurar nas for\u00e7as militares o preenchimento das vagas em aberto.<\/p>\n<p>Claro, muito desse novo movimento \u00e9 decorrente tamb\u00e9m da escolha eleitoral de um presidente militar e de uma polariza\u00e7\u00e3o radical que ocorre h\u00e1 anos no Pa\u00eds. Polariza\u00e7\u00e3o, ressalte-se, que se intensifica, cujo resultado \u00e9 imprevis\u00edvel. Todo este contexto pol\u00edtico favoreceu a motiva\u00e7\u00e3o para que os militares participem do processo eleitoral.<\/p>\n<p>Dentre as diversas patentes que v\u00e3o constar nas urnas em 2022, podem ser vistas as de general, tenente, comandante, coronel, major e, evidentemente, capit\u00e3o. S\u00e3o, ao todo, mais de 1,5 mil candidatos ligados \u00e0s For\u00e7as Armadas, \u00e0 Pol\u00edcia Militar e ao Corpo de Bombeiros.<\/p>\n<p>Al\u00e9m disso, seus nomes de legenda tamb\u00e9m v\u00e3o estampar suas patentes. Mas n\u00e3o apenas servidores da ativa ir\u00e3o concorrer, uma vez que muitos candidatos s\u00e3o militares reformados. Toda esta realidade de agora contrasta com a verificada nas elei\u00e7\u00f5es de 2018, quando 1 mil 186 candidatos declararam ocupa\u00e7\u00e3o militar ou utilizaram patentes em seus nomes de urna. Urnas, ali\u00e1s, que definir\u00e3o democraticamente o que fardados e de pijamas, eleitos, tomar\u00e3o para dar os rumos que o Brasil deve seguir.<\/p>\n","protected":false},"excerpt":{"rendered":"<p>Analistas pol\u00edticos t\u00eam detectado nas elei\u00e7\u00f5es de 2022 no Brasil um fen\u00f4meno novo, que nunca havia sido percebido antes na hist\u00f3ria da Rep\u00fablica: uma s\u00fabita e in\u00e9dita eleva\u00e7\u00e3o no n\u00famero de candidaturas de militares, das mais diferentes tend\u00eancias pol\u00edticas. Por certo, um dos motivos \u00e9 a credibilidade que essa categoria &#8211; sejam as For\u00e7as Armadas, [&hellip;]<\/p>\n","protected":false},"author":2,"featured_media":290845,"comment_status":"closed","ping_status":"closed","sticky":false,"template":"","format":"standard","meta":{"_acf_changed":false,"footnotes":""},"categories":[26],"tags":[95],"class_list":["post-290844","post","type-post","status-publish","format-standard","has-post-thumbnail","hentry","category-eleicoes-2022","tag-capa"],"acf":[],"_links":{"self":[{"href":"https:\/\/www.notibras.com\/site\/wp-json\/wp\/v2\/posts\/290844","targetHints":{"allow":["GET"]}}],"collection":[{"href":"https:\/\/www.notibras.com\/site\/wp-json\/wp\/v2\/posts"}],"about":[{"href":"https:\/\/www.notibras.com\/site\/wp-json\/wp\/v2\/types\/post"}],"author":[{"embeddable":true,"href":"https:\/\/www.notibras.com\/site\/wp-json\/wp\/v2\/users\/2"}],"replies":[{"embeddable":true,"href":"https:\/\/www.notibras.com\/site\/wp-json\/wp\/v2\/comments?post=290844"}],"version-history":[{"count":3,"href":"https:\/\/www.notibras.com\/site\/wp-json\/wp\/v2\/posts\/290844\/revisions"}],"predecessor-version":[{"id":290848,"href":"https:\/\/www.notibras.com\/site\/wp-json\/wp\/v2\/posts\/290844\/revisions\/290848"}],"wp:featuredmedia":[{"embeddable":true,"href":"https:\/\/www.notibras.com\/site\/wp-json\/wp\/v2\/media\/290845"}],"wp:attachment":[{"href":"https:\/\/www.notibras.com\/site\/wp-json\/wp\/v2\/media?parent=290844"}],"wp:term":[{"taxonomy":"category","embeddable":true,"href":"https:\/\/www.notibras.com\/site\/wp-json\/wp\/v2\/categories?post=290844"},{"taxonomy":"post_tag","embeddable":true,"href":"https:\/\/www.notibras.com\/site\/wp-json\/wp\/v2\/tags?post=290844"}],"curies":[{"name":"wp","href":"https:\/\/api.w.org\/{rel}","templated":true}]}}