{"id":290895,"date":"2022-08-28T07:22:17","date_gmt":"2022-08-28T10:22:17","guid":{"rendered":"https:\/\/www.notibras.com\/site\/?p=290895"},"modified":"2022-08-28T07:29:28","modified_gmt":"2022-08-28T10:29:28","slug":"disputa-de-outubro-abre-portas-para-renovacao-politica-em-2026","status":"publish","type":"post","link":"https:\/\/www.notibras.com\/site\/disputa-de-outubro-abre-portas-para-renovacao-politica-em-2026\/","title":{"rendered":"Disputa de outubro abre portas para renova\u00e7\u00e3o pol\u00edtica em 2026"},"content":{"rendered":"<p>H\u00e1 algo em jogo na disputa pelo Pal\u00e1cio do Buriti em outubro pr\u00f3ximo. N\u00e3o tem nada a ver com o maquiavelismo do Pr\u00edncipe, muito menos com a podrid\u00e3o shakespeariana descrita no reino da Dinamarca. Os passos que est\u00e3o sendo dados marcar\u00e3o a renova\u00e7\u00e3o pol\u00edtica a ser implantada em 2026. Duas sementes come\u00e7am a ser cultivadas. E brotar\u00e3o com for\u00e7a ao longo dos pr\u00f3ximos quatros anos.<\/p>\n<p>A renova\u00e7\u00e3o vir\u00e1 pelas m\u00e3os do ex-senador Paulo Oct\u00e1vio (PSD) e de Luiz Felipe Belmonte (PSC) cabe\u00e7a de chapa e vice de uma alian\u00e7a com maior potencial, hoje, para derrotar nas urnas Ibaneis Rocha (MDB). Vencedores agora, apesar das dificuldades que enfrentar\u00e3o com Leandro <em>Pedra no Sapato<\/em> Grass, o empres\u00e1rio e o advogado querem ver seus herdeiros pol\u00edticos continuarem e implantarem definitivamente um projeto totalmente voltado para os interesses da sociedade.<\/p>\n<p>Pragm\u00e1ticos e estrategistas, PO e Belmonte est\u00e3o tranquilos quanto a elei\u00e7\u00e3o de Andr\u00e9 Kubitschek, do mesmo PSD do pai como deputado federal, e de Paula Belmonte, presidente regional do Cidadania, a distrital. Experi\u00eancia no Congresso Nacional a deputada j\u00e1 tem, acumulada no seu atual mandato. Agora chegou a vez de sentir o cheiro do povo mais de perto, usando a tribuna da C\u00e2mara Legislativa como trampolim para ocupar o Buriti daqui a quatro anos. Ser\u00e1, como se diz de boca em boca, a &#8216;m\u00e3ezona&#8217; que Bras\u00edlia precisa.<\/p>\n<p>J\u00e1 Andr\u00e9, na disputa de 2026, trocar\u00e1 a C\u00e2mara dos Deputados por uma cadeira no Senado da Rep\u00fablica. Aprender\u00e1 mais, porque 2030 \u00e9 logo ali. E como h\u00e1 um pacto de n\u00e3o-reelei\u00e7\u00e3o entre os dois grupos, j\u00e1 se pode dizer que quem comandar\u00e1 os destinos do Distrito Federal pelos pr\u00f3ximos 12 nos tem nome e sobrenome. E JK, que vive nos cora\u00e7\u00f5es de jovens e velhos eleitores, ver\u00e1, de onde quer que esteja, seu sonho finalmente lapidado.<\/p>\n<p><strong>A guerreira<\/strong><br \/>\nSobre Paula Belmonte, h\u00e1 muito o que se dizer. Depois de tr\u00eas anos e meio (at\u00e9 agora, porque seu mandato se encerra no dia 31 de dezembro), onde \u00e9 figura de destaque, a deputada federal recuou um passo para construir em quatro anos o curto caminho que separa a C\u00e2mara Legislativa do Pal\u00e1cio do Buriti. H\u00e1 quem sustente que das cadeiras em disputa, uma j\u00e1 \u00e9 dela. Restam, portanto, outras 23 para serem disputadas por grande parte de representantes do fisiologismo repudiado pelo eleitor.<\/p>\n<p>Na campanha a deputada distrital, a candidata far\u00e1 o que mais sabe: jogar a lupa e apontar os esc\u00e2ndalos de corrup\u00e7\u00e3o na gest\u00e3o de Ibanei. E n\u00e3o foram poucos no Governo do Distrito Federal. A gest\u00e3o de Ibaneis Rocha, lembra a parlamentar, teve (e inda responde) por fatos como a opera\u00e7\u00e3o Falso Negativo, den\u00fancias no Instituto de Gest\u00e3o Estrat\u00e9gica de Sa\u00fade (Iges) e o uso pol\u00edtico do BRB.<\/p>\n<p>A n\u00edvel nacional, sua marca de extirpadora do c\u00e2ncer da corrup\u00e7\u00e3o que domina o Pa\u00eds, Paula viralizou nas redes sociais logo no primeiro ano do mandato, ao confrontar acusados de corrup\u00e7\u00e3o na CPI que investigou empr\u00e9stimos bilion\u00e1rios do Banco Nacional de Desenvolvimento Econ\u00f4mico e Social. Diante do ex-ministro Guido Mantega e do magnata Eike Batista, a deputada se indignou pedindo explica\u00e7\u00f5es sobre a perda de recursos vultosos em pa\u00edses como Cuba, Venezuela e Angola.<\/p>\n<p>Como representante do Distrito Federal no Parlamento, Paula Belmonte foi uma das poucas vozes de oposi\u00e7\u00e3o ao governo Ibaneis Rocha. Ela denunciou a compra superfaturada de testes r\u00e1pidos contra covid-19, o pre\u00e7o elevado dos hospitais de campanha e a falta de crit\u00e9rio do GDF nos lockdowns.<\/p>\n<p>\u201cTenho e sempre terei uma postura independente, n\u00e3o importa quem seja o governador ou o presidente. Vou denunciar o que acho errado e apoiar o que beneficiar a popula\u00e7\u00e3o. N\u00e3o tenho rabo preso com ningu\u00e9m\u201d, garante.<\/p>\n<p>Assim como trabalhou para revelar as irregularidades no BNDES, a deputada Paula Belmonte poder\u00e1 levar a p\u00fablico a gest\u00e3o do BRB, que \u00e9 de propriedade da popula\u00e7\u00e3o do Distrito Federal, mas que \u00e9 &#8211; e todos abem disso -, utilizado como uma institui\u00e7\u00e3o de negociatas e joguete pol\u00edtico.<\/p>\n<p>O pr\u00f3prio Tribunal de Contas do Distrito Federal instaurou procedimentos para apurar a inexplic\u00e1vel, prejudicial e supostamente fraudulenta parceria entre o Flamengo e o BRB. Al\u00e9m do patroc\u00ednio, o banco \u00e9 s\u00f3cio do clube carioca em um banco digital. Os t\u00e9cnicos do TCDF apuraram que houve um preju\u00edzo de R$ 64 milh\u00f5es em inadimpl\u00eancia, al\u00e9m da suspeita de fraudes em massa. A estimativa \u00e9 que metade dos clientes do banco esteja inadimplente, o que provocou um impacto negativo nas contas daquela institui\u00e7\u00e3o financeira.<\/p>\n<p>Al\u00e9m de ser um investimento duvidoso, j\u00e1 que o Flamengo \u00e9 um clube do Rio de Janeiro, afirma a deputada, existe um conflito de interesses, uma vez que Ibaneis Rocha \u00e9 torcedor do time. No ano passado, o governador abriu uma franquia de produtos oficiais do Flamengo, em sociedade com os filhos. E as moedas que caem nos cofres da loja fazem mais barulho do que torcida em dia de Fla-Flu decisivo.<\/p>\n<p>Ainda sobre o BRB, o Minist\u00e9rio P\u00fablico de Contas abriu uma investiga\u00e7\u00e3o para apurar a legalidade da opera\u00e7\u00e3o de compra dos naming rights do est\u00e1dio Man\u00e9 Garrincha. Trata-se do direito de dar nome ao est\u00e1dio, que j\u00e1 \u00e9 conhecido do p\u00fablico h\u00e1 d\u00e9cadas com a mesma denomina\u00e7\u00e3o do eterno \u00eddolo da torcida botafoguense e da Sele\u00e7\u00e3o Brasileira. O banco usou, como as pernas do jogador, linhas tortas para pagar 2 milh\u00f5es 500 mil reais ao cons\u00f3rcio que administra o est\u00e1dio para compensar o nome original para Arena BRB, o que boa parte da popula\u00e7\u00e3o desconhece.<\/p>\n<p><img loading=\"lazy\" decoding=\"async\" class=\"wp-image-290897 aligncenter\" src=\"https:\/\/www.notibras.com\/site\/wp-content\/uploads\/2022\/08\/andre.jpg.vioce_-300x200.jpg\" alt=\"\" width=\"602\" height=\"401\" srcset=\"https:\/\/www.notibras.com\/site\/wp-content\/uploads\/2022\/08\/andre.jpg.vioce_-300x200.jpg 300w, https:\/\/www.notibras.com\/site\/wp-content\/uploads\/2022\/08\/andre.jpg.vioce_-1024x682.jpg 1024w, https:\/\/www.notibras.com\/site\/wp-content\/uploads\/2022\/08\/andre.jpg.vioce_-768x512.jpg 768w, https:\/\/www.notibras.com\/site\/wp-content\/uploads\/2022\/08\/andre.jpg.vioce_.jpg 1280w\" sizes=\"auto, (max-width: 602px) 100vw, 602px\" \/><\/p>\n<p><strong>Sangue de JK<\/strong><br \/>\nAgora vamos a Andr\u00e9, o grande parceiro nesse projeto pol\u00edtico. Ainda beirando a casa dos 30 anos, o filho de Paulo Oct\u00e1vio e neto de JK tem pol\u00edtica correndo no sangue. Como candidato a deputado federal, Andr\u00e9 Kubitschek n\u00e3o para em sua peregrina\u00e7\u00e3o pelos mais escondidos rinc\u00f5es do Distrito Federal. No s\u00e1bado 27. por exemplo, ele esteve em Samambaia para visitar alguns estabelecimentos comerciais de Norte a Sul da cidade e a Feira Permanente 202.<\/p>\n<p>Durante as a\u00e7\u00f5es, Andr\u00e9 aproveitou para conhecer projetos de assist\u00eancia social que fazem a diferen\u00e7a para a comunidade e aproveitou para almo\u00e7ar no Restaurante Comunit\u00e1rio, ao lado do deputado distrital Jorge Vianna (PSD) e de seu pai, o candidato ao Buriti Paulo Oct\u00e1vio.<\/p>\n<p>O primeiro projeto social que Andr\u00e9 Kubitschek conheceu foi a Ag\u00eancia Adventista de Desenvolvimento e Recursos Assistenciais , espa\u00e7o para profissionaliza\u00e7\u00e3o de jovens de 15 a 29 anos. Ali s\u00e3o oferecidos cursos de inform\u00e1tica, marketing digital, moda, jiu-jitsu, est\u00e9tica e confeitaria, entre outros. A associa\u00e7\u00e3o est\u00e1 em 130 pa\u00edses e em todos os estados do Brasil. \u201c\u00c9 muito importante o trabalho da ADRA junto aos jovens, e desenvolvido em um ambiente muito organizado\u201d, disse o candidato.<\/p>\n<p>Andr\u00e9 Kubitschek tamb\u00e9m foi conhecer as obras do Instituto Embalando Sonhos, que fica na Expans\u00e3o de Samambaia. Um lugar carente, mas que d\u00e1 esperan\u00e7as de uma capital digna a todos os cidad\u00e3os. Lady Laura, fundadora do projeto, apresentou o espa\u00e7o ainda em constru\u00e7\u00e3o e abriu as portas para o candidato. E disse que o instituto est\u00e1 aberto para quem quiser somar. \u201cSomos como uma caixa de bombons: todos excelentes, mas diferentes\u201d, destacou.<\/p>\n<p>Os passos de Paula e Andr\u00e9 est\u00e3o sendo marcados por onde eles passam. Estou entre os quase 30 anos de Andr\u00e9 e a quarentinha Paula. Nasci em Bras\u00edlia. E quero ver, com os dois, a verdadeira Capital da Esperan\u00e7a, que eu cantava antes de as aulas serem iniciadas, no p\u00e1tio da escola classe que frequentei. Hoje \u00e9 sabido que a cidade, mais do que nunca, precisa despertar &#8220;num brado de orgulho e confian\u00e7a&#8221; para mostrar que a esperan\u00e7a n\u00e3o morre.<\/p>\n","protected":false},"excerpt":{"rendered":"<p>H\u00e1 algo em jogo na disputa pelo Pal\u00e1cio do Buriti em outubro pr\u00f3ximo. N\u00e3o tem nada a ver com o maquiavelismo do Pr\u00edncipe, muito menos com a podrid\u00e3o shakespeariana descrita no reino da Dinamarca. Os passos que est\u00e3o sendo dados marcar\u00e3o a renova\u00e7\u00e3o pol\u00edtica a ser implantada em 2026. Duas sementes come\u00e7am a ser cultivadas. [&hellip;]<\/p>\n","protected":false},"author":2,"featured_media":290896,"comment_status":"closed","ping_status":"closed","sticky":false,"template":"","format":"standard","meta":{"_acf_changed":false,"footnotes":""},"categories":[26],"tags":[95],"class_list":["post-290895","post","type-post","status-publish","format-standard","has-post-thumbnail","hentry","category-eleicoes-2022","tag-capa"],"acf":[],"_links":{"self":[{"href":"https:\/\/www.notibras.com\/site\/wp-json\/wp\/v2\/posts\/290895","targetHints":{"allow":["GET"]}}],"collection":[{"href":"https:\/\/www.notibras.com\/site\/wp-json\/wp\/v2\/posts"}],"about":[{"href":"https:\/\/www.notibras.com\/site\/wp-json\/wp\/v2\/types\/post"}],"author":[{"embeddable":true,"href":"https:\/\/www.notibras.com\/site\/wp-json\/wp\/v2\/users\/2"}],"replies":[{"embeddable":true,"href":"https:\/\/www.notibras.com\/site\/wp-json\/wp\/v2\/comments?post=290895"}],"version-history":[{"count":1,"href":"https:\/\/www.notibras.com\/site\/wp-json\/wp\/v2\/posts\/290895\/revisions"}],"predecessor-version":[{"id":290898,"href":"https:\/\/www.notibras.com\/site\/wp-json\/wp\/v2\/posts\/290895\/revisions\/290898"}],"wp:featuredmedia":[{"embeddable":true,"href":"https:\/\/www.notibras.com\/site\/wp-json\/wp\/v2\/media\/290896"}],"wp:attachment":[{"href":"https:\/\/www.notibras.com\/site\/wp-json\/wp\/v2\/media?parent=290895"}],"wp:term":[{"taxonomy":"category","embeddable":true,"href":"https:\/\/www.notibras.com\/site\/wp-json\/wp\/v2\/categories?post=290895"},{"taxonomy":"post_tag","embeddable":true,"href":"https:\/\/www.notibras.com\/site\/wp-json\/wp\/v2\/tags?post=290895"}],"curies":[{"name":"wp","href":"https:\/\/api.w.org\/{rel}","templated":true}]}}