{"id":290903,"date":"2022-08-28T06:42:12","date_gmt":"2022-08-28T09:42:12","guid":{"rendered":"https:\/\/www.notibras.com\/site\/?p=290903"},"modified":"2022-08-28T08:29:19","modified_gmt":"2022-08-28T11:29:19","slug":"famosos-embarcam-no-trem-para-que-lula-leve-no-1o-turno","status":"publish","type":"post","link":"https:\/\/www.notibras.com\/site\/famosos-embarcam-no-trem-para-que-lula-leve-no-1o-turno\/","title":{"rendered":"Famosos embarcam no trem para que Lula leve no 1\u00ba turno"},"content":{"rendered":"<p>A entrevista concedida na quinta-feira (25) aos jornalistas William Bonner e Renata Vasconcelos, na TV Globo, segue repercutindo. A coluna Splash do site UOL, dedicada \u00e0s celebridades midi\u00e1ticas, reuniu v\u00e1rias postagens nas redes sociais e destacou que \u201cfamosos declaram apoio a Lula ap\u00f3s o JN\u201d. Vale conferir algumas destas mensagens:<\/p>\n<p>\u201cEu estou t\u00e3o louca para votar 13 que estou treinando no micro-ondas\u201d, brincou Gleici Damasceno, campe\u00e3 do BBB-18. J\u00e1 Giovanna Ewbank, ao lado do ator Bruno Gagliasso, compartilhou um registro assistindo \u00e0 sabatina no carro durante o tr\u00e2nsito. Como \u00e9 bom ouvir um PRESIDENTE falar, chega a dar um alivio neh?\u201d, postou.<\/p>\n<p>A influenciadora digital Deolane Bezerra registrou: \u201cLula no JN, sabedoria e humildade\u201d. Gil do Vigor marcou: \u201c\u00c9 Lula! \u00c9 13!\u201d. \u201cPqp. Um presidente que cita Paulo Freire\u201d, tuitou Maria Bopp, a \u201cBlogueirinha do fim do mundo\u201d. \u201cO Brasil est\u00e1 diante de um Estadista\u2026 Isto emociona. \u00c9 o melhor para o Brasil, neste momento. Um Ser Humano\u201d, postou a atriz Leticia Sabatella. J\u00e1 o cantor Emicida disparou: \u201cLula \u00e9 o maior l\u00edder pol\u00edtico da hist\u00f3ria do Brasil\u201d.<\/p>\n<p><strong>Assunto mais comentado do Twitter<\/strong><br \/>\nJ\u00e1 a Folha enfatizou que a sabatina com o l\u00edder petista \u201centrou para os assuntos mais comentados do Twitter, rendeu memes e coment\u00e1rios de famosos e an\u00f4nimos\u2026 Caetano Veloso publicou uma mensagem falando que chorou de emo\u00e7\u00e3o ao assistir a entrevista de Lula. \u2018Mais do que quando votei nele em 2002. Tanto da nossa hist\u00f3ria! Racionalmente falando, meu candidato \u00e9 Ciro. Mas Lula arrebata. Sou um brasileiro t\u00edpico. Voto em Lula\u2019, disse\u201d.<\/p>\n<p>O jornal tamb\u00e9m registra o entusiasmo da cantora Anitta, que \u201cpostou no Twitter o n\u00famero de Lula: \u2018Treze te treze te treze\u2019\u201d. E ainda cita a rea\u00e7\u00e3o do ator Bruno Gagliasso, que \u201cfez v\u00e1rios coment\u00e1rios na rede social durante a participa\u00e7\u00e3o de Lula na sabatina, como \u2018deixa o homem falar mais uma meia hora\u2019, \u2018o pai t\u00e1 on demais\u2019. Ele encerrou os posts comemorando o desempenho do candidato: \u2018Bonner j\u00e1 t\u00e1 chamando Lula de presidente. E eu tamb\u00e9m\u2019\u201d.<\/p>\n<p>Outro influenciador digital que explicitou apoio foi Felipe Neto. Pelo Twitter, ele afirmou nesta quinta-feira (25) que escolheu Lula para derrotar o \u201cmonstro genocida\u201d, referindo-se ao fascista no poder. \u201cPelo fim do medo, da fome, do negacionismo e da incompet\u00eancia. Declaro meu voto em Lula 13 no primeiro turno das elei\u00e7\u00f5es para a presid\u00eancia do Brasil\u201d, tuitou.<\/p>\n<p>Como registra a Folha, \u201ccom 44,4 milh\u00f5es de seguidores no YouTube, 14,8 milh\u00f5es no Twitter e 16 milh\u00f5es no Instagram, Felipe Neto consolidou-se como uma das principais vozes do antibolsonarismo e anticonservadorismo\u2026 O influenciador tamb\u00e9m se tornou um dos maiores defensores de pessoas atacadas por apoiadores do presidente. Em maio deste ano, ele defendeu a chef de cozinha Paola Carosella, 49, alvo de ataques de bolsonaristas\u201d.<\/p>\n<p><strong>O samba n\u00e3o pode esperar<\/strong><br \/>\nJ\u00e1 nesta sexta-feira, a cantora Daniela Mercury lan\u00e7ou nas plataformas digitais o single \u201cO samba n\u00e3o pode esperar\u201d, m\u00fasica escrita por ela em protesto contra o autoritarismo, o negacionismo e o discurso de \u00f3dio. O nome do fascista n\u00e3o \u00e9 citado, mas as refer\u00eancias s\u00e3o \u00f3bvias. \u201cVoc\u00ea \u00e9 como erva daninha\/ Mata aos poucos, tira o ar\/ Amea\u00e7a a democracia\/ Sua tirania quer nos calar\u201d, diz um trecho da composi\u00e7\u00e3o.<\/p>\n<p>\u00c0 jornalista M\u00f4nica Bergamo, a cantora explicou que o Brasil vive um momento crucial e que a m\u00fasica \u00e9 a sua forma de alertar a popula\u00e7\u00e3o sobre o que est\u00e1 em jogo na elei\u00e7\u00e3o. \u201cNunca vi o pa\u00eds em uma situa\u00e7\u00e3o t\u00e3o delicada. O Brasil n\u00e3o suporta mais quatro anos de um governo que n\u00e3o tem apre\u00e7o pela democracia, que ataca a cultura, que ataca os artistas, que ataca a natureza\u201d.<\/p>\n<p>Daniela Mercury afirmou ainda que procurou traduzir na composi\u00e7\u00e3o o que seria \u201cesse fascismo moderno\u201d que est\u00e1 tentando se instalar no pa\u00eds. Ele seria formado por elementos como as fake news, a viol\u00eancia e a intoler\u00e2ncia. \u201c\u00c9 a mentira tentando se tornar verdade e que foi muito presente nesse per\u00edodo da pandemia, em que vimos muita gente morrer por causa do negacionismo\u2026 A democracia abarca o diferente, o contradit\u00f3rio, e lida com isso continuamente. O autoritarismo quer destruir tudo como uma grande erva daninha, tentando determinar que s\u00f3 existe uma \u00fanica verdade\u201d.<\/p>\n<p>Composta h\u00e1 sete meses, a m\u00fasica foi apresentada pela primeira vez no protesto realizado em 11 de agosto, na Faculdade de Direito da USP, em S\u00e3o Paulo, quando foram lidas duas cartas em defesa da democracia. \u201cO samba n\u00e3o pode esperar\u201d far\u00e1 parte do \u00e1lbum que Daniela Mercury deve lan\u00e7ar ainda neste ano. \u201cO novo trabalho revisitar\u00e1 a hist\u00f3ria da cantora e celebrar\u00e1 os 30 anos do \u00e1lbum \u2018O canto da cidade\u2019, o seu primeiro grande sucesso\u201d, informa M\u00f4nica Bergamo.<\/p>\n","protected":false},"excerpt":{"rendered":"<p>A entrevista concedida na quinta-feira (25) aos jornalistas William Bonner e Renata Vasconcelos, na TV Globo, segue repercutindo. A coluna Splash do site UOL, dedicada \u00e0s celebridades midi\u00e1ticas, reuniu v\u00e1rias postagens nas redes sociais e destacou que \u201cfamosos declaram apoio a Lula ap\u00f3s o JN\u201d. Vale conferir algumas destas mensagens: \u201cEu estou t\u00e3o louca para [&hellip;]<\/p>\n","protected":false},"author":2,"featured_media":290906,"comment_status":"closed","ping_status":"closed","sticky":false,"template":"","format":"standard","meta":{"_acf_changed":false,"footnotes":""},"categories":[26],"tags":[95],"class_list":["post-290903","post","type-post","status-publish","format-standard","has-post-thumbnail","hentry","category-eleicoes-2022","tag-capa"],"acf":[],"_links":{"self":[{"href":"https:\/\/www.notibras.com\/site\/wp-json\/wp\/v2\/posts\/290903","targetHints":{"allow":["GET"]}}],"collection":[{"href":"https:\/\/www.notibras.com\/site\/wp-json\/wp\/v2\/posts"}],"about":[{"href":"https:\/\/www.notibras.com\/site\/wp-json\/wp\/v2\/types\/post"}],"author":[{"embeddable":true,"href":"https:\/\/www.notibras.com\/site\/wp-json\/wp\/v2\/users\/2"}],"replies":[{"embeddable":true,"href":"https:\/\/www.notibras.com\/site\/wp-json\/wp\/v2\/comments?post=290903"}],"version-history":[{"count":1,"href":"https:\/\/www.notibras.com\/site\/wp-json\/wp\/v2\/posts\/290903\/revisions"}],"predecessor-version":[{"id":290907,"href":"https:\/\/www.notibras.com\/site\/wp-json\/wp\/v2\/posts\/290903\/revisions\/290907"}],"wp:featuredmedia":[{"embeddable":true,"href":"https:\/\/www.notibras.com\/site\/wp-json\/wp\/v2\/media\/290906"}],"wp:attachment":[{"href":"https:\/\/www.notibras.com\/site\/wp-json\/wp\/v2\/media?parent=290903"}],"wp:term":[{"taxonomy":"category","embeddable":true,"href":"https:\/\/www.notibras.com\/site\/wp-json\/wp\/v2\/categories?post=290903"},{"taxonomy":"post_tag","embeddable":true,"href":"https:\/\/www.notibras.com\/site\/wp-json\/wp\/v2\/tags?post=290903"}],"curies":[{"name":"wp","href":"https:\/\/api.w.org\/{rel}","templated":true}]}}