{"id":290912,"date":"2022-08-28T06:25:38","date_gmt":"2022-08-28T09:25:38","guid":{"rendered":"https:\/\/www.notibras.com\/site\/?p=290912"},"modified":"2022-08-28T08:48:55","modified_gmt":"2022-08-28T11:48:55","slug":"celulares-de-golpistas-bolsonaristas-complicam-vida-de-aras","status":"publish","type":"post","link":"https:\/\/www.notibras.com\/site\/celulares-de-golpistas-bolsonaristas-complicam-vida-de-aras\/","title":{"rendered":"Celulares de golpistas bolsonaristas complicam vida de Aras"},"content":{"rendered":"<p>Os celulares apreendidos pela Pol\u00edcia Federal na opera\u00e7\u00e3o com empres\u00e1rios bolsonaristas mostram que houve troca de mensagens entre eles e o procurador-geral da Rep\u00fablica, Augusto Aras. A informa\u00e7\u00e3o foi publicada pelo site <em>Jota.<\/em><\/p>\n<p>De acordo com a reportagem, a informa\u00e7\u00e3o foi confirmada por fontes da PF, do Minist\u00e9rio P\u00fablico Federal (MPF) e do Supremo Tribunal Federal (STF).<\/p>\n<p>Al\u00e9m de PGR, Aras \u00e9 procurador-geral-eleitoral. O Minist\u00e9rio P\u00fablico Eleitoral \u00e9 o \u00f3rg\u00e3o que atua na fiscaliza\u00e7\u00e3o da regularidade e da lisura das elei\u00e7\u00f5es, sendo respons\u00e1vel pela aplica\u00e7\u00e3o das leis eleitorais.<\/p>\n<p>Nessas mensagens, ainda segundo a reportagem, haveria cr\u00edticas \u00e0 atua\u00e7\u00e3o do ministro Alexandre de Moraes \u2013 que ordenou a oper\u00e7\u00e3o da PF \u2013 e tamb\u00e9m coment\u00e1rios sobre a candidatura de Jair Bolsonaro. As mensagens est\u00e3o sob sigilo.<\/p>\n<p>Assessores informaram \u00e0 reportagem que Aras tem conhecidos e amigos no mundo empresarial e, portanto, h\u00e1 conversas entre eles. Eles reiteram que Aras soube somente nesta ter\u00e7a-feira (23\/8) da opera\u00e7\u00e3o e, portanto, n\u00e3o trocou informa\u00e7\u00f5es sobre as dilig\u00eancias policiais. Al\u00e9m disso, afirmaram que as mensagens enviadas por Aras a um dos empres\u00e1rios, agora alvo da investiga\u00e7\u00e3o, s\u00e3o coment\u00e1rios apenas \u201csuperficiais\u201d.<\/p>\n<p>A Pol\u00edcia Federal cumpriu nesta ter\u00e7a-feira (23) oito mandados de busca e apreens\u00e3o em endere\u00e7os ligados a empres\u00e1rios bolsonaristas que defenderam, em conversas em um grupo de WhatsApp, um golpe de Estado caso Luiz In\u00e1cio Lula da Silva (PT) seja eleito presidente neste ano.<\/p>\n<p>As buscas foram determinadas pelo ministro do Supremo Tribunal Federal (STF) Alexandre de Moraes. Elas foram realizadas nos estados do Rio Grande do Sul, Santa Catarina, S\u00e3o Paulo, Rio de Janeiro e Cear\u00e1.<\/p>\n<p>Os alvos da PF s\u00e3o Luciano Hang, dono da rede de lojas de departamentos Havan; Afr\u00e2nio Barreira, da rede de restaurantes Coco Bambu; Jos\u00e9 Isaac Peres, dono da gigante de shoppings Multiplan; Jos\u00e9 Koury, dono do Barra World Shopping, no Rio de Janeiro; Andr\u00e9 Tissot, do Grupo Serra; Meyer Nigri, da Tecnisa; Ivan Wrobel, da construtora W3 Engenharia; Marco Aur\u00e9lio Raymundo, o Morongo, dono da marca de surfwear Mormaii.<\/p>\n<p>Eles fazem parte de um grupo de Whatsapp onde circulam as mensagens golpistas. Nele, Jos\u00e9 Koury disse preferir uma ruptura institucional \u00e0 volta do PT ao governo. Disse tamb\u00e9m que, se o Brasil voltasse a viver sob ditadura, isso n\u00e3o o impediria de receber investimentos estrangeiros.<\/p>\n<p>Ele tamb\u00e9m sugeriu o pagamento de b\u00f4nus a empregados durante o per\u00edodo eleitoral, o que poderia configurar compra de votos.<\/p>\n<p>Morongo apoiou em mensagens o ato militar convocado pelo presidente Bolsonaro para o feriado do dia 7 de setembro, em Copacabana, no Rio; disse que foi um golpe terem soltado \u201co presidi\u00e1rio\u201d e que o \u201csupremo\u201d age contra a Constitui\u00e7\u00e3o.<\/p>\n<p>J\u00e1 Ivan Wrobel falou sobre uma suposta fraude na elei\u00e7\u00e3o deste ano. \u201cQuero ver se o STF tem coragem de fraudar as elei\u00e7\u00f5es ap\u00f3s um desfile militar na Av. Atl\u00e2ntica com as tropas aplaudidas pelo p\u00fablico\u201d, citando o ato programado para o dia 7.<\/p>\n","protected":false},"excerpt":{"rendered":"<p>Os celulares apreendidos pela Pol\u00edcia Federal na opera\u00e7\u00e3o com empres\u00e1rios bolsonaristas mostram que houve troca de mensagens entre eles e o procurador-geral da Rep\u00fablica, Augusto Aras. A informa\u00e7\u00e3o foi publicada pelo site Jota. De acordo com a reportagem, a informa\u00e7\u00e3o foi confirmada por fontes da PF, do Minist\u00e9rio P\u00fablico Federal (MPF) e do Supremo Tribunal [&hellip;]<\/p>\n","protected":false},"author":2,"featured_media":290913,"comment_status":"closed","ping_status":"closed","sticky":false,"template":"","format":"standard","meta":{"_acf_changed":false,"footnotes":""},"categories":[26],"tags":[95],"class_list":["post-290912","post","type-post","status-publish","format-standard","has-post-thumbnail","hentry","category-eleicoes-2022","tag-capa"],"acf":[],"_links":{"self":[{"href":"https:\/\/www.notibras.com\/site\/wp-json\/wp\/v2\/posts\/290912","targetHints":{"allow":["GET"]}}],"collection":[{"href":"https:\/\/www.notibras.com\/site\/wp-json\/wp\/v2\/posts"}],"about":[{"href":"https:\/\/www.notibras.com\/site\/wp-json\/wp\/v2\/types\/post"}],"author":[{"embeddable":true,"href":"https:\/\/www.notibras.com\/site\/wp-json\/wp\/v2\/users\/2"}],"replies":[{"embeddable":true,"href":"https:\/\/www.notibras.com\/site\/wp-json\/wp\/v2\/comments?post=290912"}],"version-history":[{"count":1,"href":"https:\/\/www.notibras.com\/site\/wp-json\/wp\/v2\/posts\/290912\/revisions"}],"predecessor-version":[{"id":290914,"href":"https:\/\/www.notibras.com\/site\/wp-json\/wp\/v2\/posts\/290912\/revisions\/290914"}],"wp:featuredmedia":[{"embeddable":true,"href":"https:\/\/www.notibras.com\/site\/wp-json\/wp\/v2\/media\/290913"}],"wp:attachment":[{"href":"https:\/\/www.notibras.com\/site\/wp-json\/wp\/v2\/media?parent=290912"}],"wp:term":[{"taxonomy":"category","embeddable":true,"href":"https:\/\/www.notibras.com\/site\/wp-json\/wp\/v2\/categories?post=290912"},{"taxonomy":"post_tag","embeddable":true,"href":"https:\/\/www.notibras.com\/site\/wp-json\/wp\/v2\/tags?post=290912"}],"curies":[{"name":"wp","href":"https:\/\/api.w.org\/{rel}","templated":true}]}}