{"id":290976,"date":"2022-08-29T12:50:59","date_gmt":"2022-08-29T15:50:59","guid":{"rendered":"https:\/\/www.notibras.com\/site\/?p=290976"},"modified":"2022-08-29T12:53:34","modified_gmt":"2022-08-29T15:53:34","slug":"simone-tenta-voo-solo-mas-esta-mais-para-usar-garupa-alheia","status":"publish","type":"post","link":"https:\/\/www.notibras.com\/site\/simone-tenta-voo-solo-mas-esta-mais-para-usar-garupa-alheia\/","title":{"rendered":"Simone tenta voo solo, mas est\u00e1 mais para usar garupa alheia"},"content":{"rendered":"<p>Menor audi\u00eancia do <em>Jornal Nacional<\/em> entre os quatro principais presidenci\u00e1veis entrevistados, a senadora Simone Tebet pode ter \u2013 e tem \u2013 numerosas qualidades pol\u00edticas, entre elas o benef\u00edcio de, at\u00e9 agora, n\u00e3o haver d\u00favidas a respeito de sua honestidade como vice-governadora de Mato Grosso do sul, ex-prefeita de Tr\u00eas Lagoas (MS) e ainda ter sido deputada estadual. Tamb\u00e9m tem a seu favor o fato de ser filha de Ramez Tebet, ex-presidente do Congresso, n\u00e3o destilar gratuitamente \u00f3dio contra advers\u00e1rios e, principalmente, detestar brigas p\u00fablicas. Como candidata de uma nota s\u00f3 ao Pal\u00e1cio do Planalto, entrou de corpo e alma na batalha e, mesmo sem apoio algum do seu partido, o MDB, colocou em mesa quest\u00f5es caras aos brasileiros e que ainda n\u00e3o haviam sido debatidas claramente pelos demais postulantes.<\/p>\n<p>Corajosa e destemida (quem assistiu ao debate da Band observou), obviamente que ela n\u00e3o tem ideia do que fazer concretamente caso a natureza conspire, os raios mudem de rota, os ventos uivem com menos viol\u00eancia e os terremotos, maremotos e tuf\u00f5es resolvam dar uma circulada por terras tupiniquins. No entanto, j\u00e1 deu mostras que n\u00e3o foge do ringue, mesmo quando, nos rounds decisivos, tiver de enfrentar advers\u00e1rios mais duros, imediatistas e muito mais mortais do que as briguinhas s\u00f3rdidas por poder. Refiro-me \u00e0 fome, \u00e0 desigualdade, \u00e0 mis\u00e9ria, \u00e0 educa\u00e7\u00e3o de qualidade e, sobretudo, \u00e0 sa\u00fade decente para todos os brasileiros. S\u00e3o quest\u00f5es b\u00e1sicas, mas que, sabe-se l\u00e1 porque raz\u00e3o, os potenciais candidatos preferem passar por cima. Tratam esses temas com mentiras ou com se fossem perfumarias.<\/p>\n<p>Torcendo claramente para que o pov\u00e3o que conseguiu se livrar da Covid-19 se dane de vez, um dos presidenci\u00e1veis consegue debochar da fome: \u201cSe a gente for em qualquer padaria, n\u00e3o tem ningu\u00e9m ali pedindo para voc\u00ea comprar um p\u00e3o para ele. Isso n\u00e3o existe. Nobre candidato, o senhor deve ter raz\u00e3o. Isso realmente n\u00e3o existe nas padarias da Dinamarca, Noruega, Finl\u00e2ndia, Holanda, Alemanha, Espanha, Su\u00e9cia, Su\u00ed\u00e7a, Rep\u00fablica Tcheca, Canad\u00e1 e, acreditem, de Portugal. Por aqui, faltam padarias para absorver tantos pedintes. E saiba que a maioria desses pedintes tinha emprego, sal\u00e1rio e dignidade at\u00e9 bem pouco tempo. Ele voltou atr\u00e1s, mas a caca j\u00e1 estava feita.<\/p>\n<p>Perderam tudo isso e mais o respeito que tinham pelo pa\u00eds e pelo governo que os abandonaram \u00e0 pr\u00f3pria sorte. Infelizmente, candidatos \u00e0 Presid\u00eancia da Rep\u00fablica n\u00e3o s\u00e3o produzidos \u00e0 base de coragem e destemor. Al\u00e9m de aporte financeiro, \u00e9 necess\u00e1rio apoio pol\u00edtico-partid\u00e1rio. Isso Simone Tebet n\u00e3o tem nem do partido ao qual est\u00e1 filiada e pelo qual se candidatou. Provavelmente ela topou o front acreditando conquistar votos dos eleitores que insistem no antipetismo ou daqueles que n\u00e3o votam em Jair Bolsonaro nem sob tortura. O problema \u00e9 que o MDB n\u00e3o a quer. Dos 27 diret\u00f3rios nacionais, 13 j\u00e1 fecharam publicamente com Luiz In\u00e1cio.<\/p>\n<p>O restante esconde o apre\u00e7o pelo PT ou aguarda a melhor oferta para o futuro. A verdade \u00e9 que, do mesmo modo que Ulysses Guimar\u00e3es, em 1989, e Orestes Qu\u00e9rcia, em 1994, ela est\u00e1 s\u00f3. Como o Sr. Diretas j\u00e1 e o governador paulista que vendeu a Vasp para Wagner Canhedo, Simone \u00e9 candidata dela mesma. S\u00e3o as nuances da pol\u00edtica nacional, na qual tudo \u00e9 poss\u00edvel, conforme defini\u00e7\u00e3o cunhada pelo pr\u00f3prio Ulysses. Pol\u00edtico de grife e uma das figuras mais importantes a habitar o Congresso Nacional, o velho cacique emedebista conseguiu tudo na vida, inclusive morrer sem ter o corpo sepultado.<\/p>\n<p>Entretanto, sua m\u00e1xima excel\u00eancia n\u00e3o soube, n\u00e3o teve tempo ou n\u00e3o pode aglutinar seu partido, o ent\u00e3o MDB, depois PMDB e hoje novamente o conflitante, colidente, discordante e destoante MDB. Harmonia passou longe desse amontoado de pessoas \u00e1vidas pelo poder. De concreto, o MDB n\u00e3o est\u00e1 nem a\u00ed para Simone Tebet, como n\u00e3o esteve para Ulysses e Qu\u00e9rcia. Tenho a impress\u00e3o de que os emedebistas sofrem de um mal cr\u00f4nico denominado garupa. Em outras palavras, isso quer dizer andar sempre nas costas alheias.<\/p>\n","protected":false},"excerpt":{"rendered":"<p>Menor audi\u00eancia do Jornal Nacional entre os quatro principais presidenci\u00e1veis entrevistados, a senadora Simone Tebet pode ter \u2013 e tem \u2013 numerosas qualidades pol\u00edticas, entre elas o benef\u00edcio de, at\u00e9 agora, n\u00e3o haver d\u00favidas a respeito de sua honestidade como vice-governadora de Mato Grosso do sul, ex-prefeita de Tr\u00eas Lagoas (MS) e ainda ter sido [&hellip;]<\/p>\n","protected":false},"author":2,"featured_media":286463,"comment_status":"closed","ping_status":"closed","sticky":false,"template":"","format":"standard","meta":{"_acf_changed":false,"footnotes":""},"categories":[26],"tags":[95],"class_list":["post-290976","post","type-post","status-publish","format-standard","has-post-thumbnail","hentry","category-eleicoes-2022","tag-capa"],"acf":[],"_links":{"self":[{"href":"https:\/\/www.notibras.com\/site\/wp-json\/wp\/v2\/posts\/290976","targetHints":{"allow":["GET"]}}],"collection":[{"href":"https:\/\/www.notibras.com\/site\/wp-json\/wp\/v2\/posts"}],"about":[{"href":"https:\/\/www.notibras.com\/site\/wp-json\/wp\/v2\/types\/post"}],"author":[{"embeddable":true,"href":"https:\/\/www.notibras.com\/site\/wp-json\/wp\/v2\/users\/2"}],"replies":[{"embeddable":true,"href":"https:\/\/www.notibras.com\/site\/wp-json\/wp\/v2\/comments?post=290976"}],"version-history":[{"count":2,"href":"https:\/\/www.notibras.com\/site\/wp-json\/wp\/v2\/posts\/290976\/revisions"}],"predecessor-version":[{"id":290978,"href":"https:\/\/www.notibras.com\/site\/wp-json\/wp\/v2\/posts\/290976\/revisions\/290978"}],"wp:featuredmedia":[{"embeddable":true,"href":"https:\/\/www.notibras.com\/site\/wp-json\/wp\/v2\/media\/286463"}],"wp:attachment":[{"href":"https:\/\/www.notibras.com\/site\/wp-json\/wp\/v2\/media?parent=290976"}],"wp:term":[{"taxonomy":"category","embeddable":true,"href":"https:\/\/www.notibras.com\/site\/wp-json\/wp\/v2\/categories?post=290976"},{"taxonomy":"post_tag","embeddable":true,"href":"https:\/\/www.notibras.com\/site\/wp-json\/wp\/v2\/tags?post=290976"}],"curies":[{"name":"wp","href":"https:\/\/api.w.org\/{rel}","templated":true}]}}