{"id":290995,"date":"2022-08-30T07:50:25","date_gmt":"2022-08-30T10:50:25","guid":{"rendered":"https:\/\/www.notibras.com\/site\/?p=290995"},"modified":"2022-08-30T07:52:29","modified_gmt":"2022-08-30T10:52:29","slug":"velha-politica-da-retorica-artificial-esta-com-dias-contados","status":"publish","type":"post","link":"https:\/\/www.notibras.com\/site\/velha-politica-da-retorica-artificial-esta-com-dias-contados\/","title":{"rendered":"Velha pol\u00edtica da ret\u00f3rica artificial est\u00e1 com dias contados"},"content":{"rendered":"<p>Mais por exclus\u00e3o do que por convic\u00e7\u00e3o, meu voto para presidente da Rep\u00fablica est\u00e1 decidido desde a fraude eleitoral de 2018. Como na \u00e9poca n\u00e3o havia o que fazer, o consolo foi aguardar 2022. Ao lado de uma imensa maioria de eleitores descontentes com o atual (des)governo, cujo l\u00edder vai, em alguns segundos, de sofr\u00edvel a med\u00edocre como administrador e pol\u00edtico, avalio o cen\u00e1rio nacional como arcaico, rancoroso e desencantador. Como sou daqueles brasileiros que n\u00e3o desistem nunca, optei por me embrenhar pelo universo do folclore e resolvi votar no encantador de serpentes. F\u00e1cil saber a quem me refiro, porque o outro principal presidenci\u00e1vel est\u00e1 mais para a\u00e7oitador de jacar\u00e9s, como foram denominados todos aqueles que, no auge da pandemia, optaram pela vacina contra a Covid-19.<\/p>\n<p>Reitero que minha escolha \u00e9 exclusivamente por elimina\u00e7\u00e3o, embora n\u00e3o esconda que, ideologicamente, esteja mais pr\u00f3ximo do candidato que representa a vanguarda. Se ainda n\u00e3o estivesse convicto disso, certamente mudaria meu voto ap\u00f3s assistir ao debate desse domingo (28), na TV Bandeirantes. Pelo que vi, apostaria todas as minhas fichas na senadora Simone Tebet (MDB). Faria isso porque me pareceu que ela ainda n\u00e3o foi mordida pela mosca que transmite uma terr\u00edvel doen\u00e7a chamada agorafobia. Consciente de que a polariza\u00e7\u00e3o entre Jair Bolsonaro e Luiz In\u00e1cio est\u00e1 consolidada, Simone obviamente preferiu investir para o futuro. Estejam certos de que esse investimento ter\u00e1 muitos dividendos em 2026.<\/p>\n<p>O mesmo deve ocorrer com Felipe D\u2019\u00c1vila (Novo) e com a tamb\u00e9m senadora Soraya Thronocke (Uni\u00e3o Brasil). Vale registrar que, conforme pesquisa qualitativa e em tempo real de boca de debate, os tr\u00eas tiveram as melhores avalia\u00e7\u00f5es dos eleitores consultados. Curiosamente, os piores foram justamente os dois com maiores chances de vencer o pleito de outubro. Coisas do Brasil, pa\u00eds em que j\u00e1 virou piada o que pode sair da caneta de um magistrado, da cabe\u00e7a do eleitor e do bum bum de um beb\u00ea. Claro que a pesquisa n\u00e3o representou a popula\u00e7\u00e3o brasileira, mas deu claramente um tom positivo para o logo ali. A verdade \u00e9 que o povo, apelidado de eleitor a cada dois ou quatro anos, mostra vis\u00edvel cansa\u00e7o com a mesmice eleitoral, especialmente com a recorrente polariza\u00e7\u00e3o.<\/p>\n<p>Apesar de l\u00edderes absolutos para este pleito, o recado dado \u00e9 que, seja qual for o resultado, Bolsonaro, Lula e a velha pol\u00edtica de ret\u00f3rica artificial est\u00e3o com os dias pol\u00edticos contados. N\u00e3o h\u00e1 d\u00favida de que os 156 milh\u00f5es de eleitores votar\u00e3o em outubro j\u00e1 de olho em 2026. E l\u00e1, independentemente dos desvarios dos atuais extremos, a renova\u00e7\u00e3o ser\u00e1 imprescind\u00edvel e definitiva. N\u00e3o h\u00e1 mais tempo a perder com a monotonia e a invariabilidade das candidaturas. Precisamos de nomes, dire\u00e7\u00f5es, culturas e posicionamento novos. O Brasil e os brasileiros n\u00e3o aguentam mais tanta rabugice, rancor e grosserias. Daqui a 100 anos, certamente a ranhetice e a brutice dos dois principais presidenci\u00e1veis ser\u00e1 a mesma. Mesmo ultrapassados, permanecer\u00e3o inseguros, brig\u00f5es, irrecuper\u00e1veis politicamente e, sobretudo, chatos.<\/p>\n<p>Acho que poucos duvidam desses adjetivos. Para os que pensam de forma contr\u00e1ria, sugiro assistir ou rever a batalha da Band. Enquanto o povo aguardava pelas propostas, Jair Messias e Lula da Silva batiam boca. Fizeram inveja a qualquer fofoqueira da teledramaturgia e dos humor\u00edsticos nacionais. Durante o debate, a preocupa\u00e7\u00e3o de ambos era com a reciprocidade e o peso dos xingamentos. Um deles, o mais raivoso, se esmerou nos ataques \u00e0s mulheres. Nada de novo. Claro que a leitura anal\u00edtica da contenda depende da nuance ideol\u00f3gica do analista. Para quem defende o Brasil, a democracia acima de tudo e sugest\u00f5es sobre desemprego e fome, restou a frustra\u00e7\u00e3o, a desilus\u00e3o, a decep\u00e7\u00e3o e a incerteza em rela\u00e7\u00e3o aos pr\u00f3ximos quatro anos.<\/p>\n<p>Apesar de n\u00e3o ter poder algum para controlar a guerra contra as liberdades, o candidato de minha escolha em um eventual segundo turno tende a ser menos pior. Pelo menos, jamais atentou e n\u00e3o atentar\u00e1 contra o Estado Democr\u00e1tico de Direito. N\u00e3o posso dizer o mesmo do concorrente. F\u00e1cil para os fan\u00e1ticos, \u00e9 muito dif\u00edcil imaginar algu\u00e9m sensato acreditando em um candidato que mente descaradamente em rede nacional. Pior \u00e9 quando o mentiroso tem, por obriga\u00e7\u00e3o da hist\u00f3ria, atividades p\u00fablicas e, portanto, gravadas, veiculadas, debatidas e arquivadas para quaisquer eventualidade. Resumindo, realmente o pior cego \u00e9 aquele que n\u00e3o quer ver. Para nossa sorte, a linguagem metaf\u00f3rica revela que quatro anos passam r\u00e1pidos. Que venha 2026. E com muitas novidades.<\/p>\n<p><strong>*Mathuzal\u00e9m J\u00fanior \u00e9 jornalista profissional desde 1978<\/strong><\/p>\n","protected":false},"excerpt":{"rendered":"<p>Mais por exclus\u00e3o do que por convic\u00e7\u00e3o, meu voto para presidente da Rep\u00fablica est\u00e1 decidido desde a fraude eleitoral de 2018. Como na \u00e9poca n\u00e3o havia o que fazer, o consolo foi aguardar 2022. Ao lado de uma imensa maioria de eleitores descontentes com o atual (des)governo, cujo l\u00edder vai, em alguns segundos, de sofr\u00edvel [&hellip;]<\/p>\n","protected":false},"author":2,"featured_media":290996,"comment_status":"closed","ping_status":"closed","sticky":false,"template":"","format":"standard","meta":{"_acf_changed":false,"footnotes":""},"categories":[26],"tags":[95],"class_list":["post-290995","post","type-post","status-publish","format-standard","has-post-thumbnail","hentry","category-eleicoes-2022","tag-capa"],"acf":[],"_links":{"self":[{"href":"https:\/\/www.notibras.com\/site\/wp-json\/wp\/v2\/posts\/290995","targetHints":{"allow":["GET"]}}],"collection":[{"href":"https:\/\/www.notibras.com\/site\/wp-json\/wp\/v2\/posts"}],"about":[{"href":"https:\/\/www.notibras.com\/site\/wp-json\/wp\/v2\/types\/post"}],"author":[{"embeddable":true,"href":"https:\/\/www.notibras.com\/site\/wp-json\/wp\/v2\/users\/2"}],"replies":[{"embeddable":true,"href":"https:\/\/www.notibras.com\/site\/wp-json\/wp\/v2\/comments?post=290995"}],"version-history":[{"count":1,"href":"https:\/\/www.notibras.com\/site\/wp-json\/wp\/v2\/posts\/290995\/revisions"}],"predecessor-version":[{"id":290997,"href":"https:\/\/www.notibras.com\/site\/wp-json\/wp\/v2\/posts\/290995\/revisions\/290997"}],"wp:featuredmedia":[{"embeddable":true,"href":"https:\/\/www.notibras.com\/site\/wp-json\/wp\/v2\/media\/290996"}],"wp:attachment":[{"href":"https:\/\/www.notibras.com\/site\/wp-json\/wp\/v2\/media?parent=290995"}],"wp:term":[{"taxonomy":"category","embeddable":true,"href":"https:\/\/www.notibras.com\/site\/wp-json\/wp\/v2\/categories?post=290995"},{"taxonomy":"post_tag","embeddable":true,"href":"https:\/\/www.notibras.com\/site\/wp-json\/wp\/v2\/tags?post=290995"}],"curies":[{"name":"wp","href":"https:\/\/api.w.org\/{rel}","templated":true}]}}