{"id":291000,"date":"2022-08-30T05:13:16","date_gmt":"2022-08-30T08:13:16","guid":{"rendered":"https:\/\/www.notibras.com\/site\/?p=291000"},"modified":"2022-08-30T05:42:01","modified_gmt":"2022-08-30T08:42:01","slug":"moraes-torna-publicas-sujeiras-dos-golpistas-bolsonaristas","status":"publish","type":"post","link":"https:\/\/www.notibras.com\/site\/moraes-torna-publicas-sujeiras-dos-golpistas-bolsonaristas\/","title":{"rendered":"Moraes torna p\u00fablicas sujeiras dos golpistas bolsonaristas"},"content":{"rendered":"<p>O ministro do Supremo Tribunal Federal Alexandre de Moraes retirou o sigilo da decis\u00e3o na qual determinou buscas e apreens\u00f5es contra empres\u00e1rios acusados de compartilhar mensagens antidemocr\u00e1ticas.<\/p>\n<p>Na semana passada, al\u00e9m das buscas, Moraes tamb\u00e9m determinou o bloqueio das contas banc\u00e1rias e das redes sociais dos envolvidos.<\/p>\n<p>Conforme a decis\u00e3o, assinada no dia 19 de agosto, as dilig\u00eancias foram tomadas a partir de um pedido da Pol\u00edcia Federal (PF) e foram baseadas em mat\u00e9rias jornal\u00edsticas que tiveram acesso \u00e0 troca de mensagens entre os empres\u00e1rios.<\/p>\n<p>Ap\u00f3s analisar as mensagens publicadas pela reportagem, o delegado respons\u00e1vel pelo caso pediu as dilig\u00eancias ao ministro para &#8220;aprofundamento e obten\u00e7\u00e3o de novos dados&#8221;.<\/p>\n<p>Em seguida, o ministro Alexandre de Moraes autorizou as medidas por entender que eram necess\u00e1rias para apura\u00e7\u00e3o dos fatos.<\/p>\n<p>&#8220;N\u00e3o h\u00e1 d\u00favidas de que as condutas dos investigados indicam possibilidade de atentados contra a democracia e o Estado de Direito, utilizando-se do modus operandi de esquemas de divulga\u00e7\u00e3o em massa nas redes sociais, com o intuito de lesar ou expor a perigo de les\u00e3o a independ\u00eancia do Poder Judici\u00e1rio, o Estado de Direito e a Democracia; revelando-se imprescind\u00edvel a ado\u00e7\u00e3o de medidas que elucidem os fatos investigados, especialmente diante da exist\u00eancia de uma organiza\u00e7\u00e3o criminosa identificada no Inq. 4.874\/DF e tamb\u00e9m no Inq. 4.781\/DF, ambos de minha relatoria&#8221;, decidiu o ministro.<\/p>\n<p>Ap\u00f3s a opera\u00e7\u00e3o da PF, os empres\u00e1rios envolvidos repudiaram a decis\u00e3o e negaram terem defendido atos antidemocr\u00e1ticos.<\/p>\n","protected":false},"excerpt":{"rendered":"<p>O ministro do Supremo Tribunal Federal Alexandre de Moraes retirou o sigilo da decis\u00e3o na qual determinou buscas e apreens\u00f5es contra empres\u00e1rios acusados de compartilhar mensagens antidemocr\u00e1ticas. Na semana passada, al\u00e9m das buscas, Moraes tamb\u00e9m determinou o bloqueio das contas banc\u00e1rias e das redes sociais dos envolvidos. Conforme a decis\u00e3o, assinada no dia 19 de [&hellip;]<\/p>\n","protected":false},"author":2,"featured_media":291001,"comment_status":"closed","ping_status":"closed","sticky":false,"template":"","format":"standard","meta":{"_acf_changed":false,"footnotes":""},"categories":[26],"tags":[95],"class_list":["post-291000","post","type-post","status-publish","format-standard","has-post-thumbnail","hentry","category-eleicoes-2022","tag-capa"],"acf":[],"_links":{"self":[{"href":"https:\/\/www.notibras.com\/site\/wp-json\/wp\/v2\/posts\/291000","targetHints":{"allow":["GET"]}}],"collection":[{"href":"https:\/\/www.notibras.com\/site\/wp-json\/wp\/v2\/posts"}],"about":[{"href":"https:\/\/www.notibras.com\/site\/wp-json\/wp\/v2\/types\/post"}],"author":[{"embeddable":true,"href":"https:\/\/www.notibras.com\/site\/wp-json\/wp\/v2\/users\/2"}],"replies":[{"embeddable":true,"href":"https:\/\/www.notibras.com\/site\/wp-json\/wp\/v2\/comments?post=291000"}],"version-history":[{"count":1,"href":"https:\/\/www.notibras.com\/site\/wp-json\/wp\/v2\/posts\/291000\/revisions"}],"predecessor-version":[{"id":291002,"href":"https:\/\/www.notibras.com\/site\/wp-json\/wp\/v2\/posts\/291000\/revisions\/291002"}],"wp:featuredmedia":[{"embeddable":true,"href":"https:\/\/www.notibras.com\/site\/wp-json\/wp\/v2\/media\/291001"}],"wp:attachment":[{"href":"https:\/\/www.notibras.com\/site\/wp-json\/wp\/v2\/media?parent=291000"}],"wp:term":[{"taxonomy":"category","embeddable":true,"href":"https:\/\/www.notibras.com\/site\/wp-json\/wp\/v2\/categories?post=291000"},{"taxonomy":"post_tag","embeddable":true,"href":"https:\/\/www.notibras.com\/site\/wp-json\/wp\/v2\/tags?post=291000"}],"curies":[{"name":"wp","href":"https:\/\/api.w.org\/{rel}","templated":true}]}}