{"id":291006,"date":"2022-08-30T05:06:53","date_gmt":"2022-08-30T08:06:53","guid":{"rendered":"https:\/\/www.notibras.com\/site\/?p=291006"},"modified":"2022-08-30T05:56:40","modified_gmt":"2022-08-30T08:56:40","slug":"tse-tira-roberto-jefferson-preso-do-horario-eleitoral","status":"publish","type":"post","link":"https:\/\/www.notibras.com\/site\/tse-tira-roberto-jefferson-preso-do-horario-eleitoral\/","title":{"rendered":"TSE tira Roberto Jefferson, preso, do hor\u00e1rio eleitoral"},"content":{"rendered":"<p>O ministro Carlos Horbach, do Tribunal Superior Eleitoral, determinou a suspens\u00e3o do tempo do candidato do PDB \u00e0 Presid\u00eancia da Rep\u00fablica Roberto Jefferson no hor\u00e1rio eleitoral gratuito no r\u00e1dio e na televis\u00e3o.<\/p>\n<p>A medida foi tomada a pedido do Minist\u00e9rio P\u00fablico Eleitoral (MPE), que, no in\u00edcio deste m\u00eas, impugnou a candidatura de Jefferson.<\/p>\n<p>De acordo com \u00f3rg\u00e3o, Jefferson est\u00e1 ineleg\u00edvel at\u00e9 24 de dezembro de 2023 em fun\u00e7\u00e3o da condena\u00e7\u00e3o na A\u00e7\u00e3o Penal 470, o processo do mensal\u00e3o, e n\u00e3o pode disputar as elei\u00e7\u00f5es deste ano. Pela Lei da Ficha Limpa, a inelegibilidade \u00e9 de oito anos ap\u00f3s o cumprimento da pena.<\/p>\n<p>A decis\u00e3o vale at\u00e9 o julgamento definitivo sobre a validade da candidatura de Jefferson. No dia 19 deste m\u00eas, o TSE tamb\u00e9m determinou a suspens\u00e3o dos repasses de recursos para a campanha do candidato.<\/p>\n<p>Apesar das decis\u00f5es, o nome do candidato continua no sistema DivulgaCand, que re\u00fane os registros dos 12 candidatos \u00e0 Presid\u00eancia.<\/p>\n","protected":false},"excerpt":{"rendered":"<p>O ministro Carlos Horbach, do Tribunal Superior Eleitoral, determinou a suspens\u00e3o do tempo do candidato do PDB \u00e0 Presid\u00eancia da Rep\u00fablica Roberto Jefferson no hor\u00e1rio eleitoral gratuito no r\u00e1dio e na televis\u00e3o. A medida foi tomada a pedido do Minist\u00e9rio P\u00fablico Eleitoral (MPE), que, no in\u00edcio deste m\u00eas, impugnou a candidatura de Jefferson. De acordo [&hellip;]<\/p>\n","protected":false},"author":2,"featured_media":291007,"comment_status":"closed","ping_status":"closed","sticky":false,"template":"","format":"standard","meta":{"_acf_changed":false,"footnotes":""},"categories":[26],"tags":[95],"class_list":["post-291006","post","type-post","status-publish","format-standard","has-post-thumbnail","hentry","category-eleicoes-2022","tag-capa"],"acf":[],"_links":{"self":[{"href":"https:\/\/www.notibras.com\/site\/wp-json\/wp\/v2\/posts\/291006","targetHints":{"allow":["GET"]}}],"collection":[{"href":"https:\/\/www.notibras.com\/site\/wp-json\/wp\/v2\/posts"}],"about":[{"href":"https:\/\/www.notibras.com\/site\/wp-json\/wp\/v2\/types\/post"}],"author":[{"embeddable":true,"href":"https:\/\/www.notibras.com\/site\/wp-json\/wp\/v2\/users\/2"}],"replies":[{"embeddable":true,"href":"https:\/\/www.notibras.com\/site\/wp-json\/wp\/v2\/comments?post=291006"}],"version-history":[{"count":1,"href":"https:\/\/www.notibras.com\/site\/wp-json\/wp\/v2\/posts\/291006\/revisions"}],"predecessor-version":[{"id":291008,"href":"https:\/\/www.notibras.com\/site\/wp-json\/wp\/v2\/posts\/291006\/revisions\/291008"}],"wp:featuredmedia":[{"embeddable":true,"href":"https:\/\/www.notibras.com\/site\/wp-json\/wp\/v2\/media\/291007"}],"wp:attachment":[{"href":"https:\/\/www.notibras.com\/site\/wp-json\/wp\/v2\/media?parent=291006"}],"wp:term":[{"taxonomy":"category","embeddable":true,"href":"https:\/\/www.notibras.com\/site\/wp-json\/wp\/v2\/categories?post=291006"},{"taxonomy":"post_tag","embeddable":true,"href":"https:\/\/www.notibras.com\/site\/wp-json\/wp\/v2\/tags?post=291006"}],"curies":[{"name":"wp","href":"https:\/\/api.w.org\/{rel}","templated":true}]}}