{"id":291057,"date":"2022-08-30T17:22:16","date_gmt":"2022-08-30T20:22:16","guid":{"rendered":"https:\/\/www.notibras.com\/site\/?p=291057"},"modified":"2022-08-30T19:24:46","modified_gmt":"2022-08-30T22:24:46","slug":"ilhas-salomao-proibem-navio-de-guerra-americano-em-suas-aguas","status":"publish","type":"post","link":"https:\/\/www.notibras.com\/site\/ilhas-salomao-proibem-navio-de-guerra-americano-em-suas-aguas\/","title":{"rendered":"Ilhas Salom\u00e3o pro\u00edbem navio de guerra americano em suas \u00e1guas"},"content":{"rendered":"<p>As Ilhas Salom\u00e3o tiveram que adiar a entrada de um navio da Guarda Costeira dos EUA no in\u00edcio deste m\u00eas devido \u00e0 apresenta\u00e7\u00e3o tardia de informa\u00e7\u00f5es necess\u00e1rias para aprovar o acesso ao pa\u00eds, disse o primeiro-ministro Manasseh Sogavare nesta ter\u00e7a-feira, segundo a Unidade de Comunica\u00e7\u00e3o do Governo. (UGC).<\/p>\n<p>O c\u00fater da Guarda Costeira dos EUA Oliver Henry foi impedido de entrar para uma escala log\u00edstica em Guadalcanal devido a um atraso na apresenta\u00e7\u00e3o dos documentos necess\u00e1rios, levando o navio a deixar as \u00e1guas das ilhas antes que a aprova\u00e7\u00e3o para entrada fosse concedida na noite de 20 de agosto.<\/p>\n<p>As Ilhas Salom\u00e3o solicitaram aos pa\u00edses parceiros que suspendam as visitas navais ao pa\u00eds at\u00e9 que um mecanismo nacional revisado para solicita\u00e7\u00f5es de entrada esteja em vigor, disse o GCU em comunicado.<\/p>\n<p>&#8220;Para isso, solicitamos aos nossos parceiros que nos dessem tempo para revisar e colocar em pr\u00e1tica nossos novos processos antes de enviar novos pedidos de entrada de navios militares no pa\u00eds. Assim que o novo mecanismo estiver em vigor, informaremos a todos. que o novo processo seja mais suave e oportuno&#8221;, disse Sogavare.<\/p>\n<p>As Ilhas Salom\u00e3o tiveram &#8220;experi\u00eancias infelizes&#8221; com navios da marinha estrangeira que entraram nas \u00e1guas do pa\u00eds durante o ano sem autoriza\u00e7\u00e3o diplom\u00e1tica concedida e gostariam de evitar que tais incidentes se repetissem, disse o comunicado.<\/p>\n<p>Desde ent\u00e3o, as Ilhas Salom\u00e3o receberam o navio-hospital Mercy dos EUA na capital de Honiara para realizar v\u00e1rios programas de sa\u00fade, acrescentou o comunicado.<\/p>\n<p>A situa\u00e7\u00e3o ocorre em meio ao aumento das preocupa\u00e7\u00f5es dos EUA e do Ocidente coletivo sobre o aumento da coopera\u00e7\u00e3o de seguran\u00e7a entre a China e as Ilhas Salom\u00e3o, com o ex-primeiro-ministro australiano Scott Morrison tendo chamado a constru\u00e7\u00e3o de uma base chinesa nas ilhas uma &#8220;linha vermelha&#8221; para Canberra e Washington.<\/p>\n","protected":false},"excerpt":{"rendered":"<p>As Ilhas Salom\u00e3o tiveram que adiar a entrada de um navio da Guarda Costeira dos EUA no in\u00edcio deste m\u00eas devido \u00e0 apresenta\u00e7\u00e3o tardia de informa\u00e7\u00f5es necess\u00e1rias para aprovar o acesso ao pa\u00eds, disse o primeiro-ministro Manasseh Sogavare nesta ter\u00e7a-feira, segundo a Unidade de Comunica\u00e7\u00e3o do Governo. (UGC). O c\u00fater da Guarda Costeira dos EUA [&hellip;]<\/p>\n","protected":false},"author":2,"featured_media":291058,"comment_status":"closed","ping_status":"closed","sticky":false,"template":"","format":"standard","meta":{"_acf_changed":false,"footnotes":""},"categories":[159],"tags":[95],"class_list":["post-291057","post","type-post","status-publish","format-standard","has-post-thumbnail","hentry","category-apocalipse","tag-capa"],"acf":[],"yoast_head":"<!-- This site is optimized with the Yoast SEO plugin v27.2 - https:\/\/yoast.com\/product\/yoast-seo-wordpress\/ -->\n<title>Ilhas Salom\u00e3o pro\u00edbem navio de guerra americano em suas \u00e1guas - Notibras<\/title>\n<meta name=\"robots\" content=\"index, follow, max-snippet:-1, max-image-preview:large, max-video-preview:-1\" \/>\n<link rel=\"canonical\" href=\"https:\/\/www.notibras.com\/site\/ilhas-salomao-proibem-navio-de-guerra-americano-em-suas-aguas\/\" \/>\n<meta property=\"og:locale\" content=\"pt_BR\" \/>\n<meta property=\"og:type\" content=\"article\" \/>\n<meta property=\"og:title\" content=\"Ilhas Salom\u00e3o pro\u00edbem navio de guerra americano em suas \u00e1guas - Notibras\" \/>\n<meta property=\"og:description\" content=\"As Ilhas Salom\u00e3o tiveram que adiar a entrada de um navio da Guarda Costeira dos EUA no in\u00edcio deste m\u00eas devido \u00e0 apresenta\u00e7\u00e3o tardia de informa\u00e7\u00f5es necess\u00e1rias para aprovar o acesso ao pa\u00eds, disse o primeiro-ministro Manasseh Sogavare nesta ter\u00e7a-feira, segundo a Unidade de Comunica\u00e7\u00e3o do Governo. (UGC). O c\u00fater da Guarda Costeira dos EUA [&hellip;]\" \/>\n<meta property=\"og:url\" content=\"https:\/\/www.notibras.com\/site\/ilhas-salomao-proibem-navio-de-guerra-americano-em-suas-aguas\/\" \/>\n<meta property=\"og:site_name\" content=\"Notibras\" \/>\n<meta property=\"article:publisher\" content=\"https:\/\/www.facebook.com\/notibras\/\" \/>\n<meta property=\"article:published_time\" content=\"2022-08-30T20:22:16+00:00\" \/>\n<meta property=\"article:modified_time\" content=\"2022-08-30T22:24:46+00:00\" \/>\n<meta property=\"og:image\" content=\"https:\/\/www.notibras.com\/site\/wp-content\/uploads\/2022\/08\/navio.slomao.webp\" \/>\n\t<meta property=\"og:image:width\" content=\"1920\" \/>\n\t<meta property=\"og:image:height\" content=\"1080\" \/>\n\t<meta property=\"og:image:type\" content=\"image\/webp\" \/>\n<meta name=\"author\" content=\"Reda\u00e7\u00e3o\" \/>\n<meta name=\"twitter:card\" content=\"summary_large_image\" \/>\n<meta name=\"twitter:creator\" content=\"@Notibras\" \/>\n<meta name=\"twitter:site\" content=\"@Notibras\" \/>\n<meta name=\"twitter:label1\" content=\"Escrito por\" \/>\n\t<meta name=\"twitter:data1\" content=\"Reda\u00e7\u00e3o\" \/>\n\t<meta name=\"twitter:label2\" content=\"Est. tempo de leitura\" \/>\n\t<meta name=\"twitter:data2\" content=\"2 minutos\" \/>\n<script type=\"application\/ld+json\" class=\"yoast-schema-graph\">{\"@context\":\"https:\/\/schema.org\",\"@graph\":[{\"@type\":\"Article\",\"@id\":\"https:\/\/www.notibras.com\/site\/ilhas-salomao-proibem-navio-de-guerra-americano-em-suas-aguas\/#article\",\"isPartOf\":{\"@id\":\"https:\/\/www.notibras.com\/site\/ilhas-salomao-proibem-navio-de-guerra-americano-em-suas-aguas\/\"},\"author\":{\"name\":\"Reda\u00e7\u00e3o\",\"@id\":\"https:\/\/www.notibras.com\/site\/#\/schema\/person\/36ab0979449956132d3e5b517ea76ac8\"},\"headline\":\"Ilhas Salom\u00e3o pro\u00edbem navio de guerra americano em suas \u00e1guas\",\"datePublished\":\"2022-08-30T20:22:16+00:00\",\"dateModified\":\"2022-08-30T22:24:46+00:00\",\"mainEntityOfPage\":{\"@id\":\"https:\/\/www.notibras.com\/site\/ilhas-salomao-proibem-navio-de-guerra-americano-em-suas-aguas\/\"},\"wordCount\":341,\"publisher\":{\"@id\":\"https:\/\/www.notibras.com\/site\/#organization\"},\"image\":{\"@id\":\"https:\/\/www.notibras.com\/site\/ilhas-salomao-proibem-navio-de-guerra-americano-em-suas-aguas\/#primaryimage\"},\"thumbnailUrl\":\"https:\/\/www.notibras.com\/site\/wp-content\/uploads\/2022\/08\/navio.slomao.webp\",\"keywords\":[\"capa\"],\"articleSection\":[\"Apocalipse\"],\"inLanguage\":\"pt-BR\"},{\"@type\":\"WebPage\",\"@id\":\"https:\/\/www.notibras.com\/site\/ilhas-salomao-proibem-navio-de-guerra-americano-em-suas-aguas\/\",\"url\":\"https:\/\/www.notibras.com\/site\/ilhas-salomao-proibem-navio-de-guerra-americano-em-suas-aguas\/\",\"name\":\"Ilhas Salom\u00e3o pro\u00edbem navio de guerra americano em suas \u00e1guas - Notibras\",\"isPartOf\":{\"@id\":\"https:\/\/www.notibras.com\/site\/#website\"},\"primaryImageOfPage\":{\"@id\":\"https:\/\/www.notibras.com\/site\/ilhas-salomao-proibem-navio-de-guerra-americano-em-suas-aguas\/#primaryimage\"},\"image\":{\"@id\":\"https:\/\/www.notibras.com\/site\/ilhas-salomao-proibem-navio-de-guerra-americano-em-suas-aguas\/#primaryimage\"},\"thumbnailUrl\":\"https:\/\/www.notibras.com\/site\/wp-content\/uploads\/2022\/08\/navio.slomao.webp\",\"datePublished\":\"2022-08-30T20:22:16+00:00\",\"dateModified\":\"2022-08-30T22:24:46+00:00\",\"breadcrumb\":{\"@id\":\"https:\/\/www.notibras.com\/site\/ilhas-salomao-proibem-navio-de-guerra-americano-em-suas-aguas\/#breadcrumb\"},\"inLanguage\":\"pt-BR\",\"potentialAction\":[{\"@type\":\"ReadAction\",\"target\":[\"https:\/\/www.notibras.com\/site\/ilhas-salomao-proibem-navio-de-guerra-americano-em-suas-aguas\/\"]}]},{\"@type\":\"ImageObject\",\"inLanguage\":\"pt-BR\",\"@id\":\"https:\/\/www.notibras.com\/site\/ilhas-salomao-proibem-navio-de-guerra-americano-em-suas-aguas\/#primaryimage\",\"url\":\"https:\/\/www.notibras.com\/site\/wp-content\/uploads\/2022\/08\/navio.slomao.webp\",\"contentUrl\":\"https:\/\/www.notibras.com\/site\/wp-content\/uploads\/2022\/08\/navio.slomao.webp\",\"width\":1920,\"height\":1080},{\"@type\":\"BreadcrumbList\",\"@id\":\"https:\/\/www.notibras.com\/site\/ilhas-salomao-proibem-navio-de-guerra-americano-em-suas-aguas\/#breadcrumb\",\"itemListElement\":[{\"@type\":\"ListItem\",\"position\":1,\"name\":\"In\u00edcio\",\"item\":\"https:\/\/www.notibras.com\/site\/\"},{\"@type\":\"ListItem\",\"position\":2,\"name\":\"Ilhas Salom\u00e3o pro\u00edbem navio de guerra americano em suas \u00e1guas\"}]},{\"@type\":\"WebSite\",\"@id\":\"https:\/\/www.notibras.com\/site\/#website\",\"url\":\"https:\/\/www.notibras.com\/site\/\",\"name\":\"Notibras\",\"description\":\"Not\u00edcias de Bras\u00edlia, do Brasil e do Mundo\",\"publisher\":{\"@id\":\"https:\/\/www.notibras.com\/site\/#organization\"},\"potentialAction\":[{\"@type\":\"SearchAction\",\"target\":{\"@type\":\"EntryPoint\",\"urlTemplate\":\"https:\/\/www.notibras.com\/site\/?s={search_term_string}\"},\"query-input\":{\"@type\":\"PropertyValueSpecification\",\"valueRequired\":true,\"valueName\":\"search_term_string\"}}],\"inLanguage\":\"pt-BR\"},{\"@type\":\"Organization\",\"@id\":\"https:\/\/www.notibras.com\/site\/#organization\",\"name\":\"Grupo Notibras de Comunica\u00e7\u00e3o\",\"url\":\"https:\/\/www.notibras.com\/site\/\",\"logo\":{\"@type\":\"ImageObject\",\"inLanguage\":\"pt-BR\",\"@id\":\"https:\/\/www.notibras.com\/site\/#\/schema\/logo\/image\/\",\"url\":\"https:\/\/www.notibras.com\/site\/wp-content\/uploads\/2023\/01\/notibras23.png\",\"contentUrl\":\"https:\/\/www.notibras.com\/site\/wp-content\/uploads\/2023\/01\/notibras23.png\",\"width\":350,\"height\":87,\"caption\":\"Grupo Notibras de Comunica\u00e7\u00e3o\"},\"image\":{\"@id\":\"https:\/\/www.notibras.com\/site\/#\/schema\/logo\/image\/\"},\"sameAs\":[\"https:\/\/www.facebook.com\/notibras\/\",\"https:\/\/x.com\/Notibras\",\"https:\/\/www.instagram.com\/notibras\/\"]},{\"@type\":\"Person\",\"@id\":\"https:\/\/www.notibras.com\/site\/#\/schema\/person\/36ab0979449956132d3e5b517ea76ac8\",\"name\":\"Reda\u00e7\u00e3o\",\"image\":{\"@type\":\"ImageObject\",\"inLanguage\":\"pt-BR\",\"@id\":\"https:\/\/secure.gravatar.com\/avatar\/e0a867bdedb85fd243eadf09663511f96fc81e0720a4a42581f334ad4303aa6b?s=96&d=mm&r=g\",\"url\":\"https:\/\/secure.gravatar.com\/avatar\/e0a867bdedb85fd243eadf09663511f96fc81e0720a4a42581f334ad4303aa6b?s=96&d=mm&r=g\",\"contentUrl\":\"https:\/\/secure.gravatar.com\/avatar\/e0a867bdedb85fd243eadf09663511f96fc81e0720a4a42581f334ad4303aa6b?s=96&d=mm&r=g\",\"caption\":\"Reda\u00e7\u00e3o\"}}]}<\/script>\n<!-- \/ Yoast SEO plugin. -->","yoast_head_json":{"title":"Ilhas Salom\u00e3o pro\u00edbem navio de guerra americano em suas \u00e1guas - Notibras","robots":{"index":"index","follow":"follow","max-snippet":"max-snippet:-1","max-image-preview":"max-image-preview:large","max-video-preview":"max-video-preview:-1"},"canonical":"https:\/\/www.notibras.com\/site\/ilhas-salomao-proibem-navio-de-guerra-americano-em-suas-aguas\/","og_locale":"pt_BR","og_type":"article","og_title":"Ilhas Salom\u00e3o pro\u00edbem navio de guerra americano em suas \u00e1guas - Notibras","og_description":"As Ilhas Salom\u00e3o tiveram que adiar a entrada de um navio da Guarda Costeira dos EUA no in\u00edcio deste m\u00eas devido \u00e0 apresenta\u00e7\u00e3o tardia de informa\u00e7\u00f5es necess\u00e1rias para aprovar o acesso ao pa\u00eds, disse o primeiro-ministro Manasseh Sogavare nesta ter\u00e7a-feira, segundo a Unidade de Comunica\u00e7\u00e3o do Governo. (UGC). O c\u00fater da Guarda Costeira dos EUA [&hellip;]","og_url":"https:\/\/www.notibras.com\/site\/ilhas-salomao-proibem-navio-de-guerra-americano-em-suas-aguas\/","og_site_name":"Notibras","article_publisher":"https:\/\/www.facebook.com\/notibras\/","article_published_time":"2022-08-30T20:22:16+00:00","article_modified_time":"2022-08-30T22:24:46+00:00","og_image":[{"width":1920,"height":1080,"url":"https:\/\/www.notibras.com\/site\/wp-content\/uploads\/2022\/08\/navio.slomao.webp","type":"image\/webp"}],"author":"Reda\u00e7\u00e3o","twitter_card":"summary_large_image","twitter_creator":"@Notibras","twitter_site":"@Notibras","twitter_misc":{"Escrito por":"Reda\u00e7\u00e3o","Est. tempo de leitura":"2 minutos"},"schema":{"@context":"https:\/\/schema.org","@graph":[{"@type":"Article","@id":"https:\/\/www.notibras.com\/site\/ilhas-salomao-proibem-navio-de-guerra-americano-em-suas-aguas\/#article","isPartOf":{"@id":"https:\/\/www.notibras.com\/site\/ilhas-salomao-proibem-navio-de-guerra-americano-em-suas-aguas\/"},"author":{"name":"Reda\u00e7\u00e3o","@id":"https:\/\/www.notibras.com\/site\/#\/schema\/person\/36ab0979449956132d3e5b517ea76ac8"},"headline":"Ilhas Salom\u00e3o pro\u00edbem navio de guerra americano em suas \u00e1guas","datePublished":"2022-08-30T20:22:16+00:00","dateModified":"2022-08-30T22:24:46+00:00","mainEntityOfPage":{"@id":"https:\/\/www.notibras.com\/site\/ilhas-salomao-proibem-navio-de-guerra-americano-em-suas-aguas\/"},"wordCount":341,"publisher":{"@id":"https:\/\/www.notibras.com\/site\/#organization"},"image":{"@id":"https:\/\/www.notibras.com\/site\/ilhas-salomao-proibem-navio-de-guerra-americano-em-suas-aguas\/#primaryimage"},"thumbnailUrl":"https:\/\/www.notibras.com\/site\/wp-content\/uploads\/2022\/08\/navio.slomao.webp","keywords":["capa"],"articleSection":["Apocalipse"],"inLanguage":"pt-BR"},{"@type":"WebPage","@id":"https:\/\/www.notibras.com\/site\/ilhas-salomao-proibem-navio-de-guerra-americano-em-suas-aguas\/","url":"https:\/\/www.notibras.com\/site\/ilhas-salomao-proibem-navio-de-guerra-americano-em-suas-aguas\/","name":"Ilhas Salom\u00e3o pro\u00edbem navio de guerra americano em suas \u00e1guas - Notibras","isPartOf":{"@id":"https:\/\/www.notibras.com\/site\/#website"},"primaryImageOfPage":{"@id":"https:\/\/www.notibras.com\/site\/ilhas-salomao-proibem-navio-de-guerra-americano-em-suas-aguas\/#primaryimage"},"image":{"@id":"https:\/\/www.notibras.com\/site\/ilhas-salomao-proibem-navio-de-guerra-americano-em-suas-aguas\/#primaryimage"},"thumbnailUrl":"https:\/\/www.notibras.com\/site\/wp-content\/uploads\/2022\/08\/navio.slomao.webp","datePublished":"2022-08-30T20:22:16+00:00","dateModified":"2022-08-30T22:24:46+00:00","breadcrumb":{"@id":"https:\/\/www.notibras.com\/site\/ilhas-salomao-proibem-navio-de-guerra-americano-em-suas-aguas\/#breadcrumb"},"inLanguage":"pt-BR","potentialAction":[{"@type":"ReadAction","target":["https:\/\/www.notibras.com\/site\/ilhas-salomao-proibem-navio-de-guerra-americano-em-suas-aguas\/"]}]},{"@type":"ImageObject","inLanguage":"pt-BR","@id":"https:\/\/www.notibras.com\/site\/ilhas-salomao-proibem-navio-de-guerra-americano-em-suas-aguas\/#primaryimage","url":"https:\/\/www.notibras.com\/site\/wp-content\/uploads\/2022\/08\/navio.slomao.webp","contentUrl":"https:\/\/www.notibras.com\/site\/wp-content\/uploads\/2022\/08\/navio.slomao.webp","width":1920,"height":1080},{"@type":"BreadcrumbList","@id":"https:\/\/www.notibras.com\/site\/ilhas-salomao-proibem-navio-de-guerra-americano-em-suas-aguas\/#breadcrumb","itemListElement":[{"@type":"ListItem","position":1,"name":"In\u00edcio","item":"https:\/\/www.notibras.com\/site\/"},{"@type":"ListItem","position":2,"name":"Ilhas Salom\u00e3o pro\u00edbem navio de guerra americano em suas \u00e1guas"}]},{"@type":"WebSite","@id":"https:\/\/www.notibras.com\/site\/#website","url":"https:\/\/www.notibras.com\/site\/","name":"Notibras","description":"Not\u00edcias de Bras\u00edlia, do Brasil e do Mundo","publisher":{"@id":"https:\/\/www.notibras.com\/site\/#organization"},"potentialAction":[{"@type":"SearchAction","target":{"@type":"EntryPoint","urlTemplate":"https:\/\/www.notibras.com\/site\/?s={search_term_string}"},"query-input":{"@type":"PropertyValueSpecification","valueRequired":true,"valueName":"search_term_string"}}],"inLanguage":"pt-BR"},{"@type":"Organization","@id":"https:\/\/www.notibras.com\/site\/#organization","name":"Grupo Notibras de Comunica\u00e7\u00e3o","url":"https:\/\/www.notibras.com\/site\/","logo":{"@type":"ImageObject","inLanguage":"pt-BR","@id":"https:\/\/www.notibras.com\/site\/#\/schema\/logo\/image\/","url":"https:\/\/www.notibras.com\/site\/wp-content\/uploads\/2023\/01\/notibras23.png","contentUrl":"https:\/\/www.notibras.com\/site\/wp-content\/uploads\/2023\/01\/notibras23.png","width":350,"height":87,"caption":"Grupo Notibras de Comunica\u00e7\u00e3o"},"image":{"@id":"https:\/\/www.notibras.com\/site\/#\/schema\/logo\/image\/"},"sameAs":["https:\/\/www.facebook.com\/notibras\/","https:\/\/x.com\/Notibras","https:\/\/www.instagram.com\/notibras\/"]},{"@type":"Person","@id":"https:\/\/www.notibras.com\/site\/#\/schema\/person\/36ab0979449956132d3e5b517ea76ac8","name":"Reda\u00e7\u00e3o","image":{"@type":"ImageObject","inLanguage":"pt-BR","@id":"https:\/\/secure.gravatar.com\/avatar\/e0a867bdedb85fd243eadf09663511f96fc81e0720a4a42581f334ad4303aa6b?s=96&d=mm&r=g","url":"https:\/\/secure.gravatar.com\/avatar\/e0a867bdedb85fd243eadf09663511f96fc81e0720a4a42581f334ad4303aa6b?s=96&d=mm&r=g","contentUrl":"https:\/\/secure.gravatar.com\/avatar\/e0a867bdedb85fd243eadf09663511f96fc81e0720a4a42581f334ad4303aa6b?s=96&d=mm&r=g","caption":"Reda\u00e7\u00e3o"}}]}},"amp_enabled":true,"_links":{"self":[{"href":"https:\/\/www.notibras.com\/site\/wp-json\/wp\/v2\/posts\/291057","targetHints":{"allow":["GET"]}}],"collection":[{"href":"https:\/\/www.notibras.com\/site\/wp-json\/wp\/v2\/posts"}],"about":[{"href":"https:\/\/www.notibras.com\/site\/wp-json\/wp\/v2\/types\/post"}],"author":[{"embeddable":true,"href":"https:\/\/www.notibras.com\/site\/wp-json\/wp\/v2\/users\/2"}],"replies":[{"embeddable":true,"href":"https:\/\/www.notibras.com\/site\/wp-json\/wp\/v2\/comments?post=291057"}],"version-history":[{"count":1,"href":"https:\/\/www.notibras.com\/site\/wp-json\/wp\/v2\/posts\/291057\/revisions"}],"predecessor-version":[{"id":291059,"href":"https:\/\/www.notibras.com\/site\/wp-json\/wp\/v2\/posts\/291057\/revisions\/291059"}],"wp:featuredmedia":[{"embeddable":true,"href":"https:\/\/www.notibras.com\/site\/wp-json\/wp\/v2\/media\/291058"}],"wp:attachment":[{"href":"https:\/\/www.notibras.com\/site\/wp-json\/wp\/v2\/media?parent=291057"}],"wp:term":[{"taxonomy":"category","embeddable":true,"href":"https:\/\/www.notibras.com\/site\/wp-json\/wp\/v2\/categories?post=291057"},{"taxonomy":"post_tag","embeddable":true,"href":"https:\/\/www.notibras.com\/site\/wp-json\/wp\/v2\/tags?post=291057"}],"curies":[{"name":"wp","href":"https:\/\/api.w.org\/{rel}","templated":true}]}}