{"id":291063,"date":"2022-08-30T17:32:45","date_gmt":"2022-08-30T20:32:45","guid":{"rendered":"https:\/\/www.notibras.com\/site\/?p=291063"},"modified":"2022-08-30T19:35:32","modified_gmt":"2022-08-30T22:35:32","slug":"putin-aborta-acoes-para-afastar-russia-do-ira","status":"publish","type":"post","link":"https:\/\/www.notibras.com\/site\/putin-aborta-acoes-para-afastar-russia-do-ira\/","title":{"rendered":"Putin aborta a\u00e7\u00f5es para afastar R\u00fassia do Ir\u00e3"},"content":{"rendered":"<p>Atos hostis do Ocidente e suas san\u00e7\u00f5es contra o Ir\u00e3 e a R\u00fassia n\u00e3o impedir\u00e3o os dois pa\u00edses de desenvolver uma coopera\u00e7\u00e3o mutuamente ben\u00e9fica em todas as \u00e1reas, disse o Minist\u00e9rio das Rela\u00e7\u00f5es Exteriores da R\u00fassia nesta ter\u00e7a-feira.<\/p>\n<p>&#8220;Em janeiro-julho de 2022, o com\u00e9rcio bilateral [entre R\u00fassia e Ir\u00e3] foi de US$ 2,7 bilh\u00f5es, 42,7% a mais do que no mesmo per\u00edodo do ano passado&#8221;, disse o minist\u00e9rio.<\/p>\n<p>Tamb\u00e9m houve progresso nas negocia\u00e7\u00f5es sobre um acordo abrangente de livre com\u00e9rcio entre o Ir\u00e3 e a Uni\u00e3o Econ\u00f4mica da Eur\u00e1sia, acrescentou o minist\u00e9rio.<\/p>\n<p>Na quarta-feira, o ministro das Rela\u00e7\u00f5es Exteriores do Ir\u00e3, Hossein Amirabdollahian, far\u00e1 uma visita de trabalho a Moscou e se reunir\u00e1 com o ministro das Rela\u00e7\u00f5es Exteriores da R\u00fassia, Sergei Lavrov.<\/p>\n<p>Os ministros devem discutir a situa\u00e7\u00e3o em torno do acordo nuclear iraniano, projetos conjuntos russo-iranianos de energia e transporte, bem como alguns t\u00f3picos regionais como Ucr\u00e2nia, S\u00edria e Afeganist\u00e3o.<\/p>\n","protected":false},"excerpt":{"rendered":"<p>Atos hostis do Ocidente e suas san\u00e7\u00f5es contra o Ir\u00e3 e a R\u00fassia n\u00e3o impedir\u00e3o os dois pa\u00edses de desenvolver uma coopera\u00e7\u00e3o mutuamente ben\u00e9fica em todas as \u00e1reas, disse o Minist\u00e9rio das Rela\u00e7\u00f5es Exteriores da R\u00fassia nesta ter\u00e7a-feira. &#8220;Em janeiro-julho de 2022, o com\u00e9rcio bilateral [entre R\u00fassia e Ir\u00e3] foi de US$ 2,7 bilh\u00f5es, 42,7% [&hellip;]<\/p>\n","protected":false},"author":2,"featured_media":291064,"comment_status":"closed","ping_status":"closed","sticky":false,"template":"","format":"standard","meta":{"_acf_changed":false,"footnotes":""},"categories":[159],"tags":[95],"class_list":["post-291063","post","type-post","status-publish","format-standard","has-post-thumbnail","hentry","category-apocalipse","tag-capa"],"acf":[],"yoast_head":"<!-- This site is optimized with the Yoast SEO plugin v27.2 - https:\/\/yoast.com\/product\/yoast-seo-wordpress\/ -->\n<title>Putin aborta a\u00e7\u00f5es para afastar R\u00fassia do Ir\u00e3 - Notibras<\/title>\n<meta name=\"robots\" content=\"index, follow, max-snippet:-1, max-image-preview:large, max-video-preview:-1\" \/>\n<link rel=\"canonical\" href=\"https:\/\/www.notibras.com\/site\/putin-aborta-acoes-para-afastar-russia-do-ira\/\" \/>\n<meta property=\"og:locale\" content=\"pt_BR\" \/>\n<meta property=\"og:type\" content=\"article\" \/>\n<meta property=\"og:title\" content=\"Putin aborta a\u00e7\u00f5es para afastar R\u00fassia do Ir\u00e3 - Notibras\" \/>\n<meta property=\"og:description\" content=\"Atos hostis do Ocidente e suas san\u00e7\u00f5es contra o Ir\u00e3 e a R\u00fassia n\u00e3o impedir\u00e3o os dois pa\u00edses de desenvolver uma coopera\u00e7\u00e3o mutuamente ben\u00e9fica em todas as \u00e1reas, disse o Minist\u00e9rio das Rela\u00e7\u00f5es Exteriores da R\u00fassia nesta ter\u00e7a-feira. &#8220;Em janeiro-julho de 2022, o com\u00e9rcio bilateral [entre R\u00fassia e Ir\u00e3] foi de US$ 2,7 bilh\u00f5es, 42,7% [&hellip;]\" \/>\n<meta property=\"og:url\" content=\"https:\/\/www.notibras.com\/site\/putin-aborta-acoes-para-afastar-russia-do-ira\/\" \/>\n<meta property=\"og:site_name\" content=\"Notibras\" \/>\n<meta property=\"article:publisher\" content=\"https:\/\/www.facebook.com\/notibras\/\" \/>\n<meta property=\"article:published_time\" content=\"2022-08-30T20:32:45+00:00\" \/>\n<meta property=\"article:modified_time\" content=\"2022-08-30T22:35:32+00:00\" \/>\n<meta property=\"og:image\" content=\"https:\/\/www.notibras.com\/site\/wp-content\/uploads\/2022\/08\/putin.ira_.webp\" \/>\n\t<meta property=\"og:image:width\" content=\"1920\" \/>\n\t<meta property=\"og:image:height\" content=\"1080\" \/>\n\t<meta property=\"og:image:type\" content=\"image\/webp\" \/>\n<meta name=\"author\" content=\"Reda\u00e7\u00e3o\" \/>\n<meta name=\"twitter:card\" content=\"summary_large_image\" \/>\n<meta name=\"twitter:creator\" content=\"@Notibras\" \/>\n<meta name=\"twitter:site\" content=\"@Notibras\" \/>\n<meta name=\"twitter:label1\" content=\"Escrito por\" \/>\n\t<meta name=\"twitter:data1\" content=\"Reda\u00e7\u00e3o\" \/>\n\t<meta name=\"twitter:label2\" content=\"Est. tempo de leitura\" \/>\n\t<meta name=\"twitter:data2\" content=\"1 minuto\" \/>\n<script type=\"application\/ld+json\" class=\"yoast-schema-graph\">{\"@context\":\"https:\/\/schema.org\",\"@graph\":[{\"@type\":\"Article\",\"@id\":\"https:\/\/www.notibras.com\/site\/putin-aborta-acoes-para-afastar-russia-do-ira\/#article\",\"isPartOf\":{\"@id\":\"https:\/\/www.notibras.com\/site\/putin-aborta-acoes-para-afastar-russia-do-ira\/\"},\"author\":{\"name\":\"Reda\u00e7\u00e3o\",\"@id\":\"https:\/\/www.notibras.com\/site\/#\/schema\/person\/36ab0979449956132d3e5b517ea76ac8\"},\"headline\":\"Putin aborta a\u00e7\u00f5es para afastar R\u00fassia do Ir\u00e3\",\"datePublished\":\"2022-08-30T20:32:45+00:00\",\"dateModified\":\"2022-08-30T22:35:32+00:00\",\"mainEntityOfPage\":{\"@id\":\"https:\/\/www.notibras.com\/site\/putin-aborta-acoes-para-afastar-russia-do-ira\/\"},\"wordCount\":190,\"publisher\":{\"@id\":\"https:\/\/www.notibras.com\/site\/#organization\"},\"image\":{\"@id\":\"https:\/\/www.notibras.com\/site\/putin-aborta-acoes-para-afastar-russia-do-ira\/#primaryimage\"},\"thumbnailUrl\":\"https:\/\/www.notibras.com\/site\/wp-content\/uploads\/2022\/08\/putin.ira_.webp\",\"keywords\":[\"capa\"],\"articleSection\":[\"Apocalipse\"],\"inLanguage\":\"pt-BR\"},{\"@type\":\"WebPage\",\"@id\":\"https:\/\/www.notibras.com\/site\/putin-aborta-acoes-para-afastar-russia-do-ira\/\",\"url\":\"https:\/\/www.notibras.com\/site\/putin-aborta-acoes-para-afastar-russia-do-ira\/\",\"name\":\"Putin aborta a\u00e7\u00f5es para afastar R\u00fassia do Ir\u00e3 - Notibras\",\"isPartOf\":{\"@id\":\"https:\/\/www.notibras.com\/site\/#website\"},\"primaryImageOfPage\":{\"@id\":\"https:\/\/www.notibras.com\/site\/putin-aborta-acoes-para-afastar-russia-do-ira\/#primaryimage\"},\"image\":{\"@id\":\"https:\/\/www.notibras.com\/site\/putin-aborta-acoes-para-afastar-russia-do-ira\/#primaryimage\"},\"thumbnailUrl\":\"https:\/\/www.notibras.com\/site\/wp-content\/uploads\/2022\/08\/putin.ira_.webp\",\"datePublished\":\"2022-08-30T20:32:45+00:00\",\"dateModified\":\"2022-08-30T22:35:32+00:00\",\"breadcrumb\":{\"@id\":\"https:\/\/www.notibras.com\/site\/putin-aborta-acoes-para-afastar-russia-do-ira\/#breadcrumb\"},\"inLanguage\":\"pt-BR\",\"potentialAction\":[{\"@type\":\"ReadAction\",\"target\":[\"https:\/\/www.notibras.com\/site\/putin-aborta-acoes-para-afastar-russia-do-ira\/\"]}]},{\"@type\":\"ImageObject\",\"inLanguage\":\"pt-BR\",\"@id\":\"https:\/\/www.notibras.com\/site\/putin-aborta-acoes-para-afastar-russia-do-ira\/#primaryimage\",\"url\":\"https:\/\/www.notibras.com\/site\/wp-content\/uploads\/2022\/08\/putin.ira_.webp\",\"contentUrl\":\"https:\/\/www.notibras.com\/site\/wp-content\/uploads\/2022\/08\/putin.ira_.webp\",\"width\":1920,\"height\":1080},{\"@type\":\"BreadcrumbList\",\"@id\":\"https:\/\/www.notibras.com\/site\/putin-aborta-acoes-para-afastar-russia-do-ira\/#breadcrumb\",\"itemListElement\":[{\"@type\":\"ListItem\",\"position\":1,\"name\":\"In\u00edcio\",\"item\":\"https:\/\/www.notibras.com\/site\/\"},{\"@type\":\"ListItem\",\"position\":2,\"name\":\"Putin aborta a\u00e7\u00f5es para afastar R\u00fassia do Ir\u00e3\"}]},{\"@type\":\"WebSite\",\"@id\":\"https:\/\/www.notibras.com\/site\/#website\",\"url\":\"https:\/\/www.notibras.com\/site\/\",\"name\":\"Notibras\",\"description\":\"Not\u00edcias de Bras\u00edlia, do Brasil e do Mundo\",\"publisher\":{\"@id\":\"https:\/\/www.notibras.com\/site\/#organization\"},\"potentialAction\":[{\"@type\":\"SearchAction\",\"target\":{\"@type\":\"EntryPoint\",\"urlTemplate\":\"https:\/\/www.notibras.com\/site\/?s={search_term_string}\"},\"query-input\":{\"@type\":\"PropertyValueSpecification\",\"valueRequired\":true,\"valueName\":\"search_term_string\"}}],\"inLanguage\":\"pt-BR\"},{\"@type\":\"Organization\",\"@id\":\"https:\/\/www.notibras.com\/site\/#organization\",\"name\":\"Grupo Notibras de Comunica\u00e7\u00e3o\",\"url\":\"https:\/\/www.notibras.com\/site\/\",\"logo\":{\"@type\":\"ImageObject\",\"inLanguage\":\"pt-BR\",\"@id\":\"https:\/\/www.notibras.com\/site\/#\/schema\/logo\/image\/\",\"url\":\"https:\/\/www.notibras.com\/site\/wp-content\/uploads\/2023\/01\/notibras23.png\",\"contentUrl\":\"https:\/\/www.notibras.com\/site\/wp-content\/uploads\/2023\/01\/notibras23.png\",\"width\":350,\"height\":87,\"caption\":\"Grupo Notibras de Comunica\u00e7\u00e3o\"},\"image\":{\"@id\":\"https:\/\/www.notibras.com\/site\/#\/schema\/logo\/image\/\"},\"sameAs\":[\"https:\/\/www.facebook.com\/notibras\/\",\"https:\/\/x.com\/Notibras\",\"https:\/\/www.instagram.com\/notibras\/\"]},{\"@type\":\"Person\",\"@id\":\"https:\/\/www.notibras.com\/site\/#\/schema\/person\/36ab0979449956132d3e5b517ea76ac8\",\"name\":\"Reda\u00e7\u00e3o\",\"image\":{\"@type\":\"ImageObject\",\"inLanguage\":\"pt-BR\",\"@id\":\"https:\/\/secure.gravatar.com\/avatar\/e0a867bdedb85fd243eadf09663511f96fc81e0720a4a42581f334ad4303aa6b?s=96&d=mm&r=g\",\"url\":\"https:\/\/secure.gravatar.com\/avatar\/e0a867bdedb85fd243eadf09663511f96fc81e0720a4a42581f334ad4303aa6b?s=96&d=mm&r=g\",\"contentUrl\":\"https:\/\/secure.gravatar.com\/avatar\/e0a867bdedb85fd243eadf09663511f96fc81e0720a4a42581f334ad4303aa6b?s=96&d=mm&r=g\",\"caption\":\"Reda\u00e7\u00e3o\"}}]}<\/script>\n<!-- \/ Yoast SEO plugin. -->","yoast_head_json":{"title":"Putin aborta a\u00e7\u00f5es para afastar R\u00fassia do Ir\u00e3 - Notibras","robots":{"index":"index","follow":"follow","max-snippet":"max-snippet:-1","max-image-preview":"max-image-preview:large","max-video-preview":"max-video-preview:-1"},"canonical":"https:\/\/www.notibras.com\/site\/putin-aborta-acoes-para-afastar-russia-do-ira\/","og_locale":"pt_BR","og_type":"article","og_title":"Putin aborta a\u00e7\u00f5es para afastar R\u00fassia do Ir\u00e3 - Notibras","og_description":"Atos hostis do Ocidente e suas san\u00e7\u00f5es contra o Ir\u00e3 e a R\u00fassia n\u00e3o impedir\u00e3o os dois pa\u00edses de desenvolver uma coopera\u00e7\u00e3o mutuamente ben\u00e9fica em todas as \u00e1reas, disse o Minist\u00e9rio das Rela\u00e7\u00f5es Exteriores da R\u00fassia nesta ter\u00e7a-feira. &#8220;Em janeiro-julho de 2022, o com\u00e9rcio bilateral [entre R\u00fassia e Ir\u00e3] foi de US$ 2,7 bilh\u00f5es, 42,7% [&hellip;]","og_url":"https:\/\/www.notibras.com\/site\/putin-aborta-acoes-para-afastar-russia-do-ira\/","og_site_name":"Notibras","article_publisher":"https:\/\/www.facebook.com\/notibras\/","article_published_time":"2022-08-30T20:32:45+00:00","article_modified_time":"2022-08-30T22:35:32+00:00","og_image":[{"width":1920,"height":1080,"url":"https:\/\/www.notibras.com\/site\/wp-content\/uploads\/2022\/08\/putin.ira_.webp","type":"image\/webp"}],"author":"Reda\u00e7\u00e3o","twitter_card":"summary_large_image","twitter_creator":"@Notibras","twitter_site":"@Notibras","twitter_misc":{"Escrito por":"Reda\u00e7\u00e3o","Est. tempo de leitura":"1 minuto"},"schema":{"@context":"https:\/\/schema.org","@graph":[{"@type":"Article","@id":"https:\/\/www.notibras.com\/site\/putin-aborta-acoes-para-afastar-russia-do-ira\/#article","isPartOf":{"@id":"https:\/\/www.notibras.com\/site\/putin-aborta-acoes-para-afastar-russia-do-ira\/"},"author":{"name":"Reda\u00e7\u00e3o","@id":"https:\/\/www.notibras.com\/site\/#\/schema\/person\/36ab0979449956132d3e5b517ea76ac8"},"headline":"Putin aborta a\u00e7\u00f5es para afastar R\u00fassia do Ir\u00e3","datePublished":"2022-08-30T20:32:45+00:00","dateModified":"2022-08-30T22:35:32+00:00","mainEntityOfPage":{"@id":"https:\/\/www.notibras.com\/site\/putin-aborta-acoes-para-afastar-russia-do-ira\/"},"wordCount":190,"publisher":{"@id":"https:\/\/www.notibras.com\/site\/#organization"},"image":{"@id":"https:\/\/www.notibras.com\/site\/putin-aborta-acoes-para-afastar-russia-do-ira\/#primaryimage"},"thumbnailUrl":"https:\/\/www.notibras.com\/site\/wp-content\/uploads\/2022\/08\/putin.ira_.webp","keywords":["capa"],"articleSection":["Apocalipse"],"inLanguage":"pt-BR"},{"@type":"WebPage","@id":"https:\/\/www.notibras.com\/site\/putin-aborta-acoes-para-afastar-russia-do-ira\/","url":"https:\/\/www.notibras.com\/site\/putin-aborta-acoes-para-afastar-russia-do-ira\/","name":"Putin aborta a\u00e7\u00f5es para afastar R\u00fassia do Ir\u00e3 - Notibras","isPartOf":{"@id":"https:\/\/www.notibras.com\/site\/#website"},"primaryImageOfPage":{"@id":"https:\/\/www.notibras.com\/site\/putin-aborta-acoes-para-afastar-russia-do-ira\/#primaryimage"},"image":{"@id":"https:\/\/www.notibras.com\/site\/putin-aborta-acoes-para-afastar-russia-do-ira\/#primaryimage"},"thumbnailUrl":"https:\/\/www.notibras.com\/site\/wp-content\/uploads\/2022\/08\/putin.ira_.webp","datePublished":"2022-08-30T20:32:45+00:00","dateModified":"2022-08-30T22:35:32+00:00","breadcrumb":{"@id":"https:\/\/www.notibras.com\/site\/putin-aborta-acoes-para-afastar-russia-do-ira\/#breadcrumb"},"inLanguage":"pt-BR","potentialAction":[{"@type":"ReadAction","target":["https:\/\/www.notibras.com\/site\/putin-aborta-acoes-para-afastar-russia-do-ira\/"]}]},{"@type":"ImageObject","inLanguage":"pt-BR","@id":"https:\/\/www.notibras.com\/site\/putin-aborta-acoes-para-afastar-russia-do-ira\/#primaryimage","url":"https:\/\/www.notibras.com\/site\/wp-content\/uploads\/2022\/08\/putin.ira_.webp","contentUrl":"https:\/\/www.notibras.com\/site\/wp-content\/uploads\/2022\/08\/putin.ira_.webp","width":1920,"height":1080},{"@type":"BreadcrumbList","@id":"https:\/\/www.notibras.com\/site\/putin-aborta-acoes-para-afastar-russia-do-ira\/#breadcrumb","itemListElement":[{"@type":"ListItem","position":1,"name":"In\u00edcio","item":"https:\/\/www.notibras.com\/site\/"},{"@type":"ListItem","position":2,"name":"Putin aborta a\u00e7\u00f5es para afastar R\u00fassia do Ir\u00e3"}]},{"@type":"WebSite","@id":"https:\/\/www.notibras.com\/site\/#website","url":"https:\/\/www.notibras.com\/site\/","name":"Notibras","description":"Not\u00edcias de Bras\u00edlia, do Brasil e do Mundo","publisher":{"@id":"https:\/\/www.notibras.com\/site\/#organization"},"potentialAction":[{"@type":"SearchAction","target":{"@type":"EntryPoint","urlTemplate":"https:\/\/www.notibras.com\/site\/?s={search_term_string}"},"query-input":{"@type":"PropertyValueSpecification","valueRequired":true,"valueName":"search_term_string"}}],"inLanguage":"pt-BR"},{"@type":"Organization","@id":"https:\/\/www.notibras.com\/site\/#organization","name":"Grupo Notibras de Comunica\u00e7\u00e3o","url":"https:\/\/www.notibras.com\/site\/","logo":{"@type":"ImageObject","inLanguage":"pt-BR","@id":"https:\/\/www.notibras.com\/site\/#\/schema\/logo\/image\/","url":"https:\/\/www.notibras.com\/site\/wp-content\/uploads\/2023\/01\/notibras23.png","contentUrl":"https:\/\/www.notibras.com\/site\/wp-content\/uploads\/2023\/01\/notibras23.png","width":350,"height":87,"caption":"Grupo Notibras de Comunica\u00e7\u00e3o"},"image":{"@id":"https:\/\/www.notibras.com\/site\/#\/schema\/logo\/image\/"},"sameAs":["https:\/\/www.facebook.com\/notibras\/","https:\/\/x.com\/Notibras","https:\/\/www.instagram.com\/notibras\/"]},{"@type":"Person","@id":"https:\/\/www.notibras.com\/site\/#\/schema\/person\/36ab0979449956132d3e5b517ea76ac8","name":"Reda\u00e7\u00e3o","image":{"@type":"ImageObject","inLanguage":"pt-BR","@id":"https:\/\/secure.gravatar.com\/avatar\/e0a867bdedb85fd243eadf09663511f96fc81e0720a4a42581f334ad4303aa6b?s=96&d=mm&r=g","url":"https:\/\/secure.gravatar.com\/avatar\/e0a867bdedb85fd243eadf09663511f96fc81e0720a4a42581f334ad4303aa6b?s=96&d=mm&r=g","contentUrl":"https:\/\/secure.gravatar.com\/avatar\/e0a867bdedb85fd243eadf09663511f96fc81e0720a4a42581f334ad4303aa6b?s=96&d=mm&r=g","caption":"Reda\u00e7\u00e3o"}}]}},"amp_enabled":true,"_links":{"self":[{"href":"https:\/\/www.notibras.com\/site\/wp-json\/wp\/v2\/posts\/291063","targetHints":{"allow":["GET"]}}],"collection":[{"href":"https:\/\/www.notibras.com\/site\/wp-json\/wp\/v2\/posts"}],"about":[{"href":"https:\/\/www.notibras.com\/site\/wp-json\/wp\/v2\/types\/post"}],"author":[{"embeddable":true,"href":"https:\/\/www.notibras.com\/site\/wp-json\/wp\/v2\/users\/2"}],"replies":[{"embeddable":true,"href":"https:\/\/www.notibras.com\/site\/wp-json\/wp\/v2\/comments?post=291063"}],"version-history":[{"count":1,"href":"https:\/\/www.notibras.com\/site\/wp-json\/wp\/v2\/posts\/291063\/revisions"}],"predecessor-version":[{"id":291065,"href":"https:\/\/www.notibras.com\/site\/wp-json\/wp\/v2\/posts\/291063\/revisions\/291065"}],"wp:featuredmedia":[{"embeddable":true,"href":"https:\/\/www.notibras.com\/site\/wp-json\/wp\/v2\/media\/291064"}],"wp:attachment":[{"href":"https:\/\/www.notibras.com\/site\/wp-json\/wp\/v2\/media?parent=291063"}],"wp:term":[{"taxonomy":"category","embeddable":true,"href":"https:\/\/www.notibras.com\/site\/wp-json\/wp\/v2\/categories?post=291063"},{"taxonomy":"post_tag","embeddable":true,"href":"https:\/\/www.notibras.com\/site\/wp-json\/wp\/v2\/tags?post=291063"}],"curies":[{"name":"wp","href":"https:\/\/api.w.org\/{rel}","templated":true}]}}