{"id":291137,"date":"2022-09-01T06:05:22","date_gmt":"2022-09-01T09:05:22","guid":{"rendered":"https:\/\/www.notibras.com\/site\/?p=291137"},"modified":"2022-09-01T06:05:22","modified_gmt":"2022-09-01T09:05:22","slug":"ira-fecha-fronteira-em-meio-a-disturbios-no-iraque","status":"publish","type":"post","link":"https:\/\/www.notibras.com\/site\/ira-fecha-fronteira-em-meio-a-disturbios-no-iraque\/","title":{"rendered":"Ir\u00e3 fecha fronteira em meio a dist\u00farbios no Iraque"},"content":{"rendered":"<p>O Ir\u00e3 fechou sua fronteira com o Iraque e pediu que seus cidad\u00e3os deixem o pa\u00eds vizinho enquanto durarem os violentos protestos que se seguiram ao an\u00fancio de aposentadoria do poderoso cl\u00e9rigo mu\u00e7ulmano xiita Moqtada al-Sadr. De acordo com o jornal brit\u00e2nico The Guardian, a medida de Teer\u00e3 ocorreu em um momento em que milh\u00f5es de iranianos se preparavam para visitar o Iraque para uma peregrina\u00e7\u00e3o anual a locais sagrados xiitas.<\/p>\n<p>Grupos xiitas ligados ao religioso invadiram a Zona Verde de Bagd\u00e1, \u00e1rea da capital que concentra o Pal\u00e1cio Republicano, minist\u00e9rios e miss\u00f5es estrangeiras, na segunda-feira, 29, ap\u00f3s al-Sadr anunciar aposentadoria da vida p\u00fablica em meio a uma crise de governo no pa\u00eds &#8211; desde as elei\u00e7\u00f5es realizadas em outubro do ano passado, vencidas pelo partido do cl\u00e9rigo, nenhuma for\u00e7a pol\u00edtica foi capaz de construir maioria no Parlamento.<\/p>\n<p>Uma vez na regi\u00e3o administrativa da capital, o grupo leal a al-Sadr entrou em confronto com grupos xiitas pr\u00f3-Ir\u00e3, rivais na pol\u00edtica nacional. Diante da invas\u00e3o, as for\u00e7as de seguran\u00e7a do governo intervieram. Ap\u00f3s confrontos que inclu\u00edram o uso de granadas e metralhadoras, segundo relato da Al Jazeera, ao menos 30 pessoas morreram.<\/p>\n<p>A temperatura em solo come\u00e7ou a baixar nesta ter\u00e7a-feira, 30, ap\u00f3s al-Sadr pedir a seus apoiadores que se retirem da Zona Verde. Em um discurso televisionado, o cl\u00e9rigo deu uma hora para seus apoiadores sa\u00edrem do local &#8211; e em poucos minutos alguns podiam ser vistos abandonando suas posi\u00e7\u00f5es.<\/p>\n<p>O chamado \u00e0 paz do l\u00edder xiita foi classificado como uma demonstra\u00e7\u00e3o do \u201cmais alto n\u00edvel de patriotismo\u201d pelo primeiro-ministro interino Mustafa al-Kadhimi. \u201cO discurso de Sua Emin\u00eancia (al-Sadr) imp\u00f5e a todos a responsabilidade moral e nacional de proteger as capacidades do Iraque, interromper a linguagem da escalada pol\u00edtica e de seguran\u00e7a e iniciar um di\u00e1logo r\u00e1pido e frut\u00edfero para resolver crises\u201d, escreveu em uma publica\u00e7\u00e3o no Twitter.<\/p>\n<p>Com a retirada, as For\u00e7as Armadas do Iraque anunciaram o fim do toque de recolher em todo o pa\u00eds, aumentando ainda mais as esperan\u00e7as de que a calma seja restaurada depois que os temores de que a instabilidade pudesse se espalhar por todo o pa\u00eds e at\u00e9 mesmo gerar uma instabilidade na regi\u00e3o &#8211; a possibilidade de conflito prolongado foi um dos fatores apontados por analistas para justificar a alta no pre\u00e7o internacional do barril de petr\u00f3leo.<\/p>\n<p><strong>Quem \u00e9 Moqtada<\/strong><br \/>\nQuando Moqtada al-Sadr levanta o dedo indicador e franze a testa, o Iraque prende a respira\u00e7\u00e3o. A aura do impetuoso l\u00edder religioso xiita tem muito peso na arena pol\u00edtica e nas ruas. Ao lado do aiatol\u00e1 Ali al-Sistani, grande autoridade religiosa xiita, al-Sadr \u00e9 uma das \u00fanicas pessoas capazes de mobilizar grandes massas no pa\u00eds.<\/p>\n<p>Nascido em 1974 em Kufa, perto da cidade sagrada xiita de Najaf, no sul do pa\u00eds, o homem de rosto redondo e barba grisalha \u00e9 descrito por alguns de seus colaboradores como \u201ccol\u00e9rico\u201d. O turbante preto, que parece uma continua\u00e7\u00e3o de seu rosto, o identifica como parte da linhagem de religiosos xiitas sayyids, descendente do profeta do Isl\u00e3, Maom\u00e9.<\/p>\n<p>Quando a maioria xiita da popula\u00e7\u00e3o iraquiana era oprimida pelo governo de Saddam Hussein, que era isl\u00e2mico sunita, antes da invas\u00e3o americana em 2003, al-Sadr liderava uma mil\u00edcia compar\u00e1vel a um esquadr\u00e3o da morte. Vestidos de preto, os homens do cl\u00e9rigo vagavam pelos bairros de Bagd\u00e1 varrendo os sunitas da cidade, enquanto o pa\u00eds era dilacerado pela viol\u00eancia sect\u00e1ria.<\/p>\n<p>O pr\u00f3prio pai de al-Sadr foi assassinado pelo regime de Saddam Hussein, em 1999, o que o deu o t\u00edtulo de \u201cshahid\u201d (m\u00e1rtir), atributo de grande import\u00e2ncia entre os militantes xiitas.<\/p>\n<p>Antes conhecido por seu papel na resist\u00eancia contra Saddam e pelos serm\u00f5es inflamados, nos quais afirmava ser dever sagrado dos xiitas atacar as for\u00e7as dos Estados Unidos, o l\u00edder religioso passou por uma transforma\u00e7\u00e3o de imagem ao entrar na pol\u00edtica iraquiana p\u00f3s-ocupa\u00e7\u00e3o.<\/p>\n<p>Em 2018, o partido de al-Sadr foi o mais votado do pa\u00eds, conquistando o maior n\u00famero de cadeiras por uma \u00fanica sigla. A vit\u00f3ria veio ap\u00f3s uma campanha populista focada no combate \u00e0 corrup\u00e7\u00e3o com o slogan \u201cIraque em primeiro lugar\u201d.<\/p>\n<p>Durante o grande movimento de protesto popular em outubro de 2019, Sadr enviou seus simpatizantes para apoiar as reivindica\u00e7\u00f5es de regenera\u00e7\u00e3o pol\u00edtica dos manifestantes. Em seguida, pediu para que se retirassem.<\/p>\n<p>\u201cEle tenta se colocar no centro do sistema pol\u00edtico, mantendo dist\u00e2ncia dele\u201d, diz Benedict Robin-D\u2019Cruz, especialista em movimentos xiitas da Universidade Dinamarquesa de Aarhus. \u201cSua posi\u00e7\u00e3o como l\u00edder religioso lhe permite projetar uma imagem de estar al\u00e9m da pol\u00edtica\u201d.<\/p>\n<p>No processo eleitoral do ano passado, em que seu partido voltou a ser o mais votado, a campanha tamb\u00e9m foi pautada no combate a corrup\u00e7\u00e3o &#8211; um tema com penetra\u00e7\u00e3o na sociedade, uma vez que o pa\u00eds est\u00e1 entre os com maior grau de corrup\u00e7\u00e3o do mundo, segundo o ranking da Transpar\u00eancia Internacional.<\/p>\n","protected":false},"excerpt":{"rendered":"<p>O Ir\u00e3 fechou sua fronteira com o Iraque e pediu que seus cidad\u00e3os deixem o pa\u00eds vizinho enquanto durarem os violentos protestos que se seguiram ao an\u00fancio de aposentadoria do poderoso cl\u00e9rigo mu\u00e7ulmano xiita Moqtada al-Sadr. De acordo com o jornal brit\u00e2nico The Guardian, a medida de Teer\u00e3 ocorreu em um momento em que milh\u00f5es [&hellip;]<\/p>\n","protected":false},"author":2,"featured_media":291138,"comment_status":"closed","ping_status":"closed","sticky":false,"template":"","format":"standard","meta":{"_acf_changed":false,"footnotes":""},"categories":[159],"tags":[],"class_list":["post-291137","post","type-post","status-publish","format-standard","has-post-thumbnail","hentry","category-apocalipse"],"acf":[],"yoast_head":"<!-- This site is optimized with the Yoast SEO plugin v27.2 - https:\/\/yoast.com\/product\/yoast-seo-wordpress\/ -->\n<title>Ir\u00e3 fecha fronteira em meio a dist\u00farbios no Iraque - Notibras<\/title>\n<meta name=\"robots\" content=\"index, follow, max-snippet:-1, max-image-preview:large, max-video-preview:-1\" \/>\n<link rel=\"canonical\" href=\"https:\/\/www.notibras.com\/site\/ira-fecha-fronteira-em-meio-a-disturbios-no-iraque\/\" \/>\n<meta property=\"og:locale\" content=\"pt_BR\" \/>\n<meta property=\"og:type\" content=\"article\" \/>\n<meta property=\"og:title\" content=\"Ir\u00e3 fecha fronteira em meio a dist\u00farbios no Iraque - Notibras\" \/>\n<meta property=\"og:description\" content=\"O Ir\u00e3 fechou sua fronteira com o Iraque e pediu que seus cidad\u00e3os deixem o pa\u00eds vizinho enquanto durarem os violentos protestos que se seguiram ao an\u00fancio de aposentadoria do poderoso cl\u00e9rigo mu\u00e7ulmano xiita Moqtada al-Sadr. De acordo com o jornal brit\u00e2nico The Guardian, a medida de Teer\u00e3 ocorreu em um momento em que milh\u00f5es [&hellip;]\" \/>\n<meta property=\"og:url\" content=\"https:\/\/www.notibras.com\/site\/ira-fecha-fronteira-em-meio-a-disturbios-no-iraque\/\" \/>\n<meta property=\"og:site_name\" content=\"Notibras\" \/>\n<meta property=\"article:publisher\" content=\"https:\/\/www.facebook.com\/notibras\/\" \/>\n<meta property=\"article:published_time\" content=\"2022-09-01T09:05:22+00:00\" \/>\n<meta property=\"og:image\" content=\"https:\/\/www.notibras.com\/site\/wp-content\/uploads\/2022\/09\/KTKKVAIMVNGT3FCVTDV3QME6IQ.jpg\" \/>\n\t<meta property=\"og:image:width\" content=\"936\" \/>\n\t<meta property=\"og:image:height\" content=\"624\" \/>\n\t<meta property=\"og:image:type\" content=\"image\/jpeg\" \/>\n<meta name=\"author\" content=\"Reda\u00e7\u00e3o\" \/>\n<meta name=\"twitter:card\" content=\"summary_large_image\" \/>\n<meta name=\"twitter:creator\" content=\"@Notibras\" \/>\n<meta name=\"twitter:site\" content=\"@Notibras\" \/>\n<meta name=\"twitter:label1\" content=\"Escrito por\" \/>\n\t<meta name=\"twitter:data1\" content=\"Reda\u00e7\u00e3o\" \/>\n\t<meta name=\"twitter:label2\" content=\"Est. tempo de leitura\" \/>\n\t<meta name=\"twitter:data2\" content=\"5 minutos\" \/>\n<script type=\"application\/ld+json\" class=\"yoast-schema-graph\">{\"@context\":\"https:\/\/schema.org\",\"@graph\":[{\"@type\":\"Article\",\"@id\":\"https:\/\/www.notibras.com\/site\/ira-fecha-fronteira-em-meio-a-disturbios-no-iraque\/#article\",\"isPartOf\":{\"@id\":\"https:\/\/www.notibras.com\/site\/ira-fecha-fronteira-em-meio-a-disturbios-no-iraque\/\"},\"author\":{\"name\":\"Reda\u00e7\u00e3o\",\"@id\":\"https:\/\/www.notibras.com\/site\/#\/schema\/person\/36ab0979449956132d3e5b517ea76ac8\"},\"headline\":\"Ir\u00e3 fecha fronteira em meio a dist\u00farbios no Iraque\",\"datePublished\":\"2022-09-01T09:05:22+00:00\",\"mainEntityOfPage\":{\"@id\":\"https:\/\/www.notibras.com\/site\/ira-fecha-fronteira-em-meio-a-disturbios-no-iraque\/\"},\"wordCount\":895,\"publisher\":{\"@id\":\"https:\/\/www.notibras.com\/site\/#organization\"},\"image\":{\"@id\":\"https:\/\/www.notibras.com\/site\/ira-fecha-fronteira-em-meio-a-disturbios-no-iraque\/#primaryimage\"},\"thumbnailUrl\":\"https:\/\/www.notibras.com\/site\/wp-content\/uploads\/2022\/09\/KTKKVAIMVNGT3FCVTDV3QME6IQ.jpg\",\"articleSection\":[\"Apocalipse\"],\"inLanguage\":\"pt-BR\"},{\"@type\":\"WebPage\",\"@id\":\"https:\/\/www.notibras.com\/site\/ira-fecha-fronteira-em-meio-a-disturbios-no-iraque\/\",\"url\":\"https:\/\/www.notibras.com\/site\/ira-fecha-fronteira-em-meio-a-disturbios-no-iraque\/\",\"name\":\"Ir\u00e3 fecha fronteira em meio a dist\u00farbios no Iraque - Notibras\",\"isPartOf\":{\"@id\":\"https:\/\/www.notibras.com\/site\/#website\"},\"primaryImageOfPage\":{\"@id\":\"https:\/\/www.notibras.com\/site\/ira-fecha-fronteira-em-meio-a-disturbios-no-iraque\/#primaryimage\"},\"image\":{\"@id\":\"https:\/\/www.notibras.com\/site\/ira-fecha-fronteira-em-meio-a-disturbios-no-iraque\/#primaryimage\"},\"thumbnailUrl\":\"https:\/\/www.notibras.com\/site\/wp-content\/uploads\/2022\/09\/KTKKVAIMVNGT3FCVTDV3QME6IQ.jpg\",\"datePublished\":\"2022-09-01T09:05:22+00:00\",\"breadcrumb\":{\"@id\":\"https:\/\/www.notibras.com\/site\/ira-fecha-fronteira-em-meio-a-disturbios-no-iraque\/#breadcrumb\"},\"inLanguage\":\"pt-BR\",\"potentialAction\":[{\"@type\":\"ReadAction\",\"target\":[\"https:\/\/www.notibras.com\/site\/ira-fecha-fronteira-em-meio-a-disturbios-no-iraque\/\"]}]},{\"@type\":\"ImageObject\",\"inLanguage\":\"pt-BR\",\"@id\":\"https:\/\/www.notibras.com\/site\/ira-fecha-fronteira-em-meio-a-disturbios-no-iraque\/#primaryimage\",\"url\":\"https:\/\/www.notibras.com\/site\/wp-content\/uploads\/2022\/09\/KTKKVAIMVNGT3FCVTDV3QME6IQ.jpg\",\"contentUrl\":\"https:\/\/www.notibras.com\/site\/wp-content\/uploads\/2022\/09\/KTKKVAIMVNGT3FCVTDV3QME6IQ.jpg\",\"width\":936,\"height\":624},{\"@type\":\"BreadcrumbList\",\"@id\":\"https:\/\/www.notibras.com\/site\/ira-fecha-fronteira-em-meio-a-disturbios-no-iraque\/#breadcrumb\",\"itemListElement\":[{\"@type\":\"ListItem\",\"position\":1,\"name\":\"In\u00edcio\",\"item\":\"https:\/\/www.notibras.com\/site\/\"},{\"@type\":\"ListItem\",\"position\":2,\"name\":\"Ir\u00e3 fecha fronteira em meio a dist\u00farbios no Iraque\"}]},{\"@type\":\"WebSite\",\"@id\":\"https:\/\/www.notibras.com\/site\/#website\",\"url\":\"https:\/\/www.notibras.com\/site\/\",\"name\":\"Notibras\",\"description\":\"Not\u00edcias de Bras\u00edlia, do Brasil e do Mundo\",\"publisher\":{\"@id\":\"https:\/\/www.notibras.com\/site\/#organization\"},\"potentialAction\":[{\"@type\":\"SearchAction\",\"target\":{\"@type\":\"EntryPoint\",\"urlTemplate\":\"https:\/\/www.notibras.com\/site\/?s={search_term_string}\"},\"query-input\":{\"@type\":\"PropertyValueSpecification\",\"valueRequired\":true,\"valueName\":\"search_term_string\"}}],\"inLanguage\":\"pt-BR\"},{\"@type\":\"Organization\",\"@id\":\"https:\/\/www.notibras.com\/site\/#organization\",\"name\":\"Grupo Notibras de Comunica\u00e7\u00e3o\",\"url\":\"https:\/\/www.notibras.com\/site\/\",\"logo\":{\"@type\":\"ImageObject\",\"inLanguage\":\"pt-BR\",\"@id\":\"https:\/\/www.notibras.com\/site\/#\/schema\/logo\/image\/\",\"url\":\"https:\/\/www.notibras.com\/site\/wp-content\/uploads\/2023\/01\/notibras23.png\",\"contentUrl\":\"https:\/\/www.notibras.com\/site\/wp-content\/uploads\/2023\/01\/notibras23.png\",\"width\":350,\"height\":87,\"caption\":\"Grupo Notibras de Comunica\u00e7\u00e3o\"},\"image\":{\"@id\":\"https:\/\/www.notibras.com\/site\/#\/schema\/logo\/image\/\"},\"sameAs\":[\"https:\/\/www.facebook.com\/notibras\/\",\"https:\/\/x.com\/Notibras\",\"https:\/\/www.instagram.com\/notibras\/\"]},{\"@type\":\"Person\",\"@id\":\"https:\/\/www.notibras.com\/site\/#\/schema\/person\/36ab0979449956132d3e5b517ea76ac8\",\"name\":\"Reda\u00e7\u00e3o\",\"image\":{\"@type\":\"ImageObject\",\"inLanguage\":\"pt-BR\",\"@id\":\"https:\/\/secure.gravatar.com\/avatar\/e0a867bdedb85fd243eadf09663511f96fc81e0720a4a42581f334ad4303aa6b?s=96&d=mm&r=g\",\"url\":\"https:\/\/secure.gravatar.com\/avatar\/e0a867bdedb85fd243eadf09663511f96fc81e0720a4a42581f334ad4303aa6b?s=96&d=mm&r=g\",\"contentUrl\":\"https:\/\/secure.gravatar.com\/avatar\/e0a867bdedb85fd243eadf09663511f96fc81e0720a4a42581f334ad4303aa6b?s=96&d=mm&r=g\",\"caption\":\"Reda\u00e7\u00e3o\"}}]}<\/script>\n<!-- \/ Yoast SEO plugin. -->","yoast_head_json":{"title":"Ir\u00e3 fecha fronteira em meio a dist\u00farbios no Iraque - Notibras","robots":{"index":"index","follow":"follow","max-snippet":"max-snippet:-1","max-image-preview":"max-image-preview:large","max-video-preview":"max-video-preview:-1"},"canonical":"https:\/\/www.notibras.com\/site\/ira-fecha-fronteira-em-meio-a-disturbios-no-iraque\/","og_locale":"pt_BR","og_type":"article","og_title":"Ir\u00e3 fecha fronteira em meio a dist\u00farbios no Iraque - Notibras","og_description":"O Ir\u00e3 fechou sua fronteira com o Iraque e pediu que seus cidad\u00e3os deixem o pa\u00eds vizinho enquanto durarem os violentos protestos que se seguiram ao an\u00fancio de aposentadoria do poderoso cl\u00e9rigo mu\u00e7ulmano xiita Moqtada al-Sadr. De acordo com o jornal brit\u00e2nico The Guardian, a medida de Teer\u00e3 ocorreu em um momento em que milh\u00f5es [&hellip;]","og_url":"https:\/\/www.notibras.com\/site\/ira-fecha-fronteira-em-meio-a-disturbios-no-iraque\/","og_site_name":"Notibras","article_publisher":"https:\/\/www.facebook.com\/notibras\/","article_published_time":"2022-09-01T09:05:22+00:00","og_image":[{"width":936,"height":624,"url":"https:\/\/www.notibras.com\/site\/wp-content\/uploads\/2022\/09\/KTKKVAIMVNGT3FCVTDV3QME6IQ.jpg","type":"image\/jpeg"}],"author":"Reda\u00e7\u00e3o","twitter_card":"summary_large_image","twitter_creator":"@Notibras","twitter_site":"@Notibras","twitter_misc":{"Escrito por":"Reda\u00e7\u00e3o","Est. tempo de leitura":"5 minutos"},"schema":{"@context":"https:\/\/schema.org","@graph":[{"@type":"Article","@id":"https:\/\/www.notibras.com\/site\/ira-fecha-fronteira-em-meio-a-disturbios-no-iraque\/#article","isPartOf":{"@id":"https:\/\/www.notibras.com\/site\/ira-fecha-fronteira-em-meio-a-disturbios-no-iraque\/"},"author":{"name":"Reda\u00e7\u00e3o","@id":"https:\/\/www.notibras.com\/site\/#\/schema\/person\/36ab0979449956132d3e5b517ea76ac8"},"headline":"Ir\u00e3 fecha fronteira em meio a dist\u00farbios no Iraque","datePublished":"2022-09-01T09:05:22+00:00","mainEntityOfPage":{"@id":"https:\/\/www.notibras.com\/site\/ira-fecha-fronteira-em-meio-a-disturbios-no-iraque\/"},"wordCount":895,"publisher":{"@id":"https:\/\/www.notibras.com\/site\/#organization"},"image":{"@id":"https:\/\/www.notibras.com\/site\/ira-fecha-fronteira-em-meio-a-disturbios-no-iraque\/#primaryimage"},"thumbnailUrl":"https:\/\/www.notibras.com\/site\/wp-content\/uploads\/2022\/09\/KTKKVAIMVNGT3FCVTDV3QME6IQ.jpg","articleSection":["Apocalipse"],"inLanguage":"pt-BR"},{"@type":"WebPage","@id":"https:\/\/www.notibras.com\/site\/ira-fecha-fronteira-em-meio-a-disturbios-no-iraque\/","url":"https:\/\/www.notibras.com\/site\/ira-fecha-fronteira-em-meio-a-disturbios-no-iraque\/","name":"Ir\u00e3 fecha fronteira em meio a dist\u00farbios no Iraque - Notibras","isPartOf":{"@id":"https:\/\/www.notibras.com\/site\/#website"},"primaryImageOfPage":{"@id":"https:\/\/www.notibras.com\/site\/ira-fecha-fronteira-em-meio-a-disturbios-no-iraque\/#primaryimage"},"image":{"@id":"https:\/\/www.notibras.com\/site\/ira-fecha-fronteira-em-meio-a-disturbios-no-iraque\/#primaryimage"},"thumbnailUrl":"https:\/\/www.notibras.com\/site\/wp-content\/uploads\/2022\/09\/KTKKVAIMVNGT3FCVTDV3QME6IQ.jpg","datePublished":"2022-09-01T09:05:22+00:00","breadcrumb":{"@id":"https:\/\/www.notibras.com\/site\/ira-fecha-fronteira-em-meio-a-disturbios-no-iraque\/#breadcrumb"},"inLanguage":"pt-BR","potentialAction":[{"@type":"ReadAction","target":["https:\/\/www.notibras.com\/site\/ira-fecha-fronteira-em-meio-a-disturbios-no-iraque\/"]}]},{"@type":"ImageObject","inLanguage":"pt-BR","@id":"https:\/\/www.notibras.com\/site\/ira-fecha-fronteira-em-meio-a-disturbios-no-iraque\/#primaryimage","url":"https:\/\/www.notibras.com\/site\/wp-content\/uploads\/2022\/09\/KTKKVAIMVNGT3FCVTDV3QME6IQ.jpg","contentUrl":"https:\/\/www.notibras.com\/site\/wp-content\/uploads\/2022\/09\/KTKKVAIMVNGT3FCVTDV3QME6IQ.jpg","width":936,"height":624},{"@type":"BreadcrumbList","@id":"https:\/\/www.notibras.com\/site\/ira-fecha-fronteira-em-meio-a-disturbios-no-iraque\/#breadcrumb","itemListElement":[{"@type":"ListItem","position":1,"name":"In\u00edcio","item":"https:\/\/www.notibras.com\/site\/"},{"@type":"ListItem","position":2,"name":"Ir\u00e3 fecha fronteira em meio a dist\u00farbios no Iraque"}]},{"@type":"WebSite","@id":"https:\/\/www.notibras.com\/site\/#website","url":"https:\/\/www.notibras.com\/site\/","name":"Notibras","description":"Not\u00edcias de Bras\u00edlia, do Brasil e do Mundo","publisher":{"@id":"https:\/\/www.notibras.com\/site\/#organization"},"potentialAction":[{"@type":"SearchAction","target":{"@type":"EntryPoint","urlTemplate":"https:\/\/www.notibras.com\/site\/?s={search_term_string}"},"query-input":{"@type":"PropertyValueSpecification","valueRequired":true,"valueName":"search_term_string"}}],"inLanguage":"pt-BR"},{"@type":"Organization","@id":"https:\/\/www.notibras.com\/site\/#organization","name":"Grupo Notibras de Comunica\u00e7\u00e3o","url":"https:\/\/www.notibras.com\/site\/","logo":{"@type":"ImageObject","inLanguage":"pt-BR","@id":"https:\/\/www.notibras.com\/site\/#\/schema\/logo\/image\/","url":"https:\/\/www.notibras.com\/site\/wp-content\/uploads\/2023\/01\/notibras23.png","contentUrl":"https:\/\/www.notibras.com\/site\/wp-content\/uploads\/2023\/01\/notibras23.png","width":350,"height":87,"caption":"Grupo Notibras de Comunica\u00e7\u00e3o"},"image":{"@id":"https:\/\/www.notibras.com\/site\/#\/schema\/logo\/image\/"},"sameAs":["https:\/\/www.facebook.com\/notibras\/","https:\/\/x.com\/Notibras","https:\/\/www.instagram.com\/notibras\/"]},{"@type":"Person","@id":"https:\/\/www.notibras.com\/site\/#\/schema\/person\/36ab0979449956132d3e5b517ea76ac8","name":"Reda\u00e7\u00e3o","image":{"@type":"ImageObject","inLanguage":"pt-BR","@id":"https:\/\/secure.gravatar.com\/avatar\/e0a867bdedb85fd243eadf09663511f96fc81e0720a4a42581f334ad4303aa6b?s=96&d=mm&r=g","url":"https:\/\/secure.gravatar.com\/avatar\/e0a867bdedb85fd243eadf09663511f96fc81e0720a4a42581f334ad4303aa6b?s=96&d=mm&r=g","contentUrl":"https:\/\/secure.gravatar.com\/avatar\/e0a867bdedb85fd243eadf09663511f96fc81e0720a4a42581f334ad4303aa6b?s=96&d=mm&r=g","caption":"Reda\u00e7\u00e3o"}}]}},"amp_enabled":true,"_links":{"self":[{"href":"https:\/\/www.notibras.com\/site\/wp-json\/wp\/v2\/posts\/291137","targetHints":{"allow":["GET"]}}],"collection":[{"href":"https:\/\/www.notibras.com\/site\/wp-json\/wp\/v2\/posts"}],"about":[{"href":"https:\/\/www.notibras.com\/site\/wp-json\/wp\/v2\/types\/post"}],"author":[{"embeddable":true,"href":"https:\/\/www.notibras.com\/site\/wp-json\/wp\/v2\/users\/2"}],"replies":[{"embeddable":true,"href":"https:\/\/www.notibras.com\/site\/wp-json\/wp\/v2\/comments?post=291137"}],"version-history":[{"count":1,"href":"https:\/\/www.notibras.com\/site\/wp-json\/wp\/v2\/posts\/291137\/revisions"}],"predecessor-version":[{"id":291139,"href":"https:\/\/www.notibras.com\/site\/wp-json\/wp\/v2\/posts\/291137\/revisions\/291139"}],"wp:featuredmedia":[{"embeddable":true,"href":"https:\/\/www.notibras.com\/site\/wp-json\/wp\/v2\/media\/291138"}],"wp:attachment":[{"href":"https:\/\/www.notibras.com\/site\/wp-json\/wp\/v2\/media?parent=291137"}],"wp:term":[{"taxonomy":"category","embeddable":true,"href":"https:\/\/www.notibras.com\/site\/wp-json\/wp\/v2\/categories?post=291137"},{"taxonomy":"post_tag","embeddable":true,"href":"https:\/\/www.notibras.com\/site\/wp-json\/wp\/v2\/tags?post=291137"}],"curies":[{"name":"wp","href":"https:\/\/api.w.org\/{rel}","templated":true}]}}