{"id":291238,"date":"2022-09-04T07:58:02","date_gmt":"2022-09-04T10:58:02","guid":{"rendered":"https:\/\/www.notibras.com\/site\/?p=291238"},"modified":"2022-09-04T08:20:38","modified_gmt":"2022-09-04T11:20:38","slug":"aliados-na-otan-grecia-e-turquia-entram-em-rota-de-colisao","status":"publish","type":"post","link":"https:\/\/www.notibras.com\/site\/aliados-na-otan-grecia-e-turquia-entram-em-rota-de-colisao\/","title":{"rendered":"Aliados na Otan, Gr\u00e9cia e Turquia entram em rota de colis\u00e3o"},"content":{"rendered":"<p>Ancara, capital turca, afirma que Atenas, sede do governo grego, usou um sistema de m\u00edsseis S-300 de fabrica\u00e7\u00e3o russa para mirar nos ca\u00e7as F-16 da Turquia enquanto realizavam uma miss\u00e3o de reconhecimento no espa\u00e7o a\u00e9reo internacional em 23 de agosto, no que os turcos chamam de \u201ca\u00e7\u00e3o hostil\u201d. O governo grego rejeita as acusa\u00e7\u00f5es. O Minist\u00e9rio das Rela\u00e7\u00f5es Exteriores da Gr\u00e9cia afirmou que altos funcion\u00e1rios turcos minam a unidade da Otan ao fazer coment\u00e1rios hostis em rela\u00e7\u00e3o \u00e0 Gr\u00e9cia.<\/p>\n<p>O Minist\u00e9rio disse em um comunicado no s\u00e1bado que \u201ca Gr\u00e9cia n\u00e3o se juntar\u00e1 \u00e0 Turquia no slide contendo coment\u00e1rios e amea\u00e7as ultrajantes e al\u00e9m de todos os limites, ocorrendo diariamente\u201d. Atenas \u201cinformar\u00e1 imediatamente\u201d seus \u201caliados e parceiros sobre o conte\u00fado das declara\u00e7\u00f5es provocativas dos \u00faltimos dias, a fim de deixar claro quem est\u00e1 prejudicando a coes\u00e3o de nossa alian\u00e7a em um momento particularmente perigoso\u201d, segundo o comunicado.<\/p>\n<p>O Minist\u00e9rio comprometeu-se a \u201ccontinuar a servir de pilar de estabilidade e seguran\u00e7a para toda a regi\u00e3o, com base nas regras do Direito Internacional e do Direito Internacional do Mar\u201d. A declara\u00e7\u00e3o veio depois que o presidente turco, Recep Tayyip Erdogan, instou Atenas a \u201colhar para a hist\u00f3ria\u201d e alertou que a Gr\u00e9cia enfrentar\u00e1 s\u00e9rias consequ\u00eancias se continuar a \u201cassediar\u201d os avi\u00f5es turcos.<\/p>\n<p>\u201cSe voc\u00ea for mais longe, pagar\u00e1 um pre\u00e7o alto. Temos uma coisa a dizer \u00e0 Gr\u00e9cia: lembre-se de Izmir\u201d, acrescentou Erdogan, referindo-se \u00e0 captura da cidade pelas for\u00e7as turcas, que marcou o fim da Guerra Greco-Turca de 1919-1922.<\/p>\n<p>Isso ocorreu ap\u00f3s Erdogan criticar as a\u00e7\u00f5es da Gr\u00e9cia contra as for\u00e7as a\u00e9reas turcas no Mar Egeu no m\u00eas passado como uma \u201cprovoca\u00e7\u00e3o\u201d, acrescentando que estas eram \u201cparte de um plano para desestabilizar a situa\u00e7\u00e3o na regi\u00e3o\u201d.<\/p>\n<p>No final do m\u00eas passado, a <em>CNN Turk<\/em> citou fontes do Minist\u00e9rio da Defesa turco dizendo que a Gr\u00e9cia havia implantado um sistema de defesa a\u00e9rea S-300 para rastrear os ca\u00e7as F-16 das for\u00e7as a\u00e9reas turcas realizando uma miss\u00e3o de reconhecimento a oeste da ilha de Rodes em 23 de agosto.<\/p>\n<p>A m\u00eddia turca informou que &#8220;apesar dessas a\u00e7\u00f5es hostis, os avi\u00f5es cumpriram suas tarefas planejadas e retornaram com seguran\u00e7a \u00e0s suas bases&#8221;. Fontes do Minist\u00e9rio da Defesa grego, no entanto, negaram categoricamente as alega\u00e7\u00f5es da Turquia de que Atenas implantou seu sistema S-300 contra os F-16 da Turquia, descrevendo as declara\u00e7\u00f5es de Ancara como &#8220;mitos&#8221; destinados a criar uma atitude hostil em rela\u00e7\u00e3o \u00e0 Gr\u00e9cia.<\/p>\n<p>O porta-voz do governo grego, Ioannis Oikonomou, por sua vez, acusou a Turquia de tentar \u201cimpressionar ao longo do per\u00edodo anterior com a escalada de ret\u00f3rica e fabrica\u00e7\u00f5es que s\u00e3o completamente contr\u00e1rias \u00e0 verdade e \u00e0 realidade\u201d. e \u00e9 um &#8220;fator de estabilidade e paz&#8221; no Mar Egeu e no Mediterr\u00e2neo.<\/p>\n<p>As rela\u00e7\u00f5es entre Atenas e Ancara s\u00e3o complicadas h\u00e1 d\u00e9cadas, com Gr\u00e9cia e Turquia \u00e0 beira de um conflito armado tr\u00eas vezes no ver\u00e3o de 2020. A Gr\u00e9cia teve que mobilizar suas for\u00e7as armadas depois que a Turquia lan\u00e7ou uma pesquisa s\u00edsmica no Mediterr\u00e2neo Oriental, uma \u00e1rea que Atenas considera sua zona econ\u00f4mica exclusiva.<\/p>\n","protected":false},"excerpt":{"rendered":"<p>Ancara, capital turca, afirma que Atenas, sede do governo grego, usou um sistema de m\u00edsseis S-300 de fabrica\u00e7\u00e3o russa para mirar nos ca\u00e7as F-16 da Turquia enquanto realizavam uma miss\u00e3o de reconhecimento no espa\u00e7o a\u00e9reo internacional em 23 de agosto, no que os turcos chamam de \u201ca\u00e7\u00e3o hostil\u201d. O governo grego rejeita as acusa\u00e7\u00f5es. O [&hellip;]<\/p>\n","protected":false},"author":2,"featured_media":291239,"comment_status":"closed","ping_status":"closed","sticky":false,"template":"","format":"standard","meta":{"_acf_changed":false,"footnotes":""},"categories":[159],"tags":[95],"class_list":["post-291238","post","type-post","status-publish","format-standard","has-post-thumbnail","hentry","category-apocalipse","tag-capa"],"acf":[],"yoast_head":"<!-- This site is optimized with the Yoast SEO plugin v27.2 - https:\/\/yoast.com\/product\/yoast-seo-wordpress\/ -->\n<title>Aliados na Otan, Gr\u00e9cia e Turquia entram em rota de colis\u00e3o - Notibras<\/title>\n<meta name=\"robots\" content=\"index, follow, max-snippet:-1, max-image-preview:large, max-video-preview:-1\" \/>\n<link rel=\"canonical\" href=\"https:\/\/www.notibras.com\/site\/aliados-na-otan-grecia-e-turquia-entram-em-rota-de-colisao\/\" \/>\n<meta property=\"og:locale\" content=\"pt_BR\" \/>\n<meta property=\"og:type\" content=\"article\" \/>\n<meta property=\"og:title\" content=\"Aliados na Otan, Gr\u00e9cia e Turquia entram em rota de colis\u00e3o - Notibras\" \/>\n<meta property=\"og:description\" content=\"Ancara, capital turca, afirma que Atenas, sede do governo grego, usou um sistema de m\u00edsseis S-300 de fabrica\u00e7\u00e3o russa para mirar nos ca\u00e7as F-16 da Turquia enquanto realizavam uma miss\u00e3o de reconhecimento no espa\u00e7o a\u00e9reo internacional em 23 de agosto, no que os turcos chamam de \u201ca\u00e7\u00e3o hostil\u201d. O governo grego rejeita as acusa\u00e7\u00f5es. O [&hellip;]\" \/>\n<meta property=\"og:url\" content=\"https:\/\/www.notibras.com\/site\/aliados-na-otan-grecia-e-turquia-entram-em-rota-de-colisao\/\" \/>\n<meta property=\"og:site_name\" content=\"Notibras\" \/>\n<meta property=\"article:publisher\" content=\"https:\/\/www.facebook.com\/notibras\/\" \/>\n<meta property=\"article:published_time\" content=\"2022-09-04T10:58:02+00:00\" \/>\n<meta property=\"article:modified_time\" content=\"2022-09-04T11:20:38+00:00\" \/>\n<meta property=\"og:image\" content=\"https:\/\/www.notibras.com\/site\/wp-content\/uploads\/2022\/09\/grecia.turquia.webp\" \/>\n\t<meta property=\"og:image:width\" content=\"1920\" \/>\n\t<meta property=\"og:image:height\" content=\"1079\" \/>\n\t<meta property=\"og:image:type\" content=\"image\/webp\" \/>\n<meta name=\"author\" content=\"Reda\u00e7\u00e3o\" \/>\n<meta name=\"twitter:card\" content=\"summary_large_image\" \/>\n<meta name=\"twitter:creator\" content=\"@Notibras\" \/>\n<meta name=\"twitter:site\" content=\"@Notibras\" \/>\n<meta name=\"twitter:label1\" content=\"Escrito por\" \/>\n\t<meta name=\"twitter:data1\" content=\"Reda\u00e7\u00e3o\" \/>\n\t<meta name=\"twitter:label2\" content=\"Est. tempo de leitura\" \/>\n\t<meta name=\"twitter:data2\" content=\"3 minutos\" \/>\n<script type=\"application\/ld+json\" class=\"yoast-schema-graph\">{\"@context\":\"https:\/\/schema.org\",\"@graph\":[{\"@type\":\"Article\",\"@id\":\"https:\/\/www.notibras.com\/site\/aliados-na-otan-grecia-e-turquia-entram-em-rota-de-colisao\/#article\",\"isPartOf\":{\"@id\":\"https:\/\/www.notibras.com\/site\/aliados-na-otan-grecia-e-turquia-entram-em-rota-de-colisao\/\"},\"author\":{\"name\":\"Reda\u00e7\u00e3o\",\"@id\":\"https:\/\/www.notibras.com\/site\/#\/schema\/person\/36ab0979449956132d3e5b517ea76ac8\"},\"headline\":\"Aliados na Otan, Gr\u00e9cia e Turquia entram em rota de colis\u00e3o\",\"datePublished\":\"2022-09-04T10:58:02+00:00\",\"dateModified\":\"2022-09-04T11:20:38+00:00\",\"mainEntityOfPage\":{\"@id\":\"https:\/\/www.notibras.com\/site\/aliados-na-otan-grecia-e-turquia-entram-em-rota-de-colisao\/\"},\"wordCount\":589,\"publisher\":{\"@id\":\"https:\/\/www.notibras.com\/site\/#organization\"},\"image\":{\"@id\":\"https:\/\/www.notibras.com\/site\/aliados-na-otan-grecia-e-turquia-entram-em-rota-de-colisao\/#primaryimage\"},\"thumbnailUrl\":\"https:\/\/www.notibras.com\/site\/wp-content\/uploads\/2022\/09\/grecia.turquia.webp\",\"keywords\":[\"capa\"],\"articleSection\":[\"Apocalipse\"],\"inLanguage\":\"pt-BR\"},{\"@type\":\"WebPage\",\"@id\":\"https:\/\/www.notibras.com\/site\/aliados-na-otan-grecia-e-turquia-entram-em-rota-de-colisao\/\",\"url\":\"https:\/\/www.notibras.com\/site\/aliados-na-otan-grecia-e-turquia-entram-em-rota-de-colisao\/\",\"name\":\"Aliados na Otan, Gr\u00e9cia e Turquia entram em rota de colis\u00e3o - Notibras\",\"isPartOf\":{\"@id\":\"https:\/\/www.notibras.com\/site\/#website\"},\"primaryImageOfPage\":{\"@id\":\"https:\/\/www.notibras.com\/site\/aliados-na-otan-grecia-e-turquia-entram-em-rota-de-colisao\/#primaryimage\"},\"image\":{\"@id\":\"https:\/\/www.notibras.com\/site\/aliados-na-otan-grecia-e-turquia-entram-em-rota-de-colisao\/#primaryimage\"},\"thumbnailUrl\":\"https:\/\/www.notibras.com\/site\/wp-content\/uploads\/2022\/09\/grecia.turquia.webp\",\"datePublished\":\"2022-09-04T10:58:02+00:00\",\"dateModified\":\"2022-09-04T11:20:38+00:00\",\"breadcrumb\":{\"@id\":\"https:\/\/www.notibras.com\/site\/aliados-na-otan-grecia-e-turquia-entram-em-rota-de-colisao\/#breadcrumb\"},\"inLanguage\":\"pt-BR\",\"potentialAction\":[{\"@type\":\"ReadAction\",\"target\":[\"https:\/\/www.notibras.com\/site\/aliados-na-otan-grecia-e-turquia-entram-em-rota-de-colisao\/\"]}]},{\"@type\":\"ImageObject\",\"inLanguage\":\"pt-BR\",\"@id\":\"https:\/\/www.notibras.com\/site\/aliados-na-otan-grecia-e-turquia-entram-em-rota-de-colisao\/#primaryimage\",\"url\":\"https:\/\/www.notibras.com\/site\/wp-content\/uploads\/2022\/09\/grecia.turquia.webp\",\"contentUrl\":\"https:\/\/www.notibras.com\/site\/wp-content\/uploads\/2022\/09\/grecia.turquia.webp\",\"width\":1920,\"height\":1079},{\"@type\":\"BreadcrumbList\",\"@id\":\"https:\/\/www.notibras.com\/site\/aliados-na-otan-grecia-e-turquia-entram-em-rota-de-colisao\/#breadcrumb\",\"itemListElement\":[{\"@type\":\"ListItem\",\"position\":1,\"name\":\"In\u00edcio\",\"item\":\"https:\/\/www.notibras.com\/site\/\"},{\"@type\":\"ListItem\",\"position\":2,\"name\":\"Aliados na Otan, Gr\u00e9cia e Turquia entram em rota de colis\u00e3o\"}]},{\"@type\":\"WebSite\",\"@id\":\"https:\/\/www.notibras.com\/site\/#website\",\"url\":\"https:\/\/www.notibras.com\/site\/\",\"name\":\"Notibras\",\"description\":\"Not\u00edcias de Bras\u00edlia, do Brasil e do Mundo\",\"publisher\":{\"@id\":\"https:\/\/www.notibras.com\/site\/#organization\"},\"potentialAction\":[{\"@type\":\"SearchAction\",\"target\":{\"@type\":\"EntryPoint\",\"urlTemplate\":\"https:\/\/www.notibras.com\/site\/?s={search_term_string}\"},\"query-input\":{\"@type\":\"PropertyValueSpecification\",\"valueRequired\":true,\"valueName\":\"search_term_string\"}}],\"inLanguage\":\"pt-BR\"},{\"@type\":\"Organization\",\"@id\":\"https:\/\/www.notibras.com\/site\/#organization\",\"name\":\"Grupo Notibras de Comunica\u00e7\u00e3o\",\"url\":\"https:\/\/www.notibras.com\/site\/\",\"logo\":{\"@type\":\"ImageObject\",\"inLanguage\":\"pt-BR\",\"@id\":\"https:\/\/www.notibras.com\/site\/#\/schema\/logo\/image\/\",\"url\":\"https:\/\/www.notibras.com\/site\/wp-content\/uploads\/2023\/01\/notibras23.png\",\"contentUrl\":\"https:\/\/www.notibras.com\/site\/wp-content\/uploads\/2023\/01\/notibras23.png\",\"width\":350,\"height\":87,\"caption\":\"Grupo Notibras de Comunica\u00e7\u00e3o\"},\"image\":{\"@id\":\"https:\/\/www.notibras.com\/site\/#\/schema\/logo\/image\/\"},\"sameAs\":[\"https:\/\/www.facebook.com\/notibras\/\",\"https:\/\/x.com\/Notibras\",\"https:\/\/www.instagram.com\/notibras\/\"]},{\"@type\":\"Person\",\"@id\":\"https:\/\/www.notibras.com\/site\/#\/schema\/person\/36ab0979449956132d3e5b517ea76ac8\",\"name\":\"Reda\u00e7\u00e3o\",\"image\":{\"@type\":\"ImageObject\",\"inLanguage\":\"pt-BR\",\"@id\":\"https:\/\/secure.gravatar.com\/avatar\/e0a867bdedb85fd243eadf09663511f96fc81e0720a4a42581f334ad4303aa6b?s=96&d=mm&r=g\",\"url\":\"https:\/\/secure.gravatar.com\/avatar\/e0a867bdedb85fd243eadf09663511f96fc81e0720a4a42581f334ad4303aa6b?s=96&d=mm&r=g\",\"contentUrl\":\"https:\/\/secure.gravatar.com\/avatar\/e0a867bdedb85fd243eadf09663511f96fc81e0720a4a42581f334ad4303aa6b?s=96&d=mm&r=g\",\"caption\":\"Reda\u00e7\u00e3o\"}}]}<\/script>\n<!-- \/ Yoast SEO plugin. -->","yoast_head_json":{"title":"Aliados na Otan, Gr\u00e9cia e Turquia entram em rota de colis\u00e3o - Notibras","robots":{"index":"index","follow":"follow","max-snippet":"max-snippet:-1","max-image-preview":"max-image-preview:large","max-video-preview":"max-video-preview:-1"},"canonical":"https:\/\/www.notibras.com\/site\/aliados-na-otan-grecia-e-turquia-entram-em-rota-de-colisao\/","og_locale":"pt_BR","og_type":"article","og_title":"Aliados na Otan, Gr\u00e9cia e Turquia entram em rota de colis\u00e3o - Notibras","og_description":"Ancara, capital turca, afirma que Atenas, sede do governo grego, usou um sistema de m\u00edsseis S-300 de fabrica\u00e7\u00e3o russa para mirar nos ca\u00e7as F-16 da Turquia enquanto realizavam uma miss\u00e3o de reconhecimento no espa\u00e7o a\u00e9reo internacional em 23 de agosto, no que os turcos chamam de \u201ca\u00e7\u00e3o hostil\u201d. O governo grego rejeita as acusa\u00e7\u00f5es. O [&hellip;]","og_url":"https:\/\/www.notibras.com\/site\/aliados-na-otan-grecia-e-turquia-entram-em-rota-de-colisao\/","og_site_name":"Notibras","article_publisher":"https:\/\/www.facebook.com\/notibras\/","article_published_time":"2022-09-04T10:58:02+00:00","article_modified_time":"2022-09-04T11:20:38+00:00","og_image":[{"width":1920,"height":1079,"url":"https:\/\/www.notibras.com\/site\/wp-content\/uploads\/2022\/09\/grecia.turquia.webp","type":"image\/webp"}],"author":"Reda\u00e7\u00e3o","twitter_card":"summary_large_image","twitter_creator":"@Notibras","twitter_site":"@Notibras","twitter_misc":{"Escrito por":"Reda\u00e7\u00e3o","Est. tempo de leitura":"3 minutos"},"schema":{"@context":"https:\/\/schema.org","@graph":[{"@type":"Article","@id":"https:\/\/www.notibras.com\/site\/aliados-na-otan-grecia-e-turquia-entram-em-rota-de-colisao\/#article","isPartOf":{"@id":"https:\/\/www.notibras.com\/site\/aliados-na-otan-grecia-e-turquia-entram-em-rota-de-colisao\/"},"author":{"name":"Reda\u00e7\u00e3o","@id":"https:\/\/www.notibras.com\/site\/#\/schema\/person\/36ab0979449956132d3e5b517ea76ac8"},"headline":"Aliados na Otan, Gr\u00e9cia e Turquia entram em rota de colis\u00e3o","datePublished":"2022-09-04T10:58:02+00:00","dateModified":"2022-09-04T11:20:38+00:00","mainEntityOfPage":{"@id":"https:\/\/www.notibras.com\/site\/aliados-na-otan-grecia-e-turquia-entram-em-rota-de-colisao\/"},"wordCount":589,"publisher":{"@id":"https:\/\/www.notibras.com\/site\/#organization"},"image":{"@id":"https:\/\/www.notibras.com\/site\/aliados-na-otan-grecia-e-turquia-entram-em-rota-de-colisao\/#primaryimage"},"thumbnailUrl":"https:\/\/www.notibras.com\/site\/wp-content\/uploads\/2022\/09\/grecia.turquia.webp","keywords":["capa"],"articleSection":["Apocalipse"],"inLanguage":"pt-BR"},{"@type":"WebPage","@id":"https:\/\/www.notibras.com\/site\/aliados-na-otan-grecia-e-turquia-entram-em-rota-de-colisao\/","url":"https:\/\/www.notibras.com\/site\/aliados-na-otan-grecia-e-turquia-entram-em-rota-de-colisao\/","name":"Aliados na Otan, Gr\u00e9cia e Turquia entram em rota de colis\u00e3o - Notibras","isPartOf":{"@id":"https:\/\/www.notibras.com\/site\/#website"},"primaryImageOfPage":{"@id":"https:\/\/www.notibras.com\/site\/aliados-na-otan-grecia-e-turquia-entram-em-rota-de-colisao\/#primaryimage"},"image":{"@id":"https:\/\/www.notibras.com\/site\/aliados-na-otan-grecia-e-turquia-entram-em-rota-de-colisao\/#primaryimage"},"thumbnailUrl":"https:\/\/www.notibras.com\/site\/wp-content\/uploads\/2022\/09\/grecia.turquia.webp","datePublished":"2022-09-04T10:58:02+00:00","dateModified":"2022-09-04T11:20:38+00:00","breadcrumb":{"@id":"https:\/\/www.notibras.com\/site\/aliados-na-otan-grecia-e-turquia-entram-em-rota-de-colisao\/#breadcrumb"},"inLanguage":"pt-BR","potentialAction":[{"@type":"ReadAction","target":["https:\/\/www.notibras.com\/site\/aliados-na-otan-grecia-e-turquia-entram-em-rota-de-colisao\/"]}]},{"@type":"ImageObject","inLanguage":"pt-BR","@id":"https:\/\/www.notibras.com\/site\/aliados-na-otan-grecia-e-turquia-entram-em-rota-de-colisao\/#primaryimage","url":"https:\/\/www.notibras.com\/site\/wp-content\/uploads\/2022\/09\/grecia.turquia.webp","contentUrl":"https:\/\/www.notibras.com\/site\/wp-content\/uploads\/2022\/09\/grecia.turquia.webp","width":1920,"height":1079},{"@type":"BreadcrumbList","@id":"https:\/\/www.notibras.com\/site\/aliados-na-otan-grecia-e-turquia-entram-em-rota-de-colisao\/#breadcrumb","itemListElement":[{"@type":"ListItem","position":1,"name":"In\u00edcio","item":"https:\/\/www.notibras.com\/site\/"},{"@type":"ListItem","position":2,"name":"Aliados na Otan, Gr\u00e9cia e Turquia entram em rota de colis\u00e3o"}]},{"@type":"WebSite","@id":"https:\/\/www.notibras.com\/site\/#website","url":"https:\/\/www.notibras.com\/site\/","name":"Notibras","description":"Not\u00edcias de Bras\u00edlia, do Brasil e do Mundo","publisher":{"@id":"https:\/\/www.notibras.com\/site\/#organization"},"potentialAction":[{"@type":"SearchAction","target":{"@type":"EntryPoint","urlTemplate":"https:\/\/www.notibras.com\/site\/?s={search_term_string}"},"query-input":{"@type":"PropertyValueSpecification","valueRequired":true,"valueName":"search_term_string"}}],"inLanguage":"pt-BR"},{"@type":"Organization","@id":"https:\/\/www.notibras.com\/site\/#organization","name":"Grupo Notibras de Comunica\u00e7\u00e3o","url":"https:\/\/www.notibras.com\/site\/","logo":{"@type":"ImageObject","inLanguage":"pt-BR","@id":"https:\/\/www.notibras.com\/site\/#\/schema\/logo\/image\/","url":"https:\/\/www.notibras.com\/site\/wp-content\/uploads\/2023\/01\/notibras23.png","contentUrl":"https:\/\/www.notibras.com\/site\/wp-content\/uploads\/2023\/01\/notibras23.png","width":350,"height":87,"caption":"Grupo Notibras de Comunica\u00e7\u00e3o"},"image":{"@id":"https:\/\/www.notibras.com\/site\/#\/schema\/logo\/image\/"},"sameAs":["https:\/\/www.facebook.com\/notibras\/","https:\/\/x.com\/Notibras","https:\/\/www.instagram.com\/notibras\/"]},{"@type":"Person","@id":"https:\/\/www.notibras.com\/site\/#\/schema\/person\/36ab0979449956132d3e5b517ea76ac8","name":"Reda\u00e7\u00e3o","image":{"@type":"ImageObject","inLanguage":"pt-BR","@id":"https:\/\/secure.gravatar.com\/avatar\/e0a867bdedb85fd243eadf09663511f96fc81e0720a4a42581f334ad4303aa6b?s=96&d=mm&r=g","url":"https:\/\/secure.gravatar.com\/avatar\/e0a867bdedb85fd243eadf09663511f96fc81e0720a4a42581f334ad4303aa6b?s=96&d=mm&r=g","contentUrl":"https:\/\/secure.gravatar.com\/avatar\/e0a867bdedb85fd243eadf09663511f96fc81e0720a4a42581f334ad4303aa6b?s=96&d=mm&r=g","caption":"Reda\u00e7\u00e3o"}}]}},"amp_enabled":true,"_links":{"self":[{"href":"https:\/\/www.notibras.com\/site\/wp-json\/wp\/v2\/posts\/291238","targetHints":{"allow":["GET"]}}],"collection":[{"href":"https:\/\/www.notibras.com\/site\/wp-json\/wp\/v2\/posts"}],"about":[{"href":"https:\/\/www.notibras.com\/site\/wp-json\/wp\/v2\/types\/post"}],"author":[{"embeddable":true,"href":"https:\/\/www.notibras.com\/site\/wp-json\/wp\/v2\/users\/2"}],"replies":[{"embeddable":true,"href":"https:\/\/www.notibras.com\/site\/wp-json\/wp\/v2\/comments?post=291238"}],"version-history":[{"count":1,"href":"https:\/\/www.notibras.com\/site\/wp-json\/wp\/v2\/posts\/291238\/revisions"}],"predecessor-version":[{"id":291240,"href":"https:\/\/www.notibras.com\/site\/wp-json\/wp\/v2\/posts\/291238\/revisions\/291240"}],"wp:featuredmedia":[{"embeddable":true,"href":"https:\/\/www.notibras.com\/site\/wp-json\/wp\/v2\/media\/291239"}],"wp:attachment":[{"href":"https:\/\/www.notibras.com\/site\/wp-json\/wp\/v2\/media?parent=291238"}],"wp:term":[{"taxonomy":"category","embeddable":true,"href":"https:\/\/www.notibras.com\/site\/wp-json\/wp\/v2\/categories?post=291238"},{"taxonomy":"post_tag","embeddable":true,"href":"https:\/\/www.notibras.com\/site\/wp-json\/wp\/v2\/tags?post=291238"}],"curies":[{"name":"wp","href":"https:\/\/api.w.org\/{rel}","templated":true}]}}