{"id":291396,"date":"2022-09-07T07:11:53","date_gmt":"2022-09-07T10:11:53","guid":{"rendered":"https:\/\/www.notibras.com\/site\/?p=291396"},"modified":"2022-09-07T10:23:54","modified_gmt":"2022-09-07T13:23:54","slug":"ira-e-israel-trocam-farpas-em-meio-a-tensao-nuclear","status":"publish","type":"post","link":"https:\/\/www.notibras.com\/site\/ira-e-israel-trocam-farpas-em-meio-a-tensao-nuclear\/","title":{"rendered":"Ir\u00e3 e Israel trocam farpas em meio a tens\u00e3o nuclear"},"content":{"rendered":"<p>Os governos arquirrivais de Teer\u00e3 e Tel Aviv romperam rela\u00e7\u00f5es diplom\u00e1ticas em 1979 e desde ent\u00e3o travam um conflito por procura\u00e7\u00e3o de d\u00e9cadas entre si. Nos \u00faltimos anos, Tel Aviv acusou Teer\u00e3 de buscar a capacidade de armas nucleares. O Ir\u00e3 rejeitou essas alega\u00e7\u00f5es e apontou para o pr\u00f3prio status de Israel como o \u00fanico estado suspeito de armas nucleares no Oriente M\u00e9dio.<\/p>\n<p>Nesta quarta, 7, autoridades iranianas e israelenses emitiram advert\u00eancias consecutivas umas contra as outras em meio \u00e0 escalada cont\u00ednua das tens\u00f5es sobre o programa de energia nuclear de Teer\u00e3.<\/p>\n<p>Falando em um &#8216;jogo de guerra&#8217; o comandante iraniano Gholam Ali Rashid enfatizou que o \u201cregime sionista\u201d (termo do Ir\u00e3 para Israel) representa a amea\u00e7a n\u00famero um \u00e0 seguran\u00e7a nacional iraniana.<\/p>\n<p>Apontando para coment\u00e1rios recentes de \u201coficiais sionistas criminosos\u201d amea\u00e7ando atacar as instala\u00e7\u00f5es nucleares do Ir\u00e3, o oficial sugeriu que Tel Aviv estava fazendo as amea\u00e7as em coordena\u00e7\u00e3o com Washington.<\/p>\n<p>Rashid alertou que o Ir\u00e3 daria uma resposta \u201cdecisiva\u201d e \u201cproporcional\u201d a quaisquer amea\u00e7as e disse que quaisquer \u201celementos, mercen\u00e1rios ou governos\u201d cooperando com Tel Aviv no ass\u00e9dio \u00e0 seguran\u00e7a nacional da Rep\u00fablica Isl\u00e2mica seriam obrigados a \u201cpagar um pre\u00e7o\u201d.<\/p>\n<p>Separadamente, em um post nas m\u00eddias sociais na ter\u00e7a-feira, o chefe do Estado-Maior das For\u00e7as Armadas iranianas, Mohammad Baqeri, acusou os Estados Unidos de tentar \u201ccompensar\u201d a recente retirada de seus ativos navais do Oriente M\u00e9dio \u201cconectando a regi\u00e3o usurpada pelo regime sionista\u201d ao CENTCOM, o comando de combatentes dos EUA respons\u00e1vel pelas opera\u00e7\u00f5es militares americanas no Oriente M\u00e9dio.<\/p>\n<p>\u201cO significado desta a\u00e7\u00e3o \u00e9 que, do nosso ponto de vista, a espionagem e at\u00e9 as capacidades operacionais dos Estados Unidos e seus aliados estar\u00e3o \u00e0 disposi\u00e7\u00e3o do regime sionista ocupante, e isso aumentar\u00e1 a amea\u00e7a ao nosso amado pa\u00eds, disse Baqeri.<\/p>\n<p>\u201cAl\u00e9m dos an\u00fancios escritos, advert\u00eancias e mensagens transmitidas atrav\u00e9s do Minist\u00e9rio das Rela\u00e7\u00f5es Exteriores aos pa\u00edses que hospedam o Ex\u00e9rcito dos EUA, declaramos e continuamos a declarar nossa prepara\u00e7\u00e3o expandindo a presen\u00e7a, expandindo as patrulhas a\u00e9reas e navais, aprofundando o dom\u00ednio da intelig\u00eancia e mantendo v\u00e1rios jogos de guerra navais, m\u00edsseis e drones\u201d, acrescentou o comandante.<\/p>\n<p>Na ter\u00e7a-feira, o primeiro-ministro israelense Yair Lapid fez uma visita fotogr\u00e1fica a uma base militar no sul de Israel, onde, enquanto estava no cen\u00e1rio de um ca\u00e7a F-35, ele alertou Teer\u00e3 para n\u00e3o \u201ctestar\u201d Tel Aviv na quest\u00e3o nuclear.<\/p>\n<p>\u201cAinda \u00e9 muito cedo para saber se realmente conseguimos interromper o acordo nuclear, mas Israel est\u00e1 preparado para todas as amea\u00e7as e todos os cen\u00e1rios\u201d, disse Lapid. \u201cSe o Ir\u00e3 continuar a nos testar, descobrir\u00e1 o longo bra\u00e7o e as capacidades de Israel. Continuaremos a agir em todas as frentes contra o terrorismo e contra aqueles que procuram nos prejudicar\u201d.<\/p>\n<p>O primeiro-ministro alertou que ele e o presidente dos EUA, Joe Biden, \u201cconcordaram\u201d que Israel mant\u00e9m a \u201ctotal liberdade de agir como acharmos adequado para evitar a possibilidade de o Ir\u00e3 se tornar uma amea\u00e7a nuclear\u201d.<\/p>\n<p>Israel desempenhou um papel instrumental nos bastidores para conseguir que os Estados Unidos se retirassem do acordo nuclear do Plano de A\u00e7\u00e3o Abrangente Conjunto \u2013 que ofereceu al\u00edvio das san\u00e7\u00f5es ao Ir\u00e3 em troca de restri\u00e7\u00f5es \u00e0s suas atividades de enriquecimento e armazenamento de ur\u00e2nio, em 2018.<\/p>\n<p>Ap\u00f3s o presidente Biden assumiu o cargo em 2021 e anunciou negocia\u00e7\u00f5es sobre a volta dos EUA ao acordo, Tel Aviv pressionou a Casa Branca para n\u00e3o renovar o acordo e alertou que manteria a liberdade de agir como bem entender contra o Ir\u00e3, independentemente de qualquer acordo.<\/p>\n<p>No ano passado, o governo israelense aprovou um fundo especial de US$ 1,5 bilh\u00e3o dentro do or\u00e7amento de defesa do pa\u00eds para fazer os preparativos para atacar as instala\u00e7\u00f5es nucleares do Ir\u00e3. Em maio de 2022, os EUA e Israel realizaram exerc\u00edcios conjuntos simulando um ataque a alvos nucleares iranianos.<\/p>\n<p>Teer\u00e3 alertou Tel Aviv e Washington para n\u00e3o brincar com fogo e amea\u00e7ou usar seus m\u00edsseis bal\u00edsticos e de cruzeiro convencionais para atacar alvos dentro de Israel em caso de agress\u00e3o. O Pent\u00e1gono estima que o estoque de tais armas do Ir\u00e3 chegue a \u201cmilhares\u201d, e que os aliados iranianos no L\u00edbano e na S\u00edria possuam capacidades adicionais substanciais.<\/p>\n<p>Israel passou bem mais de uma d\u00e9cada acusando o Ir\u00e3 de tentar obter armas nucleares, anunciando v\u00e1rias vezes por ano que Teer\u00e3 pode estar prestes a adquirir a tecnologia e o material f\u00edssil necess\u00e1rios para faz\u00ea-lo. Em um discurso agora famoso na Assembleia Geral das Na\u00e7\u00f5es Unidas em setembro de 2012, o ex-primeiro-ministro israelense Benjamin Netanyahu exibiu um desenho de uma bomba de desenho animado demonstrando que o Ir\u00e3 estava no \u201cest\u00e1gio final\u201d antes de receber a bomba. Uma d\u00e9cada depois, a Rep\u00fablica Isl\u00e2mica ainda n\u00e3o o fez.<\/p>\n<p>O Ir\u00e3 rejeitou que tem planos de construir armas nucleares, e o falecido l\u00edder supremo aiatol\u00e1 Ruhollah Khomeini e seu sucessor, o aiatol\u00e1 Ali Khamenei, emitiram decretos religiosos proibindo as armas destrutivas e todas as outras armas de destrui\u00e7\u00e3o em massa. Autoridades israelenses e falc\u00f5es dos EUA rejeitaram o decreto como uma mera \u201ctrapa\u00e7a\u201d.<\/p>\n","protected":false},"excerpt":{"rendered":"<p>Os governos arquirrivais de Teer\u00e3 e Tel Aviv romperam rela\u00e7\u00f5es diplom\u00e1ticas em 1979 e desde ent\u00e3o travam um conflito por procura\u00e7\u00e3o de d\u00e9cadas entre si. Nos \u00faltimos anos, Tel Aviv acusou Teer\u00e3 de buscar a capacidade de armas nucleares. O Ir\u00e3 rejeitou essas alega\u00e7\u00f5es e apontou para o pr\u00f3prio status de Israel como o \u00fanico [&hellip;]<\/p>\n","protected":false},"author":2,"featured_media":291397,"comment_status":"closed","ping_status":"closed","sticky":false,"template":"","format":"standard","meta":{"_acf_changed":false,"footnotes":""},"categories":[159],"tags":[95],"class_list":["post-291396","post","type-post","status-publish","format-standard","has-post-thumbnail","hentry","category-apocalipse","tag-capa"],"acf":[],"yoast_head":"<!-- This site is optimized with the Yoast SEO plugin v27.2 - https:\/\/yoast.com\/product\/yoast-seo-wordpress\/ -->\n<title>Ir\u00e3 e Israel trocam farpas em meio a tens\u00e3o nuclear - Notibras<\/title>\n<meta name=\"robots\" content=\"index, follow, max-snippet:-1, max-image-preview:large, max-video-preview:-1\" \/>\n<link rel=\"canonical\" href=\"https:\/\/www.notibras.com\/site\/ira-e-israel-trocam-farpas-em-meio-a-tensao-nuclear\/\" \/>\n<meta property=\"og:locale\" content=\"pt_BR\" \/>\n<meta property=\"og:type\" content=\"article\" \/>\n<meta property=\"og:title\" content=\"Ir\u00e3 e Israel trocam farpas em meio a tens\u00e3o nuclear - Notibras\" \/>\n<meta property=\"og:description\" content=\"Os governos arquirrivais de Teer\u00e3 e Tel Aviv romperam rela\u00e7\u00f5es diplom\u00e1ticas em 1979 e desde ent\u00e3o travam um conflito por procura\u00e7\u00e3o de d\u00e9cadas entre si. Nos \u00faltimos anos, Tel Aviv acusou Teer\u00e3 de buscar a capacidade de armas nucleares. O Ir\u00e3 rejeitou essas alega\u00e7\u00f5es e apontou para o pr\u00f3prio status de Israel como o \u00fanico [&hellip;]\" \/>\n<meta property=\"og:url\" content=\"https:\/\/www.notibras.com\/site\/ira-e-israel-trocam-farpas-em-meio-a-tensao-nuclear\/\" \/>\n<meta property=\"og:site_name\" content=\"Notibras\" \/>\n<meta property=\"article:publisher\" content=\"https:\/\/www.facebook.com\/notibras\/\" \/>\n<meta property=\"article:published_time\" content=\"2022-09-07T10:11:53+00:00\" \/>\n<meta property=\"article:modified_time\" content=\"2022-09-07T13:23:54+00:00\" \/>\n<meta property=\"og:image\" content=\"https:\/\/www.notibras.com\/site\/wp-content\/uploads\/2022\/09\/ira.israel.webp\" \/>\n\t<meta property=\"og:image:width\" content=\"1920\" \/>\n\t<meta property=\"og:image:height\" content=\"1079\" \/>\n\t<meta property=\"og:image:type\" content=\"image\/webp\" \/>\n<meta name=\"author\" content=\"Reda\u00e7\u00e3o\" \/>\n<meta name=\"twitter:card\" content=\"summary_large_image\" \/>\n<meta name=\"twitter:creator\" content=\"@Notibras\" \/>\n<meta name=\"twitter:site\" content=\"@Notibras\" \/>\n<meta name=\"twitter:label1\" content=\"Escrito por\" \/>\n\t<meta name=\"twitter:data1\" content=\"Reda\u00e7\u00e3o\" \/>\n\t<meta name=\"twitter:label2\" content=\"Est. tempo de leitura\" \/>\n\t<meta name=\"twitter:data2\" content=\"5 minutos\" \/>\n<script type=\"application\/ld+json\" class=\"yoast-schema-graph\">{\"@context\":\"https:\/\/schema.org\",\"@graph\":[{\"@type\":\"Article\",\"@id\":\"https:\/\/www.notibras.com\/site\/ira-e-israel-trocam-farpas-em-meio-a-tensao-nuclear\/#article\",\"isPartOf\":{\"@id\":\"https:\/\/www.notibras.com\/site\/ira-e-israel-trocam-farpas-em-meio-a-tensao-nuclear\/\"},\"author\":{\"name\":\"Reda\u00e7\u00e3o\",\"@id\":\"https:\/\/www.notibras.com\/site\/#\/schema\/person\/36ab0979449956132d3e5b517ea76ac8\"},\"headline\":\"Ir\u00e3 e Israel trocam farpas em meio a tens\u00e3o nuclear\",\"datePublished\":\"2022-09-07T10:11:53+00:00\",\"dateModified\":\"2022-09-07T13:23:54+00:00\",\"mainEntityOfPage\":{\"@id\":\"https:\/\/www.notibras.com\/site\/ira-e-israel-trocam-farpas-em-meio-a-tensao-nuclear\/\"},\"wordCount\":928,\"publisher\":{\"@id\":\"https:\/\/www.notibras.com\/site\/#organization\"},\"image\":{\"@id\":\"https:\/\/www.notibras.com\/site\/ira-e-israel-trocam-farpas-em-meio-a-tensao-nuclear\/#primaryimage\"},\"thumbnailUrl\":\"https:\/\/www.notibras.com\/site\/wp-content\/uploads\/2022\/09\/ira.israel.webp\",\"keywords\":[\"capa\"],\"articleSection\":[\"Apocalipse\"],\"inLanguage\":\"pt-BR\"},{\"@type\":\"WebPage\",\"@id\":\"https:\/\/www.notibras.com\/site\/ira-e-israel-trocam-farpas-em-meio-a-tensao-nuclear\/\",\"url\":\"https:\/\/www.notibras.com\/site\/ira-e-israel-trocam-farpas-em-meio-a-tensao-nuclear\/\",\"name\":\"Ir\u00e3 e Israel trocam farpas em meio a tens\u00e3o nuclear - Notibras\",\"isPartOf\":{\"@id\":\"https:\/\/www.notibras.com\/site\/#website\"},\"primaryImageOfPage\":{\"@id\":\"https:\/\/www.notibras.com\/site\/ira-e-israel-trocam-farpas-em-meio-a-tensao-nuclear\/#primaryimage\"},\"image\":{\"@id\":\"https:\/\/www.notibras.com\/site\/ira-e-israel-trocam-farpas-em-meio-a-tensao-nuclear\/#primaryimage\"},\"thumbnailUrl\":\"https:\/\/www.notibras.com\/site\/wp-content\/uploads\/2022\/09\/ira.israel.webp\",\"datePublished\":\"2022-09-07T10:11:53+00:00\",\"dateModified\":\"2022-09-07T13:23:54+00:00\",\"breadcrumb\":{\"@id\":\"https:\/\/www.notibras.com\/site\/ira-e-israel-trocam-farpas-em-meio-a-tensao-nuclear\/#breadcrumb\"},\"inLanguage\":\"pt-BR\",\"potentialAction\":[{\"@type\":\"ReadAction\",\"target\":[\"https:\/\/www.notibras.com\/site\/ira-e-israel-trocam-farpas-em-meio-a-tensao-nuclear\/\"]}]},{\"@type\":\"ImageObject\",\"inLanguage\":\"pt-BR\",\"@id\":\"https:\/\/www.notibras.com\/site\/ira-e-israel-trocam-farpas-em-meio-a-tensao-nuclear\/#primaryimage\",\"url\":\"https:\/\/www.notibras.com\/site\/wp-content\/uploads\/2022\/09\/ira.israel.webp\",\"contentUrl\":\"https:\/\/www.notibras.com\/site\/wp-content\/uploads\/2022\/09\/ira.israel.webp\",\"width\":1920,\"height\":1079},{\"@type\":\"BreadcrumbList\",\"@id\":\"https:\/\/www.notibras.com\/site\/ira-e-israel-trocam-farpas-em-meio-a-tensao-nuclear\/#breadcrumb\",\"itemListElement\":[{\"@type\":\"ListItem\",\"position\":1,\"name\":\"In\u00edcio\",\"item\":\"https:\/\/www.notibras.com\/site\/\"},{\"@type\":\"ListItem\",\"position\":2,\"name\":\"Ir\u00e3 e Israel trocam farpas em meio a tens\u00e3o nuclear\"}]},{\"@type\":\"WebSite\",\"@id\":\"https:\/\/www.notibras.com\/site\/#website\",\"url\":\"https:\/\/www.notibras.com\/site\/\",\"name\":\"Notibras\",\"description\":\"Not\u00edcias de Bras\u00edlia, do Brasil e do Mundo\",\"publisher\":{\"@id\":\"https:\/\/www.notibras.com\/site\/#organization\"},\"potentialAction\":[{\"@type\":\"SearchAction\",\"target\":{\"@type\":\"EntryPoint\",\"urlTemplate\":\"https:\/\/www.notibras.com\/site\/?s={search_term_string}\"},\"query-input\":{\"@type\":\"PropertyValueSpecification\",\"valueRequired\":true,\"valueName\":\"search_term_string\"}}],\"inLanguage\":\"pt-BR\"},{\"@type\":\"Organization\",\"@id\":\"https:\/\/www.notibras.com\/site\/#organization\",\"name\":\"Grupo Notibras de Comunica\u00e7\u00e3o\",\"url\":\"https:\/\/www.notibras.com\/site\/\",\"logo\":{\"@type\":\"ImageObject\",\"inLanguage\":\"pt-BR\",\"@id\":\"https:\/\/www.notibras.com\/site\/#\/schema\/logo\/image\/\",\"url\":\"https:\/\/www.notibras.com\/site\/wp-content\/uploads\/2023\/01\/notibras23.png\",\"contentUrl\":\"https:\/\/www.notibras.com\/site\/wp-content\/uploads\/2023\/01\/notibras23.png\",\"width\":350,\"height\":87,\"caption\":\"Grupo Notibras de Comunica\u00e7\u00e3o\"},\"image\":{\"@id\":\"https:\/\/www.notibras.com\/site\/#\/schema\/logo\/image\/\"},\"sameAs\":[\"https:\/\/www.facebook.com\/notibras\/\",\"https:\/\/x.com\/Notibras\",\"https:\/\/www.instagram.com\/notibras\/\"]},{\"@type\":\"Person\",\"@id\":\"https:\/\/www.notibras.com\/site\/#\/schema\/person\/36ab0979449956132d3e5b517ea76ac8\",\"name\":\"Reda\u00e7\u00e3o\",\"image\":{\"@type\":\"ImageObject\",\"inLanguage\":\"pt-BR\",\"@id\":\"https:\/\/secure.gravatar.com\/avatar\/e0a867bdedb85fd243eadf09663511f96fc81e0720a4a42581f334ad4303aa6b?s=96&d=mm&r=g\",\"url\":\"https:\/\/secure.gravatar.com\/avatar\/e0a867bdedb85fd243eadf09663511f96fc81e0720a4a42581f334ad4303aa6b?s=96&d=mm&r=g\",\"contentUrl\":\"https:\/\/secure.gravatar.com\/avatar\/e0a867bdedb85fd243eadf09663511f96fc81e0720a4a42581f334ad4303aa6b?s=96&d=mm&r=g\",\"caption\":\"Reda\u00e7\u00e3o\"}}]}<\/script>\n<!-- \/ Yoast SEO plugin. -->","yoast_head_json":{"title":"Ir\u00e3 e Israel trocam farpas em meio a tens\u00e3o nuclear - Notibras","robots":{"index":"index","follow":"follow","max-snippet":"max-snippet:-1","max-image-preview":"max-image-preview:large","max-video-preview":"max-video-preview:-1"},"canonical":"https:\/\/www.notibras.com\/site\/ira-e-israel-trocam-farpas-em-meio-a-tensao-nuclear\/","og_locale":"pt_BR","og_type":"article","og_title":"Ir\u00e3 e Israel trocam farpas em meio a tens\u00e3o nuclear - Notibras","og_description":"Os governos arquirrivais de Teer\u00e3 e Tel Aviv romperam rela\u00e7\u00f5es diplom\u00e1ticas em 1979 e desde ent\u00e3o travam um conflito por procura\u00e7\u00e3o de d\u00e9cadas entre si. Nos \u00faltimos anos, Tel Aviv acusou Teer\u00e3 de buscar a capacidade de armas nucleares. O Ir\u00e3 rejeitou essas alega\u00e7\u00f5es e apontou para o pr\u00f3prio status de Israel como o \u00fanico [&hellip;]","og_url":"https:\/\/www.notibras.com\/site\/ira-e-israel-trocam-farpas-em-meio-a-tensao-nuclear\/","og_site_name":"Notibras","article_publisher":"https:\/\/www.facebook.com\/notibras\/","article_published_time":"2022-09-07T10:11:53+00:00","article_modified_time":"2022-09-07T13:23:54+00:00","og_image":[{"width":1920,"height":1079,"url":"https:\/\/www.notibras.com\/site\/wp-content\/uploads\/2022\/09\/ira.israel.webp","type":"image\/webp"}],"author":"Reda\u00e7\u00e3o","twitter_card":"summary_large_image","twitter_creator":"@Notibras","twitter_site":"@Notibras","twitter_misc":{"Escrito por":"Reda\u00e7\u00e3o","Est. tempo de leitura":"5 minutos"},"schema":{"@context":"https:\/\/schema.org","@graph":[{"@type":"Article","@id":"https:\/\/www.notibras.com\/site\/ira-e-israel-trocam-farpas-em-meio-a-tensao-nuclear\/#article","isPartOf":{"@id":"https:\/\/www.notibras.com\/site\/ira-e-israel-trocam-farpas-em-meio-a-tensao-nuclear\/"},"author":{"name":"Reda\u00e7\u00e3o","@id":"https:\/\/www.notibras.com\/site\/#\/schema\/person\/36ab0979449956132d3e5b517ea76ac8"},"headline":"Ir\u00e3 e Israel trocam farpas em meio a tens\u00e3o nuclear","datePublished":"2022-09-07T10:11:53+00:00","dateModified":"2022-09-07T13:23:54+00:00","mainEntityOfPage":{"@id":"https:\/\/www.notibras.com\/site\/ira-e-israel-trocam-farpas-em-meio-a-tensao-nuclear\/"},"wordCount":928,"publisher":{"@id":"https:\/\/www.notibras.com\/site\/#organization"},"image":{"@id":"https:\/\/www.notibras.com\/site\/ira-e-israel-trocam-farpas-em-meio-a-tensao-nuclear\/#primaryimage"},"thumbnailUrl":"https:\/\/www.notibras.com\/site\/wp-content\/uploads\/2022\/09\/ira.israel.webp","keywords":["capa"],"articleSection":["Apocalipse"],"inLanguage":"pt-BR"},{"@type":"WebPage","@id":"https:\/\/www.notibras.com\/site\/ira-e-israel-trocam-farpas-em-meio-a-tensao-nuclear\/","url":"https:\/\/www.notibras.com\/site\/ira-e-israel-trocam-farpas-em-meio-a-tensao-nuclear\/","name":"Ir\u00e3 e Israel trocam farpas em meio a tens\u00e3o nuclear - Notibras","isPartOf":{"@id":"https:\/\/www.notibras.com\/site\/#website"},"primaryImageOfPage":{"@id":"https:\/\/www.notibras.com\/site\/ira-e-israel-trocam-farpas-em-meio-a-tensao-nuclear\/#primaryimage"},"image":{"@id":"https:\/\/www.notibras.com\/site\/ira-e-israel-trocam-farpas-em-meio-a-tensao-nuclear\/#primaryimage"},"thumbnailUrl":"https:\/\/www.notibras.com\/site\/wp-content\/uploads\/2022\/09\/ira.israel.webp","datePublished":"2022-09-07T10:11:53+00:00","dateModified":"2022-09-07T13:23:54+00:00","breadcrumb":{"@id":"https:\/\/www.notibras.com\/site\/ira-e-israel-trocam-farpas-em-meio-a-tensao-nuclear\/#breadcrumb"},"inLanguage":"pt-BR","potentialAction":[{"@type":"ReadAction","target":["https:\/\/www.notibras.com\/site\/ira-e-israel-trocam-farpas-em-meio-a-tensao-nuclear\/"]}]},{"@type":"ImageObject","inLanguage":"pt-BR","@id":"https:\/\/www.notibras.com\/site\/ira-e-israel-trocam-farpas-em-meio-a-tensao-nuclear\/#primaryimage","url":"https:\/\/www.notibras.com\/site\/wp-content\/uploads\/2022\/09\/ira.israel.webp","contentUrl":"https:\/\/www.notibras.com\/site\/wp-content\/uploads\/2022\/09\/ira.israel.webp","width":1920,"height":1079},{"@type":"BreadcrumbList","@id":"https:\/\/www.notibras.com\/site\/ira-e-israel-trocam-farpas-em-meio-a-tensao-nuclear\/#breadcrumb","itemListElement":[{"@type":"ListItem","position":1,"name":"In\u00edcio","item":"https:\/\/www.notibras.com\/site\/"},{"@type":"ListItem","position":2,"name":"Ir\u00e3 e Israel trocam farpas em meio a tens\u00e3o nuclear"}]},{"@type":"WebSite","@id":"https:\/\/www.notibras.com\/site\/#website","url":"https:\/\/www.notibras.com\/site\/","name":"Notibras","description":"Not\u00edcias de Bras\u00edlia, do Brasil e do Mundo","publisher":{"@id":"https:\/\/www.notibras.com\/site\/#organization"},"potentialAction":[{"@type":"SearchAction","target":{"@type":"EntryPoint","urlTemplate":"https:\/\/www.notibras.com\/site\/?s={search_term_string}"},"query-input":{"@type":"PropertyValueSpecification","valueRequired":true,"valueName":"search_term_string"}}],"inLanguage":"pt-BR"},{"@type":"Organization","@id":"https:\/\/www.notibras.com\/site\/#organization","name":"Grupo Notibras de Comunica\u00e7\u00e3o","url":"https:\/\/www.notibras.com\/site\/","logo":{"@type":"ImageObject","inLanguage":"pt-BR","@id":"https:\/\/www.notibras.com\/site\/#\/schema\/logo\/image\/","url":"https:\/\/www.notibras.com\/site\/wp-content\/uploads\/2023\/01\/notibras23.png","contentUrl":"https:\/\/www.notibras.com\/site\/wp-content\/uploads\/2023\/01\/notibras23.png","width":350,"height":87,"caption":"Grupo Notibras de Comunica\u00e7\u00e3o"},"image":{"@id":"https:\/\/www.notibras.com\/site\/#\/schema\/logo\/image\/"},"sameAs":["https:\/\/www.facebook.com\/notibras\/","https:\/\/x.com\/Notibras","https:\/\/www.instagram.com\/notibras\/"]},{"@type":"Person","@id":"https:\/\/www.notibras.com\/site\/#\/schema\/person\/36ab0979449956132d3e5b517ea76ac8","name":"Reda\u00e7\u00e3o","image":{"@type":"ImageObject","inLanguage":"pt-BR","@id":"https:\/\/secure.gravatar.com\/avatar\/e0a867bdedb85fd243eadf09663511f96fc81e0720a4a42581f334ad4303aa6b?s=96&d=mm&r=g","url":"https:\/\/secure.gravatar.com\/avatar\/e0a867bdedb85fd243eadf09663511f96fc81e0720a4a42581f334ad4303aa6b?s=96&d=mm&r=g","contentUrl":"https:\/\/secure.gravatar.com\/avatar\/e0a867bdedb85fd243eadf09663511f96fc81e0720a4a42581f334ad4303aa6b?s=96&d=mm&r=g","caption":"Reda\u00e7\u00e3o"}}]}},"amp_enabled":true,"_links":{"self":[{"href":"https:\/\/www.notibras.com\/site\/wp-json\/wp\/v2\/posts\/291396","targetHints":{"allow":["GET"]}}],"collection":[{"href":"https:\/\/www.notibras.com\/site\/wp-json\/wp\/v2\/posts"}],"about":[{"href":"https:\/\/www.notibras.com\/site\/wp-json\/wp\/v2\/types\/post"}],"author":[{"embeddable":true,"href":"https:\/\/www.notibras.com\/site\/wp-json\/wp\/v2\/users\/2"}],"replies":[{"embeddable":true,"href":"https:\/\/www.notibras.com\/site\/wp-json\/wp\/v2\/comments?post=291396"}],"version-history":[{"count":1,"href":"https:\/\/www.notibras.com\/site\/wp-json\/wp\/v2\/posts\/291396\/revisions"}],"predecessor-version":[{"id":291398,"href":"https:\/\/www.notibras.com\/site\/wp-json\/wp\/v2\/posts\/291396\/revisions\/291398"}],"wp:featuredmedia":[{"embeddable":true,"href":"https:\/\/www.notibras.com\/site\/wp-json\/wp\/v2\/media\/291397"}],"wp:attachment":[{"href":"https:\/\/www.notibras.com\/site\/wp-json\/wp\/v2\/media?parent=291396"}],"wp:term":[{"taxonomy":"category","embeddable":true,"href":"https:\/\/www.notibras.com\/site\/wp-json\/wp\/v2\/categories?post=291396"},{"taxonomy":"post_tag","embeddable":true,"href":"https:\/\/www.notibras.com\/site\/wp-json\/wp\/v2\/tags?post=291396"}],"curies":[{"name":"wp","href":"https:\/\/api.w.org\/{rel}","templated":true}]}}