{"id":291400,"date":"2022-09-07T07:21:38","date_gmt":"2022-09-07T10:21:38","guid":{"rendered":"https:\/\/www.notibras.com\/site\/?p=291400"},"modified":"2022-09-07T10:37:44","modified_gmt":"2022-09-07T13:37:44","slug":"putin-ve-ocidente-no-fundo-do-poco-e-asia-com-leme-na-mao","status":"publish","type":"post","link":"https:\/\/www.notibras.com\/site\/putin-ve-ocidente-no-fundo-do-poco-e-asia-com-leme-na-mao\/","title":{"rendered":"Putin v\u00ea Ocidente no fundo do po\u00e7o e \u00c1sia com leme na m\u00e3o"},"content":{"rendered":"<p>O presidente russo, Vladimir Putin, fez um discurso em uma sess\u00e3o plen\u00e1ria no 3\u00ba dia do F\u00f3rum Econ\u00f4mico do Leste (EEF), um evento anual dedicado ao desenvolvimento do Extremo Oriente da R\u00fassia. Ele destacou a mudan\u00e7a tect\u00f4nica nas rela\u00e7\u00f5es internacionais, o dom\u00ednio mundial em decl\u00ednio dos EUA, o papel crescente da regi\u00e3o asi\u00e1tica, bem como a resili\u00eancia da R\u00fassia diante das san\u00e7\u00f5es.<\/p>\n<p>A &#8216;febre das san\u00e7\u00f5es&#8217; instigada pelo chamado Ocidente coletivo \u00e9 uma amea\u00e7a para o mundo inteiro, disse Putin na sess\u00e3o plen\u00e1ria da EEF. Segundo o presidente russo, a pandemia de COVID-19 foi substitu\u00edda por outros desafios, tamb\u00e9m de natureza global, que amea\u00e7am o mundo inteiro.<\/p>\n<p>&#8220;Refiro-me \u00e0 febre das san\u00e7\u00f5es do Ocidente, suas tentativas indisfar\u00e7adas e agressivas de impor padr\u00f5es de comportamento a outros pa\u00edses, priv\u00e1-los de soberania e subjug\u00e1-los \u00e0 sua vontade.&#8221;<\/p>\n<p>O decl\u00ednio do dom\u00ednio mundial dos EUA na pol\u00edtica e na economia, juntamente com a &#8220;resist\u00eancia obstinada e a incapacidade das elites ocidentais de ver e reconhecer a realidade objetiva&#8221; serviram como catalisador para esses processos, disse Putin.<\/p>\n<p>Os pa\u00edses ocidentais, na tentativa de resistir ao curso da hist\u00f3ria, minaram os principais pilares do sistema econ\u00f4mico mundial, forjados ao longo dos s\u00e9culos, disse Vladimir Putin. &#8220;Vemos como a confian\u00e7a no d\u00f3lar, euro e libra esterlina como moedas para realizar pagamentos, armazenar reservas, nomear ativos foi perdida&#8221;, destacou.<\/p>\n<p>O mundo est\u00e1 gradualmente se afastando do uso de moedas t\u00e3o pouco confi\u00e1veis \u200b\u200be comprometidas, enfatizou o presidente, acrescentando que at\u00e9 os aliados dos EUA est\u00e3o cortando seus ativos em d\u00f3lar. O chamado Ocidente coletivo busca preservar uma ordem mundial servindo apenas aos seus pr\u00f3prios interesses, afirmou o presidente russo.<\/p>\n<p>&#8220;Os pa\u00edses ocidentais se esfor\u00e7am para manter a velha ordem mundial que \u00e9 ben\u00e9fica apenas para eles, para for\u00e7ar a comunidade global a viver de acordo com as regras not\u00f3rias que eles inventaram e violam regularmente e alteram constantemente, dependendo do estado atual das coisas&#8221;, &#8211; Putin disse.<\/p>\n<p>Os EUA perseguem persistentemente e sem vergonha seus pr\u00f3prios interesses, n\u00e3o parando por nada para atingir seus objetivos, incluindo o sacrif\u00edcio de empresas europeias que precisam fechar devido aos custos de energia paralisantes, alertou o presidente. Acrescentou que n\u00e3o seria de estranhar que esta pol\u00edtica resultasse em nichos empresariais europeus, tanto no continente como no mercado global, sendo assumidos pelos seus &#8216;patronos americanos&#8217;.<\/p>\n<p>A relut\u00e2ncia de outros pa\u00edses em se submeter a tal ditame e arbitrariedade faz com que as elites ocidentais adotem decis\u00f5es precipitadas, m\u00edopes e aventureiras, tanto do ponto de vista da seguran\u00e7a mundial, pol\u00edtica e economia&#8221;, disse o presidente russo, Vladimir Putin, falando na o F\u00f3rum Econ\u00f4mico do Leste.Estas decis\u00f5es v\u00e3o contra os interesses dos pa\u00edses e cidad\u00e3os dos pr\u00f3prios estados ocidentais, acrescentou.<\/p>\n<p>Segundo o l\u00edder russo, mudan\u00e7as tect\u00f4nicas ocorreram no sistema de rela\u00e7\u00f5es internacionais.<br \/>\n&#8220;O papel de estados e regi\u00f5es din\u00e2micos e promissores do mundo aumentou significativamente. E, acima de tudo, \u00e9 claro, da regi\u00e3o da \u00c1sia-Pac\u00edfico. Seus pa\u00edses se tornaram novos centros de crescimento econ\u00f4mico e tecnol\u00f3gico, pontos de atra\u00e7\u00e3o de pessoal, capital, produ\u00e7\u00e3o&#8221;, disse Putin na sess\u00e3o plen\u00e1ria do F\u00f3rum Econ\u00f4mico do Leste.<\/p>\n<p>A economia dos pa\u00edses asi\u00e1ticos est\u00e1 crescendo mais r\u00e1pido do que os pa\u00edses ocidentais, essa tend\u00eancia continuar\u00e1 no futuro, disse o presidente russo, acrescentando: &#8220;Deixe-me lembr\u00e1-lo que, nos \u00faltimos 10 anos, o PIB dos pa\u00edses asi\u00e1ticos cresceu anualmente cerca de 5%, enquanto o do mundo &#8211; 3%; o PIB dos EUA &#8211; 2%, o da UE 1,2%.&#8221;<\/p>\n<p>O presidente russo salientou a import\u00e2ncia da continuidade desta tend\u00eancia, pois inevitavelmente far\u00e1 com que a participa\u00e7\u00e3o das economias asi\u00e1ticas no PIB global cres\u00e7a de 37,1% em 2015 para 45% em 2027, afirmou. A maioria absoluta dos pa\u00edses da regi\u00e3o da \u00c1sia-Pac\u00edfico n\u00e3o aceita a pol\u00edtica de san\u00e7\u00f5es destrutivas , desencadeada contra a R\u00fassia por causa de sua opera\u00e7\u00e3o militar especial em andamento na Ucr\u00e2nia, afirmou Vladimir Putin.<\/p>\n<p>Putin disse ainda que, embora as restri\u00e7\u00f5es aos gr\u00e3os russos ainda estejam em vigor como parte da pol\u00edtica de san\u00e7\u00f5es, isso continua elevando os pre\u00e7os. A R\u00fassia \u00e9 o maior exportador mundial de trigo, com a Ucr\u00e2nia em quinto lugar. Juntos, os dois pa\u00edses respondem por mais de um ter\u00e7o das exporta\u00e7\u00f5es globais de cereais e metade do mercado mundial de exporta\u00e7\u00e3o de \u00f3leo de girassol.<br \/>\nIsso ocorre quando 345 milh\u00f5es de pessoas em todo o mundo j\u00e1 sofrem com a escassez de alimentos \u2013 2,5 vezes mais do que em 2019.<\/p>\n<p>&#8220;O aumento dos pre\u00e7os nos mercados globais pode ser uma verdadeira trag\u00e9dia para a maioria dos pa\u00edses mais pobres que enfrentam escassez de alimentos, recursos energ\u00e9ticos e outros bens vitais. Gostaria de mencionar os n\u00fameros que enfatizam o perigo do problema: em 2019, segundo para as Na\u00e7\u00f5es Unidas, 135 milh\u00f5es de pessoas no mundo sofreram escassez aguda de alimentos, mas esse n\u00famero agora aumentou 2,5 vezes para 345 milh\u00f5es de pessoas&#8221;, disse Putin.<\/p>\n<p>As na\u00e7\u00f5es mais pobres est\u00e3o perdendo cada vez mais o acesso a produtos aliment\u00edcios essenciais \u00e0 medida que os pa\u00edses desenvolvidos os compram &#8216;em massa&#8217;, alertou Putin, provocando um forte aumento nos pre\u00e7os. O l\u00edder russo pediu uni\u00e3o de for\u00e7as em um esfor\u00e7o para reverter essa tend\u00eancia. Segundo o presidente russo, h\u00e1 todas as chances para isso. \u00c9 necess\u00e1rio n\u00e3o apenas tomar decis\u00f5es sob algum &#8216;pretexto plaus\u00edvel&#8217;, mas tamb\u00e9m &#8220;trabalhar juntos na implementa\u00e7\u00e3o das decis\u00f5es tomadas&#8221;, acentuou.<\/p>\n<p>Uma cat\u00e1strofe humanit\u00e1ria pode ser desencadeada pelo fato de o Ocidente buscar a maior parte do gr\u00e3o ucraniano para seus pa\u00edses, e n\u00e3o para os estados africanos necessitados, disse. Dos 87 navios com gr\u00e3os, apenas dois foram enviados para pa\u00edses necessitados, segundo dados do Programa Mundial de Alimentos da ONU citados pelo presidente na sess\u00e3o plen\u00e1ria. ele observou que os necessitados receberam apenas 3% dos gr\u00e3os de 2 milh\u00f5es de toneladas exportadas da Ucr\u00e2nia.<\/p>\n<p>&#8220;Quero dizer que, assim como muitos pa\u00edses europeus em d\u00e9cadas e s\u00e9culos anteriores agiram como colonialistas, continuam a agir hoje&#8230; com essa abordagem, a escala dos problemas alimentares no mundo s\u00f3 aumentar\u00e1, o que, infelizmente, nosso grande pesar, pode levar a uma cat\u00e1strofe humanit\u00e1ria sem precedentes&#8221;, disse Putin.<\/p>\n<p>Nesse sentido, o presidente russo disse que considerar\u00e1 limitar a exporta\u00e7\u00e3o de gr\u00e3os e outros g\u00eaneros aliment\u00edcios ao longo desta rota e consultar\u00e1 sobre este assunto o presidente turco Recep Tayyip Erdogan.<\/p>\n<p>&#8220;Apesar de todas as dificuldades dos acontecimentos em torno da Ucr\u00e2nia, fizemos tudo para garantir que o gr\u00e3o ucraniano fosse exportado. Encontrei-me com os l\u00edderes da Uni\u00e3o Africana, com os l\u00edderes dos estados africanos, prometi-lhes que far\u00edamos tudo para garantir seus interesses e facilitar a exporta\u00e7\u00e3o de gr\u00e3os ucranianos. Fizemos isso sem instru\u00e7\u00f5es&#8221;, acrescentou Putin.<\/p>\n<p>A R\u00fassia n\u00e3o perdeu nada desde 24 de fevereiro, quando iniciou uma opera\u00e7\u00e3o especial na Ucr\u00e2nia, enfatizou Vladimir Putin, acrescentando que o principal ganho \u00e9 o fortalecimento da soberania da R\u00fassia.<\/p>\n<p>&#8220;Tenho certeza de que n\u00e3o perdemos nada [com o in\u00edcio da opera\u00e7\u00e3o na Ucr\u00e2nia] e n\u00e3o perderemos nada. O ganho principal \u00e9 o fortalecimento de nossa soberania, e esse \u00e9 o resultado inevit\u00e1vel do que est\u00e1 acontecendo agora&#8221;, ressaltou. A R\u00fassia sempre defender\u00e1 seus interesses nacionais, perseguir\u00e1 uma independ\u00eancia, disse.<\/p>\n<p>&#8220;A R\u00fassia \u00e9 um estado soberano, sempre protegeremos nossos interesses nacionais por meio de uma pol\u00edtica independente e valorizamos as mesmas qualidades em parceiros que demonstraram confiabilidade e responsabilidade no curso do com\u00e9rcio, investimento e outras coopera\u00e7\u00f5es por muitos anos&#8221;, afirmou Putin, em refer\u00eancia \u00e0s na\u00e7\u00f5es da regi\u00e3o \u00c1sia-Pac\u00edfico.<\/p>\n<p>O direito internacional tem sido repetidamente pisoteado, como evidenciado pela guerra no Iraque, as a\u00e7\u00f5es do Ocidente na Iugosl\u00e1via e o bombardeio de Belgrado. Nenhuma delas foi sancionada pelas san\u00e7\u00f5es da ONU, disse Putin, acrescentando que a Federa\u00e7\u00e3o Russa n\u00e3o violou nenhum princ\u00edpio do direito internacional, mas est\u00e1 sendo culpada.<\/p>\n<p>&#8220;Agora muitas pessoas afirmam que a R\u00fassia est\u00e1 violando a lei internacional. Eu acho que isso \u00e9 absolutamente falso. Quem come\u00e7ou a guerra no Iraque sem san\u00e7\u00f5es da ONU? Quem destruiu a Iugosl\u00e1via sob pretextos plaus\u00edveis? Quem desencadeou uma guerra no centro da Europa bombardeando Belgrado? Ningu\u00e9m se lembrava dos princ\u00edpios do direito internacional na \u00e9poca&#8221;, disse Putin.<\/p>\n<p>Vladimir Putin chamou as tentativas de limitar o pre\u00e7o dos recursos energ\u00e9ticos russos de um absurdo, alertando que isso levaria a um maior crescimento dos custos nos mercados mundiais, inclusive na Europa.<\/p>\n<p>\u201cNada pode ser resolvido por via administrativa na esfera da economia e do com\u00e9rcio mundial\u201d, disse ele, comentando a proposta da Uni\u00e3o Europeia e dos pa\u00edses do G7 de limitar os pre\u00e7os marginais do petr\u00f3leo e do g\u00e1s russos.<\/p>\n<p>Enquanto isso, a demanda por recursos energ\u00e9ticos no mundo \u00e9 t\u00e3o grande que a R\u00fassia n\u00e3o tem problemas em encontrar compradores, disse o presidente Vladimir Putin. Em particular, ele observou que a crescente demanda por recursos energ\u00e9ticos em uma economia t\u00e3o grande como a da China. Todos os principais par\u00e2metros de fornecimento de g\u00e1s \u00e0 China atrav\u00e9s da Mong\u00f3lia foram acordados, at\u00e9 mesmo os pre\u00e7os, acrescentou.<\/p>\n<p>&#8220;Recebendo g\u00e1s natural da R\u00fassia, as economias dos principais pa\u00edses europeus tiveram vantagens competitivas \u00f3bvias de natureza global por d\u00e9cadas. Se eles acham que n\u00e3o precisam de tais vantagens, bem, isso n\u00e3o nos incomoda de forma alguma porque a necessidade de recursos energ\u00e9ticos do mundo \u00e9 muito grande&#8221;, disse Putin.<\/p>\n<p>Quanto \u00e0s san\u00e7\u00f5es que sa\u00edram pela culatra e seu impacto na crescente crise energ\u00e9tica enfrentada pela Uni\u00e3o Europeia e pela Gr\u00e3-Bretanha, ele acrescentou: S\u00f3 h\u00e1 uma sa\u00edda &#8211; na Alemanha, vemos manifesta\u00e7\u00f5es para o comissionamento do oleoduto Nord Stream 2&#8243;.<\/p>\n<p>\u201cNord Stream est\u00e1 praticamente fechado agora. Todos dizem: a R\u00fassia est\u00e1 usando a energia como arma. Mais uma vez &#8211; um absurdo. Fornecemos tanta energia quanto nossos parceiros precisam, tanto quanto eles fazem um pedido&#8221;, disse Putin.<\/p>\n<p>O mercado europeu sempre foi considerado um mercado premium, mas desde a crise na Ucr\u00e2nia, deixou de s\u00ea-lo, destacou o presidente russo, Vladimir Putin, na quarta-feira. ele acrescentou que mesmo os Estados Unidos &#8220;redirecionaram seus navios-tanque com g\u00e1s natural liquefeito para pa\u00edses asi\u00e1ticos, porque era mais lucrativo vender l\u00e1&#8221;.<\/p>\n<p>Segundo Vladimir Putin, a Europa se encurralou em um &#8220;impasse&#8221; de san\u00e7\u00f5es e n\u00e3o sabe o que fazer com isso. A furiosa crise de energia ganhou tremenda magnitude depois que uma s\u00e9rie de restri\u00e7\u00f5es formais e informais foram impostas ao petr\u00f3leo, g\u00e1s, carv\u00e3o e eletricidade provenientes da R\u00fassia.<\/p>\n<p>Na semana passada, o Nord Stream, o \u00faltimo grande gasoduto que bombeia g\u00e1s russo para a UE, foi fechado. A Gazprom esclareceu que foi for\u00e7ada a parar de bombear g\u00e1s atrav\u00e9s do gasoduto Nord Stream para a Europa devido ao mau funcionamento da \u00faltima turbina restante. A empresa disse que solicitou reparos ao fabricante de turbinas, mas que atualmente est\u00e3o indispon\u00edveis devido a san\u00e7\u00f5es ocidentais.<\/p>\n","protected":false},"excerpt":{"rendered":"<p>O presidente russo, Vladimir Putin, fez um discurso em uma sess\u00e3o plen\u00e1ria no 3\u00ba dia do F\u00f3rum Econ\u00f4mico do Leste (EEF), um evento anual dedicado ao desenvolvimento do Extremo Oriente da R\u00fassia. Ele destacou a mudan\u00e7a tect\u00f4nica nas rela\u00e7\u00f5es internacionais, o dom\u00ednio mundial em decl\u00ednio dos EUA, o papel crescente da regi\u00e3o asi\u00e1tica, bem como [&hellip;]<\/p>\n","protected":false},"author":2,"featured_media":291401,"comment_status":"closed","ping_status":"closed","sticky":false,"template":"","format":"standard","meta":{"_acf_changed":false,"footnotes":""},"categories":[159],"tags":[95],"class_list":["post-291400","post","type-post","status-publish","format-standard","has-post-thumbnail","hentry","category-apocalipse","tag-capa"],"acf":[],"yoast_head":"<!-- This site is optimized with the Yoast SEO plugin v27.2 - https:\/\/yoast.com\/product\/yoast-seo-wordpress\/ -->\n<title>Putin v\u00ea Ocidente no fundo do po\u00e7o e \u00c1sia com leme na m\u00e3o - Notibras<\/title>\n<meta name=\"robots\" content=\"index, follow, max-snippet:-1, max-image-preview:large, max-video-preview:-1\" \/>\n<link rel=\"canonical\" href=\"https:\/\/www.notibras.com\/site\/putin-ve-ocidente-no-fundo-do-poco-e-asia-com-leme-na-mao\/\" \/>\n<meta property=\"og:locale\" content=\"pt_BR\" \/>\n<meta property=\"og:type\" content=\"article\" \/>\n<meta property=\"og:title\" content=\"Putin v\u00ea Ocidente no fundo do po\u00e7o e \u00c1sia com leme na m\u00e3o - Notibras\" \/>\n<meta property=\"og:description\" content=\"O presidente russo, Vladimir Putin, fez um discurso em uma sess\u00e3o plen\u00e1ria no 3\u00ba dia do F\u00f3rum Econ\u00f4mico do Leste (EEF), um evento anual dedicado ao desenvolvimento do Extremo Oriente da R\u00fassia. Ele destacou a mudan\u00e7a tect\u00f4nica nas rela\u00e7\u00f5es internacionais, o dom\u00ednio mundial em decl\u00ednio dos EUA, o papel crescente da regi\u00e3o asi\u00e1tica, bem como [&hellip;]\" \/>\n<meta property=\"og:url\" content=\"https:\/\/www.notibras.com\/site\/putin-ve-ocidente-no-fundo-do-poco-e-asia-com-leme-na-mao\/\" \/>\n<meta property=\"og:site_name\" content=\"Notibras\" \/>\n<meta property=\"article:publisher\" content=\"https:\/\/www.facebook.com\/notibras\/\" \/>\n<meta property=\"article:published_time\" content=\"2022-09-07T10:21:38+00:00\" \/>\n<meta property=\"article:modified_time\" content=\"2022-09-07T13:37:44+00:00\" \/>\n<meta property=\"og:image\" content=\"https:\/\/www.notibras.com\/site\/wp-content\/uploads\/2022\/09\/putinsvetiana.webp\" \/>\n\t<meta property=\"og:image:width\" content=\"1920\" \/>\n\t<meta property=\"og:image:height\" content=\"1080\" \/>\n\t<meta property=\"og:image:type\" content=\"image\/webp\" \/>\n<meta name=\"author\" content=\"Reda\u00e7\u00e3o\" \/>\n<meta name=\"twitter:card\" content=\"summary_large_image\" \/>\n<meta name=\"twitter:creator\" content=\"@Notibras\" \/>\n<meta name=\"twitter:site\" content=\"@Notibras\" \/>\n<meta name=\"twitter:label1\" content=\"Escrito por\" \/>\n\t<meta name=\"twitter:data1\" content=\"Reda\u00e7\u00e3o\" \/>\n\t<meta name=\"twitter:label2\" content=\"Est. tempo de leitura\" \/>\n\t<meta name=\"twitter:data2\" content=\"10 minutos\" \/>\n<script type=\"application\/ld+json\" class=\"yoast-schema-graph\">{\"@context\":\"https:\/\/schema.org\",\"@graph\":[{\"@type\":\"Article\",\"@id\":\"https:\/\/www.notibras.com\/site\/putin-ve-ocidente-no-fundo-do-poco-e-asia-com-leme-na-mao\/#article\",\"isPartOf\":{\"@id\":\"https:\/\/www.notibras.com\/site\/putin-ve-ocidente-no-fundo-do-poco-e-asia-com-leme-na-mao\/\"},\"author\":{\"name\":\"Reda\u00e7\u00e3o\",\"@id\":\"https:\/\/www.notibras.com\/site\/#\/schema\/person\/36ab0979449956132d3e5b517ea76ac8\"},\"headline\":\"Putin v\u00ea Ocidente no fundo do po\u00e7o e \u00c1sia com leme na m\u00e3o\",\"datePublished\":\"2022-09-07T10:21:38+00:00\",\"dateModified\":\"2022-09-07T13:37:44+00:00\",\"mainEntityOfPage\":{\"@id\":\"https:\/\/www.notibras.com\/site\/putin-ve-ocidente-no-fundo-do-poco-e-asia-com-leme-na-mao\/\"},\"wordCount\":1986,\"publisher\":{\"@id\":\"https:\/\/www.notibras.com\/site\/#organization\"},\"image\":{\"@id\":\"https:\/\/www.notibras.com\/site\/putin-ve-ocidente-no-fundo-do-poco-e-asia-com-leme-na-mao\/#primaryimage\"},\"thumbnailUrl\":\"https:\/\/www.notibras.com\/site\/wp-content\/uploads\/2022\/09\/putinsvetiana.webp\",\"keywords\":[\"capa\"],\"articleSection\":[\"Apocalipse\"],\"inLanguage\":\"pt-BR\"},{\"@type\":\"WebPage\",\"@id\":\"https:\/\/www.notibras.com\/site\/putin-ve-ocidente-no-fundo-do-poco-e-asia-com-leme-na-mao\/\",\"url\":\"https:\/\/www.notibras.com\/site\/putin-ve-ocidente-no-fundo-do-poco-e-asia-com-leme-na-mao\/\",\"name\":\"Putin v\u00ea Ocidente no fundo do po\u00e7o e \u00c1sia com leme na m\u00e3o - Notibras\",\"isPartOf\":{\"@id\":\"https:\/\/www.notibras.com\/site\/#website\"},\"primaryImageOfPage\":{\"@id\":\"https:\/\/www.notibras.com\/site\/putin-ve-ocidente-no-fundo-do-poco-e-asia-com-leme-na-mao\/#primaryimage\"},\"image\":{\"@id\":\"https:\/\/www.notibras.com\/site\/putin-ve-ocidente-no-fundo-do-poco-e-asia-com-leme-na-mao\/#primaryimage\"},\"thumbnailUrl\":\"https:\/\/www.notibras.com\/site\/wp-content\/uploads\/2022\/09\/putinsvetiana.webp\",\"datePublished\":\"2022-09-07T10:21:38+00:00\",\"dateModified\":\"2022-09-07T13:37:44+00:00\",\"breadcrumb\":{\"@id\":\"https:\/\/www.notibras.com\/site\/putin-ve-ocidente-no-fundo-do-poco-e-asia-com-leme-na-mao\/#breadcrumb\"},\"inLanguage\":\"pt-BR\",\"potentialAction\":[{\"@type\":\"ReadAction\",\"target\":[\"https:\/\/www.notibras.com\/site\/putin-ve-ocidente-no-fundo-do-poco-e-asia-com-leme-na-mao\/\"]}]},{\"@type\":\"ImageObject\",\"inLanguage\":\"pt-BR\",\"@id\":\"https:\/\/www.notibras.com\/site\/putin-ve-ocidente-no-fundo-do-poco-e-asia-com-leme-na-mao\/#primaryimage\",\"url\":\"https:\/\/www.notibras.com\/site\/wp-content\/uploads\/2022\/09\/putinsvetiana.webp\",\"contentUrl\":\"https:\/\/www.notibras.com\/site\/wp-content\/uploads\/2022\/09\/putinsvetiana.webp\",\"width\":1920,\"height\":1080},{\"@type\":\"BreadcrumbList\",\"@id\":\"https:\/\/www.notibras.com\/site\/putin-ve-ocidente-no-fundo-do-poco-e-asia-com-leme-na-mao\/#breadcrumb\",\"itemListElement\":[{\"@type\":\"ListItem\",\"position\":1,\"name\":\"In\u00edcio\",\"item\":\"https:\/\/www.notibras.com\/site\/\"},{\"@type\":\"ListItem\",\"position\":2,\"name\":\"Putin v\u00ea Ocidente no fundo do po\u00e7o e \u00c1sia com leme na m\u00e3o\"}]},{\"@type\":\"WebSite\",\"@id\":\"https:\/\/www.notibras.com\/site\/#website\",\"url\":\"https:\/\/www.notibras.com\/site\/\",\"name\":\"Notibras\",\"description\":\"Not\u00edcias de Bras\u00edlia, do Brasil e do Mundo\",\"publisher\":{\"@id\":\"https:\/\/www.notibras.com\/site\/#organization\"},\"potentialAction\":[{\"@type\":\"SearchAction\",\"target\":{\"@type\":\"EntryPoint\",\"urlTemplate\":\"https:\/\/www.notibras.com\/site\/?s={search_term_string}\"},\"query-input\":{\"@type\":\"PropertyValueSpecification\",\"valueRequired\":true,\"valueName\":\"search_term_string\"}}],\"inLanguage\":\"pt-BR\"},{\"@type\":\"Organization\",\"@id\":\"https:\/\/www.notibras.com\/site\/#organization\",\"name\":\"Grupo Notibras de Comunica\u00e7\u00e3o\",\"url\":\"https:\/\/www.notibras.com\/site\/\",\"logo\":{\"@type\":\"ImageObject\",\"inLanguage\":\"pt-BR\",\"@id\":\"https:\/\/www.notibras.com\/site\/#\/schema\/logo\/image\/\",\"url\":\"https:\/\/www.notibras.com\/site\/wp-content\/uploads\/2023\/01\/notibras23.png\",\"contentUrl\":\"https:\/\/www.notibras.com\/site\/wp-content\/uploads\/2023\/01\/notibras23.png\",\"width\":350,\"height\":87,\"caption\":\"Grupo Notibras de Comunica\u00e7\u00e3o\"},\"image\":{\"@id\":\"https:\/\/www.notibras.com\/site\/#\/schema\/logo\/image\/\"},\"sameAs\":[\"https:\/\/www.facebook.com\/notibras\/\",\"https:\/\/x.com\/Notibras\",\"https:\/\/www.instagram.com\/notibras\/\"]},{\"@type\":\"Person\",\"@id\":\"https:\/\/www.notibras.com\/site\/#\/schema\/person\/36ab0979449956132d3e5b517ea76ac8\",\"name\":\"Reda\u00e7\u00e3o\",\"image\":{\"@type\":\"ImageObject\",\"inLanguage\":\"pt-BR\",\"@id\":\"https:\/\/secure.gravatar.com\/avatar\/e0a867bdedb85fd243eadf09663511f96fc81e0720a4a42581f334ad4303aa6b?s=96&d=mm&r=g\",\"url\":\"https:\/\/secure.gravatar.com\/avatar\/e0a867bdedb85fd243eadf09663511f96fc81e0720a4a42581f334ad4303aa6b?s=96&d=mm&r=g\",\"contentUrl\":\"https:\/\/secure.gravatar.com\/avatar\/e0a867bdedb85fd243eadf09663511f96fc81e0720a4a42581f334ad4303aa6b?s=96&d=mm&r=g\",\"caption\":\"Reda\u00e7\u00e3o\"}}]}<\/script>\n<!-- \/ Yoast SEO plugin. -->","yoast_head_json":{"title":"Putin v\u00ea Ocidente no fundo do po\u00e7o e \u00c1sia com leme na m\u00e3o - Notibras","robots":{"index":"index","follow":"follow","max-snippet":"max-snippet:-1","max-image-preview":"max-image-preview:large","max-video-preview":"max-video-preview:-1"},"canonical":"https:\/\/www.notibras.com\/site\/putin-ve-ocidente-no-fundo-do-poco-e-asia-com-leme-na-mao\/","og_locale":"pt_BR","og_type":"article","og_title":"Putin v\u00ea Ocidente no fundo do po\u00e7o e \u00c1sia com leme na m\u00e3o - Notibras","og_description":"O presidente russo, Vladimir Putin, fez um discurso em uma sess\u00e3o plen\u00e1ria no 3\u00ba dia do F\u00f3rum Econ\u00f4mico do Leste (EEF), um evento anual dedicado ao desenvolvimento do Extremo Oriente da R\u00fassia. Ele destacou a mudan\u00e7a tect\u00f4nica nas rela\u00e7\u00f5es internacionais, o dom\u00ednio mundial em decl\u00ednio dos EUA, o papel crescente da regi\u00e3o asi\u00e1tica, bem como [&hellip;]","og_url":"https:\/\/www.notibras.com\/site\/putin-ve-ocidente-no-fundo-do-poco-e-asia-com-leme-na-mao\/","og_site_name":"Notibras","article_publisher":"https:\/\/www.facebook.com\/notibras\/","article_published_time":"2022-09-07T10:21:38+00:00","article_modified_time":"2022-09-07T13:37:44+00:00","og_image":[{"width":1920,"height":1080,"url":"https:\/\/www.notibras.com\/site\/wp-content\/uploads\/2022\/09\/putinsvetiana.webp","type":"image\/webp"}],"author":"Reda\u00e7\u00e3o","twitter_card":"summary_large_image","twitter_creator":"@Notibras","twitter_site":"@Notibras","twitter_misc":{"Escrito por":"Reda\u00e7\u00e3o","Est. tempo de leitura":"10 minutos"},"schema":{"@context":"https:\/\/schema.org","@graph":[{"@type":"Article","@id":"https:\/\/www.notibras.com\/site\/putin-ve-ocidente-no-fundo-do-poco-e-asia-com-leme-na-mao\/#article","isPartOf":{"@id":"https:\/\/www.notibras.com\/site\/putin-ve-ocidente-no-fundo-do-poco-e-asia-com-leme-na-mao\/"},"author":{"name":"Reda\u00e7\u00e3o","@id":"https:\/\/www.notibras.com\/site\/#\/schema\/person\/36ab0979449956132d3e5b517ea76ac8"},"headline":"Putin v\u00ea Ocidente no fundo do po\u00e7o e \u00c1sia com leme na m\u00e3o","datePublished":"2022-09-07T10:21:38+00:00","dateModified":"2022-09-07T13:37:44+00:00","mainEntityOfPage":{"@id":"https:\/\/www.notibras.com\/site\/putin-ve-ocidente-no-fundo-do-poco-e-asia-com-leme-na-mao\/"},"wordCount":1986,"publisher":{"@id":"https:\/\/www.notibras.com\/site\/#organization"},"image":{"@id":"https:\/\/www.notibras.com\/site\/putin-ve-ocidente-no-fundo-do-poco-e-asia-com-leme-na-mao\/#primaryimage"},"thumbnailUrl":"https:\/\/www.notibras.com\/site\/wp-content\/uploads\/2022\/09\/putinsvetiana.webp","keywords":["capa"],"articleSection":["Apocalipse"],"inLanguage":"pt-BR"},{"@type":"WebPage","@id":"https:\/\/www.notibras.com\/site\/putin-ve-ocidente-no-fundo-do-poco-e-asia-com-leme-na-mao\/","url":"https:\/\/www.notibras.com\/site\/putin-ve-ocidente-no-fundo-do-poco-e-asia-com-leme-na-mao\/","name":"Putin v\u00ea Ocidente no fundo do po\u00e7o e \u00c1sia com leme na m\u00e3o - Notibras","isPartOf":{"@id":"https:\/\/www.notibras.com\/site\/#website"},"primaryImageOfPage":{"@id":"https:\/\/www.notibras.com\/site\/putin-ve-ocidente-no-fundo-do-poco-e-asia-com-leme-na-mao\/#primaryimage"},"image":{"@id":"https:\/\/www.notibras.com\/site\/putin-ve-ocidente-no-fundo-do-poco-e-asia-com-leme-na-mao\/#primaryimage"},"thumbnailUrl":"https:\/\/www.notibras.com\/site\/wp-content\/uploads\/2022\/09\/putinsvetiana.webp","datePublished":"2022-09-07T10:21:38+00:00","dateModified":"2022-09-07T13:37:44+00:00","breadcrumb":{"@id":"https:\/\/www.notibras.com\/site\/putin-ve-ocidente-no-fundo-do-poco-e-asia-com-leme-na-mao\/#breadcrumb"},"inLanguage":"pt-BR","potentialAction":[{"@type":"ReadAction","target":["https:\/\/www.notibras.com\/site\/putin-ve-ocidente-no-fundo-do-poco-e-asia-com-leme-na-mao\/"]}]},{"@type":"ImageObject","inLanguage":"pt-BR","@id":"https:\/\/www.notibras.com\/site\/putin-ve-ocidente-no-fundo-do-poco-e-asia-com-leme-na-mao\/#primaryimage","url":"https:\/\/www.notibras.com\/site\/wp-content\/uploads\/2022\/09\/putinsvetiana.webp","contentUrl":"https:\/\/www.notibras.com\/site\/wp-content\/uploads\/2022\/09\/putinsvetiana.webp","width":1920,"height":1080},{"@type":"BreadcrumbList","@id":"https:\/\/www.notibras.com\/site\/putin-ve-ocidente-no-fundo-do-poco-e-asia-com-leme-na-mao\/#breadcrumb","itemListElement":[{"@type":"ListItem","position":1,"name":"In\u00edcio","item":"https:\/\/www.notibras.com\/site\/"},{"@type":"ListItem","position":2,"name":"Putin v\u00ea Ocidente no fundo do po\u00e7o e \u00c1sia com leme na m\u00e3o"}]},{"@type":"WebSite","@id":"https:\/\/www.notibras.com\/site\/#website","url":"https:\/\/www.notibras.com\/site\/","name":"Notibras","description":"Not\u00edcias de Bras\u00edlia, do Brasil e do Mundo","publisher":{"@id":"https:\/\/www.notibras.com\/site\/#organization"},"potentialAction":[{"@type":"SearchAction","target":{"@type":"EntryPoint","urlTemplate":"https:\/\/www.notibras.com\/site\/?s={search_term_string}"},"query-input":{"@type":"PropertyValueSpecification","valueRequired":true,"valueName":"search_term_string"}}],"inLanguage":"pt-BR"},{"@type":"Organization","@id":"https:\/\/www.notibras.com\/site\/#organization","name":"Grupo Notibras de Comunica\u00e7\u00e3o","url":"https:\/\/www.notibras.com\/site\/","logo":{"@type":"ImageObject","inLanguage":"pt-BR","@id":"https:\/\/www.notibras.com\/site\/#\/schema\/logo\/image\/","url":"https:\/\/www.notibras.com\/site\/wp-content\/uploads\/2023\/01\/notibras23.png","contentUrl":"https:\/\/www.notibras.com\/site\/wp-content\/uploads\/2023\/01\/notibras23.png","width":350,"height":87,"caption":"Grupo Notibras de Comunica\u00e7\u00e3o"},"image":{"@id":"https:\/\/www.notibras.com\/site\/#\/schema\/logo\/image\/"},"sameAs":["https:\/\/www.facebook.com\/notibras\/","https:\/\/x.com\/Notibras","https:\/\/www.instagram.com\/notibras\/"]},{"@type":"Person","@id":"https:\/\/www.notibras.com\/site\/#\/schema\/person\/36ab0979449956132d3e5b517ea76ac8","name":"Reda\u00e7\u00e3o","image":{"@type":"ImageObject","inLanguage":"pt-BR","@id":"https:\/\/secure.gravatar.com\/avatar\/e0a867bdedb85fd243eadf09663511f96fc81e0720a4a42581f334ad4303aa6b?s=96&d=mm&r=g","url":"https:\/\/secure.gravatar.com\/avatar\/e0a867bdedb85fd243eadf09663511f96fc81e0720a4a42581f334ad4303aa6b?s=96&d=mm&r=g","contentUrl":"https:\/\/secure.gravatar.com\/avatar\/e0a867bdedb85fd243eadf09663511f96fc81e0720a4a42581f334ad4303aa6b?s=96&d=mm&r=g","caption":"Reda\u00e7\u00e3o"}}]}},"amp_enabled":true,"_links":{"self":[{"href":"https:\/\/www.notibras.com\/site\/wp-json\/wp\/v2\/posts\/291400","targetHints":{"allow":["GET"]}}],"collection":[{"href":"https:\/\/www.notibras.com\/site\/wp-json\/wp\/v2\/posts"}],"about":[{"href":"https:\/\/www.notibras.com\/site\/wp-json\/wp\/v2\/types\/post"}],"author":[{"embeddable":true,"href":"https:\/\/www.notibras.com\/site\/wp-json\/wp\/v2\/users\/2"}],"replies":[{"embeddable":true,"href":"https:\/\/www.notibras.com\/site\/wp-json\/wp\/v2\/comments?post=291400"}],"version-history":[{"count":1,"href":"https:\/\/www.notibras.com\/site\/wp-json\/wp\/v2\/posts\/291400\/revisions"}],"predecessor-version":[{"id":291402,"href":"https:\/\/www.notibras.com\/site\/wp-json\/wp\/v2\/posts\/291400\/revisions\/291402"}],"wp:featuredmedia":[{"embeddable":true,"href":"https:\/\/www.notibras.com\/site\/wp-json\/wp\/v2\/media\/291401"}],"wp:attachment":[{"href":"https:\/\/www.notibras.com\/site\/wp-json\/wp\/v2\/media?parent=291400"}],"wp:term":[{"taxonomy":"category","embeddable":true,"href":"https:\/\/www.notibras.com\/site\/wp-json\/wp\/v2\/categories?post=291400"},{"taxonomy":"post_tag","embeddable":true,"href":"https:\/\/www.notibras.com\/site\/wp-json\/wp\/v2\/tags?post=291400"}],"curies":[{"name":"wp","href":"https:\/\/api.w.org\/{rel}","templated":true}]}}