{"id":291403,"date":"2022-09-07T07:28:23","date_gmt":"2022-09-07T10:28:23","guid":{"rendered":"https:\/\/www.notibras.com\/site\/?p=291403"},"modified":"2022-09-07T10:43:21","modified_gmt":"2022-09-07T13:43:21","slug":"turquia-adverte-europa-para-nao-subestimar-russia","status":"publish","type":"post","link":"https:\/\/www.notibras.com\/site\/turquia-adverte-europa-para-nao-subestimar-russia\/","title":{"rendered":"Turquia adverte Europa para n\u00e3o subestimar R\u00fassia"},"content":{"rendered":"<p>A Europa est\u00e1 no meio de sua pior crise energ\u00e9tica e inflacion\u00e1ria desde o embargo de petr\u00f3leo \u00e1rabe dos anos 1970, com a cat\u00e1strofe desencadeada pela decis\u00e3o dos l\u00edderes europeus de reduzir drasticamente a compra de suprimentos de energia russos para tentar &#8220;punir&#8221; a R\u00fassia por sua opera\u00e7\u00e3o militar na Ucr\u00e2nia . At\u00e9 agora, a Turquia conseguiu evitar o pior da crise.<\/p>\n<p>A Europa n\u00e3o deveria ter &#8220;subestimado&#8221; a R\u00fassia e deveria ter pensado sobre as consequ\u00eancias da atual crise de energia antes do tempo, sugeriu o presidente turco Recep Tayyip Erdogan.<\/p>\n<p>&#8220;N\u00e3o vejo uma resolu\u00e7\u00e3o r\u00e1pida [da crise na Ucr\u00e2nia]. Mas digo \u00e0queles que subestimam a R\u00fassia: voc\u00ea est\u00e1 errado. A R\u00fassia n\u00e3o \u00e9 um pa\u00eds que pode ser subestimado. A R\u00fassia reduziu as entregas de g\u00e1s e os pre\u00e7os na Europa dispararam. . Todos est\u00e3o engajados em pensamentos pensativos sobre o problema. Por que voc\u00ea n\u00e3o pensou nisso antes?&#8221; Erdogan perguntou, falando em uma entrevista coletiva com o presidente s\u00e9rvio Aleksandar Vucic em Belgrado na quarta-feira.<\/p>\n<p>&#8220;\u00c9 claro que a R\u00fassia usar\u00e1 todos os meios \u00e0 sua disposi\u00e7\u00e3o quando todos a atacarem. Esperamos alcan\u00e7ar a paz o mais r\u00e1pido poss\u00edvel para acabar com esse assunto. Deixe o mundo encontrar a paz novamente&#8221;, disse Erdogan.<\/p>\n<p>&#8220;Posso dizer muito claramente que n\u00e3o acho que a atitude do Ocidente [em rela\u00e7\u00e3o \u00e0 crise ucraniana] seja correta. Porque o Ocidente est\u00e1 adotando uma pol\u00edtica baseada em provoca\u00e7\u00f5es&#8221;, acrescentou o presidente turco, sugerindo que a posi\u00e7\u00e3o da Turquia sobre o assunto tem sido muito mais &#8220;equilibrado&#8221;.<\/p>\n<p>&#8220;Eles dizem que est\u00e3o enviando armas para a Ucr\u00e2nia. Eles tinham alguma sucata e est\u00e3o enviando para a Ucr\u00e2nia&#8221;, disse Erdogan.<\/p>\n<p>Por sua parte, Vucic pediu ajuda a Erdogan no fornecimento de eletricidade \u00e0 S\u00e9rvia do Azerbaij\u00e3o, rico em energia, dizendo que Belgrado j\u00e1 chegou a um acordo com Baku e Bulg\u00e1ria sobre a compra e tr\u00e2nsito de cerca de dois gigawatts-hora. &#8220;Isso n\u00e3o pode ser feito sem a Turquia, e pedi ao presidente Erdogan para ajudar no transporte de eletricidade do Azerbaij\u00e3o para nosso pa\u00eds&#8221;, disse Vucic.<\/p>\n<p>O presidente s\u00e9rvio tamb\u00e9m indicou que Belgrado est\u00e1 na fila para comprar os drones de ataque Bayraktar da Turquia e expressou esperan\u00e7a de que o pa\u00eds os receba em 2023.<\/p>\n<p>&#8220;Queremos comprar o Bayraktar UAV, mas podemos ver que o mundo inteiro os quer, ent\u00e3o entramos na fila e estamos esperando e torcendo para que no pr\u00f3ximo ano possamos implementar o acordo. Acho que nossos ministros tiveram boas discuss\u00f5es, e que no pr\u00f3ximo ano a S\u00e9rvia poder\u00e1 obt\u00ea-los. Estamos prontos para expandir nossa demanda por Bayraktars e pagar significativamente mais do que as dezenas de milh\u00f5es de euros originalmente acordadas por eles &#8211; uma quantia de v\u00e1rias centenas de milh\u00f5es de euros&#8221;, frisou Vucic.<\/p>\n<p>Vucic tamb\u00e9m comentou sobre a crise de energia que abala a Europa, dizendo que se seu pa\u00eds n\u00e3o tivesse estocado g\u00e1s russo antes do tempo, tamb\u00e9m estaria enfrentando uma cat\u00e1strofe.<\/p>\n<p>Assim como a S\u00e9rvia, a Turquia conseguiu evitar o pior da crise energ\u00e9tica que atingiu seus vizinhos europeus ao manter seus la\u00e7os energ\u00e9ticos com a R\u00fassia. No m\u00eas passado, Ancara anunciou uma mudan\u00e7a de parte de seus pagamentos de g\u00e1s russo para rublos. O pa\u00eds tamb\u00e9m continuou suas compras de petr\u00f3leo russo.<\/p>\n<p>Al\u00e9m disso, a Turquia e a R\u00fassia est\u00e3o engajadas em coopera\u00e7\u00e3o na constru\u00e7\u00e3o de uma enorme usina nuclear em Akkuyu, no sul da Turquia. Uma vez operacional, a usina fornecer\u00e1 \u00e0 Turquia at\u00e9 10% de suas necessidades de eletricidade.<\/p>\n","protected":false},"excerpt":{"rendered":"<p>A Europa est\u00e1 no meio de sua pior crise energ\u00e9tica e inflacion\u00e1ria desde o embargo de petr\u00f3leo \u00e1rabe dos anos 1970, com a cat\u00e1strofe desencadeada pela decis\u00e3o dos l\u00edderes europeus de reduzir drasticamente a compra de suprimentos de energia russos para tentar &#8220;punir&#8221; a R\u00fassia por sua opera\u00e7\u00e3o militar na Ucr\u00e2nia . At\u00e9 agora, a [&hellip;]<\/p>\n","protected":false},"author":2,"featured_media":291404,"comment_status":"closed","ping_status":"closed","sticky":false,"template":"","format":"standard","meta":{"_acf_changed":false,"footnotes":""},"categories":[159],"tags":[95],"class_list":["post-291403","post","type-post","status-publish","format-standard","has-post-thumbnail","hentry","category-apocalipse","tag-capa"],"acf":[],"yoast_head":"<!-- This site is optimized with the Yoast SEO plugin v27.2 - https:\/\/yoast.com\/product\/yoast-seo-wordpress\/ -->\n<title>Turquia adverte Europa para n\u00e3o subestimar R\u00fassia - Notibras<\/title>\n<meta name=\"robots\" content=\"index, follow, max-snippet:-1, max-image-preview:large, max-video-preview:-1\" \/>\n<link rel=\"canonical\" href=\"https:\/\/www.notibras.com\/site\/turquia-adverte-europa-para-nao-subestimar-russia\/\" \/>\n<meta property=\"og:locale\" content=\"pt_BR\" \/>\n<meta property=\"og:type\" content=\"article\" \/>\n<meta property=\"og:title\" content=\"Turquia adverte Europa para n\u00e3o subestimar R\u00fassia - Notibras\" \/>\n<meta property=\"og:description\" content=\"A Europa est\u00e1 no meio de sua pior crise energ\u00e9tica e inflacion\u00e1ria desde o embargo de petr\u00f3leo \u00e1rabe dos anos 1970, com a cat\u00e1strofe desencadeada pela decis\u00e3o dos l\u00edderes europeus de reduzir drasticamente a compra de suprimentos de energia russos para tentar &#8220;punir&#8221; a R\u00fassia por sua opera\u00e7\u00e3o militar na Ucr\u00e2nia . At\u00e9 agora, a [&hellip;]\" \/>\n<meta property=\"og:url\" content=\"https:\/\/www.notibras.com\/site\/turquia-adverte-europa-para-nao-subestimar-russia\/\" \/>\n<meta property=\"og:site_name\" content=\"Notibras\" \/>\n<meta property=\"article:publisher\" content=\"https:\/\/www.facebook.com\/notibras\/\" \/>\n<meta property=\"article:published_time\" content=\"2022-09-07T10:28:23+00:00\" \/>\n<meta property=\"article:modified_time\" content=\"2022-09-07T13:43:21+00:00\" \/>\n<meta property=\"og:image\" content=\"https:\/\/www.notibras.com\/site\/wp-content\/uploads\/2022\/09\/dogan.crise_.webp\" \/>\n\t<meta property=\"og:image:width\" content=\"1920\" \/>\n\t<meta property=\"og:image:height\" content=\"1080\" \/>\n\t<meta property=\"og:image:type\" content=\"image\/webp\" \/>\n<meta name=\"author\" content=\"Reda\u00e7\u00e3o\" \/>\n<meta name=\"twitter:card\" content=\"summary_large_image\" \/>\n<meta name=\"twitter:creator\" content=\"@Notibras\" \/>\n<meta name=\"twitter:site\" content=\"@Notibras\" \/>\n<meta name=\"twitter:label1\" content=\"Escrito por\" \/>\n\t<meta name=\"twitter:data1\" content=\"Reda\u00e7\u00e3o\" \/>\n\t<meta name=\"twitter:label2\" content=\"Est. tempo de leitura\" \/>\n\t<meta name=\"twitter:data2\" content=\"4 minutos\" \/>\n<script type=\"application\/ld+json\" class=\"yoast-schema-graph\">{\"@context\":\"https:\/\/schema.org\",\"@graph\":[{\"@type\":\"Article\",\"@id\":\"https:\/\/www.notibras.com\/site\/turquia-adverte-europa-para-nao-subestimar-russia\/#article\",\"isPartOf\":{\"@id\":\"https:\/\/www.notibras.com\/site\/turquia-adverte-europa-para-nao-subestimar-russia\/\"},\"author\":{\"name\":\"Reda\u00e7\u00e3o\",\"@id\":\"https:\/\/www.notibras.com\/site\/#\/schema\/person\/36ab0979449956132d3e5b517ea76ac8\"},\"headline\":\"Turquia adverte Europa para n\u00e3o subestimar R\u00fassia\",\"datePublished\":\"2022-09-07T10:28:23+00:00\",\"dateModified\":\"2022-09-07T13:43:21+00:00\",\"mainEntityOfPage\":{\"@id\":\"https:\/\/www.notibras.com\/site\/turquia-adverte-europa-para-nao-subestimar-russia\/\"},\"wordCount\":656,\"publisher\":{\"@id\":\"https:\/\/www.notibras.com\/site\/#organization\"},\"image\":{\"@id\":\"https:\/\/www.notibras.com\/site\/turquia-adverte-europa-para-nao-subestimar-russia\/#primaryimage\"},\"thumbnailUrl\":\"https:\/\/www.notibras.com\/site\/wp-content\/uploads\/2022\/09\/dogan.crise_.webp\",\"keywords\":[\"capa\"],\"articleSection\":[\"Apocalipse\"],\"inLanguage\":\"pt-BR\"},{\"@type\":\"WebPage\",\"@id\":\"https:\/\/www.notibras.com\/site\/turquia-adverte-europa-para-nao-subestimar-russia\/\",\"url\":\"https:\/\/www.notibras.com\/site\/turquia-adverte-europa-para-nao-subestimar-russia\/\",\"name\":\"Turquia adverte Europa para n\u00e3o subestimar R\u00fassia - Notibras\",\"isPartOf\":{\"@id\":\"https:\/\/www.notibras.com\/site\/#website\"},\"primaryImageOfPage\":{\"@id\":\"https:\/\/www.notibras.com\/site\/turquia-adverte-europa-para-nao-subestimar-russia\/#primaryimage\"},\"image\":{\"@id\":\"https:\/\/www.notibras.com\/site\/turquia-adverte-europa-para-nao-subestimar-russia\/#primaryimage\"},\"thumbnailUrl\":\"https:\/\/www.notibras.com\/site\/wp-content\/uploads\/2022\/09\/dogan.crise_.webp\",\"datePublished\":\"2022-09-07T10:28:23+00:00\",\"dateModified\":\"2022-09-07T13:43:21+00:00\",\"breadcrumb\":{\"@id\":\"https:\/\/www.notibras.com\/site\/turquia-adverte-europa-para-nao-subestimar-russia\/#breadcrumb\"},\"inLanguage\":\"pt-BR\",\"potentialAction\":[{\"@type\":\"ReadAction\",\"target\":[\"https:\/\/www.notibras.com\/site\/turquia-adverte-europa-para-nao-subestimar-russia\/\"]}]},{\"@type\":\"ImageObject\",\"inLanguage\":\"pt-BR\",\"@id\":\"https:\/\/www.notibras.com\/site\/turquia-adverte-europa-para-nao-subestimar-russia\/#primaryimage\",\"url\":\"https:\/\/www.notibras.com\/site\/wp-content\/uploads\/2022\/09\/dogan.crise_.webp\",\"contentUrl\":\"https:\/\/www.notibras.com\/site\/wp-content\/uploads\/2022\/09\/dogan.crise_.webp\",\"width\":1920,\"height\":1080},{\"@type\":\"BreadcrumbList\",\"@id\":\"https:\/\/www.notibras.com\/site\/turquia-adverte-europa-para-nao-subestimar-russia\/#breadcrumb\",\"itemListElement\":[{\"@type\":\"ListItem\",\"position\":1,\"name\":\"In\u00edcio\",\"item\":\"https:\/\/www.notibras.com\/site\/\"},{\"@type\":\"ListItem\",\"position\":2,\"name\":\"Turquia adverte Europa para n\u00e3o subestimar R\u00fassia\"}]},{\"@type\":\"WebSite\",\"@id\":\"https:\/\/www.notibras.com\/site\/#website\",\"url\":\"https:\/\/www.notibras.com\/site\/\",\"name\":\"Notibras\",\"description\":\"Not\u00edcias de Bras\u00edlia, do Brasil e do Mundo\",\"publisher\":{\"@id\":\"https:\/\/www.notibras.com\/site\/#organization\"},\"potentialAction\":[{\"@type\":\"SearchAction\",\"target\":{\"@type\":\"EntryPoint\",\"urlTemplate\":\"https:\/\/www.notibras.com\/site\/?s={search_term_string}\"},\"query-input\":{\"@type\":\"PropertyValueSpecification\",\"valueRequired\":true,\"valueName\":\"search_term_string\"}}],\"inLanguage\":\"pt-BR\"},{\"@type\":\"Organization\",\"@id\":\"https:\/\/www.notibras.com\/site\/#organization\",\"name\":\"Grupo Notibras de Comunica\u00e7\u00e3o\",\"url\":\"https:\/\/www.notibras.com\/site\/\",\"logo\":{\"@type\":\"ImageObject\",\"inLanguage\":\"pt-BR\",\"@id\":\"https:\/\/www.notibras.com\/site\/#\/schema\/logo\/image\/\",\"url\":\"https:\/\/www.notibras.com\/site\/wp-content\/uploads\/2023\/01\/notibras23.png\",\"contentUrl\":\"https:\/\/www.notibras.com\/site\/wp-content\/uploads\/2023\/01\/notibras23.png\",\"width\":350,\"height\":87,\"caption\":\"Grupo Notibras de Comunica\u00e7\u00e3o\"},\"image\":{\"@id\":\"https:\/\/www.notibras.com\/site\/#\/schema\/logo\/image\/\"},\"sameAs\":[\"https:\/\/www.facebook.com\/notibras\/\",\"https:\/\/x.com\/Notibras\",\"https:\/\/www.instagram.com\/notibras\/\"]},{\"@type\":\"Person\",\"@id\":\"https:\/\/www.notibras.com\/site\/#\/schema\/person\/36ab0979449956132d3e5b517ea76ac8\",\"name\":\"Reda\u00e7\u00e3o\",\"image\":{\"@type\":\"ImageObject\",\"inLanguage\":\"pt-BR\",\"@id\":\"https:\/\/secure.gravatar.com\/avatar\/e0a867bdedb85fd243eadf09663511f96fc81e0720a4a42581f334ad4303aa6b?s=96&d=mm&r=g\",\"url\":\"https:\/\/secure.gravatar.com\/avatar\/e0a867bdedb85fd243eadf09663511f96fc81e0720a4a42581f334ad4303aa6b?s=96&d=mm&r=g\",\"contentUrl\":\"https:\/\/secure.gravatar.com\/avatar\/e0a867bdedb85fd243eadf09663511f96fc81e0720a4a42581f334ad4303aa6b?s=96&d=mm&r=g\",\"caption\":\"Reda\u00e7\u00e3o\"}}]}<\/script>\n<!-- \/ Yoast SEO plugin. -->","yoast_head_json":{"title":"Turquia adverte Europa para n\u00e3o subestimar R\u00fassia - Notibras","robots":{"index":"index","follow":"follow","max-snippet":"max-snippet:-1","max-image-preview":"max-image-preview:large","max-video-preview":"max-video-preview:-1"},"canonical":"https:\/\/www.notibras.com\/site\/turquia-adverte-europa-para-nao-subestimar-russia\/","og_locale":"pt_BR","og_type":"article","og_title":"Turquia adverte Europa para n\u00e3o subestimar R\u00fassia - Notibras","og_description":"A Europa est\u00e1 no meio de sua pior crise energ\u00e9tica e inflacion\u00e1ria desde o embargo de petr\u00f3leo \u00e1rabe dos anos 1970, com a cat\u00e1strofe desencadeada pela decis\u00e3o dos l\u00edderes europeus de reduzir drasticamente a compra de suprimentos de energia russos para tentar &#8220;punir&#8221; a R\u00fassia por sua opera\u00e7\u00e3o militar na Ucr\u00e2nia . At\u00e9 agora, a [&hellip;]","og_url":"https:\/\/www.notibras.com\/site\/turquia-adverte-europa-para-nao-subestimar-russia\/","og_site_name":"Notibras","article_publisher":"https:\/\/www.facebook.com\/notibras\/","article_published_time":"2022-09-07T10:28:23+00:00","article_modified_time":"2022-09-07T13:43:21+00:00","og_image":[{"width":1920,"height":1080,"url":"https:\/\/www.notibras.com\/site\/wp-content\/uploads\/2022\/09\/dogan.crise_.webp","type":"image\/webp"}],"author":"Reda\u00e7\u00e3o","twitter_card":"summary_large_image","twitter_creator":"@Notibras","twitter_site":"@Notibras","twitter_misc":{"Escrito por":"Reda\u00e7\u00e3o","Est. tempo de leitura":"4 minutos"},"schema":{"@context":"https:\/\/schema.org","@graph":[{"@type":"Article","@id":"https:\/\/www.notibras.com\/site\/turquia-adverte-europa-para-nao-subestimar-russia\/#article","isPartOf":{"@id":"https:\/\/www.notibras.com\/site\/turquia-adverte-europa-para-nao-subestimar-russia\/"},"author":{"name":"Reda\u00e7\u00e3o","@id":"https:\/\/www.notibras.com\/site\/#\/schema\/person\/36ab0979449956132d3e5b517ea76ac8"},"headline":"Turquia adverte Europa para n\u00e3o subestimar R\u00fassia","datePublished":"2022-09-07T10:28:23+00:00","dateModified":"2022-09-07T13:43:21+00:00","mainEntityOfPage":{"@id":"https:\/\/www.notibras.com\/site\/turquia-adverte-europa-para-nao-subestimar-russia\/"},"wordCount":656,"publisher":{"@id":"https:\/\/www.notibras.com\/site\/#organization"},"image":{"@id":"https:\/\/www.notibras.com\/site\/turquia-adverte-europa-para-nao-subestimar-russia\/#primaryimage"},"thumbnailUrl":"https:\/\/www.notibras.com\/site\/wp-content\/uploads\/2022\/09\/dogan.crise_.webp","keywords":["capa"],"articleSection":["Apocalipse"],"inLanguage":"pt-BR"},{"@type":"WebPage","@id":"https:\/\/www.notibras.com\/site\/turquia-adverte-europa-para-nao-subestimar-russia\/","url":"https:\/\/www.notibras.com\/site\/turquia-adverte-europa-para-nao-subestimar-russia\/","name":"Turquia adverte Europa para n\u00e3o subestimar R\u00fassia - Notibras","isPartOf":{"@id":"https:\/\/www.notibras.com\/site\/#website"},"primaryImageOfPage":{"@id":"https:\/\/www.notibras.com\/site\/turquia-adverte-europa-para-nao-subestimar-russia\/#primaryimage"},"image":{"@id":"https:\/\/www.notibras.com\/site\/turquia-adverte-europa-para-nao-subestimar-russia\/#primaryimage"},"thumbnailUrl":"https:\/\/www.notibras.com\/site\/wp-content\/uploads\/2022\/09\/dogan.crise_.webp","datePublished":"2022-09-07T10:28:23+00:00","dateModified":"2022-09-07T13:43:21+00:00","breadcrumb":{"@id":"https:\/\/www.notibras.com\/site\/turquia-adverte-europa-para-nao-subestimar-russia\/#breadcrumb"},"inLanguage":"pt-BR","potentialAction":[{"@type":"ReadAction","target":["https:\/\/www.notibras.com\/site\/turquia-adverte-europa-para-nao-subestimar-russia\/"]}]},{"@type":"ImageObject","inLanguage":"pt-BR","@id":"https:\/\/www.notibras.com\/site\/turquia-adverte-europa-para-nao-subestimar-russia\/#primaryimage","url":"https:\/\/www.notibras.com\/site\/wp-content\/uploads\/2022\/09\/dogan.crise_.webp","contentUrl":"https:\/\/www.notibras.com\/site\/wp-content\/uploads\/2022\/09\/dogan.crise_.webp","width":1920,"height":1080},{"@type":"BreadcrumbList","@id":"https:\/\/www.notibras.com\/site\/turquia-adverte-europa-para-nao-subestimar-russia\/#breadcrumb","itemListElement":[{"@type":"ListItem","position":1,"name":"In\u00edcio","item":"https:\/\/www.notibras.com\/site\/"},{"@type":"ListItem","position":2,"name":"Turquia adverte Europa para n\u00e3o subestimar R\u00fassia"}]},{"@type":"WebSite","@id":"https:\/\/www.notibras.com\/site\/#website","url":"https:\/\/www.notibras.com\/site\/","name":"Notibras","description":"Not\u00edcias de Bras\u00edlia, do Brasil e do Mundo","publisher":{"@id":"https:\/\/www.notibras.com\/site\/#organization"},"potentialAction":[{"@type":"SearchAction","target":{"@type":"EntryPoint","urlTemplate":"https:\/\/www.notibras.com\/site\/?s={search_term_string}"},"query-input":{"@type":"PropertyValueSpecification","valueRequired":true,"valueName":"search_term_string"}}],"inLanguage":"pt-BR"},{"@type":"Organization","@id":"https:\/\/www.notibras.com\/site\/#organization","name":"Grupo Notibras de Comunica\u00e7\u00e3o","url":"https:\/\/www.notibras.com\/site\/","logo":{"@type":"ImageObject","inLanguage":"pt-BR","@id":"https:\/\/www.notibras.com\/site\/#\/schema\/logo\/image\/","url":"https:\/\/www.notibras.com\/site\/wp-content\/uploads\/2023\/01\/notibras23.png","contentUrl":"https:\/\/www.notibras.com\/site\/wp-content\/uploads\/2023\/01\/notibras23.png","width":350,"height":87,"caption":"Grupo Notibras de Comunica\u00e7\u00e3o"},"image":{"@id":"https:\/\/www.notibras.com\/site\/#\/schema\/logo\/image\/"},"sameAs":["https:\/\/www.facebook.com\/notibras\/","https:\/\/x.com\/Notibras","https:\/\/www.instagram.com\/notibras\/"]},{"@type":"Person","@id":"https:\/\/www.notibras.com\/site\/#\/schema\/person\/36ab0979449956132d3e5b517ea76ac8","name":"Reda\u00e7\u00e3o","image":{"@type":"ImageObject","inLanguage":"pt-BR","@id":"https:\/\/secure.gravatar.com\/avatar\/e0a867bdedb85fd243eadf09663511f96fc81e0720a4a42581f334ad4303aa6b?s=96&d=mm&r=g","url":"https:\/\/secure.gravatar.com\/avatar\/e0a867bdedb85fd243eadf09663511f96fc81e0720a4a42581f334ad4303aa6b?s=96&d=mm&r=g","contentUrl":"https:\/\/secure.gravatar.com\/avatar\/e0a867bdedb85fd243eadf09663511f96fc81e0720a4a42581f334ad4303aa6b?s=96&d=mm&r=g","caption":"Reda\u00e7\u00e3o"}}]}},"amp_enabled":true,"_links":{"self":[{"href":"https:\/\/www.notibras.com\/site\/wp-json\/wp\/v2\/posts\/291403","targetHints":{"allow":["GET"]}}],"collection":[{"href":"https:\/\/www.notibras.com\/site\/wp-json\/wp\/v2\/posts"}],"about":[{"href":"https:\/\/www.notibras.com\/site\/wp-json\/wp\/v2\/types\/post"}],"author":[{"embeddable":true,"href":"https:\/\/www.notibras.com\/site\/wp-json\/wp\/v2\/users\/2"}],"replies":[{"embeddable":true,"href":"https:\/\/www.notibras.com\/site\/wp-json\/wp\/v2\/comments?post=291403"}],"version-history":[{"count":1,"href":"https:\/\/www.notibras.com\/site\/wp-json\/wp\/v2\/posts\/291403\/revisions"}],"predecessor-version":[{"id":291405,"href":"https:\/\/www.notibras.com\/site\/wp-json\/wp\/v2\/posts\/291403\/revisions\/291405"}],"wp:featuredmedia":[{"embeddable":true,"href":"https:\/\/www.notibras.com\/site\/wp-json\/wp\/v2\/media\/291404"}],"wp:attachment":[{"href":"https:\/\/www.notibras.com\/site\/wp-json\/wp\/v2\/media?parent=291403"}],"wp:term":[{"taxonomy":"category","embeddable":true,"href":"https:\/\/www.notibras.com\/site\/wp-json\/wp\/v2\/categories?post=291403"},{"taxonomy":"post_tag","embeddable":true,"href":"https:\/\/www.notibras.com\/site\/wp-json\/wp\/v2\/tags?post=291403"}],"curies":[{"name":"wp","href":"https:\/\/api.w.org\/{rel}","templated":true}]}}