{"id":29144,"date":"2014-11-22T04:34:32","date_gmt":"2014-11-22T07:34:32","guid":{"rendered":"http:\/\/www.notibras.com\/site\/?p=29144"},"modified":"2014-11-22T04:34:32","modified_gmt":"2014-11-22T07:34:32","slug":"brasil-clama-por-pacotaco-que-dite-novas-regras-para-a-politica","status":"publish","type":"post","link":"https:\/\/www.notibras.com\/site\/brasil-clama-por-pacotaco-que-dite-novas-regras-para-a-politica\/","title":{"rendered":"Brasil clama por pacota\u00e7o que dite novas regras para a pol\u00edtica"},"content":{"rendered":"<p>A popula\u00e7\u00e3o quer mudan\u00e7as profundas e urgentes na forma de fazer pol\u00edtica no nosso pa\u00eds. N\u00e3o foi \u00e0 toa que milh\u00f5es de pessoas, especialmente jovens, sa\u00edram \u00e0s ruas em junho de 2013 pedindo mais transpar\u00eancia e mais participa\u00e7\u00e3o. N\u00e3o h\u00e1 outra forma de atender a esse clamor se n\u00e3o pela reforma pol\u00edtica. N\u00e3o d\u00e1 mais para esperar!<\/p>\n<p>\u00c9 hora de unirmos for\u00e7as \u2013 governos, parlamentos, Judici\u00e1rio e, principalmente, a sociedade civil \u2013 para reivindicar e aprovar um pacota\u00e7o de mudan\u00e7as. Doa a quem doer.<\/p>\n<p>Na minha avalia\u00e7\u00e3o, um dos pontos primordiais de uma reforma pol\u00edtica \u00e9 o financiamento p\u00fablico de campanha como forma de acabar com a rela\u00e7\u00e3o, muitas vezes nociva, entre o p\u00fablico e o privado, al\u00e9m de reduzir drasticamente a desproporcionalidade nas disputas.<\/p>\n<p>No atual sistema, \u00e9 \u00f3bvio que quem tem mais poder econ\u00f4mico ou capacidade de arrecada\u00e7\u00e3o tem mais acesso e divulga\u00e7\u00e3o e, na minha opini\u00e3o, n\u00e3o \u00e9 isso que determina o melhor para o pa\u00eds, Estado ou cidade.<\/p>\n<p>N\u00e3o devemos analisar um pol\u00edtico pelo seu poder aquisitivo, mas sim pela sua compet\u00eancia e hist\u00f3ria de vida. O que vemos hoje \u00e9 que uma grande parte dos candidatos investe milh\u00f5es em campanha, e isso n\u00e3o pode acontecer.<\/p>\n<p>Com o financiamento p\u00fablico, dar\u00edamos mais transpar\u00eancia e justi\u00e7a \u00e0s disputas, na medida em que estaria estabelecida a igualdade de oportunidades aos concorrentes.<\/p>\n<p>Outras medidas, historicamente defendidas pelo partido do qual sou filiado, o PT, s\u00e3o a fidelidade partid\u00e1ria, o voto em lista nas elei\u00e7\u00f5es proporcionais, al\u00e9m do aumento da participa\u00e7\u00e3o feminina na vida pol\u00edtica.<\/p>\n<blockquote><p>Eu ainda defendo urgentemente um outro ponto da reforma pol\u00edtica: o fim da reelei\u00e7\u00e3o. A pol\u00edtica, assim como qualquer outro setor, precisa de renova\u00e7\u00e3o, de ideias novas. Na C\u00e2mara, quero fazer esse debate propondo que os mandatos, em todos os n\u00edveis, passem de 4 para 6 anos, sem reelei\u00e7\u00e3o. \u00c9 preciso oxigenar a pol\u00edtica brasileira.<\/p><\/blockquote>\n<p>Para mim, a renova\u00e7\u00e3o exige novas cabe\u00e7as, pensamentos diferentes. Fiz isso no Corinthians, com a reforma do estatuto, que proibiu a minha pr\u00f3pria recondu\u00e7\u00e3o ao cargo de presidente. Como deputado, n\u00e3o penso diferente.<\/p>\n<p>Penso que todas essas mudan\u00e7as s\u00f3 ser\u00e3o poss\u00edveis com uma constituinte exclusiva para debater e deliberar sobre a reforma pol\u00edtica. O PT busca colher pelo menos 1,5 milh\u00e3o de assinaturas para levar ao Congresso Nacional o projeto de iniciativa popular, que prop\u00f5e, a partir de uma Assembleia Nacional Constituinte Exclusiva, lan\u00e7ar bases de um novo modelo de escolha e representa\u00e7\u00e3o popular.<\/p>\n<p>\u00c9 hora de arrega\u00e7armos as mangas e irmos pra luta. A reforma pol\u00edtica deve ser uma das principais agendas do pr\u00f3ximo per\u00edodo. A pr\u00f3pria presidente Dilma sinalizou isso durante toda a campanha e em seu discurso ap\u00f3s o resultado do segundo turno das\u00a0elei\u00e7\u00f5es. Dilma prop\u00f5e um plebiscito para que a popula\u00e7\u00e3o seja ouvida e escolha como se deve ser uma reforma do sistema pol\u00edtico.<\/p>\n<p>Infelizmente, a proposta pode n\u00e3o avan\u00e7ar, porque contraria alguns setores da nossa pol\u00edtica e sociedade que, ao contr\u00e1rio do que pregam publicamente, n\u00e3o desejam ver mudan\u00e7as.<\/p>\n<p>Somente uma grande mobiliza\u00e7\u00e3o social poder\u00e1 legitimar essa luta por uma democracia sem restri\u00e7\u00f5es, por uma reforma do nosso sistema pol\u00edtico e eleitoral, por mais transpar\u00eancia e participa\u00e7\u00e3o de todos.<\/p>\n<p><strong>Andr\u00e9s Sanchez<\/strong><\/p>\n","protected":false},"excerpt":{"rendered":"<p>A popula\u00e7\u00e3o quer mudan\u00e7as profundas e urgentes na forma de fazer pol\u00edtica no nosso pa\u00eds. N\u00e3o foi \u00e0 toa que milh\u00f5es de pessoas, especialmente jovens, sa\u00edram \u00e0s ruas em junho de 2013 pedindo mais transpar\u00eancia e mais participa\u00e7\u00e3o. N\u00e3o h\u00e1 outra forma de atender a esse clamor se n\u00e3o pela reforma pol\u00edtica. N\u00e3o d\u00e1 mais [&hellip;]<\/p>\n","protected":false},"author":2,"featured_media":29145,"comment_status":"open","ping_status":"closed","sticky":false,"template":"","format":"standard","meta":{"_acf_changed":false,"footnotes":""},"categories":[25],"tags":[],"class_list":["post-29144","post","type-post","status-publish","format-standard","has-post-thumbnail","hentry","category-opina-ai"],"acf":[],"yoast_head":"<!-- This site is optimized with the Yoast SEO plugin v27.2 - https:\/\/yoast.com\/product\/yoast-seo-wordpress\/ -->\n<title>Brasil clama por pacota\u00e7o que dite novas regras para a pol\u00edtica - Notibras<\/title>\n<meta name=\"robots\" content=\"index, follow, max-snippet:-1, max-image-preview:large, max-video-preview:-1\" \/>\n<link rel=\"canonical\" href=\"https:\/\/www.notibras.com\/site\/brasil-clama-por-pacotaco-que-dite-novas-regras-para-a-politica\/\" \/>\n<meta property=\"og:locale\" content=\"pt_BR\" \/>\n<meta property=\"og:type\" content=\"article\" \/>\n<meta property=\"og:title\" content=\"Brasil clama por pacota\u00e7o que dite novas regras para a pol\u00edtica - Notibras\" \/>\n<meta property=\"og:description\" content=\"A popula\u00e7\u00e3o quer mudan\u00e7as profundas e urgentes na forma de fazer pol\u00edtica no nosso pa\u00eds. N\u00e3o foi \u00e0 toa que milh\u00f5es de pessoas, especialmente jovens, sa\u00edram \u00e0s ruas em junho de 2013 pedindo mais transpar\u00eancia e mais participa\u00e7\u00e3o. N\u00e3o h\u00e1 outra forma de atender a esse clamor se n\u00e3o pela reforma pol\u00edtica. N\u00e3o d\u00e1 mais [&hellip;]\" \/>\n<meta property=\"og:url\" content=\"https:\/\/www.notibras.com\/site\/brasil-clama-por-pacotaco-que-dite-novas-regras-para-a-politica\/\" \/>\n<meta property=\"og:site_name\" content=\"Notibras\" \/>\n<meta property=\"article:publisher\" content=\"https:\/\/www.facebook.com\/notibras\/\" \/>\n<meta property=\"article:published_time\" content=\"2014-11-22T07:34:32+00:00\" \/>\n<meta property=\"og:image\" content=\"https:\/\/www.notibras.com\/site\/wp-content\/uploads\/2014\/11\/Congresso-nacional.jpg\" \/>\n\t<meta property=\"og:image:width\" content=\"640\" \/>\n\t<meta property=\"og:image:height\" content=\"420\" \/>\n\t<meta property=\"og:image:type\" content=\"image\/jpeg\" \/>\n<meta name=\"author\" content=\"Reda\u00e7\u00e3o\" \/>\n<meta name=\"twitter:card\" content=\"summary_large_image\" \/>\n<meta name=\"twitter:creator\" content=\"@Notibras\" \/>\n<meta name=\"twitter:site\" content=\"@Notibras\" \/>\n<meta name=\"twitter:label1\" content=\"Escrito por\" \/>\n\t<meta name=\"twitter:data1\" content=\"Reda\u00e7\u00e3o\" \/>\n\t<meta name=\"twitter:label2\" content=\"Est. tempo de leitura\" \/>\n\t<meta name=\"twitter:data2\" content=\"3 minutos\" \/>\n<script type=\"application\/ld+json\" class=\"yoast-schema-graph\">{\"@context\":\"https:\/\/schema.org\",\"@graph\":[{\"@type\":\"Article\",\"@id\":\"https:\/\/www.notibras.com\/site\/brasil-clama-por-pacotaco-que-dite-novas-regras-para-a-politica\/#article\",\"isPartOf\":{\"@id\":\"https:\/\/www.notibras.com\/site\/brasil-clama-por-pacotaco-que-dite-novas-regras-para-a-politica\/\"},\"author\":{\"name\":\"Reda\u00e7\u00e3o\",\"@id\":\"https:\/\/www.notibras.com\/site\/#\/schema\/person\/36ab0979449956132d3e5b517ea76ac8\"},\"headline\":\"Brasil clama por pacota\u00e7o que dite novas regras para a pol\u00edtica\",\"datePublished\":\"2014-11-22T07:34:32+00:00\",\"mainEntityOfPage\":{\"@id\":\"https:\/\/www.notibras.com\/site\/brasil-clama-por-pacotaco-que-dite-novas-regras-para-a-politica\/\"},\"wordCount\":614,\"commentCount\":0,\"publisher\":{\"@id\":\"https:\/\/www.notibras.com\/site\/#organization\"},\"image\":{\"@id\":\"https:\/\/www.notibras.com\/site\/brasil-clama-por-pacotaco-que-dite-novas-regras-para-a-politica\/#primaryimage\"},\"thumbnailUrl\":\"https:\/\/www.notibras.com\/site\/wp-content\/uploads\/2014\/11\/Congresso-nacional.jpg\",\"articleSection\":[\"Opina a\u00ed\"],\"inLanguage\":\"pt-BR\",\"potentialAction\":[{\"@type\":\"CommentAction\",\"name\":\"Comment\",\"target\":[\"https:\/\/www.notibras.com\/site\/brasil-clama-por-pacotaco-que-dite-novas-regras-para-a-politica\/#respond\"]}]},{\"@type\":\"WebPage\",\"@id\":\"https:\/\/www.notibras.com\/site\/brasil-clama-por-pacotaco-que-dite-novas-regras-para-a-politica\/\",\"url\":\"https:\/\/www.notibras.com\/site\/brasil-clama-por-pacotaco-que-dite-novas-regras-para-a-politica\/\",\"name\":\"Brasil clama por pacota\u00e7o que dite novas regras para a pol\u00edtica - Notibras\",\"isPartOf\":{\"@id\":\"https:\/\/www.notibras.com\/site\/#website\"},\"primaryImageOfPage\":{\"@id\":\"https:\/\/www.notibras.com\/site\/brasil-clama-por-pacotaco-que-dite-novas-regras-para-a-politica\/#primaryimage\"},\"image\":{\"@id\":\"https:\/\/www.notibras.com\/site\/brasil-clama-por-pacotaco-que-dite-novas-regras-para-a-politica\/#primaryimage\"},\"thumbnailUrl\":\"https:\/\/www.notibras.com\/site\/wp-content\/uploads\/2014\/11\/Congresso-nacional.jpg\",\"datePublished\":\"2014-11-22T07:34:32+00:00\",\"breadcrumb\":{\"@id\":\"https:\/\/www.notibras.com\/site\/brasil-clama-por-pacotaco-que-dite-novas-regras-para-a-politica\/#breadcrumb\"},\"inLanguage\":\"pt-BR\",\"potentialAction\":[{\"@type\":\"ReadAction\",\"target\":[\"https:\/\/www.notibras.com\/site\/brasil-clama-por-pacotaco-que-dite-novas-regras-para-a-politica\/\"]}]},{\"@type\":\"ImageObject\",\"inLanguage\":\"pt-BR\",\"@id\":\"https:\/\/www.notibras.com\/site\/brasil-clama-por-pacotaco-que-dite-novas-regras-para-a-politica\/#primaryimage\",\"url\":\"https:\/\/www.notibras.com\/site\/wp-content\/uploads\/2014\/11\/Congresso-nacional.jpg\",\"contentUrl\":\"https:\/\/www.notibras.com\/site\/wp-content\/uploads\/2014\/11\/Congresso-nacional.jpg\",\"width\":640,\"height\":420},{\"@type\":\"BreadcrumbList\",\"@id\":\"https:\/\/www.notibras.com\/site\/brasil-clama-por-pacotaco-que-dite-novas-regras-para-a-politica\/#breadcrumb\",\"itemListElement\":[{\"@type\":\"ListItem\",\"position\":1,\"name\":\"In\u00edcio\",\"item\":\"https:\/\/www.notibras.com\/site\/\"},{\"@type\":\"ListItem\",\"position\":2,\"name\":\"Brasil clama por pacota\u00e7o que dite novas regras para a pol\u00edtica\"}]},{\"@type\":\"WebSite\",\"@id\":\"https:\/\/www.notibras.com\/site\/#website\",\"url\":\"https:\/\/www.notibras.com\/site\/\",\"name\":\"Notibras\",\"description\":\"Not\u00edcias de Bras\u00edlia, do Brasil e do Mundo\",\"publisher\":{\"@id\":\"https:\/\/www.notibras.com\/site\/#organization\"},\"potentialAction\":[{\"@type\":\"SearchAction\",\"target\":{\"@type\":\"EntryPoint\",\"urlTemplate\":\"https:\/\/www.notibras.com\/site\/?s={search_term_string}\"},\"query-input\":{\"@type\":\"PropertyValueSpecification\",\"valueRequired\":true,\"valueName\":\"search_term_string\"}}],\"inLanguage\":\"pt-BR\"},{\"@type\":\"Organization\",\"@id\":\"https:\/\/www.notibras.com\/site\/#organization\",\"name\":\"Grupo Notibras de Comunica\u00e7\u00e3o\",\"url\":\"https:\/\/www.notibras.com\/site\/\",\"logo\":{\"@type\":\"ImageObject\",\"inLanguage\":\"pt-BR\",\"@id\":\"https:\/\/www.notibras.com\/site\/#\/schema\/logo\/image\/\",\"url\":\"https:\/\/www.notibras.com\/site\/wp-content\/uploads\/2023\/01\/notibras23.png\",\"contentUrl\":\"https:\/\/www.notibras.com\/site\/wp-content\/uploads\/2023\/01\/notibras23.png\",\"width\":350,\"height\":87,\"caption\":\"Grupo Notibras de Comunica\u00e7\u00e3o\"},\"image\":{\"@id\":\"https:\/\/www.notibras.com\/site\/#\/schema\/logo\/image\/\"},\"sameAs\":[\"https:\/\/www.facebook.com\/notibras\/\",\"https:\/\/x.com\/Notibras\",\"https:\/\/www.instagram.com\/notibras\/\"]},{\"@type\":\"Person\",\"@id\":\"https:\/\/www.notibras.com\/site\/#\/schema\/person\/36ab0979449956132d3e5b517ea76ac8\",\"name\":\"Reda\u00e7\u00e3o\",\"image\":{\"@type\":\"ImageObject\",\"inLanguage\":\"pt-BR\",\"@id\":\"https:\/\/secure.gravatar.com\/avatar\/e0a867bdedb85fd243eadf09663511f96fc81e0720a4a42581f334ad4303aa6b?s=96&d=mm&r=g\",\"url\":\"https:\/\/secure.gravatar.com\/avatar\/e0a867bdedb85fd243eadf09663511f96fc81e0720a4a42581f334ad4303aa6b?s=96&d=mm&r=g\",\"contentUrl\":\"https:\/\/secure.gravatar.com\/avatar\/e0a867bdedb85fd243eadf09663511f96fc81e0720a4a42581f334ad4303aa6b?s=96&d=mm&r=g\",\"caption\":\"Reda\u00e7\u00e3o\"}}]}<\/script>\n<!-- \/ Yoast SEO plugin. -->","yoast_head_json":{"title":"Brasil clama por pacota\u00e7o que dite novas regras para a pol\u00edtica - Notibras","robots":{"index":"index","follow":"follow","max-snippet":"max-snippet:-1","max-image-preview":"max-image-preview:large","max-video-preview":"max-video-preview:-1"},"canonical":"https:\/\/www.notibras.com\/site\/brasil-clama-por-pacotaco-que-dite-novas-regras-para-a-politica\/","og_locale":"pt_BR","og_type":"article","og_title":"Brasil clama por pacota\u00e7o que dite novas regras para a pol\u00edtica - Notibras","og_description":"A popula\u00e7\u00e3o quer mudan\u00e7as profundas e urgentes na forma de fazer pol\u00edtica no nosso pa\u00eds. N\u00e3o foi \u00e0 toa que milh\u00f5es de pessoas, especialmente jovens, sa\u00edram \u00e0s ruas em junho de 2013 pedindo mais transpar\u00eancia e mais participa\u00e7\u00e3o. N\u00e3o h\u00e1 outra forma de atender a esse clamor se n\u00e3o pela reforma pol\u00edtica. N\u00e3o d\u00e1 mais [&hellip;]","og_url":"https:\/\/www.notibras.com\/site\/brasil-clama-por-pacotaco-que-dite-novas-regras-para-a-politica\/","og_site_name":"Notibras","article_publisher":"https:\/\/www.facebook.com\/notibras\/","article_published_time":"2014-11-22T07:34:32+00:00","og_image":[{"width":640,"height":420,"url":"https:\/\/www.notibras.com\/site\/wp-content\/uploads\/2014\/11\/Congresso-nacional.jpg","type":"image\/jpeg"}],"author":"Reda\u00e7\u00e3o","twitter_card":"summary_large_image","twitter_creator":"@Notibras","twitter_site":"@Notibras","twitter_misc":{"Escrito por":"Reda\u00e7\u00e3o","Est. tempo de leitura":"3 minutos"},"schema":{"@context":"https:\/\/schema.org","@graph":[{"@type":"Article","@id":"https:\/\/www.notibras.com\/site\/brasil-clama-por-pacotaco-que-dite-novas-regras-para-a-politica\/#article","isPartOf":{"@id":"https:\/\/www.notibras.com\/site\/brasil-clama-por-pacotaco-que-dite-novas-regras-para-a-politica\/"},"author":{"name":"Reda\u00e7\u00e3o","@id":"https:\/\/www.notibras.com\/site\/#\/schema\/person\/36ab0979449956132d3e5b517ea76ac8"},"headline":"Brasil clama por pacota\u00e7o que dite novas regras para a pol\u00edtica","datePublished":"2014-11-22T07:34:32+00:00","mainEntityOfPage":{"@id":"https:\/\/www.notibras.com\/site\/brasil-clama-por-pacotaco-que-dite-novas-regras-para-a-politica\/"},"wordCount":614,"commentCount":0,"publisher":{"@id":"https:\/\/www.notibras.com\/site\/#organization"},"image":{"@id":"https:\/\/www.notibras.com\/site\/brasil-clama-por-pacotaco-que-dite-novas-regras-para-a-politica\/#primaryimage"},"thumbnailUrl":"https:\/\/www.notibras.com\/site\/wp-content\/uploads\/2014\/11\/Congresso-nacional.jpg","articleSection":["Opina a\u00ed"],"inLanguage":"pt-BR","potentialAction":[{"@type":"CommentAction","name":"Comment","target":["https:\/\/www.notibras.com\/site\/brasil-clama-por-pacotaco-que-dite-novas-regras-para-a-politica\/#respond"]}]},{"@type":"WebPage","@id":"https:\/\/www.notibras.com\/site\/brasil-clama-por-pacotaco-que-dite-novas-regras-para-a-politica\/","url":"https:\/\/www.notibras.com\/site\/brasil-clama-por-pacotaco-que-dite-novas-regras-para-a-politica\/","name":"Brasil clama por pacota\u00e7o que dite novas regras para a pol\u00edtica - Notibras","isPartOf":{"@id":"https:\/\/www.notibras.com\/site\/#website"},"primaryImageOfPage":{"@id":"https:\/\/www.notibras.com\/site\/brasil-clama-por-pacotaco-que-dite-novas-regras-para-a-politica\/#primaryimage"},"image":{"@id":"https:\/\/www.notibras.com\/site\/brasil-clama-por-pacotaco-que-dite-novas-regras-para-a-politica\/#primaryimage"},"thumbnailUrl":"https:\/\/www.notibras.com\/site\/wp-content\/uploads\/2014\/11\/Congresso-nacional.jpg","datePublished":"2014-11-22T07:34:32+00:00","breadcrumb":{"@id":"https:\/\/www.notibras.com\/site\/brasil-clama-por-pacotaco-que-dite-novas-regras-para-a-politica\/#breadcrumb"},"inLanguage":"pt-BR","potentialAction":[{"@type":"ReadAction","target":["https:\/\/www.notibras.com\/site\/brasil-clama-por-pacotaco-que-dite-novas-regras-para-a-politica\/"]}]},{"@type":"ImageObject","inLanguage":"pt-BR","@id":"https:\/\/www.notibras.com\/site\/brasil-clama-por-pacotaco-que-dite-novas-regras-para-a-politica\/#primaryimage","url":"https:\/\/www.notibras.com\/site\/wp-content\/uploads\/2014\/11\/Congresso-nacional.jpg","contentUrl":"https:\/\/www.notibras.com\/site\/wp-content\/uploads\/2014\/11\/Congresso-nacional.jpg","width":640,"height":420},{"@type":"BreadcrumbList","@id":"https:\/\/www.notibras.com\/site\/brasil-clama-por-pacotaco-que-dite-novas-regras-para-a-politica\/#breadcrumb","itemListElement":[{"@type":"ListItem","position":1,"name":"In\u00edcio","item":"https:\/\/www.notibras.com\/site\/"},{"@type":"ListItem","position":2,"name":"Brasil clama por pacota\u00e7o que dite novas regras para a pol\u00edtica"}]},{"@type":"WebSite","@id":"https:\/\/www.notibras.com\/site\/#website","url":"https:\/\/www.notibras.com\/site\/","name":"Notibras","description":"Not\u00edcias de Bras\u00edlia, do Brasil e do Mundo","publisher":{"@id":"https:\/\/www.notibras.com\/site\/#organization"},"potentialAction":[{"@type":"SearchAction","target":{"@type":"EntryPoint","urlTemplate":"https:\/\/www.notibras.com\/site\/?s={search_term_string}"},"query-input":{"@type":"PropertyValueSpecification","valueRequired":true,"valueName":"search_term_string"}}],"inLanguage":"pt-BR"},{"@type":"Organization","@id":"https:\/\/www.notibras.com\/site\/#organization","name":"Grupo Notibras de Comunica\u00e7\u00e3o","url":"https:\/\/www.notibras.com\/site\/","logo":{"@type":"ImageObject","inLanguage":"pt-BR","@id":"https:\/\/www.notibras.com\/site\/#\/schema\/logo\/image\/","url":"https:\/\/www.notibras.com\/site\/wp-content\/uploads\/2023\/01\/notibras23.png","contentUrl":"https:\/\/www.notibras.com\/site\/wp-content\/uploads\/2023\/01\/notibras23.png","width":350,"height":87,"caption":"Grupo Notibras de Comunica\u00e7\u00e3o"},"image":{"@id":"https:\/\/www.notibras.com\/site\/#\/schema\/logo\/image\/"},"sameAs":["https:\/\/www.facebook.com\/notibras\/","https:\/\/x.com\/Notibras","https:\/\/www.instagram.com\/notibras\/"]},{"@type":"Person","@id":"https:\/\/www.notibras.com\/site\/#\/schema\/person\/36ab0979449956132d3e5b517ea76ac8","name":"Reda\u00e7\u00e3o","image":{"@type":"ImageObject","inLanguage":"pt-BR","@id":"https:\/\/secure.gravatar.com\/avatar\/e0a867bdedb85fd243eadf09663511f96fc81e0720a4a42581f334ad4303aa6b?s=96&d=mm&r=g","url":"https:\/\/secure.gravatar.com\/avatar\/e0a867bdedb85fd243eadf09663511f96fc81e0720a4a42581f334ad4303aa6b?s=96&d=mm&r=g","contentUrl":"https:\/\/secure.gravatar.com\/avatar\/e0a867bdedb85fd243eadf09663511f96fc81e0720a4a42581f334ad4303aa6b?s=96&d=mm&r=g","caption":"Reda\u00e7\u00e3o"}}]}},"amp_enabled":true,"_links":{"self":[{"href":"https:\/\/www.notibras.com\/site\/wp-json\/wp\/v2\/posts\/29144","targetHints":{"allow":["GET"]}}],"collection":[{"href":"https:\/\/www.notibras.com\/site\/wp-json\/wp\/v2\/posts"}],"about":[{"href":"https:\/\/www.notibras.com\/site\/wp-json\/wp\/v2\/types\/post"}],"author":[{"embeddable":true,"href":"https:\/\/www.notibras.com\/site\/wp-json\/wp\/v2\/users\/2"}],"replies":[{"embeddable":true,"href":"https:\/\/www.notibras.com\/site\/wp-json\/wp\/v2\/comments?post=29144"}],"version-history":[{"count":0,"href":"https:\/\/www.notibras.com\/site\/wp-json\/wp\/v2\/posts\/29144\/revisions"}],"wp:featuredmedia":[{"embeddable":true,"href":"https:\/\/www.notibras.com\/site\/wp-json\/wp\/v2\/media\/29145"}],"wp:attachment":[{"href":"https:\/\/www.notibras.com\/site\/wp-json\/wp\/v2\/media?parent=29144"}],"wp:term":[{"taxonomy":"category","embeddable":true,"href":"https:\/\/www.notibras.com\/site\/wp-json\/wp\/v2\/categories?post=29144"},{"taxonomy":"post_tag","embeddable":true,"href":"https:\/\/www.notibras.com\/site\/wp-json\/wp\/v2\/tags?post=29144"}],"curies":[{"name":"wp","href":"https:\/\/api.w.org\/{rel}","templated":true}]}}