{"id":29150,"date":"2014-11-22T04:53:47","date_gmt":"2014-11-22T07:53:47","guid":{"rendered":"http:\/\/www.notibras.com\/site\/?p=29150"},"modified":"2014-11-22T04:53:47","modified_gmt":"2014-11-22T07:53:47","slug":"bragantino-empata-em-casa-e-ve-volta-do-fantasma-da-serie-c","status":"publish","type":"post","link":"https:\/\/www.notibras.com\/site\/bragantino-empata-em-casa-e-ve-volta-do-fantasma-da-serie-c\/","title":{"rendered":"Bragantino empata em casa e v\u00ea volta do fantasma da S\u00e9rie C"},"content":{"rendered":"<p>O Bragantino est\u00e1 de volta \u00e0 zona de rebaixamento. Mesmo jogando ao lado de sua torcida no Nabi Abi Chedid, o time alvinegro apenas empatou em 1 a 1 com o Paran\u00e1 na noite desta sexta-feira e assim terminar\u00e1 esta pen\u00faltima rodada da S\u00e9rie B entre os quatro piores colocados da tabela.<\/p>\n<p>A equipe de Bragan\u00e7a Paulista acabou ultrapassada pelo Am\u00e9rica-RN, que tamb\u00e9m nesta sexta-feira, mas um pouco mais cedo, bateu o N\u00e1utico por 1 a 0 e assim alcan\u00e7ou os 43 pontos, mesma pontua\u00e7\u00e3o que o Bragantino chegou com o empate. Por\u00e9m, o time potiguar leva a melhor por conta do saldo de gols (-6 a -12) e assim fica com o 16\u00ba lugar da tabela.<\/p>\n<p>Desta forma, o Bragantino n\u00e3o depende mais de suas for\u00e7as na \u00faltima rodada da S\u00e9rie B, a n\u00e3o ser que conquiste uma goleada hist\u00f3rica diante do ABC, no Frasqueir\u00e3o. J\u00e1 o Paran\u00e1, livre de rebaixamento, chegou aos 48 pontos.<\/p>\n<blockquote><p>N\u00e3o faltaram chances para o Bragantino inaugurar o placar no Nabi Abi Chedid na etapa inicial. Mas faltou colocar a bola para dentro. Cruzamentos perigosos foram mandados para a \u00e1rea do Paran\u00e1, mas a finaliza\u00e7\u00e3o n\u00e3o veio. O time da casa ainda teve duas \u00f3timas oportunidades em cobran\u00e7as de falta coladas \u00e0 \u00e1rea, mas primeiro Bruno Recife carimbou a barreira e depois Marc\u00e3o fez boa defesa em finaliza\u00e7\u00e3o de Sandro.<\/p><\/blockquote>\n<p>Na segunda etapa, por\u00e9m, a bola finalmente entrou. E n\u00e3o demorou muito. Logo aos 10min, Caio cruzou na \u00e1rea e Cabor\u00e9 deu um jeito de finalizar e mandar para as redes. 1 a 0. Mas aos 29min, depois de uma bola mal afastada por Geandro, Marcos Serrato puxou contra-ataque pelo meio e a bola sobrou para L\u00e9o Mineiro, que chutou na sa\u00edda de Matheus In\u00e1cio e deixou tudo igual, para tristeza da torcida que compareceu em bom n\u00famero ao Nabiz\u00e3o.<\/p>\n","protected":false},"excerpt":{"rendered":"<p>O Bragantino est\u00e1 de volta \u00e0 zona de rebaixamento. Mesmo jogando ao lado de sua torcida no Nabi Abi Chedid, o time alvinegro apenas empatou em 1 a 1 com o Paran\u00e1 na noite desta sexta-feira e assim terminar\u00e1 esta pen\u00faltima rodada da S\u00e9rie B entre os quatro piores colocados da tabela. A equipe de [&hellip;]<\/p>\n","protected":false},"author":2,"featured_media":29151,"comment_status":"open","ping_status":"closed","sticky":false,"template":"","format":"standard","meta":{"_acf_changed":false,"footnotes":""},"categories":[19,29],"tags":[],"class_list":["post-29150","post","type-post","status-publish","format-standard","has-post-thumbnail","hentry","category-esportes","category-futebol"],"acf":[],"yoast_head":"<!-- This site is optimized with the Yoast SEO plugin v27.2 - https:\/\/yoast.com\/product\/yoast-seo-wordpress\/ -->\n<title>Bragantino empata em casa e v\u00ea volta do fantasma da S\u00e9rie C - Notibras<\/title>\n<meta name=\"robots\" content=\"index, follow, max-snippet:-1, max-image-preview:large, max-video-preview:-1\" \/>\n<link rel=\"canonical\" href=\"https:\/\/www.notibras.com\/site\/bragantino-empata-em-casa-e-ve-volta-do-fantasma-da-serie-c\/\" \/>\n<meta property=\"og:locale\" content=\"pt_BR\" \/>\n<meta property=\"og:type\" content=\"article\" \/>\n<meta property=\"og:title\" content=\"Bragantino empata em casa e v\u00ea volta do fantasma da S\u00e9rie C - Notibras\" \/>\n<meta property=\"og:description\" content=\"O Bragantino est\u00e1 de volta \u00e0 zona de rebaixamento. Mesmo jogando ao lado de sua torcida no Nabi Abi Chedid, o time alvinegro apenas empatou em 1 a 1 com o Paran\u00e1 na noite desta sexta-feira e assim terminar\u00e1 esta pen\u00faltima rodada da S\u00e9rie B entre os quatro piores colocados da tabela. A equipe de [&hellip;]\" \/>\n<meta property=\"og:url\" content=\"https:\/\/www.notibras.com\/site\/bragantino-empata-em-casa-e-ve-volta-do-fantasma-da-serie-c\/\" \/>\n<meta property=\"og:site_name\" content=\"Notibras\" \/>\n<meta property=\"article:publisher\" content=\"https:\/\/www.facebook.com\/notibras\/\" \/>\n<meta property=\"article:published_time\" content=\"2014-11-22T07:53:47+00:00\" \/>\n<meta property=\"og:image\" content=\"https:\/\/www.notibras.com\/site\/wp-content\/uploads\/2014\/11\/yan_ae_luismoura.jpg\" \/>\n\t<meta property=\"og:image:width\" content=\"620\" \/>\n\t<meta property=\"og:image:height\" content=\"390\" \/>\n\t<meta property=\"og:image:type\" content=\"image\/jpeg\" \/>\n<meta name=\"author\" content=\"Reda\u00e7\u00e3o\" \/>\n<meta name=\"twitter:card\" content=\"summary_large_image\" \/>\n<meta name=\"twitter:creator\" content=\"@Notibras\" \/>\n<meta name=\"twitter:site\" content=\"@Notibras\" \/>\n<meta name=\"twitter:label1\" content=\"Escrito por\" \/>\n\t<meta name=\"twitter:data1\" content=\"Reda\u00e7\u00e3o\" \/>\n\t<meta name=\"twitter:label2\" content=\"Est. tempo de leitura\" \/>\n\t<meta name=\"twitter:data2\" content=\"2 minutos\" \/>\n<script type=\"application\/ld+json\" class=\"yoast-schema-graph\">{\"@context\":\"https:\/\/schema.org\",\"@graph\":[{\"@type\":\"Article\",\"@id\":\"https:\/\/www.notibras.com\/site\/bragantino-empata-em-casa-e-ve-volta-do-fantasma-da-serie-c\/#article\",\"isPartOf\":{\"@id\":\"https:\/\/www.notibras.com\/site\/bragantino-empata-em-casa-e-ve-volta-do-fantasma-da-serie-c\/\"},\"author\":{\"name\":\"Reda\u00e7\u00e3o\",\"@id\":\"https:\/\/www.notibras.com\/site\/#\/schema\/person\/36ab0979449956132d3e5b517ea76ac8\"},\"headline\":\"Bragantino empata em casa e v\u00ea volta do fantasma da S\u00e9rie C\",\"datePublished\":\"2014-11-22T07:53:47+00:00\",\"mainEntityOfPage\":{\"@id\":\"https:\/\/www.notibras.com\/site\/bragantino-empata-em-casa-e-ve-volta-do-fantasma-da-serie-c\/\"},\"wordCount\":336,\"commentCount\":0,\"publisher\":{\"@id\":\"https:\/\/www.notibras.com\/site\/#organization\"},\"image\":{\"@id\":\"https:\/\/www.notibras.com\/site\/bragantino-empata-em-casa-e-ve-volta-do-fantasma-da-serie-c\/#primaryimage\"},\"thumbnailUrl\":\"https:\/\/www.notibras.com\/site\/wp-content\/uploads\/2014\/11\/yan_ae_luismoura.jpg\",\"articleSection\":[\"Esportes\",\"Futebol\"],\"inLanguage\":\"pt-BR\",\"potentialAction\":[{\"@type\":\"CommentAction\",\"name\":\"Comment\",\"target\":[\"https:\/\/www.notibras.com\/site\/bragantino-empata-em-casa-e-ve-volta-do-fantasma-da-serie-c\/#respond\"]}]},{\"@type\":\"WebPage\",\"@id\":\"https:\/\/www.notibras.com\/site\/bragantino-empata-em-casa-e-ve-volta-do-fantasma-da-serie-c\/\",\"url\":\"https:\/\/www.notibras.com\/site\/bragantino-empata-em-casa-e-ve-volta-do-fantasma-da-serie-c\/\",\"name\":\"Bragantino empata em casa e v\u00ea volta do fantasma da S\u00e9rie C - Notibras\",\"isPartOf\":{\"@id\":\"https:\/\/www.notibras.com\/site\/#website\"},\"primaryImageOfPage\":{\"@id\":\"https:\/\/www.notibras.com\/site\/bragantino-empata-em-casa-e-ve-volta-do-fantasma-da-serie-c\/#primaryimage\"},\"image\":{\"@id\":\"https:\/\/www.notibras.com\/site\/bragantino-empata-em-casa-e-ve-volta-do-fantasma-da-serie-c\/#primaryimage\"},\"thumbnailUrl\":\"https:\/\/www.notibras.com\/site\/wp-content\/uploads\/2014\/11\/yan_ae_luismoura.jpg\",\"datePublished\":\"2014-11-22T07:53:47+00:00\",\"breadcrumb\":{\"@id\":\"https:\/\/www.notibras.com\/site\/bragantino-empata-em-casa-e-ve-volta-do-fantasma-da-serie-c\/#breadcrumb\"},\"inLanguage\":\"pt-BR\",\"potentialAction\":[{\"@type\":\"ReadAction\",\"target\":[\"https:\/\/www.notibras.com\/site\/bragantino-empata-em-casa-e-ve-volta-do-fantasma-da-serie-c\/\"]}]},{\"@type\":\"ImageObject\",\"inLanguage\":\"pt-BR\",\"@id\":\"https:\/\/www.notibras.com\/site\/bragantino-empata-em-casa-e-ve-volta-do-fantasma-da-serie-c\/#primaryimage\",\"url\":\"https:\/\/www.notibras.com\/site\/wp-content\/uploads\/2014\/11\/yan_ae_luismoura.jpg\",\"contentUrl\":\"https:\/\/www.notibras.com\/site\/wp-content\/uploads\/2014\/11\/yan_ae_luismoura.jpg\",\"width\":620,\"height\":390},{\"@type\":\"BreadcrumbList\",\"@id\":\"https:\/\/www.notibras.com\/site\/bragantino-empata-em-casa-e-ve-volta-do-fantasma-da-serie-c\/#breadcrumb\",\"itemListElement\":[{\"@type\":\"ListItem\",\"position\":1,\"name\":\"In\u00edcio\",\"item\":\"https:\/\/www.notibras.com\/site\/\"},{\"@type\":\"ListItem\",\"position\":2,\"name\":\"Bragantino empata em casa e v\u00ea volta do fantasma da S\u00e9rie C\"}]},{\"@type\":\"WebSite\",\"@id\":\"https:\/\/www.notibras.com\/site\/#website\",\"url\":\"https:\/\/www.notibras.com\/site\/\",\"name\":\"Notibras\",\"description\":\"Not\u00edcias de Bras\u00edlia, do Brasil e do Mundo\",\"publisher\":{\"@id\":\"https:\/\/www.notibras.com\/site\/#organization\"},\"potentialAction\":[{\"@type\":\"SearchAction\",\"target\":{\"@type\":\"EntryPoint\",\"urlTemplate\":\"https:\/\/www.notibras.com\/site\/?s={search_term_string}\"},\"query-input\":{\"@type\":\"PropertyValueSpecification\",\"valueRequired\":true,\"valueName\":\"search_term_string\"}}],\"inLanguage\":\"pt-BR\"},{\"@type\":\"Organization\",\"@id\":\"https:\/\/www.notibras.com\/site\/#organization\",\"name\":\"Grupo Notibras de Comunica\u00e7\u00e3o\",\"url\":\"https:\/\/www.notibras.com\/site\/\",\"logo\":{\"@type\":\"ImageObject\",\"inLanguage\":\"pt-BR\",\"@id\":\"https:\/\/www.notibras.com\/site\/#\/schema\/logo\/image\/\",\"url\":\"https:\/\/www.notibras.com\/site\/wp-content\/uploads\/2023\/01\/notibras23.png\",\"contentUrl\":\"https:\/\/www.notibras.com\/site\/wp-content\/uploads\/2023\/01\/notibras23.png\",\"width\":350,\"height\":87,\"caption\":\"Grupo Notibras de Comunica\u00e7\u00e3o\"},\"image\":{\"@id\":\"https:\/\/www.notibras.com\/site\/#\/schema\/logo\/image\/\"},\"sameAs\":[\"https:\/\/www.facebook.com\/notibras\/\",\"https:\/\/x.com\/Notibras\",\"https:\/\/www.instagram.com\/notibras\/\"]},{\"@type\":\"Person\",\"@id\":\"https:\/\/www.notibras.com\/site\/#\/schema\/person\/36ab0979449956132d3e5b517ea76ac8\",\"name\":\"Reda\u00e7\u00e3o\",\"image\":{\"@type\":\"ImageObject\",\"inLanguage\":\"pt-BR\",\"@id\":\"https:\/\/secure.gravatar.com\/avatar\/e0a867bdedb85fd243eadf09663511f96fc81e0720a4a42581f334ad4303aa6b?s=96&d=mm&r=g\",\"url\":\"https:\/\/secure.gravatar.com\/avatar\/e0a867bdedb85fd243eadf09663511f96fc81e0720a4a42581f334ad4303aa6b?s=96&d=mm&r=g\",\"contentUrl\":\"https:\/\/secure.gravatar.com\/avatar\/e0a867bdedb85fd243eadf09663511f96fc81e0720a4a42581f334ad4303aa6b?s=96&d=mm&r=g\",\"caption\":\"Reda\u00e7\u00e3o\"}}]}<\/script>\n<!-- \/ Yoast SEO plugin. -->","yoast_head_json":{"title":"Bragantino empata em casa e v\u00ea volta do fantasma da S\u00e9rie C - Notibras","robots":{"index":"index","follow":"follow","max-snippet":"max-snippet:-1","max-image-preview":"max-image-preview:large","max-video-preview":"max-video-preview:-1"},"canonical":"https:\/\/www.notibras.com\/site\/bragantino-empata-em-casa-e-ve-volta-do-fantasma-da-serie-c\/","og_locale":"pt_BR","og_type":"article","og_title":"Bragantino empata em casa e v\u00ea volta do fantasma da S\u00e9rie C - Notibras","og_description":"O Bragantino est\u00e1 de volta \u00e0 zona de rebaixamento. Mesmo jogando ao lado de sua torcida no Nabi Abi Chedid, o time alvinegro apenas empatou em 1 a 1 com o Paran\u00e1 na noite desta sexta-feira e assim terminar\u00e1 esta pen\u00faltima rodada da S\u00e9rie B entre os quatro piores colocados da tabela. A equipe de [&hellip;]","og_url":"https:\/\/www.notibras.com\/site\/bragantino-empata-em-casa-e-ve-volta-do-fantasma-da-serie-c\/","og_site_name":"Notibras","article_publisher":"https:\/\/www.facebook.com\/notibras\/","article_published_time":"2014-11-22T07:53:47+00:00","og_image":[{"width":620,"height":390,"url":"https:\/\/www.notibras.com\/site\/wp-content\/uploads\/2014\/11\/yan_ae_luismoura.jpg","type":"image\/jpeg"}],"author":"Reda\u00e7\u00e3o","twitter_card":"summary_large_image","twitter_creator":"@Notibras","twitter_site":"@Notibras","twitter_misc":{"Escrito por":"Reda\u00e7\u00e3o","Est. tempo de leitura":"2 minutos"},"schema":{"@context":"https:\/\/schema.org","@graph":[{"@type":"Article","@id":"https:\/\/www.notibras.com\/site\/bragantino-empata-em-casa-e-ve-volta-do-fantasma-da-serie-c\/#article","isPartOf":{"@id":"https:\/\/www.notibras.com\/site\/bragantino-empata-em-casa-e-ve-volta-do-fantasma-da-serie-c\/"},"author":{"name":"Reda\u00e7\u00e3o","@id":"https:\/\/www.notibras.com\/site\/#\/schema\/person\/36ab0979449956132d3e5b517ea76ac8"},"headline":"Bragantino empata em casa e v\u00ea volta do fantasma da S\u00e9rie C","datePublished":"2014-11-22T07:53:47+00:00","mainEntityOfPage":{"@id":"https:\/\/www.notibras.com\/site\/bragantino-empata-em-casa-e-ve-volta-do-fantasma-da-serie-c\/"},"wordCount":336,"commentCount":0,"publisher":{"@id":"https:\/\/www.notibras.com\/site\/#organization"},"image":{"@id":"https:\/\/www.notibras.com\/site\/bragantino-empata-em-casa-e-ve-volta-do-fantasma-da-serie-c\/#primaryimage"},"thumbnailUrl":"https:\/\/www.notibras.com\/site\/wp-content\/uploads\/2014\/11\/yan_ae_luismoura.jpg","articleSection":["Esportes","Futebol"],"inLanguage":"pt-BR","potentialAction":[{"@type":"CommentAction","name":"Comment","target":["https:\/\/www.notibras.com\/site\/bragantino-empata-em-casa-e-ve-volta-do-fantasma-da-serie-c\/#respond"]}]},{"@type":"WebPage","@id":"https:\/\/www.notibras.com\/site\/bragantino-empata-em-casa-e-ve-volta-do-fantasma-da-serie-c\/","url":"https:\/\/www.notibras.com\/site\/bragantino-empata-em-casa-e-ve-volta-do-fantasma-da-serie-c\/","name":"Bragantino empata em casa e v\u00ea volta do fantasma da S\u00e9rie C - Notibras","isPartOf":{"@id":"https:\/\/www.notibras.com\/site\/#website"},"primaryImageOfPage":{"@id":"https:\/\/www.notibras.com\/site\/bragantino-empata-em-casa-e-ve-volta-do-fantasma-da-serie-c\/#primaryimage"},"image":{"@id":"https:\/\/www.notibras.com\/site\/bragantino-empata-em-casa-e-ve-volta-do-fantasma-da-serie-c\/#primaryimage"},"thumbnailUrl":"https:\/\/www.notibras.com\/site\/wp-content\/uploads\/2014\/11\/yan_ae_luismoura.jpg","datePublished":"2014-11-22T07:53:47+00:00","breadcrumb":{"@id":"https:\/\/www.notibras.com\/site\/bragantino-empata-em-casa-e-ve-volta-do-fantasma-da-serie-c\/#breadcrumb"},"inLanguage":"pt-BR","potentialAction":[{"@type":"ReadAction","target":["https:\/\/www.notibras.com\/site\/bragantino-empata-em-casa-e-ve-volta-do-fantasma-da-serie-c\/"]}]},{"@type":"ImageObject","inLanguage":"pt-BR","@id":"https:\/\/www.notibras.com\/site\/bragantino-empata-em-casa-e-ve-volta-do-fantasma-da-serie-c\/#primaryimage","url":"https:\/\/www.notibras.com\/site\/wp-content\/uploads\/2014\/11\/yan_ae_luismoura.jpg","contentUrl":"https:\/\/www.notibras.com\/site\/wp-content\/uploads\/2014\/11\/yan_ae_luismoura.jpg","width":620,"height":390},{"@type":"BreadcrumbList","@id":"https:\/\/www.notibras.com\/site\/bragantino-empata-em-casa-e-ve-volta-do-fantasma-da-serie-c\/#breadcrumb","itemListElement":[{"@type":"ListItem","position":1,"name":"In\u00edcio","item":"https:\/\/www.notibras.com\/site\/"},{"@type":"ListItem","position":2,"name":"Bragantino empata em casa e v\u00ea volta do fantasma da S\u00e9rie C"}]},{"@type":"WebSite","@id":"https:\/\/www.notibras.com\/site\/#website","url":"https:\/\/www.notibras.com\/site\/","name":"Notibras","description":"Not\u00edcias de Bras\u00edlia, do Brasil e do Mundo","publisher":{"@id":"https:\/\/www.notibras.com\/site\/#organization"},"potentialAction":[{"@type":"SearchAction","target":{"@type":"EntryPoint","urlTemplate":"https:\/\/www.notibras.com\/site\/?s={search_term_string}"},"query-input":{"@type":"PropertyValueSpecification","valueRequired":true,"valueName":"search_term_string"}}],"inLanguage":"pt-BR"},{"@type":"Organization","@id":"https:\/\/www.notibras.com\/site\/#organization","name":"Grupo Notibras de Comunica\u00e7\u00e3o","url":"https:\/\/www.notibras.com\/site\/","logo":{"@type":"ImageObject","inLanguage":"pt-BR","@id":"https:\/\/www.notibras.com\/site\/#\/schema\/logo\/image\/","url":"https:\/\/www.notibras.com\/site\/wp-content\/uploads\/2023\/01\/notibras23.png","contentUrl":"https:\/\/www.notibras.com\/site\/wp-content\/uploads\/2023\/01\/notibras23.png","width":350,"height":87,"caption":"Grupo Notibras de Comunica\u00e7\u00e3o"},"image":{"@id":"https:\/\/www.notibras.com\/site\/#\/schema\/logo\/image\/"},"sameAs":["https:\/\/www.facebook.com\/notibras\/","https:\/\/x.com\/Notibras","https:\/\/www.instagram.com\/notibras\/"]},{"@type":"Person","@id":"https:\/\/www.notibras.com\/site\/#\/schema\/person\/36ab0979449956132d3e5b517ea76ac8","name":"Reda\u00e7\u00e3o","image":{"@type":"ImageObject","inLanguage":"pt-BR","@id":"https:\/\/secure.gravatar.com\/avatar\/e0a867bdedb85fd243eadf09663511f96fc81e0720a4a42581f334ad4303aa6b?s=96&d=mm&r=g","url":"https:\/\/secure.gravatar.com\/avatar\/e0a867bdedb85fd243eadf09663511f96fc81e0720a4a42581f334ad4303aa6b?s=96&d=mm&r=g","contentUrl":"https:\/\/secure.gravatar.com\/avatar\/e0a867bdedb85fd243eadf09663511f96fc81e0720a4a42581f334ad4303aa6b?s=96&d=mm&r=g","caption":"Reda\u00e7\u00e3o"}}]}},"amp_enabled":true,"_links":{"self":[{"href":"https:\/\/www.notibras.com\/site\/wp-json\/wp\/v2\/posts\/29150","targetHints":{"allow":["GET"]}}],"collection":[{"href":"https:\/\/www.notibras.com\/site\/wp-json\/wp\/v2\/posts"}],"about":[{"href":"https:\/\/www.notibras.com\/site\/wp-json\/wp\/v2\/types\/post"}],"author":[{"embeddable":true,"href":"https:\/\/www.notibras.com\/site\/wp-json\/wp\/v2\/users\/2"}],"replies":[{"embeddable":true,"href":"https:\/\/www.notibras.com\/site\/wp-json\/wp\/v2\/comments?post=29150"}],"version-history":[{"count":0,"href":"https:\/\/www.notibras.com\/site\/wp-json\/wp\/v2\/posts\/29150\/revisions"}],"wp:featuredmedia":[{"embeddable":true,"href":"https:\/\/www.notibras.com\/site\/wp-json\/wp\/v2\/media\/29151"}],"wp:attachment":[{"href":"https:\/\/www.notibras.com\/site\/wp-json\/wp\/v2\/media?parent=29150"}],"wp:term":[{"taxonomy":"category","embeddable":true,"href":"https:\/\/www.notibras.com\/site\/wp-json\/wp\/v2\/categories?post=29150"},{"taxonomy":"post_tag","embeddable":true,"href":"https:\/\/www.notibras.com\/site\/wp-json\/wp\/v2\/tags?post=29150"}],"curies":[{"name":"wp","href":"https:\/\/api.w.org\/{rel}","templated":true}]}}