{"id":291589,"date":"2022-09-11T07:38:09","date_gmt":"2022-09-11T10:38:09","guid":{"rendered":"https:\/\/www.notibras.com\/site\/?p=291589"},"modified":"2022-09-11T07:38:42","modified_gmt":"2022-09-11T10:38:42","slug":"mundo-vive-sobressaltos-apos-21-anos-do-11-9","status":"publish","type":"post","link":"https:\/\/www.notibras.com\/site\/mundo-vive-sobressaltos-apos-21-anos-do-11-9\/","title":{"rendered":"Mundo vive sobressaltos ap\u00f3s 21 anos do 11\/9"},"content":{"rendered":"<p>O ataque ao World Trade Center e ao Pent\u00e1gono com avi\u00f5es sequestrados n\u00e3o apenas for\u00e7ou os aeroportos globais a aumentar drasticamente as verifica\u00e7\u00f5es de seguran\u00e7a, mas tamb\u00e9m levou a uma interven\u00e7\u00e3o de 20 anos dos EUA no Afeganist\u00e3o e \u00e0 luta global contra \u201cgrupos terroristas\u201d.<\/p>\n<p>Este domingo, 11, marca o 21\u00ba anivers\u00e1rio da trag\u00e9dia de 11 de setembro \u2013 um ataque terrorista maci\u00e7o que custou a vida de quase 3 mil pessoas e chocou n\u00e3o apenas os EUA, mas tamb\u00e9m outros pa\u00edses.<\/p>\n<p>A ca\u00e7a aos supostos perpetradores \u2013 o grupo terrorista Al-Qaeda\u2013 resultou na morte de seu not\u00f3rio l\u00edder Osama bin Laden, bem como dos militares dos EUA presos no Afeganist\u00e3o por 20 anos lutando contra o Talib\u00e3, apenas para efetivamente devolver o pa\u00eds ao grupo em 2021.<\/p>\n<p>No in\u00edcio da manh\u00e3 de 11 de setembro de 2001, 19 terroristas da Al-Qaeda divididos em tr\u00eas grupos de cinco e um grupo de quatro sequestraram quatro voos partindo de Boston (voos 11 e 175), Newark (voo 93) e Aeroporto Internacional Washington Dulles (voo 77) logo ap\u00f3s a decolagem.<\/p>\n<p>De acordo com o pouco que foi reconstru\u00eddo a partir dos acontecimentos a bordo, os sequestradores usaram algum tipo de spray, possivelmente spray de pimenta, e facas para subjugar ou matar os tripulantes dos avi\u00f5es, assim como alguns passageiros.<\/p>\n<p>Apenas 47 minutos ap\u00f3s a decolagem, o Boeing 767 do voo 11, controlado pelos terroristas, atingiu a Torre Norte do World Trade Center em Nova York \u00e0s 8h46, causando danos graves com uma explos\u00e3o que iniciou inc\u00eandios em v\u00e1rios andares. Apenas 17 minutos depois, o voo 175 colidiu com a Torre Sul, tamb\u00e9m iniciando inc\u00eandios.<\/p>\n<p>Ap\u00f3s os relatos do primeiro ataque, os servi\u00e7os de emerg\u00eancia da cidade de Nova York mobilizaram at\u00e9 metade de suas for\u00e7as, al\u00e9m de bombeiros e pessoal m\u00e9dico de folga para resgatar pessoas das torres e edif\u00edcios pr\u00f3ximos.<\/p>\n<p>Os danos nas estruturas dos dois megaedif\u00edcios e os inc\u00eandios enfraqueceram as vigas de a\u00e7o que os sustentavam, fazendo com que as torres, s\u00edmbolos do poder capitalista dos EUA, desmoronassem uma ap\u00f3s a outra em meia hora entre 9h59 e 10h28 da manh\u00e3. Mais de 2.600 pessoas morreram , incluindo funcion\u00e1rios e visitantes da torre, bem como funcion\u00e1rios dos servi\u00e7os de emerg\u00eancia.<\/p>\n<p>Enquanto as torres do World Trade Center queimavam e o governo e os cidad\u00e3os dos EUA ainda tentavam compreender os acontecimentos, o terceiro avi\u00e3o, o voo 77, tentou atravessar o Pent\u00e1gono, o centro que coordena os empreendimentos militares dos EUA. No entanto, ap\u00f3s atingir o solo pr\u00f3ximo ao t\u00e9rreo, o Boeing 757 penetrou apenas nos tr\u00eas primeiros an\u00e9is externos de um dos lados do pr\u00e9dio, matando 125 pessoas.<\/p>\n<p>O quarto avi\u00e3o n\u00e3o atingiu seu alvo ainda desconhecido. Sua dire\u00e7\u00e3o sugeria que os terroristas a bordo planejavam atingir a Casa Branca ou o Capit\u00f3lio, com o \u00faltimo presumido como o objetivo prov\u00e1vel. No entanto, quando se aproximou de Washington DC, seus passageiros, que tentaram contatar autoridades e parentes por telefones, souberam dos outros tr\u00eas ataques e tentaram retomar o controle do avi\u00e3o, de acordo com grava\u00e7\u00f5es de \u00e1udio automatizadas da cabine.<\/p>\n<p>Perdendo o controle da situa\u00e7\u00e3o, os terroristas do v\u00f4o 93 intencionalmente enviaram o avi\u00e3o em um mergulho profundo, colidindo-o em Stonycreek Township, Pensilv\u00e2nia.<\/p>\n<p>Ap\u00f3s o ataque, a Al-Qaeda assumiu a responsabilidade pelos ataques descarados, chamando-os de vingan\u00e7a pelo apoio dos EUA a Israel e intromiss\u00e3o nos assuntos dos pa\u00edses mu\u00e7ulmanos. O grupo estava sediado no Afeganist\u00e3o, controlado pelo Talib\u00e3, e liderado por Osama bin Laden \u2013 um membro da rica fam\u00edlia saudita.<\/p>\n<p>Apesar de identificar, localizar, capturar ou assassinar as pessoas-chave consideradas respons\u00e1veis \u200b\u200bpela orquestra\u00e7\u00e3o dos ataques de 11 de setembro, como foi o caso do assassinato de Bin Laden em 2 de maio de 2011, o governo dos EUA nunca divulgou na \u00edntegra os documentos das investiga\u00e7\u00f5es. Isso provocou duras cr\u00edticas de algumas das fam\u00edlias que perderam parentes nos ataques \u00e0s torres g\u00eameas e que acreditam fortemente que a Ar\u00e1bia Saudita financiou a Al-Qaeda, tornando Riad parcialmente respons\u00e1vel pelo ataque. Riad, por sua vez, nega veementemente estar envolvido.<\/p>\n<p>V\u00e1rios presidentes dos EUA, incluindo Joe Biden, prometeram revelar todos os documentos confidenciais restantes, mas algum material permanece oculto aos olhos do p\u00fablico. Isso levou a especula\u00e7\u00f5es, principalmente entre os queixosos no processo legal contra o governo da Ar\u00e1bia Saudita por seu suposto financiamento ao grupo terrorista, de que Washington se recusa a abrir os documentos por medo de uma confus\u00e3o diplom\u00e1tica. Tal reviravolta poderia minar severamente as rela\u00e7\u00f5es dos EUA com o reino, que \u00e9 conhecido por ser um dos mais fortes aliados de Washington no Oriente M\u00e9dio.<\/p>\n","protected":false},"excerpt":{"rendered":"<p>O ataque ao World Trade Center e ao Pent\u00e1gono com avi\u00f5es sequestrados n\u00e3o apenas for\u00e7ou os aeroportos globais a aumentar drasticamente as verifica\u00e7\u00f5es de seguran\u00e7a, mas tamb\u00e9m levou a uma interven\u00e7\u00e3o de 20 anos dos EUA no Afeganist\u00e3o e \u00e0 luta global contra \u201cgrupos terroristas\u201d. Este domingo, 11, marca o 21\u00ba anivers\u00e1rio da trag\u00e9dia de [&hellip;]<\/p>\n","protected":false},"author":2,"featured_media":291590,"comment_status":"closed","ping_status":"closed","sticky":false,"template":"","format":"standard","meta":{"_acf_changed":false,"footnotes":""},"categories":[159],"tags":[95],"class_list":["post-291589","post","type-post","status-publish","format-standard","has-post-thumbnail","hentry","category-apocalipse","tag-capa"],"acf":[],"yoast_head":"<!-- This site is optimized with the Yoast SEO plugin v27.2 - https:\/\/yoast.com\/product\/yoast-seo-wordpress\/ -->\n<title>Mundo vive sobressaltos ap\u00f3s 21 anos do 11\/9 - Notibras<\/title>\n<meta name=\"robots\" content=\"index, follow, max-snippet:-1, max-image-preview:large, max-video-preview:-1\" \/>\n<link rel=\"canonical\" href=\"https:\/\/www.notibras.com\/site\/mundo-vive-sobressaltos-apos-21-anos-do-11-9\/\" \/>\n<meta property=\"og:locale\" content=\"pt_BR\" \/>\n<meta property=\"og:type\" content=\"article\" \/>\n<meta property=\"og:title\" content=\"Mundo vive sobressaltos ap\u00f3s 21 anos do 11\/9 - Notibras\" \/>\n<meta property=\"og:description\" content=\"O ataque ao World Trade Center e ao Pent\u00e1gono com avi\u00f5es sequestrados n\u00e3o apenas for\u00e7ou os aeroportos globais a aumentar drasticamente as verifica\u00e7\u00f5es de seguran\u00e7a, mas tamb\u00e9m levou a uma interven\u00e7\u00e3o de 20 anos dos EUA no Afeganist\u00e3o e \u00e0 luta global contra \u201cgrupos terroristas\u201d. Este domingo, 11, marca o 21\u00ba anivers\u00e1rio da trag\u00e9dia de [&hellip;]\" \/>\n<meta property=\"og:url\" content=\"https:\/\/www.notibras.com\/site\/mundo-vive-sobressaltos-apos-21-anos-do-11-9\/\" \/>\n<meta property=\"og:site_name\" content=\"Notibras\" \/>\n<meta property=\"article:publisher\" content=\"https:\/\/www.facebook.com\/notibras\/\" \/>\n<meta property=\"article:published_time\" content=\"2022-09-11T10:38:09+00:00\" \/>\n<meta property=\"article:modified_time\" content=\"2022-09-11T10:38:42+00:00\" \/>\n<meta property=\"og:image\" content=\"https:\/\/www.notibras.com\/site\/wp-content\/uploads\/2022\/09\/11.9.webp\" \/>\n\t<meta property=\"og:image:width\" content=\"1920\" \/>\n\t<meta property=\"og:image:height\" content=\"1080\" \/>\n\t<meta property=\"og:image:type\" content=\"image\/webp\" \/>\n<meta name=\"author\" content=\"Reda\u00e7\u00e3o\" \/>\n<meta name=\"twitter:card\" content=\"summary_large_image\" \/>\n<meta name=\"twitter:creator\" content=\"@Notibras\" \/>\n<meta name=\"twitter:site\" content=\"@Notibras\" \/>\n<meta name=\"twitter:label1\" content=\"Escrito por\" \/>\n\t<meta name=\"twitter:data1\" content=\"Reda\u00e7\u00e3o\" \/>\n\t<meta name=\"twitter:label2\" content=\"Est. tempo de leitura\" \/>\n\t<meta name=\"twitter:data2\" content=\"5 minutos\" \/>\n<script type=\"application\/ld+json\" class=\"yoast-schema-graph\">{\"@context\":\"https:\/\/schema.org\",\"@graph\":[{\"@type\":\"Article\",\"@id\":\"https:\/\/www.notibras.com\/site\/mundo-vive-sobressaltos-apos-21-anos-do-11-9\/#article\",\"isPartOf\":{\"@id\":\"https:\/\/www.notibras.com\/site\/mundo-vive-sobressaltos-apos-21-anos-do-11-9\/\"},\"author\":{\"name\":\"Reda\u00e7\u00e3o\",\"@id\":\"https:\/\/www.notibras.com\/site\/#\/schema\/person\/36ab0979449956132d3e5b517ea76ac8\"},\"headline\":\"Mundo vive sobressaltos ap\u00f3s 21 anos do 11\/9\",\"datePublished\":\"2022-09-11T10:38:09+00:00\",\"dateModified\":\"2022-09-11T10:38:42+00:00\",\"mainEntityOfPage\":{\"@id\":\"https:\/\/www.notibras.com\/site\/mundo-vive-sobressaltos-apos-21-anos-do-11-9\/\"},\"wordCount\":824,\"publisher\":{\"@id\":\"https:\/\/www.notibras.com\/site\/#organization\"},\"image\":{\"@id\":\"https:\/\/www.notibras.com\/site\/mundo-vive-sobressaltos-apos-21-anos-do-11-9\/#primaryimage\"},\"thumbnailUrl\":\"https:\/\/www.notibras.com\/site\/wp-content\/uploads\/2022\/09\/11.9.webp\",\"keywords\":[\"capa\"],\"articleSection\":[\"Apocalipse\"],\"inLanguage\":\"pt-BR\"},{\"@type\":\"WebPage\",\"@id\":\"https:\/\/www.notibras.com\/site\/mundo-vive-sobressaltos-apos-21-anos-do-11-9\/\",\"url\":\"https:\/\/www.notibras.com\/site\/mundo-vive-sobressaltos-apos-21-anos-do-11-9\/\",\"name\":\"Mundo vive sobressaltos ap\u00f3s 21 anos do 11\/9 - Notibras\",\"isPartOf\":{\"@id\":\"https:\/\/www.notibras.com\/site\/#website\"},\"primaryImageOfPage\":{\"@id\":\"https:\/\/www.notibras.com\/site\/mundo-vive-sobressaltos-apos-21-anos-do-11-9\/#primaryimage\"},\"image\":{\"@id\":\"https:\/\/www.notibras.com\/site\/mundo-vive-sobressaltos-apos-21-anos-do-11-9\/#primaryimage\"},\"thumbnailUrl\":\"https:\/\/www.notibras.com\/site\/wp-content\/uploads\/2022\/09\/11.9.webp\",\"datePublished\":\"2022-09-11T10:38:09+00:00\",\"dateModified\":\"2022-09-11T10:38:42+00:00\",\"breadcrumb\":{\"@id\":\"https:\/\/www.notibras.com\/site\/mundo-vive-sobressaltos-apos-21-anos-do-11-9\/#breadcrumb\"},\"inLanguage\":\"pt-BR\",\"potentialAction\":[{\"@type\":\"ReadAction\",\"target\":[\"https:\/\/www.notibras.com\/site\/mundo-vive-sobressaltos-apos-21-anos-do-11-9\/\"]}]},{\"@type\":\"ImageObject\",\"inLanguage\":\"pt-BR\",\"@id\":\"https:\/\/www.notibras.com\/site\/mundo-vive-sobressaltos-apos-21-anos-do-11-9\/#primaryimage\",\"url\":\"https:\/\/www.notibras.com\/site\/wp-content\/uploads\/2022\/09\/11.9.webp\",\"contentUrl\":\"https:\/\/www.notibras.com\/site\/wp-content\/uploads\/2022\/09\/11.9.webp\",\"width\":1920,\"height\":1080},{\"@type\":\"BreadcrumbList\",\"@id\":\"https:\/\/www.notibras.com\/site\/mundo-vive-sobressaltos-apos-21-anos-do-11-9\/#breadcrumb\",\"itemListElement\":[{\"@type\":\"ListItem\",\"position\":1,\"name\":\"In\u00edcio\",\"item\":\"https:\/\/www.notibras.com\/site\/\"},{\"@type\":\"ListItem\",\"position\":2,\"name\":\"Mundo vive sobressaltos ap\u00f3s 21 anos do 11\/9\"}]},{\"@type\":\"WebSite\",\"@id\":\"https:\/\/www.notibras.com\/site\/#website\",\"url\":\"https:\/\/www.notibras.com\/site\/\",\"name\":\"Notibras\",\"description\":\"Not\u00edcias de Bras\u00edlia, do Brasil e do Mundo\",\"publisher\":{\"@id\":\"https:\/\/www.notibras.com\/site\/#organization\"},\"potentialAction\":[{\"@type\":\"SearchAction\",\"target\":{\"@type\":\"EntryPoint\",\"urlTemplate\":\"https:\/\/www.notibras.com\/site\/?s={search_term_string}\"},\"query-input\":{\"@type\":\"PropertyValueSpecification\",\"valueRequired\":true,\"valueName\":\"search_term_string\"}}],\"inLanguage\":\"pt-BR\"},{\"@type\":\"Organization\",\"@id\":\"https:\/\/www.notibras.com\/site\/#organization\",\"name\":\"Grupo Notibras de Comunica\u00e7\u00e3o\",\"url\":\"https:\/\/www.notibras.com\/site\/\",\"logo\":{\"@type\":\"ImageObject\",\"inLanguage\":\"pt-BR\",\"@id\":\"https:\/\/www.notibras.com\/site\/#\/schema\/logo\/image\/\",\"url\":\"https:\/\/www.notibras.com\/site\/wp-content\/uploads\/2023\/01\/notibras23.png\",\"contentUrl\":\"https:\/\/www.notibras.com\/site\/wp-content\/uploads\/2023\/01\/notibras23.png\",\"width\":350,\"height\":87,\"caption\":\"Grupo Notibras de Comunica\u00e7\u00e3o\"},\"image\":{\"@id\":\"https:\/\/www.notibras.com\/site\/#\/schema\/logo\/image\/\"},\"sameAs\":[\"https:\/\/www.facebook.com\/notibras\/\",\"https:\/\/x.com\/Notibras\",\"https:\/\/www.instagram.com\/notibras\/\"]},{\"@type\":\"Person\",\"@id\":\"https:\/\/www.notibras.com\/site\/#\/schema\/person\/36ab0979449956132d3e5b517ea76ac8\",\"name\":\"Reda\u00e7\u00e3o\",\"image\":{\"@type\":\"ImageObject\",\"inLanguage\":\"pt-BR\",\"@id\":\"https:\/\/secure.gravatar.com\/avatar\/e0a867bdedb85fd243eadf09663511f96fc81e0720a4a42581f334ad4303aa6b?s=96&d=mm&r=g\",\"url\":\"https:\/\/secure.gravatar.com\/avatar\/e0a867bdedb85fd243eadf09663511f96fc81e0720a4a42581f334ad4303aa6b?s=96&d=mm&r=g\",\"contentUrl\":\"https:\/\/secure.gravatar.com\/avatar\/e0a867bdedb85fd243eadf09663511f96fc81e0720a4a42581f334ad4303aa6b?s=96&d=mm&r=g\",\"caption\":\"Reda\u00e7\u00e3o\"}}]}<\/script>\n<!-- \/ Yoast SEO plugin. -->","yoast_head_json":{"title":"Mundo vive sobressaltos ap\u00f3s 21 anos do 11\/9 - Notibras","robots":{"index":"index","follow":"follow","max-snippet":"max-snippet:-1","max-image-preview":"max-image-preview:large","max-video-preview":"max-video-preview:-1"},"canonical":"https:\/\/www.notibras.com\/site\/mundo-vive-sobressaltos-apos-21-anos-do-11-9\/","og_locale":"pt_BR","og_type":"article","og_title":"Mundo vive sobressaltos ap\u00f3s 21 anos do 11\/9 - Notibras","og_description":"O ataque ao World Trade Center e ao Pent\u00e1gono com avi\u00f5es sequestrados n\u00e3o apenas for\u00e7ou os aeroportos globais a aumentar drasticamente as verifica\u00e7\u00f5es de seguran\u00e7a, mas tamb\u00e9m levou a uma interven\u00e7\u00e3o de 20 anos dos EUA no Afeganist\u00e3o e \u00e0 luta global contra \u201cgrupos terroristas\u201d. Este domingo, 11, marca o 21\u00ba anivers\u00e1rio da trag\u00e9dia de [&hellip;]","og_url":"https:\/\/www.notibras.com\/site\/mundo-vive-sobressaltos-apos-21-anos-do-11-9\/","og_site_name":"Notibras","article_publisher":"https:\/\/www.facebook.com\/notibras\/","article_published_time":"2022-09-11T10:38:09+00:00","article_modified_time":"2022-09-11T10:38:42+00:00","og_image":[{"width":1920,"height":1080,"url":"https:\/\/www.notibras.com\/site\/wp-content\/uploads\/2022\/09\/11.9.webp","type":"image\/webp"}],"author":"Reda\u00e7\u00e3o","twitter_card":"summary_large_image","twitter_creator":"@Notibras","twitter_site":"@Notibras","twitter_misc":{"Escrito por":"Reda\u00e7\u00e3o","Est. tempo de leitura":"5 minutos"},"schema":{"@context":"https:\/\/schema.org","@graph":[{"@type":"Article","@id":"https:\/\/www.notibras.com\/site\/mundo-vive-sobressaltos-apos-21-anos-do-11-9\/#article","isPartOf":{"@id":"https:\/\/www.notibras.com\/site\/mundo-vive-sobressaltos-apos-21-anos-do-11-9\/"},"author":{"name":"Reda\u00e7\u00e3o","@id":"https:\/\/www.notibras.com\/site\/#\/schema\/person\/36ab0979449956132d3e5b517ea76ac8"},"headline":"Mundo vive sobressaltos ap\u00f3s 21 anos do 11\/9","datePublished":"2022-09-11T10:38:09+00:00","dateModified":"2022-09-11T10:38:42+00:00","mainEntityOfPage":{"@id":"https:\/\/www.notibras.com\/site\/mundo-vive-sobressaltos-apos-21-anos-do-11-9\/"},"wordCount":824,"publisher":{"@id":"https:\/\/www.notibras.com\/site\/#organization"},"image":{"@id":"https:\/\/www.notibras.com\/site\/mundo-vive-sobressaltos-apos-21-anos-do-11-9\/#primaryimage"},"thumbnailUrl":"https:\/\/www.notibras.com\/site\/wp-content\/uploads\/2022\/09\/11.9.webp","keywords":["capa"],"articleSection":["Apocalipse"],"inLanguage":"pt-BR"},{"@type":"WebPage","@id":"https:\/\/www.notibras.com\/site\/mundo-vive-sobressaltos-apos-21-anos-do-11-9\/","url":"https:\/\/www.notibras.com\/site\/mundo-vive-sobressaltos-apos-21-anos-do-11-9\/","name":"Mundo vive sobressaltos ap\u00f3s 21 anos do 11\/9 - Notibras","isPartOf":{"@id":"https:\/\/www.notibras.com\/site\/#website"},"primaryImageOfPage":{"@id":"https:\/\/www.notibras.com\/site\/mundo-vive-sobressaltos-apos-21-anos-do-11-9\/#primaryimage"},"image":{"@id":"https:\/\/www.notibras.com\/site\/mundo-vive-sobressaltos-apos-21-anos-do-11-9\/#primaryimage"},"thumbnailUrl":"https:\/\/www.notibras.com\/site\/wp-content\/uploads\/2022\/09\/11.9.webp","datePublished":"2022-09-11T10:38:09+00:00","dateModified":"2022-09-11T10:38:42+00:00","breadcrumb":{"@id":"https:\/\/www.notibras.com\/site\/mundo-vive-sobressaltos-apos-21-anos-do-11-9\/#breadcrumb"},"inLanguage":"pt-BR","potentialAction":[{"@type":"ReadAction","target":["https:\/\/www.notibras.com\/site\/mundo-vive-sobressaltos-apos-21-anos-do-11-9\/"]}]},{"@type":"ImageObject","inLanguage":"pt-BR","@id":"https:\/\/www.notibras.com\/site\/mundo-vive-sobressaltos-apos-21-anos-do-11-9\/#primaryimage","url":"https:\/\/www.notibras.com\/site\/wp-content\/uploads\/2022\/09\/11.9.webp","contentUrl":"https:\/\/www.notibras.com\/site\/wp-content\/uploads\/2022\/09\/11.9.webp","width":1920,"height":1080},{"@type":"BreadcrumbList","@id":"https:\/\/www.notibras.com\/site\/mundo-vive-sobressaltos-apos-21-anos-do-11-9\/#breadcrumb","itemListElement":[{"@type":"ListItem","position":1,"name":"In\u00edcio","item":"https:\/\/www.notibras.com\/site\/"},{"@type":"ListItem","position":2,"name":"Mundo vive sobressaltos ap\u00f3s 21 anos do 11\/9"}]},{"@type":"WebSite","@id":"https:\/\/www.notibras.com\/site\/#website","url":"https:\/\/www.notibras.com\/site\/","name":"Notibras","description":"Not\u00edcias de Bras\u00edlia, do Brasil e do Mundo","publisher":{"@id":"https:\/\/www.notibras.com\/site\/#organization"},"potentialAction":[{"@type":"SearchAction","target":{"@type":"EntryPoint","urlTemplate":"https:\/\/www.notibras.com\/site\/?s={search_term_string}"},"query-input":{"@type":"PropertyValueSpecification","valueRequired":true,"valueName":"search_term_string"}}],"inLanguage":"pt-BR"},{"@type":"Organization","@id":"https:\/\/www.notibras.com\/site\/#organization","name":"Grupo Notibras de Comunica\u00e7\u00e3o","url":"https:\/\/www.notibras.com\/site\/","logo":{"@type":"ImageObject","inLanguage":"pt-BR","@id":"https:\/\/www.notibras.com\/site\/#\/schema\/logo\/image\/","url":"https:\/\/www.notibras.com\/site\/wp-content\/uploads\/2023\/01\/notibras23.png","contentUrl":"https:\/\/www.notibras.com\/site\/wp-content\/uploads\/2023\/01\/notibras23.png","width":350,"height":87,"caption":"Grupo Notibras de Comunica\u00e7\u00e3o"},"image":{"@id":"https:\/\/www.notibras.com\/site\/#\/schema\/logo\/image\/"},"sameAs":["https:\/\/www.facebook.com\/notibras\/","https:\/\/x.com\/Notibras","https:\/\/www.instagram.com\/notibras\/"]},{"@type":"Person","@id":"https:\/\/www.notibras.com\/site\/#\/schema\/person\/36ab0979449956132d3e5b517ea76ac8","name":"Reda\u00e7\u00e3o","image":{"@type":"ImageObject","inLanguage":"pt-BR","@id":"https:\/\/secure.gravatar.com\/avatar\/e0a867bdedb85fd243eadf09663511f96fc81e0720a4a42581f334ad4303aa6b?s=96&d=mm&r=g","url":"https:\/\/secure.gravatar.com\/avatar\/e0a867bdedb85fd243eadf09663511f96fc81e0720a4a42581f334ad4303aa6b?s=96&d=mm&r=g","contentUrl":"https:\/\/secure.gravatar.com\/avatar\/e0a867bdedb85fd243eadf09663511f96fc81e0720a4a42581f334ad4303aa6b?s=96&d=mm&r=g","caption":"Reda\u00e7\u00e3o"}}]}},"amp_enabled":true,"_links":{"self":[{"href":"https:\/\/www.notibras.com\/site\/wp-json\/wp\/v2\/posts\/291589","targetHints":{"allow":["GET"]}}],"collection":[{"href":"https:\/\/www.notibras.com\/site\/wp-json\/wp\/v2\/posts"}],"about":[{"href":"https:\/\/www.notibras.com\/site\/wp-json\/wp\/v2\/types\/post"}],"author":[{"embeddable":true,"href":"https:\/\/www.notibras.com\/site\/wp-json\/wp\/v2\/users\/2"}],"replies":[{"embeddable":true,"href":"https:\/\/www.notibras.com\/site\/wp-json\/wp\/v2\/comments?post=291589"}],"version-history":[{"count":1,"href":"https:\/\/www.notibras.com\/site\/wp-json\/wp\/v2\/posts\/291589\/revisions"}],"predecessor-version":[{"id":291591,"href":"https:\/\/www.notibras.com\/site\/wp-json\/wp\/v2\/posts\/291589\/revisions\/291591"}],"wp:featuredmedia":[{"embeddable":true,"href":"https:\/\/www.notibras.com\/site\/wp-json\/wp\/v2\/media\/291590"}],"wp:attachment":[{"href":"https:\/\/www.notibras.com\/site\/wp-json\/wp\/v2\/media?parent=291589"}],"wp:term":[{"taxonomy":"category","embeddable":true,"href":"https:\/\/www.notibras.com\/site\/wp-json\/wp\/v2\/categories?post=291589"},{"taxonomy":"post_tag","embeddable":true,"href":"https:\/\/www.notibras.com\/site\/wp-json\/wp\/v2\/tags?post=291589"}],"curies":[{"name":"wp","href":"https:\/\/api.w.org\/{rel}","templated":true}]}}